{"id":31528,"date":"2020-10-16T07:46:13","date_gmt":"2020-10-16T07:46:13","guid":{"rendered":"https:\/\/htb.com.pl\/?p=31528"},"modified":"2020-10-16T08:13:47","modified_gmt":"2020-10-16T08:13:47","slug":"walnac-piescia-w-stol","status":"publish","type":"post","link":"https:\/\/htb.com.pl\/?p=31528","title":{"rendered":"Waln\u0105\u0107 pi\u0119\u015bci\u0105 w st\u00f3\u0142"},"content":{"rendered":"\n<p><\/p>\n\n\n\n<figure class=\"wp-block-image size-thumbnail\"><a href=\"https:\/\/htb.com.pl\/wp-content\/uploads\/2020\/10\/Po-co-pisali.mp3\"><img loading=\"lazy\" decoding=\"async\" width=\"150\" height=\"150\" src=\"https:\/\/htb.com.pl\/wp-content\/uploads\/2018\/04\/posluchaj-150x150.jpg\" alt=\"\" class=\"wp-image-2020\" srcset=\"https:\/\/htb.com.pl\/wp-content\/uploads\/2018\/04\/posluchaj-150x150.jpg 150w, https:\/\/htb.com.pl\/wp-content\/uploads\/2018\/04\/posluchaj-300x300.jpg 300w, https:\/\/htb.com.pl\/wp-content\/uploads\/2018\/04\/posluchaj-100x100.jpg 100w\" sizes=\"auto, (max-width: 150px) 100vw, 150px\" \/><\/a><\/figure>\n\n\n\n<p>To nie zawsze dzia\u0142a, wiele razy widzia\u0142em jak Marysia (wcze\u015bniejsze wpisy) pi\u0119\u015bci\u0105 w st\u00f3\u0142 wali\u0142a i nie zawsze cel osi\u0105ga\u0142a &#8211; cho\u0107 czasem kieliszki na stole przewraca\u0142a. Tak teraz zrobi\u0142 pan Jaros\u0142aw Kaczy\u0144ski. Dla tygodnika &#8220;Sieci&#8221; powiedzia\u0142; <strong>Komisja Europejska nie z\u0142amie polskiej woli doko\u0144czenia reformy wymiaru sprawiedliwo\u015bci&#8221;.<\/strong> To mog\u0105 by\u0107 historyczne s\u0142owa. <\/p>\n\n\n\n<p> Od lat opisuj\u0105c bie\u017c\u0105ce wydarzenia por\u00f3wnuj\u0119 dzisiejsz\u0105 sytuacj\u0119 do przedwojennej sanacji, kt\u00f3rej Marysia nienawidzi\u0142a i za ca\u0142e z\u0142o wini\u0142a. Dzi\u015b wida\u0107, \u017ce si\u0119 si\u0119 nie myli\u0142a. Ostatnio by\u0142o jak J\u00f3zef Pi\u0142sudski zajmowa\u0142 si\u0119 wojskowo\u015bci\u0105, a dzi\u015b pan Jaros\u0142aw Kaczy\u0144ski jeszcze  dodatkowo praworz\u0105dno\u015bci\u0105. Te s\u0142owa pana Kaczy\u0144skiego, wypowiedziane do \u015bwiata europejskiego, te\u017c mo\u017cna por\u00f3wna\u0107 do zachowania J\u00f3zefa Pi\u0142sudskiego. Jak po zamachu majowym, w 1926 roku na sesji Ligi Narod\u00f3w w Genewie, za\u017c\u0105da\u0142 od Litwy zwrotu Wilna. Wilna \u017ce\u015bmy nie odzyskali i pod wodz\u0105 naczelnika jeszcze wiele g\u0142upot dokonali  ale gdy Litwini wraz z nami do Wsp\u00f3lnej Europy przystali, tak naprawd\u0119 jednym \u017ce\u015bmy si\u0119 stali. Marysia o ca\u0142ych kresach we Wsp\u00f3lnej Europie marzy\u0142a. I tak b\u0119dzie, Ona si\u0119 nie myli\u0142a. B\u0119dzie jak pana Kaczy\u0144skiego i zwolennik\u00f3w jego, w polityce nie b\u0119dzie.<\/p>\n\n\n\n<p>Pan prezydent Andrzej Duda nie jest ju\u017c zwolennikiem pana Jaros\u0142awa Kaczy\u0144skiego. Wida\u0107 to po postawie wobec rolnik\u00f3w, wnerwionych ustaw\u0105 &#8220;futerkow\u0105&#8221; i zakazem uboju rytualnego. G\u0142\u00f3wnego \u017ar\u00f3d\u0142a dochodu z eksportu rolnego. Pan Kaczy\u0144ski nie rozumie tego.<\/p>\n\n\n\n<figure class=\"wp-block-image size-large\"><img loading=\"lazy\" decoding=\"async\" width=\"840\" height=\"559\" src=\"https:\/\/htb.com.pl\/wp-content\/uploads\/2020\/10\/Bykownia.jpg\" alt=\"\" class=\"wp-image-31575\" srcset=\"https:\/\/htb.com.pl\/wp-content\/uploads\/2020\/10\/Bykownia.jpg 840w, https:\/\/htb.com.pl\/wp-content\/uploads\/2020\/10\/Bykownia-300x200.jpg 300w, https:\/\/htb.com.pl\/wp-content\/uploads\/2020\/10\/Bykownia-768x511.jpg 768w, https:\/\/htb.com.pl\/wp-content\/uploads\/2020\/10\/Bykownia-600x399.jpg 600w\" sizes=\"auto, (max-width: 840px) 100vw, 840px\" \/><\/figure>\n\n\n\n<p>Ale jest te\u017c co\u015b pozytywnego. Wizyta na Ukrainie prezydenta naszego. Wprawdzie pan prezydent zapomnia\u0142 i bitwie pod Lenino 12-13 pa\u017adziernika 1943 roku. Z\u0142o\u017cy\u0142 za to wie\u0144ce na Cmentarzu w Bykowni, gdzie mo\u017ce by\u0107 pochowanych ponad 100 tysi\u0119cy ofiar stalinowskich zbrodni i  3435 Polak\u00f3w z tzw. Ukrai\u0144skiej Listy Katy\u0144skiej. To byli  polscy oficerowie i cywile. Mord Katy\u0144ski &#8211; mamy 80-t\u0105 rocznic\u0119. Mnie cieszy zrozumienie g\u0142owy pa\u0144stw trudnych relacji polsko ukrai\u0144skich. Pan prezydent pi\u0119knie zwr\u00f3ci\u0142 si\u0119 do \u017co\u0142nierzy ukrai\u0144skich; <strong>\u201eS\u0142awa Ukrajini!\u201d (Chwa\u0142a Ukrainie!). \u017bo\u0142nierze odpowiedzieli: \u201eHerojam s\u0142awa!\u201d (Bohaterom&nbsp;s\u0142awa!).<\/strong> To wa\u017cne, \u017ceby\u015bmy rozumieli, \u017ce oni swoich bohater\u00f3w mieli.<\/p>\n\n\n\n<p>To mnie bardzo podbudowa\u0142a, a to co si\u0119 z naszym rz\u0105dem w obliczu pandemii sta\u0142o &#8211; za\u0142ama\u0142o. Nie wiem czy z tego rz\u0105du co\u015b jeszcze zosta\u0142o, wi\u0119c do Pana Prezydenta si\u0119 zwr\u00f3c\u0119. Energii elektrycznej mamy za ma\u0142o &#8211; mo\u017ce pr\u0105d na Ukrainie kupowa\u0107 by nale\u017ca\u0142o. Linia elektroenergetyczna Wide\u0142ka- Chmielnicka stoi. Niech si\u0119 Pan Panie Prezydencie nikogo nie boi. Poka\u017c Pan, \u017ce jest Pan Prezydentem, a zobaczy Pan, \u017ce ca\u0142y Nar\u00f3d za Panem stoi.<\/p>\n\n\n\n<p><strong>Najpierw edukacja, potem demokracja &#8211; inaczej wr\u00f3ci sanacja<\/strong>. To s\u0142owa Marysi z 1986 roku. Wielokrotnie je przytacza\u0142em ale teraz kolejny raz napisa\u0142em. Nasz\u0105 tragedi\u0119 w s\u0142u\u017cbie zdrowia w kontek\u015bcie tych s\u0142\u00f3w bowiem zrozumia\u0142em. W okresie pandemii Unia Europejska, Jurek Owsiak i inne organizacje pozarz\u0105dowe rz\u0105dowi pomog\u0105. Kupi\u0105 karetki, respiratory ale personelu do obs\u0142ugi nie wyszkol\u0105. To my\u015bmy za&#8230;.dolili, bo ludziom bez wyobra\u017ani rz\u0105dzi\u0107 \u017ce\u015bmy pozwolili, a oni szko\u0142y medyczne rozpierdzielili. <strong>Ludzie bez wyobra\u017ani nie mog\u0105 rz\u0105dzi\u0107 Jasiu, bo doprowadz\u0105 do katastrofy.<\/strong> Gdyby\u015bmy Marysi s\u0142uchali, dzi\u015b z by\u015bmy nie p\u0142akali. Wy jeszcze nie p\u0142aczecie? Wkr\u00f3tce b\u0119dziecie.<\/p>\n\n\n\n<p>Zastanawiam si\u0119 co dzi\u015b Marysia by zrobi\u0142a. Pewnie kolejny raz wszystkich przy okr\u0105g\u0142ym stole by posadzi\u0142a, pi\u0119\u015bci\u0105 w st\u00f3\u0142 przywali\u0142a i g\u0142ow\u0119 pa\u0144stwa o patronat nad obradami poprosi\u0142a. Tak z rad\u0105 konsultacyjn\u0105 zrobi\u0142a i Polska si\u0119 pogodzi\u0142a. Wtedy wcale w lepszej sytuacji nie byli\u015bmy, wojn\u0119 domow\u0105 jako alternatyw\u0119 mieli\u015bmy. Dzi\u015b wojn\u0119 z pandemi\u0105 mamy, a medyk\u00f3w wyzywamy. Tych ludzi trzeba doceni\u0107, a wtedy wszystko mo\u017ce si\u0119 zmieni\u0107. Ju\u017c kiedy\u015b tak by\u0142o &#8211; dwie ryby i pi\u0119\u0107 chleb\u00f3w dla 5000 m\u0119\u017cczyzn, nie licz\u0105c kobiet i dzieci starczy\u0142o. Wszyscy ewangeli\u015bci to opisali &#8211; pomy\u015blcie, po co to pisali.<\/p>\n\n\n\n<figure class=\"wp-block-image size-large\"><a href=\"https:\/\/htb.com.pl\/?product=pismo-swiete-nowego-testamentu-duze-litery\"><img loading=\"lazy\" decoding=\"async\" width=\"200\" height=\"321\" src=\"https:\/\/htb.com.pl\/wp-content\/uploads\/2020\/10\/Nowy-testament.jpg\" alt=\"\" class=\"wp-image-31638\" srcset=\"https:\/\/htb.com.pl\/wp-content\/uploads\/2020\/10\/Nowy-testament.jpg 200w, https:\/\/htb.com.pl\/wp-content\/uploads\/2020\/10\/Nowy-testament-187x300.jpg 187w\" sizes=\"auto, (max-width: 200px) 100vw, 200px\" \/><\/a><\/figure>\n","protected":false},"excerpt":{"rendered":"<p>To nie zawsze dzia\u0142a, wiele razy widzia\u0142em jak Marysia (wcze\u015bniejsze wpisy) pi\u0119\u015bci\u0105 w st\u00f3\u0142 wali\u0142a i nie zawsze cel osi\u0105ga\u0142a &#8211; cho\u0107 czasem kieliszki na stole przewraca\u0142a. Tak teraz zrobi\u0142 pan Jaros\u0142aw Kaczy\u0144ski. Dla tygodnika &#8220;Sieci&#8221; powiedzia\u0142; Komisja Europejska nie z\u0142amie polskiej woli doko\u0144czenia reformy wymiaru sprawiedliwo\u015bci&#8221;. To mog\u0105 by\u0107 historyczne s\u0142owa. Od lat opisuj\u0105c [&hellip;]<\/p>\n","protected":false},"author":1,"featured_media":31575,"comment_status":"open","ping_status":"open","sticky":false,"template":"","format":"standard","meta":{"_jetpack_memberships_contains_paid_content":false,"footnotes":""},"categories":[4],"tags":[669],"class_list":["post-31528","post","type-post","status-publish","format-standard","has-post-thumbnail","hentry","category-daty-i-fakty-blog","tag-walnac-piescia-w-stol"],"jetpack_sharing_enabled":true,"jetpack_featured_media_url":"https:\/\/htb.com.pl\/wp-content\/uploads\/2020\/10\/Bykownia.jpg","_links":{"self":[{"href":"https:\/\/htb.com.pl\/index.php?rest_route=\/wp\/v2\/posts\/31528","targetHints":{"allow":["GET"]}}],"collection":[{"href":"https:\/\/htb.com.pl\/index.php?rest_route=\/wp\/v2\/posts"}],"about":[{"href":"https:\/\/htb.com.pl\/index.php?rest_route=\/wp\/v2\/types\/post"}],"author":[{"embeddable":true,"href":"https:\/\/htb.com.pl\/index.php?rest_route=\/wp\/v2\/users\/1"}],"replies":[{"embeddable":true,"href":"https:\/\/htb.com.pl\/index.php?rest_route=%2Fwp%2Fv2%2Fcomments&post=31528"}],"version-history":[{"count":9,"href":"https:\/\/htb.com.pl\/index.php?rest_route=\/wp\/v2\/posts\/31528\/revisions"}],"predecessor-version":[{"id":31644,"href":"https:\/\/htb.com.pl\/index.php?rest_route=\/wp\/v2\/posts\/31528\/revisions\/31644"}],"wp:featuredmedia":[{"embeddable":true,"href":"https:\/\/htb.com.pl\/index.php?rest_route=\/wp\/v2\/media\/31575"}],"wp:attachment":[{"href":"https:\/\/htb.com.pl\/index.php?rest_route=%2Fwp%2Fv2%2Fmedia&parent=31528"}],"wp:term":[{"taxonomy":"category","embeddable":true,"href":"https:\/\/htb.com.pl\/index.php?rest_route=%2Fwp%2Fv2%2Fcategories&post=31528"},{"taxonomy":"post_tag","embeddable":true,"href":"https:\/\/htb.com.pl\/index.php?rest_route=%2Fwp%2Fv2%2Ftags&post=31528"}],"curies":[{"name":"wp","href":"https:\/\/api.w.org\/{rel}","templated":true}]}}