{"id":3169,"date":"2019-02-23T08:54:53","date_gmt":"2019-02-23T08:54:53","guid":{"rendered":"https:\/\/htb.com.pl\/?p=3169"},"modified":"2020-02-24T09:21:41","modified_gmt":"2020-02-24T09:21:41","slug":"idziemy-w-w-dobra-strone","status":"publish","type":"post","link":"https:\/\/htb.com.pl\/?p=3169","title":{"rendered":"Idziemy w w dobr\u0105 stron\u0119"},"content":{"rendered":"<p>Pisz\u0105c mojego bloga ju\u017c kilka razy u\u017cy\u0142em tego zwrotu. Wyb\u00f3r Karola Wojty\u0142y na Papie\u017ca, spotkanie Papie\u017ca Jana Paw\u0142a II z Wojciechem Jaruzelskim, wyb\u00f3r Lecha Wa\u0142\u0119sy na Prezydenta RP, czy przejmowanie w\u0142adzy przez ludzi z wyobra\u017ani\u0105 &#8211; tych co w J\u00f3zefie Pi\u0142sudskim nie widz\u0105 bohatera.<\/p>\n<p>Dzi\u015b te\u017c zaczynamy i\u015b\u0107 w dobr\u0105 stron\u0119, to ostatnie z Pi\u0142sudskim mo\u017ce si\u0119 spe\u0142ni\u0107.\u00a0 Ko\u0144cz\u0105c poprzedni wpis pochwali\u0142em premiera Mateusza Morawieckiego i ministra spraw zagranicznych Jacka Czaputowicza za ich postaw\u0119 po warszawskiej konferencji bliskowschodniej, gdzie my Polacy zostali\u015bmy obra\u017ceni przez premiera Izraela Benjamina Natanjahu. Ten przemawiaj\u0105c w muzeum Polin powiedzia\u0142, \u017ce &#8220;Polacy pomagali zabija\u0107 \u017byd\u00f3w.&#8221; To zosta\u0142o zdementowane ale p\u00f3\u017aniej izraelski minister spraw zagranicznych Israel Katz powiedzia\u0142, \u017ce; &#8220;Polacy antysemityzm wyssali z mlekiem Matki&#8221;. Nasz rz\u0105d zajmuje si\u0119 &#8220;wie\u017cami Kaczy\u0144skiego&#8221;\u00a0 i ustalaniem list do parlamentu UE,\u00a0 nie ma wi\u0119c czasu\u00a0 odpowiednio zareagowa\u0107 na izraelskie prowokacje. Jedynie premier Mateusz Morawiecki odwo\u0142uj\u0105c nasz udzia\u0142 w spotkaniu Grupy Wyszehradzkiej, kt\u00f3re odby\u0142o si\u0119 w Izraelu powiedzia\u0142; Polacy obok \u017byd\u00f3w i Rom\u00f3w, najbardziej ucierpieli podczas II wojny \u015bwiatowej.\u00a0 Powiedzia\u0142 to, co ja napisa\u0142em, gdy opisywa\u0142em ucieczk\u0119 rz\u0105du sanacyjnej Polski po agresji Niemiec na nasz kraj.\u00a0 Skutkiem tego\u00a0 by\u0142a martyrologii Narodu Polskiego podczas wojny &#8211; Kochani.<\/p>\n<p>Gdy dzi\u015b patrz\u0119 z jakim zaanga\u017cowanie eurosceptyczni politycy, kt\u00f3rzy czasem nawet nie wiedz\u0105 w kt\u00f3rym stuleciu Polska sta\u0142a si\u0119 cz\u0142onkiem UE, staraj\u0105 si\u0119 zdoby\u0107 mandat parlamentu europejskiego\u00a0 i zwa\u0107 z Polski, przypomina mi si\u0119 1939 rok, a w uszach s\u0142ysz\u0119 tupot koni\u00a0 na mo\u015bcie w Zaleszczykach. Kto\u015b powie &#8211; sk\u0105d ja mog\u0119 pami\u0119ta\u0107 jak dudni\u0142 most graniczny w Zaleszczykach, gdy zwiewali oficerowie sztabu generalnego i rz\u0105d sanacyjnej II RP?\u00a0 Nie przeczyta\u0142em tego w przedwojennych ksi\u0105\u017ckach, jak Pani Beata Szyd\u0142o o Katyniu. Ja zna\u0142em Marysi\u0119 &#8211; niezwyk\u0142\u0105 osob\u0119, cz\u0119sto wracam do tych dni, kiedy mog\u0142em jej s\u0142ucha\u0107. Pos\u0142uchajmy jej dzi\u015b, bo trzeba.<\/p>\n<p>By\u0142a wczesna jesie\u0144 1986 rok, przyjechali\u015bmy z Marysi\u0105 do moich Rodzic\u00f3w do Zaklikowa. Podczas spaceru zauwa\u017cyli\u015bmy, \u017ce na zamku &#8211; wtedy to by\u0142 Dom Harcerza s\u0105 konie pod siod\u0142o. <a href=\"https:\/\/htb.com.pl\/?p=18549\"><img loading=\"lazy\" decoding=\"async\" class=\"size-full wp-image-3190 alignleft\" src=\"https:\/\/htb.com.pl\/wp-content\/uploads\/2019\/02\/koniedwa.jpg\" alt=\"\" width=\"200\" height=\"246\" \/><\/a>Widzia\u0142em w oczach Majki ten niezwyk\u0142y blask, ona kocha\u0142a konie. Rano, gdy si\u0119 obudzi\u0142em Majki nie by\u0142o, to by\u0142a niedziela, wszyscy spali. Tylko Babcia ju\u017c rozmawia\u0142a ze swoimi kurami, gdy mnie zobaczy\u0142a powiedzia\u0142a &#8211; posz\u0142a po konie.\u00a0 Poszed\u0142em w kierunku zalewu, na mostku spotka\u0142em Majk\u0119 &#8211; dwa osiod\u0142ane konie, by\u0142y przywi\u0105zane do p\u0142otu, a Marysia sprawdza\u0142a, czy\u00a0 mog\u0105 przej\u015b\u0107 po cienkich deskach na mostku. Gdy mnie zobaczy\u0142a wykrzykn\u0119\u0142a &#8211; mamy konie! Kupi\u0142a\u015b, zapyta\u0142em. Nie po\u017cyczy\u0142am. Zacz\u0119\u0142a mnie ca\u0142owa\u0107, a to oznacza\u0142o koniec rozmowy na temat koni. Nie przejedziemy t\u0119dy Jasiu, id\u017a do Mamy, powiedz, \u017ce wr\u00f3cimy na obiad, pojedziemy na twoj\u0105 Param\u0119. Tak m\u00f3wi si\u0119 na wiosk\u0119 sk\u0105d pochodz\u0105 moi Rodzice, to Kolonia \u0141ysak\u00f3w. Nazwa Parama, to okre\u015blenie, kt\u00f3re powsta\u0142o, gdy cz\u0119\u015b\u0107 mieszka\u0144c\u00f3w powr\u00f3ci\u0142a z emigracji zarobkowej, przy budowie Kana\u0142u Panamskiego &#8211; nie zarobili tam, a wielu nie wr\u00f3ci\u0142o. Pojechali\u015bmy na &#8220;rzyczki&#8221;, tak t\u0105 drog\u0119 nazywa\u0142a Babcia, potem dotarli\u015bmy do &#8220;go\u015bci\u0144ca&#8221; i do miejsca, gdzie kiedy\u015b sta\u0142 nasz dom. R\u00f3s\u0142 tam jeszcze pi\u0119kny klon i brzoza. Klon pami\u0119ta\u0142 po\u017car podczas pacyfikacji wsi w 1942 roku. Nast\u0119pnie drog\u0105 &#8220;gielni\u0144sk\u0105&#8221; dotarli\u015bmy do szosy w \u0141ysakowie. Obok mojej dawnej szko\u0142y podstawowej pojechali\u015bmy w kierunku wapiennej g\u00f3ry. Po drodze przejechali\u015bmy przez drewniany most na rzece Sannie. Konie zastrzyg\u0142y uszami, gdy g\u0142uchy odg\u0142os ich kopyt wystraszy\u0142 kurk\u0119 wodn\u0105. Straszne s\u0105 te odg\u0142osy Jasiu powiedzia\u0142a Majka &#8211; wracamy. Przejechali\u015bmy jeszcze raz po mo\u015bcie &#8211; rzeczywi\u015bci odg\u0142os kopyt brzmia\u0142 z\u0142owrogo. Ten g\u0142os Jasiu kojarzy mi si\u0119 z tragedi\u0105 Polski. I Marysia opowiedzia\u0142a mi o tym jak 1939 roku w wyniku\u00a0 dzia\u0142a\u0144 rz\u0105du sanacyjnego stali\u015bmy si\u0119 podobni \u017bydom i Romom, co dzi\u015b zauwa\u017cy\u0142 premier Morawiecki, czyli narodom, kt\u00f3re nie mia\u0142y swojej reprezentacji.<\/p>\n<p>Przez most w Zaleszczykach do Rumuni uciekali ci, kt\u00f3rzy jeszcze dwa tygodnie wcze\u015bniej krzyczeli; &#8220;Nie stanie si\u0119 nam nic, bo jest z nami \u015amig\u0142y Rydz&#8221;. Sam Rydz &#8211; Naczelny W\u00f3dz Wojsk II RP nie zwiewa\u0142 przez Zaleszczyki &#8211; ba\u0142 si\u0119 ruskich. Wraz ze swoim sztabem i rz\u0105dem zwia\u0142 przez most\u00a0 na Czeremeszu, przez Pokucice.\u00a0Wilhelm Skibi\u0144ski, Bukowi\u0144czyk i zielonog\u00f3rzanin opowiada\u0142 Majce, \u017ce w pocz\u0105tkach wojny przedosta\u0142o si\u0119\u00a0 do Rumunii ponad 50 tysi\u0119cy \u017co\u0142nierzy polskich,\u00a0 w tym ponad 3600 oficer\u00f3w i genera\u0142\u00f3w. O ile liczba \u017co\u0142nierzy nie robi wra\u017cenia, to liczna Pan\u00f3w Oficer\u00f3w ju\u017c tak. Jad\u0105c szos\u0105 w kierunku Zaklikowa, dojechali\u015bmy w rejon &#8220;pijanej g\u00f3ry&#8221;, <a href=\"https:\/\/htb.com.pl\/?p=169\">to miejsce gdzie 1942 roku za\u0142adowano na ci\u0119\u017car\u00f3wki m\u0119\u017cczyzn po spacyfikowaniu Paramy<\/a>,\u00a0 zawieziono do Obozu Koncentracyjnego na Majdanku i wymordowano. Jasiu &#8211; zapyta\u0142a Majka, czy jeste\u015b sobie w stanie wyobrazi\u0107 oficera LWP, kt\u00f3ry sp&#8230;dala gdy wr\u00f3g w granicach? Nie &#8211; Marysiu powiedzia\u0142em, wszystko mo\u017cna powiedzie\u0107 o naszych &#8220;trepach&#8221; ale \u017ce to cykory nie. Widzisz Jasiu, dzi\u015b oficer musi sko\u0144czy\u0107 szko\u0142\u0119 oficersk\u0105, to nie jest proste. Wielu sanacyjnych oficer\u00f3w swe awanse mia\u0142o za co\u015b, troch\u0119 jak ja. To nie zawsze wystarczy, \u017ceby by\u0107 prawdziwym oficerem. Prawdziwym jak Ty Marysiu, powiedzia\u0142em.<\/p>\n<p>Gdy dzi\u015b patrze na na nazwiska szef\u00f3w naszego kontrwywiadu wojskowego,\u00a0 czyli s\u0142u\u017cby, kt\u00f3ra pozwoli\u0142a nas\u00a0 sk\u0142\u00f3ci\u0107 rosyjskiemu\u00a0 wywiadowi GRU, dwa nazwiska si\u0119 &#8220;wyr\u00f3\u017cniaj\u0105&#8221;. Antoni Macierewicz, kt\u00f3ry w 2006 roku rozwali\u0142 nasz kontrwywiad i dzisiejszy jego\u00a0 szef, Piotr B\u0105czek. Obydwaj panowie nie s\u0105 oficerami.\u00a0Ich nikt nie nauczy\u0142 tego, co pozwala i\u015b\u0107 na \u015bmiertelny b\u00f3j. Prosz\u0119 sobie przypomnie\u0107 pana Antoniego Macierewicza po katastrofie Smole\u0144skiej, jak spierdziela\u0142 do Warszawy \u017ceby ukry\u0107 co trzeba i gada\u0107 co trzeba. Wtedy jeszcze nie m\u00f3g\u0142 wiedzie\u0107, \u017ce to katastrofa z kt\u00f3rej trzeba b\u0119dzie zrobi\u0107 zamach. To m\u00f3g\u0142 by\u0107 zamach.<\/p>\n<p>Na naszych koniach dojechali\u015bmy do miejsca, gdzie szosa krzy\u017cowa\u0142a si\u0119 z drog\u0105, kt\u00f3r\u0105 m\u00f3j Tata w latach 60-tych chodzi\u0142 do pracy &#8211; ponad 10 kilometr\u00f3w. Drog\u0119 t\u0105 nazywa\u0142 &#8220;na \u0142aw\u0119&#8221;. \u0141awa to by\u0142y dwie \u017cerdzie przerzucone przez rzek\u0119 Sann\u0119 i prowizoryczna por\u0119cz. By\u0142o ci\u0119\u017cko, rz\u0105dzi\u0142 wtedy W\u0142adys\u0142aw Gom\u00f3\u0142ka, Polska odbudowywa\u0142a si\u0119 po wojennych zniszczeniach.\u00a0 16 lipca 1960 roku, polski rz\u0105d wyp\u0142aci\u0142 Stanom Zjednoczonym 40 milion\u00f3w dolar\u00f3w, jako zado\u015b\u0107uczynienie dla ameryka\u0144skich \u017byd\u00f3w, kt\u00f3rych maj\u0105tki pozosta\u0142y w Polsce. W tamtym czasie by\u0142a to astronomiczna kwota. Rz\u0105d na wychod\u017actwie, kontynuator sanacyjnych cykor\u00f3w nie pomaga\u0142. Ci\u0105gle podburza\u0142 ludzi w kraju. Gom\u00f3\u0142ka upad\u0142, nasta\u0142a epoka Gierka, 1971 rok. Edward Gierek po\u017cyczy\u0142 dolary i Tata nie musia\u0142 do pracy chodzi\u0107 piechot\u0105. Tartak w Zaklikowie, gdzie pracowa\u0142 otrzyma\u0142 \u017buka, kt\u00f3rym dowo\u017cono pracownik\u00f3w. Wielu wtedy m\u00f3wi\u0142o, \u017ce zacz\u0119\u0142o i\u015b\u0107 w dobr\u0105 stron\u0119. Rzeczywi\u015bcie sz\u0142o &#8211; tak jak dzi\u015b, zad\u0142u\u017cali\u015bmy si\u0119 coraz bardziej. Opowiedzia\u0142em Marysi o Bitwie na Porytowym Wzg\u00f3rzu o radzieckich dywersantach, kt\u00f3rzy w Lasach Janowskich stworzyli enklaw\u0119 wolna od niemieckiego okupanta. Dywersanci s\u0105 nieod\u0142\u0105cznym elementem wojny Jasiu &#8211; zna\u0142a histori\u0119 pp\u0142k Niko\u0142aja Prokopiuka. Opowiedzia\u0142a mi jej dalsz\u0105 cz\u0119\u015b\u0107. Po wyj\u015bciu z okr\u0105\u017cenia Prokopiuk ze swoim wojskiem poszed\u0142 na S\u0142owacj\u0119, Polacy zostali, cz\u0119\u015b\u0107 posz\u0142a do tworzonej w\u0142a\u015bnie II Armii Wojska Polskiego. Jednak S\u0142owak\u00f3w nale\u017ca\u0142o nauczy\u0107 mi\u0142o\u015bci do Polski &#8211; S\u0142owacja razem z Niemcami napad\u0142a na Polsk\u0119. Wtedy podobnie jak dzi\u015b byli\u015bmy sk\u0142\u00f3ceni ze wszystkimi swoimi s\u0105siadami. Ale \u017ce napadn\u0105 nas S\u0142owacy, nikt nie przypuszcza\u0142. Hitler po zaj\u0119ciu Czech stworzy\u0142 marionetkow\u0105 S\u0142owacj\u0119 pod rz\u0105dami ksi\u0119dza J\u00f3zefa Tiso. I to w\u0142asnie pa\u0144stewko rozpierdzieli\u0142 Prokopiuk po wyj\u015bciu z okr\u0105\u017cenia na Porytowym Wzg\u00f3rzu.<\/p>\n<p>Dojechali\u015bmy do rzeki, potem jej lewym brzegiem do zamku w Zaklikowie. Oporz\u0105dzili\u015bmy konie, Majka z \u017calem \u017cegna\u0142a niezwyk\u0142ego ogiera, gdy ostatni raz poklepa\u0142a go po \u0142bie, moja klaczka nastawi\u0142a sw\u00f3j.<\/p>\n<p>W roku 1994 z moj\u0105 \u017bon\u0105 Dorotk\u0105 i 4-letnim Synkiem Konradkiem byli\u015bmy u moich Rodzic\u00f3w w Zaklikowie, poszli\u015bmy na zalew, z daleka zobaczy\u0142em gara\u017ce w skarpie zamku i konie pod siod\u0142o.<img loading=\"lazy\" decoding=\"async\" class=\"size-medium wp-image-3180 alignright\" src=\"https:\/\/htb.com.pl\/wp-content\/uploads\/2019\/02\/gara\u017ce-300x225.jpg\" alt=\"\" width=\"300\" height=\"225\" srcset=\"https:\/\/htb.com.pl\/wp-content\/uploads\/2019\/02\/gara\u017ce-300x225.jpg 300w, https:\/\/htb.com.pl\/wp-content\/uploads\/2019\/02\/gara\u017ce-768x576.jpg 768w, https:\/\/htb.com.pl\/wp-content\/uploads\/2019\/02\/gara\u017ce-600x450.jpg 600w, https:\/\/htb.com.pl\/wp-content\/uploads\/2019\/02\/gara\u017ce.jpg 800w\" sizes=\"auto, (max-width: 300px) 100vw, 300px\" \/> Wr\u00f3ci\u0142y wspomnienia, kt\u00f3rych tak si\u0119 ba\u0142em. Chcia\u0142em zapomnie\u0107 o Marysi &#8211; wydawa\u0142o mi si\u0119 bowiem, \u017ce rozpami\u0119tywanie tamtego czasu, \u017ale wp\u0142ynie na moje ma\u0142\u017ce\u0144stwo. Chcia\u0142em zawr\u00f3ci\u0107 ale \u017bona koniecznie chcia\u0142a konie zobaczy\u0107. Poszli\u015bmy na zamek, konie by\u0142y pi\u0119kne. Nagle zobaczy\u0142em, \u017ce jeden z pilnuj\u0105cych koni patrzy na mnie, nasz wzrok si\u0119 spotka\u0142. Pan zapyta\u0142, czy chcemy poje\u017adzi\u0107? Podzi\u0119kowali\u015bmy, nie mieli\u015bmy ubra\u0144 na zmian\u0119. Konradek jednak nie mia\u0142 z tym problemu i zacz\u0105\u0142 kombinowa\u0107 jak na konia wej\u015b\u0107. Pan pom\u00f3g\u0142 mu i pojechali. Gdy ruszyli synek skomentowa\u0142 &#8211; ko\u0144 dzia\u0142a. \u015amia\u0142a si\u0119 tylko \u017bona, mia\u0142em wra\u017cenie, \u017ce cz\u0142owiek prowadz\u0105cy konia z Konradkiem w siodle wie kto dosiada pi\u0119knego araba.<\/p>\n<p><img loading=\"lazy\" decoding=\"async\" class=\"size-medium wp-image-3194 alignleft\" src=\"https:\/\/htb.com.pl\/wp-content\/uploads\/2019\/02\/przyczepa-300x202.jpeg\" alt=\"\" width=\"300\" height=\"202\" srcset=\"https:\/\/htb.com.pl\/wp-content\/uploads\/2019\/02\/przyczepa-300x202.jpeg 300w, https:\/\/htb.com.pl\/wp-content\/uploads\/2019\/02\/przyczepa-768x518.jpeg 768w, https:\/\/htb.com.pl\/wp-content\/uploads\/2019\/02\/przyczepa-600x405.jpeg 600w, https:\/\/htb.com.pl\/wp-content\/uploads\/2019\/02\/przyczepa.jpeg 842w\" sizes=\"auto, (max-width: 300px) 100vw, 300px\" \/>W roku 2001 kupi\u0142em samoch\u00f3d Daihatsu Charade. Trzy cylindrowy diesel o pojemno\u015bci poni\u017cej 1000 cm3 by\u0142 niezwyk\u0142y. Pali\u0142 co\u015b oko\u0142o 2-\u00f3ch litr\u00f3w na sto, a po z\u0142o\u017ceniu tylnych siedze\u0144 przewozi\u0142em nim ma\u0142\u0105 okleiniark\u0119 w\u0105skich p\u0142aszczyzn, ten samoch\u00f3d przypomnia\u0142 mi Marysi\u0119. <a href=\"https:\/\/htb.com.pl\/?p=2793\">Opisa\u0142em jak w hotelu &#8221; Forum&#8221; dosta\u0142a wizyt\u00f3wk\u0119 i mia\u0142a si\u0119 z ni\u0105 zg\u0142osi\u0107 do Ambasady Japonii<\/a>. Pojechali\u015bmy tam kt\u00f3rego\u015b dnia w 1987 roku. Cz\u0142owiek z kt\u00f3rym Majka rozmawia\u0142a \u015bwietnie m\u00f3wi\u0142 po angielsku, nie mieli z tym problem\u00f3w ale ja mog\u0142em si\u0119 tylko gapi\u0107. Marysia wyja\u015bni\u0142a mi, \u017ce Japo\u0144czycy chc\u0105 w Polsce postawi\u0107 fabryk\u0119 samochod\u00f3w Daihatsu.\u00a0 Pr\u00f3bowa\u0142a przekona\u0107 ich aby cz\u0119\u015b\u0107 produkcji wykonywali Polacy. Japo\u0144czyk zaproponowa\u0142 aby pojecha\u0107 do FSO \u017bera\u0144 i wymieni\u0107 klap\u0119 baga\u017cnika w\u00a0 Polonezie Marysi, mia\u0142a dziury po kulach. Wzi\u0105\u0142 jeszcze koleg\u0119 i pojechali\u015bmy. Majka wszystko za\u0142atwi\u0142a i trzech mechanik\u00f3w przynios\u0142o klap\u0119. Jeden z Japo\u0144czyk\u00f3w zwr\u00f3ci\u0142 uwag\u0119, \u017ce kolor si\u0119 r\u00f3\u017cni, cho\u0107 to ten sam. Ale to by\u0142 ma\u0142y problem &#8211; nowej klapy nie da\u0142o si\u0119 zamkn\u0105\u0107, a starej ponownie zamontowa\u0107. Dopiero pod blokiem da\u0142em rad\u0119 przy pomocy s\u0105siada i siekiery, kt\u00f3r\u0105 owin\u0105\u0142em szmat\u0105 \u017ceby nie uszkodzi\u0107 lakieru. \u017beby Japo\u0144czycy nie podejrzeli naszej technologii Majka ich spi\u0142a, gdy przyszed\u0142em do mieszkania obydwaj le\u017celi w salonie na kanapie. Musz\u0119 jaki\u015b offset za\u0142atwi\u0107 powiedzia\u0142a. W D\u0119bicy Stomil opony robi zaproponowa\u0142em. Trzeba si\u0119 z tym przespa\u0107 jasiu, dawaj do \u0142\u00f3zka. Rano nasi japo\u0144scy go\u015bcie mieli gigantycznego kaca &#8211; no &#8220;\u017bytnia&#8221; to nie Sake. Gdy\u00a0 wstali zostali pouczeni, \u017ce teraz do roboty, \u015bniadanie b\u0119dzie dopiero po po\u0142udni, inaczej b\u0119dzie do zwrotu. Uzgodnili, \u017ce Japo\u0144czycy w ramach offsetu przy\u015bl\u0105 wyk\u0142adowc\u00f3w na nasze uczelnie techniczne wraz z laboratoriami do \u0107wicze\u0144. Gdy ko\u0144czyli pisanie wst\u0119pnego projektu, ja zajmowa\u0142em si\u0119 garami w kuchni. Jeden troch\u0119 doszed\u0142 do siebie i poczu\u0142 g\u0142\u00f3d, wparowa\u0142 i chcia\u0142 mi zje\u015b\u0107 gotowane jajko co obra\u0142em do sa\u0142atki. Pokaza\u0142em mu, \u017ce Majka nie pozwoli\u0142a, ten mi pokaza\u0142, \u017ce nie widzi. Ja pokaza\u0142em, \u017ce ona wszystko widzi. Nie rozumia\u0142 &#8211; pokaza\u0142em mu pasyjk\u0119. Widok ukrzy\u017cowanego Chrystusa postawi\u0142 Japo\u0144czyka do pionu. Marysia jest jak B\u00f3g, widzi wszystko &#8211; powiedzia\u0142em. Zrozumia\u0142, od\u0142o\u017cy\u0142 jajko i k\u0142aniaj\u0105c si\u0119 poszed\u0142 do salonu ko\u0144czy\u0107 projekt. Je\u017cd\u017c\u0105c Charad\u0105 zastanawia\u0142em si\u0119, co si\u0119 z tym projektem sta\u0142o?<\/p>\n<p>Dzi\u015b wiem, \u017ce nie tylko z tym &#8211; o energetyce j\u0105drowej nawet nie b\u0119d\u0119 wspomina\u0142. W okresie przemian lat 90-tych zaprzepa\u015bcili\u015bmy\u00a0 wiele takich projekt\u00f3w. Patrz\u0105c na nasz przemys\u0142 samochodowy, kt\u00f3ry tak naprawd\u0119 jest montowni\u0105, wspominam pomys\u0142 Marysi. Dzi\u015b to by\u0142oby ju\u017c drugie pokolenie\u00a0 in\u017cynier\u00f3w znaj\u0105cych japo\u0144sk\u0105 technologi\u0119.<\/p>\n<p>Marysia mia\u0142a swoje niekonwencjonalne metody &#8211; to prawda ale to dzia\u0142a\u0142o. <a href=\"https:\/\/htb.com.pl\/?p=2143\">Oficer kt\u00f3ry nazwa\u0142 j\u0105 natowsk\u0105 ku..\u0105 i dosta\u0142 za to po ryju<\/a>, odpowiada\u0142 na jej pogrzebie za niesienie trumny. Ni\u00f3s\u0142 w pierwszej parze, p\u0142aka\u0142 ale nie pozwala\u0142 si\u0119 zmieni\u0107. Gdy si\u0119 okaza\u0142o, \u017ce do grobu trumn\u0119 b\u0119d\u0105 wk\u0142ada\u0107 grabarze, sprawdzi\u0142 czy s\u0105 ogoleni i maj\u0105 czyste buty.<\/p>\n<p>Dzi\u015b gdy widz\u0119 jak pos\u0142anka Teraz!\u00a0Joanna Scheuring-Wielgus, wraz z Przedstawicielami Fundacji &#8220;Nie l\u0119kajcie si\u0119&#8221; przekazuje Papie\u017cowi Franciszkowi dokumenty o pedofilii w Polskim Ko\u015bciele &#8211; wiem, \u017ce gdyby Marysia nie umar\u0142a, te dokumenty ju\u017c dawno do Watykanu dostarczyliby\u00a0 \u00a0Polscy Biskupi.<\/p>\n<p>Przewr\u00f3cono pomnik ks. Henryka Jankowskiego w Gda\u0144ski, kapelana Solidarno\u015bci. Zosta\u0142 ustawiony ponownie ale my\u015bl\u0119, \u017ce to nie koniec tej historii. Pami\u0119tam jak w styczniu 1987 roku ca\u0142owali\u015bmy si\u0119 z Marysi\u0105 w jej biurze. Do drzwi od sekretariatu zapuka\u0142 jej asystent, oznacza\u0142o to, \u017ce do Majki chce wej\u015b\u0107 obcy, sw\u00f3j wchodzi\u0142 bezpo\u015brednio z korytarza. Ch\u0142opak zameldowa\u0142, \u017ce dw\u00f3ch SB-k\u00f3w chce si\u0119 z Majka widzie\u0107 i nie chc\u0105 zostawi\u0107 broni. Majka zapi\u0119\u0142a guziki sukienki, prze\u0142adowa\u0142a pistolet w szufladzie &#8211; pro\u015b powiedzia\u0142a do przera\u017conego ch\u0142opaka. P\u0142o\u017cy\u0142a mu r\u0119k\u0105 na ramieniu i pyta. Tego Napoleona to ju\u017c ca\u0142ego wypi\u0142am? Zosta\u0142a po\u0142owa ale ja nie podam. Jeste\u015b wolny, a koniak jest tw\u00f3j. To mog\u0105 by\u0107 ci co mi podziurawili baga\u017cnik Jasiu &#8211; uwa\u017caj. Weszli dwaj smutni w garniturach. Wida\u0107 by\u0142o, \u017ce m\u0142odszy to oficer, a starszy sier\u017cant w najlepszym wypadku chor\u0105\u017cy ale sztabowy, mia\u0142 naprawd\u0119 inteligentn\u0105 twarz. Oficer zameldowa\u0142, \u017ce do Warszawy przyje\u017cd\u017ca delegacja Solidarno\u015bci z Gda\u0144ska i oni chcieliby aby Marysia si\u0119 z nimi spotka\u0142a. Nie &#8211; oni s\u0105 przestrzeleni, odpowiedzia\u0142a Majka zdecydowanie. M\u0142ody nie zrozumia\u0142, starszy powiedzia\u0142 mu co\u015b na ucho, m\u0142ody zblad\u0142 &#8211; panowie oddali Majce honor skinieniem g\u0142owy i wyszli. Za pi\u0119\u0107 trzecia Marysiu, powiedzia\u0142em, teraz razem wyrecytowali\u015bmy ten &#8220;pi\u0119kny&#8221; wierszyk &#8220;<em>Za pi\u0119\u0107 trzecia, bierz kapot\u0119, pie&#8230;l majstra i robot\u0119&#8221;.<\/em><\/p>\n<p>Kilka lat p\u00f3\u017aniej pozna\u0142em znaczenie s\u0142owa &#8220;przestrzeleni&#8221;&#8230;<\/p>\n<p>Jeszcze raz przeczyta\u0142em ostatnie dwa akapity mojego wpisu. One si\u0119 \u0142\u0105cz\u0105 &#8211; pedofilia w ko\u015bciele katolickim to by\u0142 dla Maki temat. Wpis <a href=\"https:\/\/htb.com.pl\/?p=1692\">&#8220;Karate&#8221;<\/a>, nasza <a href=\"https:\/\/htb.com.pl\/?p=1966\">wyprawa na grzyby<\/a> i ta jej propozycja aby znie\u015b\u0107 celibat.<\/p>\n<p>Brakuje Ciebie Anio\u0142ku.<\/p>\n","protected":false},"excerpt":{"rendered":"<p>Pisz\u0105c mojego bloga ju\u017c kilka razy u\u017cy\u0142em tego zwrotu. Wyb\u00f3r Karola Wojty\u0142y na Papie\u017ca, spotkanie Papie\u017ca Jana Paw\u0142a II z Wojciechem Jaruzelskim, wyb\u00f3r Lecha Wa\u0142\u0119sy na Prezydenta RP, czy przejmowanie w\u0142adzy przez ludzi z wyobra\u017ani\u0105 &#8211; tych co w J\u00f3zefie Pi\u0142sudskim nie widz\u0105 bohatera. Dzi\u015b te\u017c zaczynamy i\u015b\u0107 w dobr\u0105 stron\u0119, to ostatnie z Pi\u0142sudskim [&hellip;]<\/p>\n","protected":false},"author":1,"featured_media":3183,"comment_status":"open","ping_status":"open","sticky":false,"template":"","format":"standard","meta":{"_jetpack_memberships_contains_paid_content":false,"footnotes":""},"categories":[4],"tags":[370],"class_list":["post-3169","post","type-post","status-publish","format-standard","has-post-thumbnail","hentry","category-daty-i-fakty-blog","tag-idziemy-w-w-dobra-strone"],"jetpack_sharing_enabled":true,"jetpack_featured_media_url":"https:\/\/htb.com.pl\/wp-content\/uploads\/2019\/02\/granicapr.jpg","_links":{"self":[{"href":"https:\/\/htb.com.pl\/index.php?rest_route=\/wp\/v2\/posts\/3169","targetHints":{"allow":["GET"]}}],"collection":[{"href":"https:\/\/htb.com.pl\/index.php?rest_route=\/wp\/v2\/posts"}],"about":[{"href":"https:\/\/htb.com.pl\/index.php?rest_route=\/wp\/v2\/types\/post"}],"author":[{"embeddable":true,"href":"https:\/\/htb.com.pl\/index.php?rest_route=\/wp\/v2\/users\/1"}],"replies":[{"embeddable":true,"href":"https:\/\/htb.com.pl\/index.php?rest_route=%2Fwp%2Fv2%2Fcomments&post=3169"}],"version-history":[{"count":24,"href":"https:\/\/htb.com.pl\/index.php?rest_route=\/wp\/v2\/posts\/3169\/revisions"}],"predecessor-version":[{"id":18588,"href":"https:\/\/htb.com.pl\/index.php?rest_route=\/wp\/v2\/posts\/3169\/revisions\/18588"}],"wp:featuredmedia":[{"embeddable":true,"href":"https:\/\/htb.com.pl\/index.php?rest_route=\/wp\/v2\/media\/3183"}],"wp:attachment":[{"href":"https:\/\/htb.com.pl\/index.php?rest_route=%2Fwp%2Fv2%2Fmedia&parent=3169"}],"wp:term":[{"taxonomy":"category","embeddable":true,"href":"https:\/\/htb.com.pl\/index.php?rest_route=%2Fwp%2Fv2%2Fcategories&post=3169"},{"taxonomy":"post_tag","embeddable":true,"href":"https:\/\/htb.com.pl\/index.php?rest_route=%2Fwp%2Fv2%2Ftags&post=3169"}],"curies":[{"name":"wp","href":"https:\/\/api.w.org\/{rel}","templated":true}]}}