{"id":31871,"date":"2020-10-23T05:44:36","date_gmt":"2020-10-23T05:44:36","guid":{"rendered":"https:\/\/htb.com.pl\/?p=31871"},"modified":"2020-10-23T06:41:43","modified_gmt":"2020-10-23T06:41:43","slug":"hejt-i-fake-news","status":"publish","type":"post","link":"https:\/\/htb.com.pl\/?p=31871","title":{"rendered":"Hejt i fake news"},"content":{"rendered":"\n<figure class=\"wp-block-image size-thumbnail\"><a href=\"https:\/\/htb.com.pl\/wp-content\/uploads\/2020\/10\/Hejt.mp3\"><img loading=\"lazy\" decoding=\"async\" width=\"150\" height=\"150\" src=\"https:\/\/htb.com.pl\/wp-content\/uploads\/2018\/04\/posluchaj-150x150.jpg\" alt=\"\" class=\"wp-image-2020\" srcset=\"https:\/\/htb.com.pl\/wp-content\/uploads\/2018\/04\/posluchaj-150x150.jpg 150w, https:\/\/htb.com.pl\/wp-content\/uploads\/2018\/04\/posluchaj-300x300.jpg 300w, https:\/\/htb.com.pl\/wp-content\/uploads\/2018\/04\/posluchaj-100x100.jpg 100w\" sizes=\"auto, (max-width: 150px) 100vw, 150px\" \/><\/a><\/figure>\n\n\n\n<p>Te dwa obco brzmi\u0105ce poj\u0119cie  ostatnio si\u0119 do nas przypa\u0142\u0119ta\u0142y ale one od zawsze istnia\u0142y i dzieleniem ludzi si\u0119 zajmowa\u0142y.<\/p>\n\n\n\n<p>Czym jest hejt? Wi\u0119kszo\u015b\u0107 odpowie &#8211; mow\u0105 nienawi\u015bci. Niew\u0105tpliwie b\u0119dzie to prawda. Jednak ja, patrz\u0105c z perspektywy Marysi, (wcze\u015bniejsze wpisy)  widz\u0119 to inaczej. <\/p>\n\n\n\n<p>Pod koniec lat osiemdziesi\u0105tych ubieg\u0142ego wieku, kiedy si\u0119 z Marysi\u0105 spotyka\u0142em mowa nienawi\u015bci inaczej si\u0119 nazywa\u0142a. By\u0142a to zasada &#8220;dziel i rz\u0105d\u017a&#8221;. Wywodzi si\u0119 z czas\u00f3w rzymskich, stosowa\u0142 j\u0105 Ludwik XIV we Francji, sk\u0142\u00f3caj\u0105c i w ten spos\u00f3b os\u0142abiaj\u0105c  swoich ministr\u00f3w,  stosowali j\u0105 zaborcy i sanacja.  Po II wojnie \u015bwiatowej wraz z odsuni\u0119ciem skompromitowanej sanacji od w\u0142adzy, zasad\u0119 t\u0105 przej\u0119\u0142y partyjne kacyki dla pokazania, \u017ce te\u017c maj\u0105 co\u015b do gadania. <\/p>\n\n\n\n<p>W okresie przemian  mog\u0142em obserwowa\u0107 Marysi  dzia\u0142ania, kt\u00f3re mia\u0142y zako\u0144czy\u0107 takie knowania. Mord na ks. Jerzym Popie\u0142uszce wyja\u015bnia\u0142a i  mow\u0119 nienawi\u015bci likwidowa\u0142a. Ona wiedzia\u0142a, \u017ce to nasi wrogowie zrobili i naprawd\u0119 strasznie tym nas sk\u0142\u00f3cili. Bo my o ten mord genera\u0142a Wojciecha Jaruzelskiego \u017ce\u015bmy pos\u0105dzili, czym naszych wrog\u00f3w ucieszyli, a Papie\u017ca Jana Paw\u0142a II zasmucili. Dopiero Marysia ze swoimi lud\u017ami wszystko wyja\u015bni\u0142a i 12 stycznia 1987 roku wizyta Jaruzelskiego w Watykanie si\u0119 odby\u0142a &#8211; naprawd\u0119 historyczna by\u0142a. Polska do Europy wr\u00f3ci\u0142a ale tego nie doceni\u0142a i w kr\u00f3tce partyjnych kacyk\u00f3w udaj\u0105cych dobrych polityk\u00f3w do w\u0142adzy dopu\u015bci\u0142a. Marysia ju\u017c nie \u017cy\u0142a. Pami\u0119tam IV pielgrzymk\u0119 do Polski Papie\u017ca Jana Paw\u0142a II, z roku 1991-go, gdy na Uroczyste Posiedzenie Sejmu, kaza\u0142 zaprosi\u0107 Jaruzelskiego, jako go\u015bcia honorowego. Zdziwi\u0142o to wtedy niejednego, piewc\u0119 geniuszu Pi\u0142sudskiego &#8211; czyli polityka z\u0142ego. <\/p>\n\n\n\n<p>Dzi\u015b w naszej polityce pr\u00f3\u017cno szuka\u0107 innego &#8211; wprawdzie wybrali\u015bmy pi\u0119ciu ale do Parlamentu Europejskiego. Mo\u017ce w dobie pandemii nale\u017ca\u0142oby ich \u015bci\u0105gn\u0105\u0107 &#8211; dla ratowania Kraju Naszego. Bo opieraj\u0105c si\u0119 na k\u0142amstwie, doprowadzimy do czego\u015b strasznego.<\/p>\n\n\n\n<p>Je\u017celi nie rozumiesz tego, s\u0142uchaj radia marysinego.<\/p>\n\n\n\n<p><\/p>\n\n\n\n<figure class=\"wp-block-image size-large\"><a href=\"http:\/\/stacja.radiohost.pl\/customBoxes\/link\/568\/8d5a0\/type\/aplayer2\/\"><img loading=\"lazy\" decoding=\"async\" width=\"210\" height=\"62\" src=\"https:\/\/htb.com.pl\/wp-content\/uploads\/2020\/10\/LOGO-PODCASTMA\u0141Y.png\" alt=\"\" class=\"wp-image-31626\"\/><\/a><\/figure>\n\n\n\n<p>HEJT BRAKE &#8211; to audycja. Ma za zadanie, trendu nienawistnego  wyhamowanie. Wiem, \u017ce nie da si\u0119 zlikwidowa\u0107 tego. <\/p>\n\n\n\n<p>Podam teraz przyk\u0142ady hejtu z kr\u0119gu artystycznego, kt\u00f3ry bardzo przyczyni\u0142 si\u0119 do obecnej tragicznej sytuacji pa\u0144stwa polskiego. &#8220;Inteligenci&#8221; nie rozumiej\u0105c niczego, obrazili znaczn\u0105 cz\u0119\u015b\u0107 spo\u0142ecze\u0144stwa polskiego, przed wyborami parlamentarnymi z 13.10.2019. i na naszych przedstawicieli, wybrali\u015bmy nie tych, co \u017ce\u015bmy chcieli.<\/p>\n\n\n\n<figure class=\"wp-block-embed-youtube wp-block-embed is-type-video is-provider-youtube wp-embed-aspect-16-9 wp-has-aspect-ratio\"><div class=\"wp-block-embed__wrapper\">\n<iframe loading=\"lazy\" title=\"Nie \u015bwiruj, id\u017a na wybory\" width=\"848\" height=\"477\" src=\"https:\/\/www.youtube.com\/embed\/dAyvkrd21mc?feature=oembed\" frameborder=\"0\" allow=\"accelerometer; autoplay; clipboard-write; encrypted-media; gyroscope; picture-in-picture\" allowfullscreen><\/iframe>\n<\/div><\/figure>\n\n\n\n<p>Swymi aktorskimi popisami, nazwali\u015bcie nas \u015bwirami &#8211; chc\u0119 \u017ceby\u015bcie wiedzieli, \u017ce dla wielu s\u0142uchaczy radia marysinego, jeste\u015bcie pajacami, a nie aktorami.<\/p>\n\n\n\n<p>To jest hejt, a nie to co nazywacie komentarzami naszpikowanymi chujami.<\/p>\n\n\n\n<p>Fake news &#8211; fa\u0142szywa informacja. Te\u017c od zawsze stosowana, a u nas kiedy\u015b k\u0142amstwem nazywana. Pod koniec lat 80-tych  partyjne kacyki w sprawie Elektrowni J\u0105drowej \u017barnowiec  k\u0142amali i tak pomalutku przychylno\u015b\u0107 g\u00f3rnik\u00f3w zdobywali. Sw\u00f3j plan zrealizowali. Nasz program energetyki j\u0105drowej rozpierdzielili i w\u0142adz\u0119 zdobyli. Potem k\u0142amstwo fake news nazwali i ju\u017c bez obaw, \u017ce to grzech, dla utrzymania w\u0142adzy stosowali. Oto przyk\u0142ad premiera Mateusza Morawieckiego, jak na Lubelszczy\u017anie, uciekaj\u0105c si\u0119 do k\u0142amstwa &#8211; swego ulubionego, pom\u00f3g\u0142 wybra\u0107 prezydenta naszego.<\/p>\n\n\n\n<p><\/p>\n\n\n\n<figure class=\"wp-block-embed-youtube wp-block-embed is-type-video is-provider-youtube wp-embed-aspect-16-9 wp-has-aspect-ratio\"><div class=\"wp-block-embed__wrapper\">\n<iframe loading=\"lazy\" title=\"&quot;Wirus w odwrocie. Nie ma sie czego ba\u0107&quot; - premier Morawiecki - Koronawirus\" width=\"848\" height=\"477\" src=\"https:\/\/www.youtube.com\/embed\/par-Gezb-EE?feature=oembed\" frameborder=\"0\" allow=\"accelerometer; autoplay; clipboard-write; encrypted-media; gyroscope; picture-in-picture\" allowfullscreen><\/iframe>\n<\/div><\/figure>\n\n\n\n<p>Tak si\u0119 w tych k\u0142amstwach zap\u0119dzili, \u017ce w nie uwierzyli i w bardzo trudnej sytuacji Polsk\u0119 postawili. Nie pierwszy raz to zrobili. Zawsze jednak z k\u0142opot\u00f3w \u017ce\u015bmy wychodzili. Na ludzi z wyobra\u017ani\u0105 stawiali, a piewc\u00f3w geniuszu Pi\u0142sudskiego od w\u0142adzy odsuwali.<\/p>\n\n\n\n<ul class=\"wp-block-list\"><li>26 pa\u017adziernika 1993 r. &#8211;  po wyborach parlamentarnych premierem zosta\u0142 Waldemar Pawlak, (najm\u0142odszym w naszej historii).<\/li><li>6 marca 1995 rok &#8211; J\u00f3zef Oleksy.<\/li><li>7 lutego 1996 r. &#8211; W\u0142odzimierz Cimoszewicz. Pow\u00f3d\u017a stulecia (lipiec 1997r.) go wyko\u0144czy\u0142a i banda nieudacznik\u00f3w do w\u0142adzy wr\u00f3ci\u0142a. Rz\u0105dy dziur\u0105 Bauca zako\u0144czy\u0142a.<\/li><li>19 pa\u017adziernika 2001 r. Leszek Miller jako premier si\u0119 pojawi\u0142 i wszystko naprawi\u0142. Banda afer\u0119 Rywina wykr\u0119ci\u0142a i Milera wywali\u0142a.<\/li><li>11 czerwca2004 r. do19 pa\u017adziernika 2005 r. Marek Belka jako premier rz\u0105du mniejszo\u015bciowego  w\u0142adz\u0119 sprawowa\u0142. W Unii Europejskiej ju\u017c byli\u015bmy &#8211; w\u0142adz\u0119 w kraju \u0142ajzom oddali\u015bmy. Dzi\u015b wida\u0107 jak wielki b\u0142\u0105d pope\u0142nili\u015bmy, \u017beby go naprawi\u0107, tamci ludzie w rz\u0105dzie musz\u0105 si\u0119 pojawi\u0107. Tylko oni co\u015b mog\u0105 zaradzi\u0107.<\/li><\/ul>\n\n\n\n<p>To co aktualnie dzieje si\u0119 na polskiej scenie politycznej nie ma analogii w naszych dziejach. Ani zaborcy, ani sanacje a\u017c tak nas nie sk\u0142\u00f3cali &#8211; oni problemy rozwi\u0105zywa\u0107 si\u0119 starali, a nie kolejne generowali. <\/p>\n\n\n\n<p>22.10.2020. &#8211; w budynku dawnego Trybuna\u0142u Konstytucyjnego, pani Julia Przy\u0142\u0119bska, znajoma pana Jaros\u0142awa Kaczy\u0144skiego, na pro\u015bb\u0119 tego ostatniego, doprowadzi\u0142a do haosu &#8211; nieprawdopodobnego. W dobie kryzysu gospodarczego i pandemicznego, naprawd\u0119 nie potrzebujemy tego.<\/p>\n\n\n\n<p> <\/p>\n\n\n\n<figure class=\"wp-block-image size-large\"><img loading=\"lazy\" decoding=\"async\" width=\"780\" height=\"520\" src=\"https:\/\/htb.com.pl\/wp-content\/uploads\/2020\/10\/Kobiety-try.jpg\" alt=\"\" class=\"wp-image-31975\" srcset=\"https:\/\/htb.com.pl\/wp-content\/uploads\/2020\/10\/Kobiety-try.jpg 780w, https:\/\/htb.com.pl\/wp-content\/uploads\/2020\/10\/Kobiety-try-300x200.jpg 300w, https:\/\/htb.com.pl\/wp-content\/uploads\/2020\/10\/Kobiety-try-768x512.jpg 768w, https:\/\/htb.com.pl\/wp-content\/uploads\/2020\/10\/Kobiety-try-600x400.jpg 600w\" sizes=\"auto, (max-width: 780px) 100vw, 780px\" \/><\/figure>\n\n\n\n<p>Sprawa dotyczy aborcji ale problem le\u017cy w niezrozumieniu tego, \u017ce religia i polityka, to co\u015b zupe\u0142nie innego. Ksi\u0105dz musi zakazywa\u0107 przerywania ci\u0105\u017c, to jego zadanie, tak bowiem mo\u017ce ograniczy\u0107 zabijanie. Polityk tak robi\u0107 nie mo\u017ce,  on musi zrozumie\u0107, \u017ce tylko \u015bwiadomo\u015b\u0107, czyli dobra edukacja seksualna dzieci i m\u0142odzie\u017cy tu pomo\u017ce.<\/p>\n\n\n\n<p>Nam pozostaje modlitwa &#8211; <em>chocia\u017c zdrowie daj im Bo\u017ce<\/em>. Pom\u00f3dlmy si\u0119 za polityk\u00f3w, mo\u017ce to pomo\u017ce.<\/p>\n\n\n\n<p>Moj\u0105 herbatk\u0119 proponuje, po niej na pewno nie b\u0119dzie gorzej.<\/p>\n\n\n\n<figure class=\"wp-block-image size-large\"><a href=\"https:\/\/htb.com.pl\/?product=lekka-herbata-relaksujaca-15g\"><img loading=\"lazy\" decoding=\"async\" width=\"1024\" height=\"1024\" src=\"https:\/\/htb.com.pl\/wp-content\/uploads\/2019\/06\/herbata-1024x1024.jpg\" alt=\"\" class=\"wp-image-4201\" srcset=\"https:\/\/htb.com.pl\/wp-content\/uploads\/2019\/06\/herbata-1024x1024.jpg 1024w, https:\/\/htb.com.pl\/wp-content\/uploads\/2019\/06\/herbata-150x150.jpg 150w, https:\/\/htb.com.pl\/wp-content\/uploads\/2019\/06\/herbata-300x300.jpg 300w, https:\/\/htb.com.pl\/wp-content\/uploads\/2019\/06\/herbata-768x768.jpg 768w, https:\/\/htb.com.pl\/wp-content\/uploads\/2019\/06\/herbata-600x600.jpg 600w, https:\/\/htb.com.pl\/wp-content\/uploads\/2019\/06\/herbata-100x100.jpg 100w, https:\/\/htb.com.pl\/wp-content\/uploads\/2019\/06\/herbata.jpg 2000w\" sizes=\"auto, (max-width: 1024px) 100vw, 1024px\" \/><\/a><\/figure>\n","protected":false},"excerpt":{"rendered":"<p>Te dwa obco brzmi\u0105ce poj\u0119cie ostatnio si\u0119 do nas przypa\u0142\u0119ta\u0142y ale one od zawsze istnia\u0142y i dzieleniem ludzi si\u0119 zajmowa\u0142y. Czym jest hejt? Wi\u0119kszo\u015b\u0107 odpowie &#8211; mow\u0105 nienawi\u015bci. Niew\u0105tpliwie b\u0119dzie to prawda. Jednak ja, patrz\u0105c z perspektywy Marysi, (wcze\u015bniejsze wpisy) widz\u0119 to inaczej. Pod koniec lat osiemdziesi\u0105tych ubieg\u0142ego wieku, kiedy si\u0119 z Marysi\u0105 spotyka\u0142em mowa [&hellip;]<\/p>\n","protected":false},"author":1,"featured_media":31975,"comment_status":"open","ping_status":"open","sticky":false,"template":"","format":"standard","meta":{"_jetpack_memberships_contains_paid_content":false,"footnotes":""},"categories":[4],"tags":[670],"class_list":["post-31871","post","type-post","status-publish","format-standard","has-post-thumbnail","hentry","category-daty-i-fakty-blog","tag-hejt-i-fake-news"],"jetpack_sharing_enabled":true,"jetpack_featured_media_url":"https:\/\/htb.com.pl\/wp-content\/uploads\/2020\/10\/Kobiety-try.jpg","_links":{"self":[{"href":"https:\/\/htb.com.pl\/index.php?rest_route=\/wp\/v2\/posts\/31871","targetHints":{"allow":["GET"]}}],"collection":[{"href":"https:\/\/htb.com.pl\/index.php?rest_route=\/wp\/v2\/posts"}],"about":[{"href":"https:\/\/htb.com.pl\/index.php?rest_route=\/wp\/v2\/types\/post"}],"author":[{"embeddable":true,"href":"https:\/\/htb.com.pl\/index.php?rest_route=\/wp\/v2\/users\/1"}],"replies":[{"embeddable":true,"href":"https:\/\/htb.com.pl\/index.php?rest_route=%2Fwp%2Fv2%2Fcomments&post=31871"}],"version-history":[{"count":18,"href":"https:\/\/htb.com.pl\/index.php?rest_route=\/wp\/v2\/posts\/31871\/revisions"}],"predecessor-version":[{"id":31985,"href":"https:\/\/htb.com.pl\/index.php?rest_route=\/wp\/v2\/posts\/31871\/revisions\/31985"}],"wp:featuredmedia":[{"embeddable":true,"href":"https:\/\/htb.com.pl\/index.php?rest_route=\/wp\/v2\/media\/31975"}],"wp:attachment":[{"href":"https:\/\/htb.com.pl\/index.php?rest_route=%2Fwp%2Fv2%2Fmedia&parent=31871"}],"wp:term":[{"taxonomy":"category","embeddable":true,"href":"https:\/\/htb.com.pl\/index.php?rest_route=%2Fwp%2Fv2%2Fcategories&post=31871"},{"taxonomy":"post_tag","embeddable":true,"href":"https:\/\/htb.com.pl\/index.php?rest_route=%2Fwp%2Fv2%2Ftags&post=31871"}],"curies":[{"name":"wp","href":"https:\/\/api.w.org\/{rel}","templated":true}]}}