{"id":32270,"date":"2020-10-30T06:35:18","date_gmt":"2020-10-30T06:35:18","guid":{"rendered":"https:\/\/htb.com.pl\/?p=32270"},"modified":"2020-10-30T07:46:03","modified_gmt":"2020-10-30T07:46:03","slug":"szacunek-dla-miejsc-swietych","status":"publish","type":"post","link":"https:\/\/htb.com.pl\/?p=32270","title":{"rendered":"Szacunek dla miejsc \u015bwi\u0119tych"},"content":{"rendered":"\n<p><\/p>\n\n\n\n<figure class=\"wp-block-image size-large\"><img loading=\"lazy\" decoding=\"async\" width=\"800\" height=\"651\" src=\"https:\/\/htb.com.pl\/wp-content\/uploads\/2020\/10\/Swi\u0105tynia.jpg\" alt=\"\" class=\"wp-image-32328\" srcset=\"https:\/\/htb.com.pl\/wp-content\/uploads\/2020\/10\/Swi\u0105tynia.jpg 800w, https:\/\/htb.com.pl\/wp-content\/uploads\/2020\/10\/Swi\u0105tynia-300x244.jpg 300w, https:\/\/htb.com.pl\/wp-content\/uploads\/2020\/10\/Swi\u0105tynia-768x625.jpg 768w, https:\/\/htb.com.pl\/wp-content\/uploads\/2020\/10\/Swi\u0105tynia-600x488.jpg 600w\" sizes=\"auto, (max-width: 800px) 100vw, 800px\" \/><\/figure>\n\n\n\n<p><\/p>\n\n\n\n<figure class=\"wp-block-image size-thumbnail\"><a href=\"https:\/\/htb.com.pl\/wp-content\/uploads\/2020\/10\/Dla-tych-co-nie-mog\u0105.mp3\"><img loading=\"lazy\" decoding=\"async\" width=\"150\" height=\"150\" src=\"https:\/\/htb.com.pl\/wp-content\/uploads\/2018\/04\/posluchaj-150x150.jpg\" alt=\"\" class=\"wp-image-2020\" srcset=\"https:\/\/htb.com.pl\/wp-content\/uploads\/2018\/04\/posluchaj-150x150.jpg 150w, https:\/\/htb.com.pl\/wp-content\/uploads\/2018\/04\/posluchaj-300x300.jpg 300w, https:\/\/htb.com.pl\/wp-content\/uploads\/2018\/04\/posluchaj-100x100.jpg 100w\" sizes=\"auto, (max-width: 150px) 100vw, 150px\" \/><\/a><\/figure>\n\n\n\n<p>Profanacja ko\u015bcio\u0142\u00f3w jest obecnie tematem naszych sztabowc\u00f3w, pan wcepremier Jaros\u0142aw Kaczy\u0144ski stoj\u0105cy na czele tych co maj\u0105 w kraju zapewnia\u0107 bezpiecze\u0144stwo, jest moim zdaniem gorszy w tej roli od J\u00f3zefa Pi\u0142sudskiego, kt\u00f3ry pr\u00f3bowa\u0142 robi\u0107 co\u015b podobnego. Obecny naczelnik, doprowadzi\u0142 do chaosu nieprawdopodobnego i  wezwa\u0142 swoich zwolennik\u00f3w do obrony \u015bwi\u0105ty\u0144 ko\u015bcio\u0142a katolickiego. <\/p>\n\n\n\n<p>Sytuacja w kraju jest tragiczna, rosn\u0105ce lawinowo zaka\u017cenie  COVID-19 i demonstracje na ulicach, to ju\u017c kula \u015bniegowa. Nie zazdroszcz\u0119 premierowi Mateuszowi Morawieckiemu. On przy rz\u0105dowym stole siedzi na rogu. Z jednej strony ma ministra zdrowia,  z drugiej resorty gospodarcze, a z trzeciej mafijne. Minister spraw  wewn\u0119trznych Maciej W\u0105sik nawi\u0105zuj\u0105c do wypowiedzi  pana Kaczy\u0144skiego, te\u017c pot\u0119pi\u0142 prowokacje wobec ko\u015bcio\u0142a katolickiego. Teraz mamy prezydenta innego &#8211; cho\u0107 tego samego, ten wyroku nie anuluje i za prowokacje pan minister w pierdlu wyl\u0105duje. <\/p>\n\n\n\n<p><a href=\"http:\/\/radiomaria.com.pl\/wp-content\/uploads\/2020\/10\/Niezwyk%C5%82a-M-i-wywiad.mp3\">Rozmawia\u0142em z przedstawicielem Fundacji \u017bycie i Rodzina<\/a>. Na pocz\u0105tku rozmowy nic nam si\u0119 nie spina, jednak w ko\u0144cu sanacja nas pogodzi\u0142a. Zgodzili\u015bmy si\u0119, \u017ce z\u0142a by\u0142a.<\/p>\n\n\n\n<p>I to by by\u0142o na tyle, jak chodzi o wydarzenia z tygodnia ostatniego. Przypominam, \u017ce mo\u017cna s\u0142ucha\u0107 Radia Marysinego, <a href=\"http:\/\/stacja.radiohost.pl\/customBoxes\/link\/568\/8d5a0\/type\/aplayer2\/\"><img loading=\"lazy\" decoding=\"async\" width=\"150\" height=\"44\" class=\"wp-image-31626\" style=\"width: 150px;\" src=\"https:\/\/htb.com.pl\/wp-content\/uploads\/2020\/10\/LOGO-PODCASTMA\u0141Y.png\" alt=\"\"><\/a> naprawd\u0119 fajnego.<\/p>\n\n\n\n<p>Teraz odpowiem na zarzuty dawnego \u015bwiata mafijnego &#8211; tego SB-ckiego. Zarzucaj\u0105 mi, \u017ce nie jestem konsekwentyny. Stawiam tez\u0119, \u017ce \u0142\u0105czenie religii i polityki prowadzi do czego\u015b z\u0142ego, a przecie\u017c Marysia &#8211; nasza  wsp\u00f3lna znajoma nic innego nie robi\u0142a. Tak &#8211; i terroryzm, kt\u00f3ry si\u0119 w Polsce  rodzi\u0142, w zarodku zdusi\u0142a. Ale prosz\u0119 pami\u0119ta\u0107 czemu ze swoimi lud\u017ami do Polski wr\u00f3ci\u0142a. Przecie\u017c nie po to, \u017ceby mnie spotka\u0107. To wasza ekipa ks. Jerzego Popie\u0142uszk\u0119 zabi\u0142a, a ona to &#8220;wyja\u015bni\u0142a&#8221;. Du\u017co was wtedy nauczy\u0142a, gdy odesz\u0142a, wasza strategia si\u0119 zmieni\u0142a. Zrobi\u0142o si\u0119 mi\u0142o &#8211; na imprezach wsp\u00f3lnie z klerem si\u0119 pi\u0142o i ta\u0144czy\u0142o, a teczki; &#8220;Korek worek i rozporek&#8221; zniszczy\u0142o.<\/p>\n\n\n\n<p>Ona zawsze sakrum broni\u0142a i polityk\u00f3w ze \u015bwi\u0105ty\u0144 goni\u0142a. Bo to ich wyst\u0105pienia tam s\u0105 najwi\u0119ksz\u0105 profanacj\u0105.<\/p>\n\n\n\n<p>Marysia \u015bwi\u0119t\u0105 nie by\u0142a ale  gdyby \u017cy\u0142a, a\u017c taka tragedia by si\u0119 nie wydarzy\u0142a. Ona co\u015b by wymy\u015bli\u0142a. Prosz\u0119, aby\u015bmy we Wszystkich \u015awi\u0119tych o takich &#8220;nie\u015bwi\u0119tych&#8221; pami\u0119tali, \u017ceby\u015bmy ich nie oceniali  i na ich grobach \u015bwiece pozapalali.<\/p>\n\n\n\n<p>A tym co nie mog\u0105, te \u015bwiece pomog\u0105.<\/p>\n\n\n\n<figure class=\"wp-block-gallery columns-3 is-cropped wp-block-gallery-1 is-layout-flex wp-block-gallery-is-layout-flex\"><ul class=\"blocks-gallery-grid\"><li class=\"blocks-gallery-item\"><figure><img loading=\"lazy\" decoding=\"async\" width=\"480\" height=\"480\" src=\"https:\/\/htb.com.pl\/wp-content\/uploads\/2020\/09\/\u015bwieca_antydepresyjna-ma\u0142a.png\" alt=\"\" data-id=\"29426\" data-full-url=\"https:\/\/htb.com.pl\/wp-content\/uploads\/2020\/09\/\u015bwieca_antydepresyjna-ma\u0142a.png\" data-link=\"https:\/\/htb.com.pl\/?attachment_id=29426\" class=\"wp-image-29426\" srcset=\"https:\/\/htb.com.pl\/wp-content\/uploads\/2020\/09\/\u015bwieca_antydepresyjna-ma\u0142a.png 480w, https:\/\/htb.com.pl\/wp-content\/uploads\/2020\/09\/\u015bwieca_antydepresyjna-ma\u0142a-300x300.png 300w, https:\/\/htb.com.pl\/wp-content\/uploads\/2020\/09\/\u015bwieca_antydepresyjna-ma\u0142a-150x150.png 150w, https:\/\/htb.com.pl\/wp-content\/uploads\/2020\/09\/\u015bwieca_antydepresyjna-ma\u0142a-100x100.png 100w\" sizes=\"auto, (max-width: 480px) 100vw, 480px\" \/><figcaption class=\"blocks-gallery-item__caption\"><a href=\"https:\/\/htb.com.pl\/?product=swieca-konopna-antydepresyjna-90g\">ANTYDEPRESYJNA<\/a><\/figcaption><\/figure><\/li><li class=\"blocks-gallery-item\"><figure><img loading=\"lazy\" decoding=\"async\" width=\"1024\" height=\"1024\" src=\"https:\/\/htb.com.pl\/wp-content\/uploads\/2020\/10\/ognista_rozkosz-1024x1024.png\" alt=\"\" data-id=\"31072\" data-full-url=\"https:\/\/htb.com.pl\/wp-content\/uploads\/2020\/10\/ognista_rozkosz.png\" data-link=\"https:\/\/htb.com.pl\/?attachment_id=31072\" class=\"wp-image-31072\" srcset=\"https:\/\/htb.com.pl\/wp-content\/uploads\/2020\/10\/ognista_rozkosz-1024x1024.png 1024w, https:\/\/htb.com.pl\/wp-content\/uploads\/2020\/10\/ognista_rozkosz-300x300.png 300w, https:\/\/htb.com.pl\/wp-content\/uploads\/2020\/10\/ognista_rozkosz-150x150.png 150w, https:\/\/htb.com.pl\/wp-content\/uploads\/2020\/10\/ognista_rozkosz-768x768.png 768w, https:\/\/htb.com.pl\/wp-content\/uploads\/2020\/10\/ognista_rozkosz-1536x1536.png 1536w, https:\/\/htb.com.pl\/wp-content\/uploads\/2020\/10\/ognista_rozkosz-600x600.png 600w, https:\/\/htb.com.pl\/wp-content\/uploads\/2020\/10\/ognista_rozkosz-100x100.png 100w, https:\/\/htb.com.pl\/wp-content\/uploads\/2020\/10\/ognista_rozkosz.png 1600w\" sizes=\"auto, (max-width: 1024px) 100vw, 1024px\" \/><figcaption class=\"blocks-gallery-item__caption\"><a href=\"https:\/\/htb.com.pl\/?product=swieca-konopna-ognista-rozkosz-90g\">LAWENDOWA<\/a><\/figcaption><\/figure><\/li><li class=\"blocks-gallery-item\"><figure><img loading=\"lazy\" decoding=\"async\" width=\"1024\" height=\"1024\" src=\"https:\/\/htb.com.pl\/wp-content\/uploads\/2019\/07\/swieczka-konopna-1024x1024.png\" alt=\"\" data-id=\"5922\" data-full-url=\"https:\/\/htb.com.pl\/wp-content\/uploads\/2019\/07\/swieczka-konopna.png\" data-link=\"https:\/\/htb.com.pl\/?attachment_id=5922\" class=\"wp-image-5922\" srcset=\"https:\/\/htb.com.pl\/wp-content\/uploads\/2019\/07\/swieczka-konopna-1024x1024.png 1024w, https:\/\/htb.com.pl\/wp-content\/uploads\/2019\/07\/swieczka-konopna-150x150.png 150w, https:\/\/htb.com.pl\/wp-content\/uploads\/2019\/07\/swieczka-konopna-300x300.png 300w, https:\/\/htb.com.pl\/wp-content\/uploads\/2019\/07\/swieczka-konopna-768x768.png 768w, https:\/\/htb.com.pl\/wp-content\/uploads\/2019\/07\/swieczka-konopna-600x600.png 600w, https:\/\/htb.com.pl\/wp-content\/uploads\/2019\/07\/swieczka-konopna-100x100.png 100w\" sizes=\"auto, (max-width: 1024px) 100vw, 1024px\" \/><figcaption class=\"blocks-gallery-item__caption\"><a href=\"https:\/\/htb.com.pl\/?product=swieca-konopna\">KONOPNA<\/a><\/figcaption><\/figure><\/li><\/ul><\/figure>\n\n\n\n<p><\/p>\n\n\n\n<p><\/p>\n","protected":false},"excerpt":{"rendered":"<p>Profanacja ko\u015bcio\u0142\u00f3w jest obecnie tematem naszych sztabowc\u00f3w, pan wcepremier Jaros\u0142aw Kaczy\u0144ski stoj\u0105cy na czele tych co maj\u0105 w kraju zapewnia\u0107 bezpiecze\u0144stwo, jest moim zdaniem gorszy w tej roli od J\u00f3zefa Pi\u0142sudskiego, kt\u00f3ry pr\u00f3bowa\u0142 robi\u0107 co\u015b podobnego. Obecny naczelnik, doprowadzi\u0142 do chaosu nieprawdopodobnego i wezwa\u0142 swoich zwolennik\u00f3w do obrony \u015bwi\u0105ty\u0144 ko\u015bcio\u0142a katolickiego. Sytuacja w kraju jest [&hellip;]<\/p>\n","protected":false},"author":1,"featured_media":32328,"comment_status":"open","ping_status":"open","sticky":false,"template":"","format":"standard","meta":{"_jetpack_memberships_contains_paid_content":false,"footnotes":""},"categories":[4],"tags":[],"class_list":["post-32270","post","type-post","status-publish","format-standard","has-post-thumbnail","hentry","category-daty-i-fakty-blog"],"jetpack_sharing_enabled":true,"jetpack_featured_media_url":"https:\/\/htb.com.pl\/wp-content\/uploads\/2020\/10\/Swi\u0105tynia.jpg","_links":{"self":[{"href":"https:\/\/htb.com.pl\/index.php?rest_route=\/wp\/v2\/posts\/32270","targetHints":{"allow":["GET"]}}],"collection":[{"href":"https:\/\/htb.com.pl\/index.php?rest_route=\/wp\/v2\/posts"}],"about":[{"href":"https:\/\/htb.com.pl\/index.php?rest_route=\/wp\/v2\/types\/post"}],"author":[{"embeddable":true,"href":"https:\/\/htb.com.pl\/index.php?rest_route=\/wp\/v2\/users\/1"}],"replies":[{"embeddable":true,"href":"https:\/\/htb.com.pl\/index.php?rest_route=%2Fwp%2Fv2%2Fcomments&post=32270"}],"version-history":[{"count":11,"href":"https:\/\/htb.com.pl\/index.php?rest_route=\/wp\/v2\/posts\/32270\/revisions"}],"predecessor-version":[{"id":32333,"href":"https:\/\/htb.com.pl\/index.php?rest_route=\/wp\/v2\/posts\/32270\/revisions\/32333"}],"wp:featuredmedia":[{"embeddable":true,"href":"https:\/\/htb.com.pl\/index.php?rest_route=\/wp\/v2\/media\/32328"}],"wp:attachment":[{"href":"https:\/\/htb.com.pl\/index.php?rest_route=%2Fwp%2Fv2%2Fmedia&parent=32270"}],"wp:term":[{"taxonomy":"category","embeddable":true,"href":"https:\/\/htb.com.pl\/index.php?rest_route=%2Fwp%2Fv2%2Fcategories&post=32270"},{"taxonomy":"post_tag","embeddable":true,"href":"https:\/\/htb.com.pl\/index.php?rest_route=%2Fwp%2Fv2%2Ftags&post=32270"}],"curies":[{"name":"wp","href":"https:\/\/api.w.org\/{rel}","templated":true}]}}