{"id":3237,"date":"2019-03-02T08:28:54","date_gmt":"2019-03-02T08:28:54","guid":{"rendered":"https:\/\/htb.com.pl\/?p=3237"},"modified":"2019-07-14T15:35:54","modified_gmt":"2019-07-14T15:35:54","slug":"obiecanki-cacanki","status":"publish","type":"post","link":"https:\/\/htb.com.pl\/?p=3237","title":{"rendered":"Obiecanki cacanki"},"content":{"rendered":"<p><img loading=\"lazy\" decoding=\"async\" class=\"alignnone size-medium wp-image-3250\" src=\"https:\/\/htb.com.pl\/wp-content\/uploads\/2019\/03\/kolejka-300x200.jpg\" alt=\"\" width=\"300\" height=\"200\" srcset=\"https:\/\/htb.com.pl\/wp-content\/uploads\/2019\/03\/kolejka-300x200.jpg 300w, https:\/\/htb.com.pl\/wp-content\/uploads\/2019\/03\/kolejka-768x512.jpg 768w, https:\/\/htb.com.pl\/wp-content\/uploads\/2019\/03\/kolejka-600x400.jpg 600w, https:\/\/htb.com.pl\/wp-content\/uploads\/2019\/03\/kolejka.jpg 779w\" sizes=\"auto, (max-width: 300px) 100vw, 300px\" \/><\/p>\n<p>W poprzednim wpisie napisa\u0142em, \u017ce zacz\u0119\u0142o i\u015b\u0107 w dobr\u0105 stron\u0119. Zauwa\u017cy\u0142 to te\u017c Pan Jaros\u0142aw Kaczy\u0144ski tyle, \u017ce dla niego idzie w z\u0142\u0105 stron\u0119 &#8211; wystraszy\u0142 si\u0119. Teraz rozpoczynaj\u0105c kampani\u0119 wyborcz\u0105 do europarlamentu,\u00a0 nie tylko zapowiedzia\u0142 przekop mierzei wi\u015blanej ale las kaza\u0142 wyci\u0105\u0107 w miejscu, gdzie chce kopa\u0107 r\u00f3w. Na konwencji przedwyborczej\u00a0 postanowi\u0142 utrzyma\u0107 w\u0142adz\u0119 za wszelk\u0105 cen\u0119.\u00a0<strong>Madeleine<\/strong>\u00a0 <strong>Albright<\/strong>\u00a0 takie dzia\u0142anie nazywa\u0142a pocz\u0105tkami faszyzmu. Obieca\u0142 wszystko co mu przysz\u0142o do g\u0142owy i\u00a0 co inni mu doradzili. Te dzia\u0142ania by\u0142y na tyle chaotyczne, \u017ce 500+ na ka\u017cde dziecko zaskoczy\u0142o nawet jego najbli\u017cszych wsp\u00f3\u0142pracownik\u00f3w. Mnie szkoda by\u0142o Pani minister finans\u00f3w Teresy Czerwi\u0144skiej, zda\u0142a sobie bowiem spraw\u0119, \u017ce misi po\u017cyczy\u0107\u00a0 40 miliard\u00f3w. \u017beby by\u0107 ministrem finans\u00f3w nie mo\u017cna by\u0107 z\u0142ym politykiem &#8211; Pani Czerwi\u0144ska wie czym to si\u0119 sko\u0144czy. Ja te\u017c wiem, bo pami\u0119tam,\u00a0 to ju\u017c by\u0142o. Po tym jak Edward Gierek rz\u0105dzi\u0142 za po\u017cyczone, Polska zbankrutowa\u0142a. Wtedy nam pomogli, chodzi\u0142o o odzyskanie maj\u0105tk\u00f3w, nazwano to odzyskaniem wolno\u015bci. Rzeczywi\u015bcie wielu odzyska\u0142o\u00a0 maj\u0105tki utracone w wyniku hitlerowskiej agresji. Najfajniejsze by\u0142o odzyskiwanie tego, co nie mia\u0142o w\u0142a\u015bciciela.\u00a0 To by\u0142a &#8220;prywatyzacja&#8221;, jak ju\u017c nie by\u0142o co prywatyzowa\u0107, zacz\u0119to &#8220;reprywatyzowa\u0107&#8221; a jak i to si\u0119 wyczerpa\u0142o, &#8220;repolonizowa\u0107&#8221;.\u00a0 Teraz \u017ceby kontynuowa\u0107 to z\u0142odziejstwo, trzeba korumpowa\u0107 grupy wyborc\u00f3w, to si\u0119 nazywa &#8220;demokracja&#8221;.<\/p>\n<p>Nasze dzisiejsze zad\u0142u\u017cenie jest niepor\u00f3wnywalne do tego z epoki Gierka, dzisiejsze jest astronomiczne i ro\u015bnie nawet w czasie obecnej koniunktury. Gospodarka jest\u00a0 rynkowa wi\u0119c dajemy rad\u0119 d\u0142ug obs\u0142ugiwa\u0107 ale\u00a0 nie zawsze tak b\u0119dzie, wida\u0107 ju\u017c oznaki spowolnienia gospodarczego. Tylko kto nam teraz pomo\u017ce? Grekom pomogli, bo maj\u0105 EUR, my nie mamy nic.\u00a0 Rezerwy bud\u017cetowe, je\u017celi jeszcze jakie\u015b by\u0142y, to ju\u017c ich nie ma. Prezydent Rosji W\u0142adimir Putin natomiast &#8211; ma rezerwy i to w z\u0142ocie. Dop\u00f3ki jeste\u015bmy w UE dop\u00f3ty jeste\u015bmy bezpieczni. Pomys\u0142 aby zostawi\u0107 UE i postawi\u0107 na USA jest idiotyczny. Dzi\u015b wojna to nie czo\u0142gi &#8211; dzi\u015b wojna to cyberataki, kt\u00f3re parali\u017cuj\u0119 polityk\u0119 i gospodark\u0119. Wielokrotnie pisa\u0142em jak bardzo t\u0105 wojn\u0119 przegrywamy, jeste\u015bmy sk\u0142\u00f3ceni jak za Pi\u0142sudskiego. Trzeba jednak odda\u0107 przedwojennej Sanacji to, \u017ce nie niszczy\u0142a elit &#8211; nauczyciel wtedy, to by\u0142 kto\u015b. Po wojnie szkolnictwo r\u00f3wnie\u017c by\u0142o wa\u017cne, nauczyciele mieli zagwarantowane mieszkania, pomoc w budowie domu a nawet otrzymywali dzia\u0142ki budowlane. To by\u0142a dobra droga, zlikwidowano analfabetyzm, nasze uczelnie zacz\u0119\u0142y &#8220;puka\u0107&#8221; do \u015bwiata zachodniego. Dzi\u015b w ramach niszczenia elit,\u00a0 niszczy si\u0119 nasze szkolnictwo. <a href=\"https:\/\/htb.com.pl\/?p=852\">Tukudydes pisa\u0142 do czego to prowadzi<\/a>.<\/p>\n<p><a href=\"https:\/\/htb.com.pl\/?product=mafia-gra-planszowa\"><img loading=\"lazy\" decoding=\"async\" class=\"size-full wp-image-3249 alignright\" src=\"https:\/\/htb.com.pl\/wp-content\/uploads\/2019\/03\/graplanszowa.jpg\" alt=\"\" width=\"200\" height=\"186\" \/><\/a><\/p>\n<p>Jest jednak co\u015b co mnie martwi na r\u00f3wni z widmem wojny. Nieca\u0142y rok po \u015bmierci Marysi, 27 wrze\u015bnia 1988 roku, premier Mieczys\u0142aw Rakowski da\u0142 jej segregatory Mieczys\u0142awowi Wilczkoiwi, ministrowi przemys\u0142u i ten zrobi\u0142 tak jak Marysia napisa\u0142a &#8211; uwolni\u0142 gospodark\u0119. Zapodzia\u0142 si\u0119 jednak gdzie\u015b kalendarz Marysi, tam by\u0142o napisane jak nie dopu\u015bci\u0107 polityk\u00f3w do pa\u0144stwowych pieni\u0119dzy &#8211; koryta znaczy. <a href=\"https:\/\/htb.com.pl\/?p=1485\">Cz\u0119sto czyta\u0142a zapisan\u0105 tam definicj\u0119 czym jest mafia<\/a> &#8211; widzia\u0142a j\u0105 we W\u0142oszech. Potem stawa\u0142a przed du\u017cym prostok\u0105tnym lustrem, nazywa\u0142a je zierka\u0142o, patrzy\u0142a w te swe m\u0105dre oczy i m\u00f3wi\u0142a TAK NIE! Gdybym dzia\u0142a\u0142a jak mafia, nie mog\u0142abym popatrze\u0107 sobie w oczy, lustro trzeba by powiesi\u0107 poziomo.<\/p>\n<p><img loading=\"lazy\" decoding=\"async\" class=\"size-medium wp-image-3251 alignleft\" src=\"https:\/\/htb.com.pl\/wp-content\/uploads\/2019\/03\/zierka\u0142o-225x300.jpg\" alt=\"\" width=\"225\" height=\"300\" srcset=\"https:\/\/htb.com.pl\/wp-content\/uploads\/2019\/03\/zierka\u0142o-225x300.jpg 225w, https:\/\/htb.com.pl\/wp-content\/uploads\/2019\/03\/zierka\u0142o-600x800.jpg 600w, https:\/\/htb.com.pl\/wp-content\/uploads\/2019\/03\/zierka\u0142o.jpg 720w\" sizes=\"auto, (max-width: 225px) 100vw, 225px\" \/><\/p>\n<p>Wiele lat po jej \u015bmierci odwiedzi\u0142 nas kuzyn Marysi, Ukrainiec. \u017bona zrobi\u0142a kolacj\u0119 i namawia\u0142a go\u015bcia do jedzenia. Wtedy ten powiedzia\u0142 to, co kiedy\u015b\u00a0 Marysia. Mam w domu zierka\u0142o, gdybym tyle jad\u0142, musia\u0142bym go powiesi\u0107 poziomo. Ja si\u0119 nie \u015bmia\u0142em. Dzi\u015b czasem patrz\u0119 w swoje lustro, wisi pionowo, brzuch mo\u017cna wci\u0105gn\u0105\u0107, tylko ta waga, pewnie zepsuta.<\/p>\n<p>Do polityk\u00f3w &#8211; kochani, odpiszcie sobie t\u0105 definicj\u0119 mafii z kalendarza Marysi;\u00a0\u201c<em>To organizacja z\u0142oczy\u0144c\u00f3w, maj\u0105ca na celu nielegalne bogacenie si\u0119 jej cz\u0142onk\u00f3w i wyst\u0119puj\u0105ca jako paso\u017cytniczy po\u015brednik, narzucony przemoc\u0105, mi\u0119dzy w\u0142asno\u015bci\u0105 a prac\u0105, produkcj\u0105 a konsumpcj\u0105, mi\u0119dzy obywatelem a pa\u0144stwem. Mafia to kapitalizm paso\u017cytniczy, kt\u00f3ry zarabia, ale nie kreuje niczego, poza z\u0142em\u201d<\/em>. Czytajcie j\u0105 cz\u0119sto &#8211; \u017ceby m\u00f3c popatrze\u0107 sobie w oczy.<\/p>\n<p>Prosi\u0142em Pana Premiera Mateusza Morawieckiego, <a href=\"https:\/\/htb.com.pl\/?p=2648\">\u017ceby zrobi\u0142 co\u015b z Pani\u0105 Ann\u0105 Zalewsk\u0105<\/a>, co jest od edukacji &#8211; pos\u0142ucha\u0142, b\u0119dzie w parlamencie europejskim. Pewnie zast\u0105pi ja jaki\u015b inny PiS-owiec &#8211; gorzej nie b\u0119dzie i to jest pozytyw. Mam nadziej\u0119, \u017ce to ju\u017c d\u0142ugo nie potrwa.<\/p>\n<p>Dla TVPiS nagrywano jaki\u015b program o S\u0119dziach S\u0105du Najwy\u017cszego . Pan Prezydent Andrzej Duda w pa\u0142acu prezydenckim, przemawiaj\u0105c tym swoim nienaturalnym g\u0142osem powiedzia\u0142; &#8220;<em>S\u0119dziowie s\u0105 splamieni w czasach komunistycznych&#8221;.\u00a0 <\/em>To nagranie trafi\u0142o do TVN i wielu zacz\u0119\u0142o si\u0119 zastanawia\u0107 co Prezydent mia\u0142 na my\u015bli. Nawet prezydencki minister Pan Andrzej Dera pr\u00f3bowa\u0142 to rozkmini\u0107, tam jaszcze o wyzwiskach by\u0142o. To w &#8220;rz\u0105dowych&#8221; mediach trzeba obrobi\u0107 i dopiero pokazywa\u0107 a nie takie bez w\u0142a\u015bciwego monta\u017cu. Straszn\u0105 kas\u0119 pan Prezes TVP Jacek Kurski na to dosta\u0142 &#8211; ponad miliard, musi si\u0119 teraz stara\u0107.<\/p>\n<p>Mnie cieszy, \u017ce doniesiono Panu Kaczy\u0144skiemu o obiecankach cacankach z mojego <a href=\"https:\/\/htb.com.pl\/?p=478\">wpisu o prote\u015bcie niepe\u0142nosprawnych<\/a>. Odni\u00f3s\u0142 si\u0119 bowiem do tego m\u00f3wi\u0105c, \u017ce te jego obietnice to nie s\u0105 obiecanki, z kt\u00f3rych \u017cartowa\u0142em, on to zrobi. Wierz\u0119 Panu Panie Jaros\u0142awie &#8211; problem jest jednak zupe\u0142nie gdzie indziej. Rzeczywi\u015bcie ma Pan racj\u0119, cz\u0142owiek bez pieni\u0119dzy ma problem ale cz\u0142owiek z pieni\u0119dzmi, za kt\u00f3re nie mo\u017cna nic kupi\u0107, te\u017c go ma. Pan tego nie rozumie, bo Pan tego nie prze\u017cy\u0142, chocia\u017c to by\u0142o w latach Pa\u0144skiej m\u0142odo\u015bci. Zostaw Pan Panie Jaros\u0142awie to wszystko &#8211; zostaw, bo Pana zamkn\u0105!<\/p>\n<p>Co &#8211; rodzina si\u0119 pok\u0142\u00f3ci\u0142a, to powa\u017cna sprawa jest.<\/p>\n","protected":false},"excerpt":{"rendered":"<p>W poprzednim wpisie napisa\u0142em, \u017ce zacz\u0119\u0142o i\u015b\u0107 w dobr\u0105 stron\u0119. Zauwa\u017cy\u0142 to te\u017c Pan Jaros\u0142aw Kaczy\u0144ski tyle, \u017ce dla niego idzie w z\u0142\u0105 stron\u0119 &#8211; wystraszy\u0142 si\u0119. Teraz rozpoczynaj\u0105c kampani\u0119 wyborcz\u0105 do europarlamentu,\u00a0 nie tylko zapowiedzia\u0142 przekop mierzei wi\u015blanej ale las kaza\u0142 wyci\u0105\u0107 w miejscu, gdzie chce kopa\u0107 r\u00f3w. Na konwencji przedwyborczej\u00a0 postanowi\u0142 utrzyma\u0107 w\u0142adz\u0119 [&hellip;]<\/p>\n","protected":false},"author":1,"featured_media":3250,"comment_status":"open","ping_status":"open","sticky":false,"template":"","format":"standard","meta":{"_jetpack_memberships_contains_paid_content":false,"footnotes":""},"categories":[4],"tags":[377],"class_list":["post-3237","post","type-post","status-publish","format-standard","has-post-thumbnail","hentry","category-daty-i-fakty-blog","tag-obietnice-jaroslawa-kaczynskiego"],"jetpack_sharing_enabled":true,"jetpack_featured_media_url":"https:\/\/htb.com.pl\/wp-content\/uploads\/2019\/03\/kolejka.jpg","_links":{"self":[{"href":"https:\/\/htb.com.pl\/index.php?rest_route=\/wp\/v2\/posts\/3237","targetHints":{"allow":["GET"]}}],"collection":[{"href":"https:\/\/htb.com.pl\/index.php?rest_route=\/wp\/v2\/posts"}],"about":[{"href":"https:\/\/htb.com.pl\/index.php?rest_route=\/wp\/v2\/types\/post"}],"author":[{"embeddable":true,"href":"https:\/\/htb.com.pl\/index.php?rest_route=\/wp\/v2\/users\/1"}],"replies":[{"embeddable":true,"href":"https:\/\/htb.com.pl\/index.php?rest_route=%2Fwp%2Fv2%2Fcomments&post=3237"}],"version-history":[{"count":18,"href":"https:\/\/htb.com.pl\/index.php?rest_route=\/wp\/v2\/posts\/3237\/revisions"}],"predecessor-version":[{"id":5715,"href":"https:\/\/htb.com.pl\/index.php?rest_route=\/wp\/v2\/posts\/3237\/revisions\/5715"}],"wp:featuredmedia":[{"embeddable":true,"href":"https:\/\/htb.com.pl\/index.php?rest_route=\/wp\/v2\/media\/3250"}],"wp:attachment":[{"href":"https:\/\/htb.com.pl\/index.php?rest_route=%2Fwp%2Fv2%2Fmedia&parent=3237"}],"wp:term":[{"taxonomy":"category","embeddable":true,"href":"https:\/\/htb.com.pl\/index.php?rest_route=%2Fwp%2Fv2%2Fcategories&post=3237"},{"taxonomy":"post_tag","embeddable":true,"href":"https:\/\/htb.com.pl\/index.php?rest_route=%2Fwp%2Fv2%2Ftags&post=3237"}],"curies":[{"name":"wp","href":"https:\/\/api.w.org\/{rel}","templated":true}]}}