{"id":32943,"date":"2020-11-13T07:28:37","date_gmt":"2020-11-13T07:28:37","guid":{"rendered":"https:\/\/htb.com.pl\/?p=32943"},"modified":"2020-11-13T08:42:28","modified_gmt":"2020-11-13T08:42:28","slug":"no-to-poswietowalismy","status":"publish","type":"post","link":"https:\/\/htb.com.pl\/?p=32943","title":{"rendered":"No to po\u015bwi\u0119towali\u015bmy"},"content":{"rendered":"\n<p><\/p>\n\n\n\n<figure class=\"wp-block-image size-thumbnail\"><a href=\"https:\/\/htb.com.pl\/wp-content\/uploads\/2020\/11\/No-to-po\u015bwi\u0119towali\u015bmy.mp3\"><img loading=\"lazy\" decoding=\"async\" width=\"150\" height=\"150\" src=\"https:\/\/htb.com.pl\/wp-content\/uploads\/2018\/04\/posluchaj-150x150.jpg\" alt=\"\" class=\"wp-image-2020\" srcset=\"https:\/\/htb.com.pl\/wp-content\/uploads\/2018\/04\/posluchaj-150x150.jpg 150w, https:\/\/htb.com.pl\/wp-content\/uploads\/2018\/04\/posluchaj-300x300.jpg 300w, https:\/\/htb.com.pl\/wp-content\/uploads\/2018\/04\/posluchaj-100x100.jpg 100w\" sizes=\"auto, (max-width: 150px) 100vw, 150px\" \/><\/a><\/figure>\n\n\n\n<p>Jak co roku przychodzi ten dzie\u0144. Rocznica odzyskania niepodleg\u0142o\u015bci. Zawsze o tym pisa\u0142em,  tym razem w<a href=\"http:\/\/stacja.radiohost.pl\/customBoxes\/link\/568\/8d5a0\/type\/aplayer2\/\"> Radiu MARIA <\/a> Menueta G-dur Paderewskiego zagra\u0142em, <a href=\"http:\/\/radiomaria.com.pl\/wp-content\/uploads\/2020\/11\/11.10.-Wi%C4%99cej-Kobiet.mp3\"><img loading=\"lazy\" decoding=\"async\" width=\"150\" height=\"104\" class=\"wp-image-32951\" style=\"width: 150px;\" src=\"https:\/\/htb.com.pl\/wp-content\/uploads\/2020\/11\/Paderewski-i-fortepian.jpg\" alt=\"\" srcset=\"https:\/\/htb.com.pl\/wp-content\/uploads\/2020\/11\/Paderewski-i-fortepian.jpg 625w, https:\/\/htb.com.pl\/wp-content\/uploads\/2020\/11\/Paderewski-i-fortepian-300x207.jpg 300w, https:\/\/htb.com.pl\/wp-content\/uploads\/2020\/11\/Paderewski-i-fortepian-600x415.jpg 600w\" sizes=\"auto, (max-width: 150px) 100vw, 150px\" \/><\/a> a z opisywaniem obchod\u00f3w spok\u00f3j sobie da\u0142em.<\/p>\n\n\n\n<p>O wyborach prezydenckich w Stanach Zjednoczonych napisa\u0107 obieca\u0142em. Partia Demokratyczna z Joe Bidenem, Republikan\u00f3w z Donaldem Trumpem pokona\u0142a. To dobrze, bo kolejna kobieta na czele b\u0119dzie sta\u0142a. Kamala Harris jako wiceprezydent USA,  razem z Ursul\u0105 von der Leyen UE i kanclerz Niemiec Angel\u0105 Merkel dadz\u0105 rad\u0119 populizmowi.<\/p>\n\n\n\n<p>Moim zadnie niewiele brakowa\u0142o, aby populi\u015bcie Trumpowi kolejny raz wygra\u0107 si\u0119 uda\u0142o. Koncern &nbsp;Pfizera poinformowa\u0142, \u017ce ko\u0144czy badania nad szczepionka na COVID-19. Gdyby to przed g\u0142osowaniem si\u0119 sta\u0142o&#8230;<\/p>\n\n\n\n<p>W Polsce tak si\u0119 sta\u0142o &#8211; Podkarpacie w k\u0142amstwa populist\u00f3w uwierzy\u0142o i na prezydenta Andrzeja Dud\u0119 zag\u0142osowa\u0142o. Tam w Pensylwanii, Arizonie, na Florydzie i w Michigen, czyli stanach wahaj\u0105cych si\u0119 wygra\u0142 Biden. Podkarpacie si\u0119 nie waha\u0142o &#8211; a\u017c w 70 procentach na Andrzeja Dud\u0119 zag\u0142osowa\u0142o i to zdecydowa\u0142o. Tam by to nic nie da\u0142o, bo Podkarpacie elektor\u00f3w mia\u0142o by ma\u0142o. Ale r\u00f3wnie\u017c w naszym tradycyjnym systemie wyboru prezydenta, gdzie parlamentarzy\u015bci wybieraj\u0105, te\u017c populi\u015bci  szans nie maj\u0105. Dlatego system, kt\u00f3ry w okresie przemian lat 90- tych wprowadzili, ci\u0105gle wychwalaj\u0105 &#8211; \u017ce to niby obywatele w wyborach bezpo\u015brednich g\u0142ow\u0119 pa\u0144stwa wybieraj\u0105. Super-premiera, a nie prezydenta wybieraj\u0105, a ja jak ju\u017c wybior\u0105, to narzekaj\u0105. <\/p>\n\n\n\n<p>Abp Stanis\u0142aw Dziwisz ma k\u0142opoty, o kt\u00f3rych kilka lat temu pisa\u0142em. \u017be si\u0119 przyzna,  nadziej\u0119 mia\u0142em. Marysia nigdy o sekretarzu Jana Paw\u0142a II nie wspomina\u0142a &#8211; a na ca\u0142e z\u0142o tocz\u0105ce ko\u015bci\u00f3\u0142 katolicki, jedn\u0105 recept\u0119 mia\u0142a . Znie\u015b\u0107 celibat. Pomy\u015blcie &#8211;  gdyby w Polsce hierarchowie, prezydent i naczelni pa\u0144stwa \u017cony mieli, to mo\u017ce rz\u0105dzi\u0107 by umieli.<\/p>\n\n\n\n<p>Na konie co\u015b sobie przypomnia\u0142em. Obchody \u015awi\u0119ta Niepodleg\u0142o\u015bci z 1986 roku. Ja to nawet opisa\u0142em &#8211; we wpisie <a href=\"https:\/\/htb.com.pl\/?p=12170\">&#8220;Zas\u0142u\u017ceni dzia\u0142acze&#8221;<\/a>. Nie trzeba czyta\u0107 &#8211; jest d\u0142ugie, oferta na p\u0142yt\u0119 Abby te\u017c pomo\u017ce zrozumie\u0107, czemu sobie tamto \u015bwi\u0119towanie przypomnia\u0142em.<\/p>\n\n\n\n<figure class=\"wp-block-image size-large\"><a href=\"https:\/\/htb.com.pl\/?product=voulez-vous-abba-cd\"><img loading=\"lazy\" decoding=\"async\" width=\"200\" height=\"199\" src=\"https:\/\/htb.com.pl\/wp-content\/uploads\/2020\/11\/voulez-vous.jpg\" alt=\"\" class=\"wp-image-33027\" srcset=\"https:\/\/htb.com.pl\/wp-content\/uploads\/2020\/11\/voulez-vous.jpg 200w, https:\/\/htb.com.pl\/wp-content\/uploads\/2020\/11\/voulez-vous-150x150.jpg 150w, https:\/\/htb.com.pl\/wp-content\/uploads\/2020\/11\/voulez-vous-100x100.jpg 100w\" sizes=\"auto, (max-width: 200px) 100vw, 200px\" \/><\/a><\/figure>\n","protected":false},"excerpt":{"rendered":"<p>Jak co roku przychodzi ten dzie\u0144. Rocznica odzyskania niepodleg\u0142o\u015bci. Zawsze o tym pisa\u0142em, tym razem w Radiu MARIA Menueta G-dur Paderewskiego zagra\u0142em, a z opisywaniem obchod\u00f3w spok\u00f3j sobie da\u0142em. O wyborach prezydenckich w Stanach Zjednoczonych napisa\u0107 obieca\u0142em. Partia Demokratyczna z Joe Bidenem, Republikan\u00f3w z Donaldem Trumpem pokona\u0142a. To dobrze, bo kolejna kobieta na czele b\u0119dzie [&hellip;]<\/p>\n","protected":false},"author":1,"featured_media":33032,"comment_status":"open","ping_status":"open","sticky":false,"template":"","format":"standard","meta":{"_jetpack_memberships_contains_paid_content":false,"footnotes":""},"categories":[4],"tags":[],"class_list":["post-32943","post","type-post","status-publish","format-standard","has-post-thumbnail","hentry","category-daty-i-fakty-blog"],"jetpack_sharing_enabled":true,"jetpack_featured_media_url":"https:\/\/htb.com.pl\/wp-content\/uploads\/2020\/11\/Burdy.jpg","_links":{"self":[{"href":"https:\/\/htb.com.pl\/index.php?rest_route=\/wp\/v2\/posts\/32943","targetHints":{"allow":["GET"]}}],"collection":[{"href":"https:\/\/htb.com.pl\/index.php?rest_route=\/wp\/v2\/posts"}],"about":[{"href":"https:\/\/htb.com.pl\/index.php?rest_route=\/wp\/v2\/types\/post"}],"author":[{"embeddable":true,"href":"https:\/\/htb.com.pl\/index.php?rest_route=\/wp\/v2\/users\/1"}],"replies":[{"embeddable":true,"href":"https:\/\/htb.com.pl\/index.php?rest_route=%2Fwp%2Fv2%2Fcomments&post=32943"}],"version-history":[{"count":10,"href":"https:\/\/htb.com.pl\/index.php?rest_route=\/wp\/v2\/posts\/32943\/revisions"}],"predecessor-version":[{"id":33037,"href":"https:\/\/htb.com.pl\/index.php?rest_route=\/wp\/v2\/posts\/32943\/revisions\/33037"}],"wp:featuredmedia":[{"embeddable":true,"href":"https:\/\/htb.com.pl\/index.php?rest_route=\/wp\/v2\/media\/33032"}],"wp:attachment":[{"href":"https:\/\/htb.com.pl\/index.php?rest_route=%2Fwp%2Fv2%2Fmedia&parent=32943"}],"wp:term":[{"taxonomy":"category","embeddable":true,"href":"https:\/\/htb.com.pl\/index.php?rest_route=%2Fwp%2Fv2%2Fcategories&post=32943"},{"taxonomy":"post_tag","embeddable":true,"href":"https:\/\/htb.com.pl\/index.php?rest_route=%2Fwp%2Fv2%2Ftags&post=32943"}],"curies":[{"name":"wp","href":"https:\/\/api.w.org\/{rel}","templated":true}]}}