{"id":3304,"date":"2019-03-09T06:44:35","date_gmt":"2019-03-09T06:44:35","guid":{"rendered":"https:\/\/htb.com.pl\/?p=3304"},"modified":"2019-03-09T08:04:06","modified_gmt":"2019-03-09T08:04:06","slug":"zakaz-handlu-w-niedziele-to-jest-ten-gwozdz","status":"publish","type":"post","link":"https:\/\/htb.com.pl\/?p=3304","title":{"rendered":"Zakaz handlu w niedziel\u0119 &#8211; to jest ten gw\u00f3\u017ad\u017a?"},"content":{"rendered":"<p>Od zamachu stanu pod koniec\u00a0 2015 roku obserwuj\u0119 jak stajemy si\u0119 innym Pa\u0144stwem. Cz\u0119sto por\u00f3wnuj\u0119 nasz\u0105 dzisiejsz\u0105 sytuacj\u0119 do epoki Edwarda Gierka. Zad\u0142u\u017canie kraju jest tak\u0105 analogi\u0105, jednak rozdawnictwo, kt\u00f3re to powoduje\u00a0 w epoce Gierka by\u0142o bardziej sprawiedliwe. Tamten rz\u0105d nie musia\u0142 si\u0119 martwi\u0107, \u017ce przegra wybory i dawa\u0142 wszystkim &#8220;r\u00f3wno&#8221;.\u00a0 Je\u017celi kto\u015b nie wie po co cudzys\u0142\u00f3w, prosz\u0119 zapyta\u0107 tych co pami\u0119taj\u0105 &#8211; wierszyk taki by\u0142. Teraz, partii jest wi\u0119cej i \u017ceby wygra\u0107, trzeba si\u0119 postara\u0107. \u0179li politycy znale\u017ali spos\u00f3b na wygrywanie wybor\u00f3w. Korumpowanie wyborc\u00f3w &#8211; teraz jest ono doprowadzone do perfekcji. Wspiera si\u0119 tylko niekt\u00f3re grupy spo\u0142eczne, musz\u0105 one by\u0107 na tyle du\u017ce, aby zagwarantowa\u0107 wygran\u0105. To jest ta\u0144sza metoda od tej kt\u00f3r\u0105 stosowa\u0142 Edward Gierek. My\u015bl\u0119 jednak, \u017ce pr\u0119dzej czy p\u00f3\u017aniej, mo\u017ce to doprowadzi\u0107 do tego samego &#8211; bankructwa.<\/p>\n<p>Problemem i wtedy i dzi\u015b jest czynnik spo\u0142eczny &#8211; r\u00f3\u017cnie nazywany, najcz\u0119\u015bciej s\u0105 to zwi\u0105zkowcy. Kiedy\u015b rozwalali gospodark\u0119 strajkami, dzi\u015b maj\u0105 wp\u0142yw na rz\u0105d. Ostatnio wymy\u015blili zakaz handlu w niedziel\u0119, doprowadzili do upadku wielu drobnych przedsi\u0119biorc\u00f3w a tych co pozwolili nam przetrwa\u0107 ostatni kryzys, &#8220;bazarowych&#8221;, wsp\u00f3lnie ze z\u0142ymi politykami, za\u0142atwili na amen. Ci ludzie to moje pokolenie. Gdy pisali\u015bmy matur\u0119 upad\u0142a epoka Gierka, gdy stawali\u015bmy na nogi upad\u0142 PRL &#8211; nie by\u0142o pracy, by\u0142o ci\u0119\u017cko. Wielu musia\u0142o wzi\u0105\u0107\u00a0 sprawy w swoje r\u0119ce. Nasze biznesy zaczynali\u015bmy wo\u017c\u0105c maluchem papierosy do Niemiec i przywo\u017c\u0105c elektronik\u0119. Starali\u015bmy si\u0119 wyj\u015b\u0107 z szarej strefy, to nie zawsze si\u0119 udawa\u0142o, wielu pozna\u0142o \u017cycie wi\u0119zienne. Nasze dzieci wychowali\u015bmy i wykszta\u0142cili bez jakiegokolwiek wsparcia ze strony pa\u0144stwa. Uszczelnienie VAT-u, czym tak chwali si\u0119 dzisiejszy rz\u0105d wyko\u0144czy\u0142o wielu. <strong>Zlikwidowanie szarej strefy to b\u0142\u0105d<\/strong>. Trzeba jedynie umo\u017cliwi\u0107 wyj\u015bcie z szarej strefy. Wszystkie du\u017ce \u015bwiatowe gospodarki powsta\u0142y dzi\u0119ki szarej strefie.\u00a0 Gastarbeiterzy w Niemczech, emigranci w USA &#8211; osoby, kt\u00f3re wychodz\u0105 z takiej strefy, nie potrzebuj\u0105 na rozruch 20 tysi\u0119cy od Pa\u0144stwa &#8211; jak Pan Kacper P\u0142a\u017cy\u0144ski, kandydat\u00a0na Prezydenta Gda\u0144ska.\u00a0 Tu gdzie\u015b jest du\u017cy b\u0142\u0105d&#8230;<\/p>\n<p>Marysia &#8211; w 1987 roku moja dziewczyna pisz\u0105c \u015bci\u0105gi dla rz\u0105du Zbigniewa Messnera mia\u0142a do\u015b\u0107 prost\u0105 recept\u0119 na tamte ogromne k\u0142opoty gospodarcze.\u00a0 Proponowa\u0142a uwolni\u0107 gospodark\u0119 i wprowadzi\u0107 VAT. Przemys\u0142 mieli przej\u0105\u0107 pracownicy, VAT mia\u0142 podnie\u015b\u0107 wydajno\u015b\u0107 pracy i umo\u017cliwi\u0107 kooperacj\u0119, r\u00f3wnie\u017c z podmiotami zagranicznymi a pa\u0144stwo mia\u0142o si\u0119 utrzyma\u0107 podatk\u00f3w. Ten mechanizm gwarantowa\u0142 uruchomienie tego ogromnego potencja\u0142u, kt\u00f3ry w Polakach drzemie &#8211; przedsi\u0119biorczo\u015bci. Zak\u0142ada\u0142a, \u017ce pracownicy jako udzia\u0142owcy w swoich firmach nie oddadz\u0105 swych zak\u0142ad\u00f3w. Nawet jak cz\u0119\u015b\u0107 sprzeda swoje udzia\u0142y, to ten co kupi, b\u0119dzie dba\u0142 aby jego w\u0142asno\u015bci nie odebra\u0142 mu jaki\u015b przekr\u0119t. Pami\u0119tam, \u017ce wtr\u0105ci\u0142em si\u0119 tu w t\u0105 jej rewolucyjn\u0105 retoryk\u0119. Powiedzia\u0142em, \u017ce jest wielu takich, kt\u00f3rym zak\u0142ady trzeba odda\u0107, bo to, \u017ce sanacyjny rz\u0105d zwia\u0142 jak wybuch\u0142a wojna, nie by\u0142o ich win\u0105. Tu Marysia przyzna\u0142a mi racj\u0119, by\u0142em bardzo dumny. To Jasiu b\u0119dzie rozstrzyga\u0142 S\u0105d, powiedzia\u0142a. Dotkn\u0105\u0142e\u015b bardzo wa\u017cnego aspektu przemian jakie nas czekaj\u0105. To S\u0105d a nie politycy musz\u0105 decydowa\u0107 gdy b\u0119d\u0105 w\u0105tpliwo\u015bci, nie tylko w kwestii w\u0142asno\u015bci, inaczej pa\u0144stwo b\u0119dzie rz\u0105dzone jak mafia. Widzia\u0142am to we W\u0142oszech, dlatego Papie\u017c da\u0142 moje CV Jaruzelskiemu i <a href=\"https:\/\/htb.com.pl\/?p=2438\">dlatego czasem musz\u0119 komu\u015b da\u0107 po ryju<\/a>. Dali mi nawet Julka (ochroniarz), fajny go\u015b\u0107, pilnuje \u017cebym kogo\u015b nie za&#8230;a\u0142a. Wiem czym jest mafia i terroryzm &#8211; wiem, \u017ce broni\u0105c Polsk\u0119 przed tym z\u0142em, potrafi\u0119 zabi\u0107.\u00a0 W Irlandii, Anglii, Hiszpanii i we W\u0142oszech, walczy\u0142am\u00a0 z terrorystami\u00a0 na \u015bmier\u0107 i \u017cycie. <a href=\"https:\/\/htb.com.pl\/?product=polscy-terrorysci\"><img loading=\"lazy\" decoding=\"async\" class=\"size-medium wp-image-3338 alignright\" src=\"https:\/\/htb.com.pl\/wp-content\/uploads\/2019\/03\/terrorysta-194x300.jpg\" alt=\"\" width=\"194\" height=\"300\" srcset=\"https:\/\/htb.com.pl\/wp-content\/uploads\/2019\/03\/terrorysta-194x300.jpg 194w, https:\/\/htb.com.pl\/wp-content\/uploads\/2019\/03\/terrorysta.jpg 200w\" sizes=\"auto, (max-width: 194px) 100vw, 194px\" \/><\/a>Potrafi\u0119 go\u0142ymi r\u0119kami zabi\u0107 uzbrojonego cz\u0142owieka, to jest dzia\u0142anie instynktowne, nie ma czasu na my\u015blenie &#8211; dobrze, \u017ce Julek mnie pilnuje. Ale zobaczysz &#8211; obroni\u0119 Polsk\u0119 przed z\u0142em jakim jest mafia i terroryzm a ty mi w tym pomo\u017cesz. Pami\u0119tam, \u017ce gdy to powiedzia\u0142a by\u0142em przera\u017cony. B\u0119dziesz mnie kocha\u0142 &#8211; no dawaj, <a href=\"https:\/\/htb.com.pl\/?p=2099\">zrobimy to po naszemu<\/a>. Zesz\u0142o chwil\u0119 zanim mog\u0142em zrobi\u0107 to po naszemu.<\/p>\n<p>Dzi\u015b gdy widz\u0119 do czego doprowadzi\u0142 ten jeden b\u0142\u0105d &#8211; decyduje polityk a nie S\u0105d, te\u017c jestem przera\u017cony. Bo to tu jest moim zdaniem problem. Nasz rz\u0105d dzia\u0142a jak mafia a pocz\u0105tki terroryzmu wida\u0107 na horyzoncie.<\/p>\n<p>Rz\u0105dz\u0105cy dbaj\u0105 jedynie o w\u0142asna kas\u0119 &#8211; to \u017ale. Zastanawiam si\u0119 kiedy si\u0119 to zacz\u0119\u0142o, mieli\u015bmy przecie\u017c demokracj\u0119. Marysia m\u00f3wi\u0142a, \u017ce nikt nic lepszego nie wymy\u015bli\u0142 ale S\u0105d musi tego pilnowa\u0107 i nie pozwala\u0107 na oszukiwanie.<\/p>\n<p>No &#8211; mia\u0142a racj\u0119. Rok 2005 &#8211; Donald Tusk chce zosta\u0107 prezydentem RP, zauwa\u017ca, \u017ce W\u0142odzimierz Cimoszewicz ma wi\u0119ksze szanse, wykr\u0119ca afer\u0119 z Ann\u0105 Jaruck\u0105 i Cimoszewicz rezygnuje, prezydentem RP zosta\u0142 Lech Kaczy\u0144ski. S\u0105d Najwy\u017cszy uzna\u0142 wybory, nie zauwa\u017cy\u0142 nic z\u0142ego. O\u015brodek prezydencki zacz\u0105\u0142 tworzy\u0107 w\u0142asne struktury w pa\u0144stwie i armii. Tu w armii odni\u00f3s\u0142 &#8220;spore sukcesy&#8221; a to zaowocowa\u0142o. Katastrofa lotnicza pod Miros\u0142awcem, katastrofa smole\u0144ska a w konsekwencji przej\u0119cie w\u0142adzy i zamach stanu.\u00a0 Rz\u0105dzenie krajem po roku 2015 to kontynuacja katastrof.\u00a0 Spadaj\u0105 wojskowe my\u015bliwce, ostatnio MiG-29 pod Mi\u0144skiem Mazowieckim\u00a0 &#8211; tu pilot prze\u017cy\u0142. W gospodarce nasz d\u0142ug wzr\u00f3s\u0142 od roku 2005-tego o ponad po\u0142ow\u0119 i przekroczy\u0142 bilion. O kierowcach rz\u0105dowych limuzyn, te\u017c trzeba wspomnie\u0107. Nie ma tygodnia, \u017ceby co\u015b nie wykr\u0119cili. Wymienili ostatnio szefa SOP, to to, co si\u0119 nazywa\u0142o BOR, mia\u0142o si\u0119 nazywa\u0107 MOP ale kto\u015b zauwa\u017cy\u0142, \u017ce mop jest do sprz\u0105tania i zmienili nazw\u0119 na S\u0142u\u017cba Ochrony Pa\u0144stwa.<\/p>\n<p>Do z\u0142ych polityk\u00f3w &#8211; kochani, to was trzeba wymieni\u0107, nie nazw\u0119. Do w\u0142adzy doszli\u015bcie bowiem w wyniku oszustwa i korupcji politycznej. S\u0105d Najwy\u017cszy uzna\u0142 wybory &#8211; nie chcia\u0142 zauwa\u017cy\u0107\u00a0 waszego przekr\u0119tu a wy chcieli\u015bcie ten S\u0105d zlikwidowa\u0107. Nie uda\u0142o si\u0119, teraz wr\u00f3ci demokracja i zlikwiduje was. Mam nadziej\u0119 ale zanim to nast\u0105pi, zabro\u0144cie lata\u0107 na MiG-ach i przywr\u00f3\u0107cie handel w niedziel\u0119. Nie dobijajcie tego gwo\u017adzia &#8211; bo to nasza Polska jest. Jeste\u015bmy wspaniali, na WIELK\u0104 ORKIESTR\u0118 \u015aWI\u0104TECZNEJ POMOCY zebrali\u015bmy rekordow\u0105 sum\u0119\u00a0<strong>175 938 717,56 z\u0142<\/strong>.<\/p>\n<p>&nbsp;<\/p>\n","protected":false},"excerpt":{"rendered":"<p>Od zamachu stanu pod koniec\u00a0 2015 roku obserwuj\u0119 jak stajemy si\u0119 innym Pa\u0144stwem. Cz\u0119sto por\u00f3wnuj\u0119 nasz\u0105 dzisiejsz\u0105 sytuacj\u0119 do epoki Edwarda Gierka. Zad\u0142u\u017canie kraju jest tak\u0105 analogi\u0105, jednak rozdawnictwo, kt\u00f3re to powoduje\u00a0 w epoce Gierka by\u0142o bardziej sprawiedliwe. Tamten rz\u0105d nie musia\u0142 si\u0119 martwi\u0107, \u017ce przegra wybory i dawa\u0142 wszystkim &#8220;r\u00f3wno&#8221;.\u00a0 Je\u017celi kto\u015b nie wie [&hellip;]<\/p>\n","protected":false},"author":1,"featured_media":3335,"comment_status":"open","ping_status":"open","sticky":false,"template":"","format":"standard","meta":{"_jetpack_memberships_contains_paid_content":false,"footnotes":""},"categories":[4],"tags":[381],"class_list":["post-3304","post","type-post","status-publish","format-standard","has-post-thumbnail","hentry","category-daty-i-fakty-blog","tag-zakaz-handlu-w-niedziele"],"jetpack_sharing_enabled":true,"jetpack_featured_media_url":"https:\/\/htb.com.pl\/wp-content\/uploads\/2019\/03\/\u015bniadanie.jpeg","_links":{"self":[{"href":"https:\/\/htb.com.pl\/index.php?rest_route=\/wp\/v2\/posts\/3304","targetHints":{"allow":["GET"]}}],"collection":[{"href":"https:\/\/htb.com.pl\/index.php?rest_route=\/wp\/v2\/posts"}],"about":[{"href":"https:\/\/htb.com.pl\/index.php?rest_route=\/wp\/v2\/types\/post"}],"author":[{"embeddable":true,"href":"https:\/\/htb.com.pl\/index.php?rest_route=\/wp\/v2\/users\/1"}],"replies":[{"embeddable":true,"href":"https:\/\/htb.com.pl\/index.php?rest_route=%2Fwp%2Fv2%2Fcomments&post=3304"}],"version-history":[{"count":29,"href":"https:\/\/htb.com.pl\/index.php?rest_route=\/wp\/v2\/posts\/3304\/revisions"}],"predecessor-version":[{"id":3344,"href":"https:\/\/htb.com.pl\/index.php?rest_route=\/wp\/v2\/posts\/3304\/revisions\/3344"}],"wp:featuredmedia":[{"embeddable":true,"href":"https:\/\/htb.com.pl\/index.php?rest_route=\/wp\/v2\/media\/3335"}],"wp:attachment":[{"href":"https:\/\/htb.com.pl\/index.php?rest_route=%2Fwp%2Fv2%2Fmedia&parent=3304"}],"wp:term":[{"taxonomy":"category","embeddable":true,"href":"https:\/\/htb.com.pl\/index.php?rest_route=%2Fwp%2Fv2%2Fcategories&post=3304"},{"taxonomy":"post_tag","embeddable":true,"href":"https:\/\/htb.com.pl\/index.php?rest_route=%2Fwp%2Fv2%2Ftags&post=3304"}],"curies":[{"name":"wp","href":"https:\/\/api.w.org\/{rel}","templated":true}]}}