{"id":33328,"date":"2020-11-20T06:56:35","date_gmt":"2020-11-20T06:56:35","guid":{"rendered":"https:\/\/htb.com.pl\/?p=33328"},"modified":"2020-11-20T08:04:04","modified_gmt":"2020-11-20T08:04:04","slug":"alesmy-narzadzili","status":"publish","type":"post","link":"https:\/\/htb.com.pl\/?p=33328","title":{"rendered":"Ale\u015bmy narz\u0105dzili"},"content":{"rendered":"\n<p><\/p>\n\n\n\n<figure class=\"wp-block-image size-thumbnail\"><a href=\"https:\/\/htb.com.pl\/wp-content\/uploads\/2020\/11\/Ale\u017cmy-na\u017c\u0105dzili.mp3\"><img loading=\"lazy\" decoding=\"async\" width=\"150\" height=\"150\" src=\"https:\/\/htb.com.pl\/wp-content\/uploads\/2018\/04\/posluchaj-150x150.jpg\" alt=\"\" class=\"wp-image-2020\" srcset=\"https:\/\/htb.com.pl\/wp-content\/uploads\/2018\/04\/posluchaj-150x150.jpg 150w, https:\/\/htb.com.pl\/wp-content\/uploads\/2018\/04\/posluchaj-300x300.jpg 300w, https:\/\/htb.com.pl\/wp-content\/uploads\/2018\/04\/posluchaj-100x100.jpg 100w\" sizes=\"auto, (max-width: 150px) 100vw, 150px\" \/><\/a><\/figure>\n\n\n\n<p>No &#8211; i co? Pana Jaros\u0142awa Kaczy\u0144skiego ch\u0142opaki z razwietpura opu\u015bcili i w &#8220;Rasiuju&#8221; wr\u00f3cili &#8211; covid. Zwykle przed \u015bwi\u0119tami tak robili &#8211; <a href=\"https:\/\/htb.com.pl\/?p=9107\">opisywa\u0142em.<\/a> Zawsze wtedy w nieprawdopodobne k\u0142opoty \u017ce\u015bmy wpadali ale potem jak  wracali, jako\u015b z k\u0142opot\u00f3w \u017ce\u015bmy si\u0119 wygrzebywali. Ruscy kolejne fronty likwidowa\u0107 i planowo nas sk\u0142\u00f3cali. Im si\u0119 tu podoba i zawsze si\u0119 starali, \u017ceby\u015bmy wszystkiego nie poro&#8230;&#8230;alali. Teraz, gdy nam woln\u0105 r\u0119k\u0119 dali &#8211; no to \u017ce\u015bmy pokazali.  Z pandemi\u0105 przegrali, partner\u00f3w z UE oszukali i pieni\u0105dze porozdawali.  Pos\u0142owie w Sejmie si\u0119 licytuj\u0105 &#8211; pan Kaczy\u0144ski proponuj\u0119, \u017ce jak prawo i sprawiedliwo\u015b\u0107 w Polsce do reszty zlikwiduje, to ich wszystkich &#8220;zapuszkuje&#8221;. Koledzy pos\u0142owie mu odpowiadaj\u0105, \u017ce oni wobec niego podobne plany maj\u0105 &#8211; a ludzie umieraj\u0105. 19 listopada na COVID- 19 w Polsce zmar\u0142o 637 osoby, to najwi\u0119cej na \u015bwiecie. Wy od TVPiS &#8211; wiecie? A to \u017ce mamy XXI wiek &#8211; wiecie?<\/p>\n\n\n\n<p>Warto to zauwa\u017cy\u0107. M\u0142odzie\u017c zauwa\u017cy\u0142a i jak zobaczy\u0142a, \u017ce reszta nie zauwa\u017cy\u0142a, to si\u0119 wkurzy\u0142a. Bo to ona b\u0119dzie tu \u017cy\u0142a. W kraju potwornie zad\u0142u\u017conym, z najgorszym powietrzem na \u015bwiecie i ciekawe sk\u0105d wezm\u0105 pr\u0105d. No &#8211; mo\u017ce im powiecie. Nie wiecie ale jak powinni \u017cy\u0107 &#8211;  wiecie. G\u00f3wno wiecie.<\/p>\n\n\n\n<p>Jedynie sanacyjne b\u0142\u0119dy kopiowa\u0107 umiecie. Zrozumcie wreszcie, \u017ce kult jednostki, to najgorsza forma rz\u0105d\u00f3w na \u015bwiecie ale po co ja to pisz\u0119 &#8211; wy tego nie zrozumiecie. <\/p>\n\n\n\n<p>Chcia\u0142bym \u017ceby m\u0142odzie\u017c zrozumia\u0142a i Pierwszej Brygady nie \u015bpiewa\u0142a, tylko wsp\u00f3lnie z Europ\u0105 maszerowa\u0142a. Ta Nasze Europa ju\u017c teraz nie jest ma\u0142a, a jeszcze Ukraina, Bia\u0142oru\u015b poza jej strukturami zosta\u0142a. Kraje, kt\u00f3re Marysia we Wsp\u00f3lnej Europie widzia\u0142a. Poczytajcie o niej na blogi DATY I FAKTY, Ona by Was rozumia\u0142a.<\/p>\n\n\n\n<p>Dzisiejsza elita polityczna Was ola\u0142a i na ministra edukacji Przemys\u0142awa Czarnka da\u0142a. Ma tytu\u0142 doktora, jednak w <strong>Scopus<\/strong>&nbsp;\u2013 naukowej&nbsp;<a href=\"https:\/\/pl.wikipedia.org\/wiki\/Baza_danych\">bazie danych<\/a>&nbsp;prowadzonej przez wydawnictwo&nbsp;<a href=\"https:\/\/pl.wikipedia.org\/wiki\/Elsevier\">Elsevier<\/a>,&nbsp;go nie ma, a to tak jakby go wcale nie by\u0142o. Ale on jest i to kolejne z\u0142o, kt\u00f3re Wam Kochana M\u0142odzie\u017cy si\u0119 przydarzy\u0142o. Macie racj\u0119, czas aby to si\u0119 zmieni\u0142o.<\/p>\n\n\n\n<p>\u017bycz\u0119 wam powodzenia i Polski nawr\u00f3cenia.<\/p>\n\n\n\n<p>Prosz\u0119 klikn\u0105\u0107 ten obrazek &#8211; przenosi do <a href=\"http:\/\/stacja.radiohost.pl\/customBoxes\/link\/568\/8d5a0\/type\/aplayer2\/\">Radia MARIA<\/a>, tam jest mi\u0142o.<\/p>\n\n\n\n<figure class=\"wp-block-image size-large\"><a href=\"https:\/\/htb.com.pl\/?product=pozdrowienie-na-antenie\"><img loading=\"lazy\" decoding=\"async\" width=\"496\" height=\"501\" src=\"https:\/\/htb.com.pl\/wp-content\/uploads\/2020\/11\/Nutki.jpg\" alt=\"\" class=\"wp-image-32815\" srcset=\"https:\/\/htb.com.pl\/wp-content\/uploads\/2020\/11\/Nutki.jpg 496w, https:\/\/htb.com.pl\/wp-content\/uploads\/2020\/11\/Nutki-297x300.jpg 297w, https:\/\/htb.com.pl\/wp-content\/uploads\/2020\/11\/Nutki-100x100.jpg 100w\" sizes=\"auto, (max-width: 496px) 100vw, 496px\" \/><\/a><\/figure>\n\n\n\n<p><\/p>\n\n\n\n<p><strong>Na koniec troch\u0119 rado\u015bci w tej bylejako\u015bci.<\/strong><\/p>\n\n\n\n<h2 class=\"wp-block-heading\">&#8220;Oda do rado\u015bci&#8221;<\/h2>\n\n\n\n<p>W 1972 roku kantata fina\u0142owa  IX symfonii Ludwika Van Beethowena, znana g\u0142\u00f3wnie jako Oda do rado\u015bci, w wersji instrumentalnej stworzonej przez Herberta von Karajana zosta\u0142a przyj\u0119ta jako hymn Unii Europejskiej przez Rad\u0119Europejsk\u0105 i Wsp\u00f3lnot\u0119 Europejsk\u0105. Jest to te\u017c g\u0142\u00f3wny motyw Copa Libertadores.<\/p>\n\n\n\n<p>Cieszy\u0142em si\u0119, gdy 1maja 2004 roku mog\u0142em powiedzie\u0107, \u017ce jest r\u00f3wnie\u017c moim hymnem. Nie wszyscy si\u0119 cieszyli, dzi\u015b oni zwyci\u0119\u017cyli i bardzo mnie zmartwili. Za\u015bpiewajmy to jeszczxe raz &#8211; bo mo\u017ce to by\u0107 nasz ostatni raz.<\/p>\n\n\n\n<figure class=\"wp-block-embed-youtube wp-block-embed is-type-video is-provider-youtube wp-embed-aspect-16-9 wp-has-aspect-ratio\"><div class=\"wp-block-embed__wrapper\">\n<iframe loading=\"lazy\" title=\"&quot;Oda do rado\u015bci&quot; - Anthem of The European Union [POLISH]\" width=\"848\" height=\"477\" src=\"https:\/\/www.youtube.com\/embed\/BiW4YNUmI5M?feature=oembed\" frameborder=\"0\" allow=\"accelerometer; autoplay; clipboard-write; encrypted-media; gyroscope; picture-in-picture\" allowfullscreen><\/iframe>\n<\/div><\/figure>\n","protected":false},"excerpt":{"rendered":"<p>No &#8211; i co? Pana Jaros\u0142awa Kaczy\u0144skiego ch\u0142opaki z razwietpura opu\u015bcili i w &#8220;Rasiuju&#8221; wr\u00f3cili &#8211; covid. Zwykle przed \u015bwi\u0119tami tak robili &#8211; opisywa\u0142em. Zawsze wtedy w nieprawdopodobne k\u0142opoty \u017ce\u015bmy wpadali ale potem jak wracali, jako\u015b z k\u0142opot\u00f3w \u017ce\u015bmy si\u0119 wygrzebywali. Ruscy kolejne fronty likwidowa\u0107 i planowo nas sk\u0142\u00f3cali. Im si\u0119 tu podoba i zawsze [&hellip;]<\/p>\n","protected":false},"author":1,"featured_media":33363,"comment_status":"open","ping_status":"open","sticky":false,"template":"","format":"standard","meta":{"_jetpack_memberships_contains_paid_content":false,"footnotes":""},"categories":[4],"tags":[677],"class_list":["post-33328","post","type-post","status-publish","format-standard","has-post-thumbnail","hentry","category-daty-i-fakty-blog","tag-alesmy-narzadzili"],"jetpack_sharing_enabled":true,"jetpack_featured_media_url":"https:\/\/htb.com.pl\/wp-content\/uploads\/2020\/11\/Warszawam.jpg","_links":{"self":[{"href":"https:\/\/htb.com.pl\/index.php?rest_route=\/wp\/v2\/posts\/33328","targetHints":{"allow":["GET"]}}],"collection":[{"href":"https:\/\/htb.com.pl\/index.php?rest_route=\/wp\/v2\/posts"}],"about":[{"href":"https:\/\/htb.com.pl\/index.php?rest_route=\/wp\/v2\/types\/post"}],"author":[{"embeddable":true,"href":"https:\/\/htb.com.pl\/index.php?rest_route=\/wp\/v2\/users\/1"}],"replies":[{"embeddable":true,"href":"https:\/\/htb.com.pl\/index.php?rest_route=%2Fwp%2Fv2%2Fcomments&post=33328"}],"version-history":[{"count":9,"href":"https:\/\/htb.com.pl\/index.php?rest_route=\/wp\/v2\/posts\/33328\/revisions"}],"predecessor-version":[{"id":33371,"href":"https:\/\/htb.com.pl\/index.php?rest_route=\/wp\/v2\/posts\/33328\/revisions\/33371"}],"wp:featuredmedia":[{"embeddable":true,"href":"https:\/\/htb.com.pl\/index.php?rest_route=\/wp\/v2\/media\/33363"}],"wp:attachment":[{"href":"https:\/\/htb.com.pl\/index.php?rest_route=%2Fwp%2Fv2%2Fmedia&parent=33328"}],"wp:term":[{"taxonomy":"category","embeddable":true,"href":"https:\/\/htb.com.pl\/index.php?rest_route=%2Fwp%2Fv2%2Fcategories&post=33328"},{"taxonomy":"post_tag","embeddable":true,"href":"https:\/\/htb.com.pl\/index.php?rest_route=%2Fwp%2Fv2%2Ftags&post=33328"}],"curies":[{"name":"wp","href":"https:\/\/api.w.org\/{rel}","templated":true}]}}