{"id":33470,"date":"2020-11-22T11:18:05","date_gmt":"2020-11-22T11:18:05","guid":{"rendered":"https:\/\/htb.com.pl\/?p=33470"},"modified":"2020-11-22T11:18:06","modified_gmt":"2020-11-22T11:18:06","slug":"apel-zwyklych-ksiezy","status":"publish","type":"post","link":"https:\/\/htb.com.pl\/?p=33470","title":{"rendered":"APEL ZWYK\u0141YCH KSI\u0118\u017bY"},"content":{"rendered":"\n<figure class=\"wp-block-image size-large\"><img loading=\"lazy\" decoding=\"async\" width=\"780\" height=\"521\" src=\"https:\/\/htb.com.pl\/wp-content\/uploads\/2020\/11\/Ks.-K.-Knieda\u0142owski.jpg\" alt=\"\" class=\"wp-image-33472\" srcset=\"https:\/\/htb.com.pl\/wp-content\/uploads\/2020\/11\/Ks.-K.-Knieda\u0142owski.jpg 780w, https:\/\/htb.com.pl\/wp-content\/uploads\/2020\/11\/Ks.-K.-Knieda\u0142owski-300x200.jpg 300w, https:\/\/htb.com.pl\/wp-content\/uploads\/2020\/11\/Ks.-K.-Knieda\u0142owski-768x513.jpg 768w, https:\/\/htb.com.pl\/wp-content\/uploads\/2020\/11\/Ks.-K.-Knieda\u0142owski-600x401.jpg 600w\" sizes=\"auto, (max-width: 780px) 100vw, 780px\" \/><\/figure>\n\n\n\n<p><\/p>\n\n\n\n<figure class=\"wp-block-image size-thumbnail\"><a href=\"http:\/\/radiomaria.com.pl\/wp-content\/uploads\/2020\/11\/List-Ksi\u0119zy.mp3\"><img loading=\"lazy\" decoding=\"async\" width=\"150\" height=\"150\" src=\"https:\/\/htb.com.pl\/wp-content\/uploads\/2018\/04\/posluchaj-150x150.jpg\" alt=\"\" class=\"wp-image-2020\" srcset=\"https:\/\/htb.com.pl\/wp-content\/uploads\/2018\/04\/posluchaj-150x150.jpg 150w, https:\/\/htb.com.pl\/wp-content\/uploads\/2018\/04\/posluchaj-300x300.jpg 300w, https:\/\/htb.com.pl\/wp-content\/uploads\/2018\/04\/posluchaj-100x100.jpg 100w\" sizes=\"auto, (max-width: 150px) 100vw, 150px\" \/><\/a><\/figure>\n\n\n\n<p>5 x NIE \/ 5 x TAK<\/p>\n\n\n\n<p>Jeste\u015bmy na progu nowego czasu!<br>Piszemy ten list jako ksi\u0119\u017ca na co dzie\u0144 pracuj\u0105cy w\u015br\u00f3d zwyk\u0142ych ludzi, starszych i dzieci, student\u00f3w, naukowc\u00f3w, tw\u00f3rc\u00f3w, lekarzy, chorych\u2026 Nie tworzymy \u017cadnej formalnej struktury.<br>Chcemy wyrazi\u0107 nasze stanowisko w kilku sprawach, kt\u00f3re budz\u0105 gniew i bunt Was, protestuj\u0105cych.<br>My te\u017c m\u00f3wimy NIE wobec nadu\u017cy\u0107 polityk\u00f3w i grzech\u00f3w Ko\u015bcio\u0142a \u2013 naszych grzech\u00f3w.<\/p>\n\n\n\n<p>W imi\u0119 EWANGELII powinni\u015bmy niezw\u0142ocznie:<br>\u2013 sko\u0144czy\u0107 z u\u017cywaniem religii do cel\u00f3w politycznych i porzuci\u0107 przekonanie, \u017ce rozstrzygni\u0119cia prawne mog\u0105 przynie\u015b\u0107 trwa\u0142\u0105 zmian\u0119 wra\u017cliwo\u015bci sumie\u0144, czego pragniemy g\u0142osz\u0105c Ewangeli\u0119,<br>\u2013 przeciwstawi\u0107 si\u0119 radykalnie nier\u00f3wnemu traktowaniu kobiet i m\u0119\u017cczyzn,<br>\u2013 zaprzesta\u0107 wspierania si\u0142 szowinistycznych i ksenofobicznych zaprzeczaj\u0105cych uniwersalizmowi chrze\u015bcija\u0144stwa,<br>\u2013 nie dopuszcza\u0107 do dyskryminowania kogokolwiek z powodu orientacji czy rasy, co ostatnio pojawia\u0142o si\u0119 w wypowiedziach przedstawicieli Ko\u015bcio\u0142a,<br>\u2013 zatrzyma\u0107 dewastacj\u0119 naszej planety, dop\u00f3ki jest jeszcze szansa na ocalenie jej dla nast\u0119pnych pokole\u0144.<\/p>\n\n\n\n<p><a href=\"https:\/\/ekai.pl\/proboszcz-wyszedl-z-bronia-do-uczestnikow-protestu-reakcja-biskupa\/\"><strong>W\u0141OC\u0141AWSKA<\/strong><\/a><\/p>\n\n\n\n<p><strong><a href=\"https:\/\/ekai.pl\/proboszcz-wyszedl-z-bronia-do-uczestnikow-protestu-reakcja-biskupa\/\">Proboszcz wyszed\u0142 z broni\u0105 do uczestnik\u00f3w protestu. Reakcja biskupa<\/a><\/strong><\/p>\n\n\n\n<p>Jeste\u015bmy przekonani, \u017ce Ko\u015bci\u00f3\u0142 powinien przede wszystkim realizowa\u0107 pozytywne cele wyznaczone przez JEZUSA.<br>M\u00f3wimy TAK dla wa\u017cnych wyzwa\u0144 naszego czasu:<br>\u2013 solidarna opieka nad s\u0142abszymi, niepe\u0142nosprawnymi, samotnymi \u2013 szczeg\u00f3lnie wa\u017cna w czasie pandemii,<br>\u2013 szczera i realna otwarto\u015b\u0107 na my\u015bl\u0105cych inaczej i dialog z nimi, w miejsce cz\u0119sto spotykanej postawy oskar\u017ce\u0144 wrog\u00f3w Ko\u015bcio\u0142a i mentalno\u015bci obl\u0119\u017conej twierdzy,<br>\u2013 obrona zagro\u017conych prze\u015bladowaniami \u2013 szczeg\u00f3lnie uchod\u017ac\u00f3w i emigrant\u00f3w,<br>\u2013 jednoznaczne rozliczenie si\u0119 z trudn\u0105 przesz\u0142o\u015bci\u0105 duchownych, kt\u00f3rzy skrzywdzili powierzone im dzieci i m\u0142odzie\u017c,<br>\u2013 tworzenie przestrzeni zaufania i nadziei dla zagubionych i poszukuj\u0105cych, co istotne w czasach niepewno\u015bci i prze\u0142om\u00f3w.<\/p>\n\n\n\n<p>Polska rewolucja solidarno\u015bci, kilka dekad temu, mia\u0142a swoj\u0105 kulminacj\u0119 nie na ulicach p\u0142yn\u0105cych krwi\u0105, ale przy stole dialogu. W\u0142a\u015bnie si\u0142a dialogu, a nie brutalna walka zdecydowa\u0142a o najwa\u017cniejszych przemianach spo\u0142ecznych Europy w minionym stuleciu.<\/p>\n\n\n\n<p>Teraz te\u017c chcemy wsp\u00f3lnie tworzy\u0107 now\u0105 jako\u015b\u0107 \u017cycia spo\u0142ecznego bez przemocy i agresji.<br>Zapraszamy do dialogu i osobistej, otwartej rozmowy. W trudnych czasach kryzysu mo\u017cemy razem odbudowa\u0107 nasz\u0105 wsp\u00f3lnot\u0119.<\/p>\n\n\n\n<p>o. Tomasz Bi\u0142ka OP<br>o. Maciej Biskup OP<br>ks. Adam Boniecki MIC<br>ks. Jan Czekalski<br>o. Tomasz Dostatni OP<br>ks. Jacek Dziel<br>o. Stanis\u0142aw Jaromi OFM Conv.<br>o. Wojciech J\u0119drzejewski OP<br>ks. Maciej Kubiak<br>ks. Arkadiusz Lechowski<br>ks. Andrzej Luter<br>ks. Grzegorz Michalczyk<br>o. Marcin Mogielski OP<br>ks. Krzysztof Nieda\u0142towski<br>o. Wac\u0142aw Oszajca SJ<br>ks. Andrzej Perzy\u0144ski<br>ks. Andrzej P\u0119cherzewski<br>ks. Jacek Prusak SJ<br>o. J\u00f3zef Puci\u0142owski OP<br>ks. Bartosz Rajewski<br>ks. Jacek Siepsiak SJ<br>ks. Waldemar Sondka<br>ks. S\u0142awomir Szczyrba<br>ks. Andrzej Szostek MIC<br>o. Adam Szustak OP<br>ks. Alfred Wierzbicki<br>o. Maciej Zi\u0119ba OP<\/p>\n","protected":false},"excerpt":{"rendered":"<p>5 x NIE \/ 5 x TAK Jeste\u015bmy na progu nowego czasu!Piszemy ten list jako ksi\u0119\u017ca na co dzie\u0144 pracuj\u0105cy w\u015br\u00f3d zwyk\u0142ych ludzi, starszych i dzieci, student\u00f3w, naukowc\u00f3w, tw\u00f3rc\u00f3w, lekarzy, chorych\u2026 Nie tworzymy \u017cadnej formalnej struktury.Chcemy wyrazi\u0107 nasze stanowisko w kilku sprawach, kt\u00f3re budz\u0105 gniew i bunt Was, protestuj\u0105cych.My te\u017c m\u00f3wimy NIE wobec nadu\u017cy\u0107 polityk\u00f3w [&hellip;]<\/p>\n","protected":false},"author":1,"featured_media":33472,"comment_status":"open","ping_status":"open","sticky":false,"template":"","format":"standard","meta":{"_jetpack_memberships_contains_paid_content":false,"footnotes":""},"categories":[528],"tags":[678],"class_list":["post-33470","post","type-post","status-publish","format-standard","has-post-thumbnail","hentry","category-rower","tag-apel-zwyklych-ksiezy"],"jetpack_sharing_enabled":true,"jetpack_featured_media_url":"https:\/\/htb.com.pl\/wp-content\/uploads\/2020\/11\/Ks.-K.-Knieda\u0142owski.jpg","_links":{"self":[{"href":"https:\/\/htb.com.pl\/index.php?rest_route=\/wp\/v2\/posts\/33470","targetHints":{"allow":["GET"]}}],"collection":[{"href":"https:\/\/htb.com.pl\/index.php?rest_route=\/wp\/v2\/posts"}],"about":[{"href":"https:\/\/htb.com.pl\/index.php?rest_route=\/wp\/v2\/types\/post"}],"author":[{"embeddable":true,"href":"https:\/\/htb.com.pl\/index.php?rest_route=\/wp\/v2\/users\/1"}],"replies":[{"embeddable":true,"href":"https:\/\/htb.com.pl\/index.php?rest_route=%2Fwp%2Fv2%2Fcomments&post=33470"}],"version-history":[{"count":2,"href":"https:\/\/htb.com.pl\/index.php?rest_route=\/wp\/v2\/posts\/33470\/revisions"}],"predecessor-version":[{"id":33473,"href":"https:\/\/htb.com.pl\/index.php?rest_route=\/wp\/v2\/posts\/33470\/revisions\/33473"}],"wp:featuredmedia":[{"embeddable":true,"href":"https:\/\/htb.com.pl\/index.php?rest_route=\/wp\/v2\/media\/33472"}],"wp:attachment":[{"href":"https:\/\/htb.com.pl\/index.php?rest_route=%2Fwp%2Fv2%2Fmedia&parent=33470"}],"wp:term":[{"taxonomy":"category","embeddable":true,"href":"https:\/\/htb.com.pl\/index.php?rest_route=%2Fwp%2Fv2%2Fcategories&post=33470"},{"taxonomy":"post_tag","embeddable":true,"href":"https:\/\/htb.com.pl\/index.php?rest_route=%2Fwp%2Fv2%2Ftags&post=33470"}],"curies":[{"name":"wp","href":"https:\/\/api.w.org\/{rel}","templated":true}]}}