{"id":3349,"date":"2019-03-16T08:39:39","date_gmt":"2019-03-16T08:39:39","guid":{"rendered":"https:\/\/htb.com.pl\/?p=3349"},"modified":"2020-02-24T09:38:33","modified_gmt":"2020-02-24T09:38:33","slug":"tysiak-na-reke-albo-strajk","status":"publish","type":"post","link":"https:\/\/htb.com.pl\/?p=3349","title":{"rendered":"&#8220;Tysiak&#8221; na r\u0119k\u0119 albo strajk"},"content":{"rendered":"<p><img loading=\"lazy\" decoding=\"async\" class=\"alignnone size-full wp-image-3358\" src=\"https:\/\/htb.com.pl\/wp-content\/uploads\/2019\/03\/Pomnikz.jpg\" alt=\"\" width=\"180\" height=\"241\" \/>Pomnik po\u015bwi\u0119cony zamordowanym mieszka\u0144com wsi Zaleszany.<\/p>\n<p>Tytu\u0142 artyku\u0142u z ostatniego wydania tygodnika &#8220;Korso&#8221;. Gazeta ukazuj\u0105ca si\u0119 w Mielcu i okolicach. Odnosi si\u0119 do zbli\u017caj\u0105cego si\u0119 strajku Nauczycieli. Autor w bardzo poprawny spos\u00f3b opisuje sytuacj\u0119 nauczycieli, pokazuje 18-sto godzinne pensum ale wspomina, \u017ce nauczyciel do lekcji musi si\u0119 przygotowa\u0107. Pisze o wakacjach, feriach ale zaznacza,\u00a0 \u017ce nauczyciel nie mo\u017ce wzi\u0105\u0107 urlopu w innym terminie. Mnie jednak zbulwersowa\u0142 tytu\u0142 artyku\u0142u. &#8220;Tysiak&#8221; &#8211; s\u0142owo, kt\u00f3re ja wzi\u0105\u0142em w cudzys\u0142\u00f3w, w oryginalnej pisowni by\u0142o bez cudzys\u0142owia. Nauczyciele tak nie m\u00f3wi\u0105 &#8211; do kogo wi\u0119c zostali por\u00f3wnani, kto mo\u017ce u\u017cywa\u0107 takiego s\u0142ownictwa?<\/p>\n<p>\u017b\u0105danie strajkuj\u0105cych przedstawione w semantyce drobnego pijaczka sprawia, \u017ce artyku\u0142 jest bardzo poprawny politycznie, wpisuje si\u0119 bowiem w lini\u0119 rz\u0105dz\u0105cych nami z\u0142ych polityk\u00f3w. Niszczenie elit &#8211; to ten punkt ich programu, jest tu eksponowany.\u00a0 Do czego to prowadzi wyja\u015bni\u0142 <a href=\"https:\/\/htb.com.pl\/?p=852\">Tukidydes w Wojnie Peloponeskiej<\/a>. Jednak ja nie chc\u0119 si\u0119ga\u0107 do czwartego wieku p.n.e. W 1986\u00a0 roku Marysia, wtedy moja dziewczyna m\u00f3wi\u0142a; &#8220;Najpierw edukacja potem demokracja&#8221;. Widzia\u0142em wiele debat przez ni\u0105 organizowanych, mia\u0142y charakter oksfordzkich. Tam po obni\u017ceniu emocji ludzie, kt\u00f3rzy wychwalali Sanacj\u0119 dochodzili do wniosku, \u017ce to by\u0142o z\u0142e i tak trzeba o tym m\u00f3wi\u0107 w szko\u0142ach. Kiedy\u015b by\u0142em \u015bwiadkiem takiej debaty. Przyjecha\u0142em wcze\u015bniej i Marysia mia\u0142a jeszcze spotkanie. Uczestnicy spotkania musieli by\u0107 porz\u0105dnymi lud\u017ami, bo Majka by\u0142a ubrana w obcis\u0142\u0105 czarn\u0105 sp\u00f3dnic\u0119, bia\u0142\u0105 bluzk\u0119\u00a0 a na nogach mia\u0142a szpilki. Patrzy\u0142em tak na ni\u0105 i zastanawia\u0142em si\u0119 si\u0119, czy w tych szpilkach b\u0119dzie ode mnie wy\u017csza? Marysia nie zauwa\u017cy\u0142a mnie &#8211; m\u00f3j wzrok skierowa\u0142 si\u0119 na jej biodra. Teraz zastanawia\u0142em si\u0119, czy pod t\u0105 obcis\u0142\u0105 sp\u00f3dnic\u0105 ma te swoje bokserki, czy zwyk\u0142e majtki? Bokserki by\u0142y po to, aby w razie jakiegokolwiek ataku, mog\u0142a bez skr\u0119powania zdj\u0105\u0107 sukienk\u0119 i skutecznie atak odeprze\u0107. Zwykle ta &#8220;operacja&#8221; sprawia\u0142a, \u017ce napastnik &#8220;barania\u0142&#8221; a z jego nosa kapa\u0142a krew. Marysia poczu\u0142a m\u00f3j wzrok na swoich biodrach &#8211; a\u017c podskoczy\u0142a z rado\u015bci. Zrobi\u0142a przerw\u0119 15 minut, mnie z\u0142apa\u0142a za r\u0119k\u0119 i zaci\u0105gn\u0119\u0142a do kantorka co by\u0142 obok sali. Zamkn\u0119\u0142a drzwi i m\u00f3wi, no zobacz szybko jakie mam majtki. To nie by\u0142y bokserki. Tydzie\u0144 jej nie widzia\u0142em, zd\u0105\u017cyli\u015bmy jeszcze oran\u017cad\u0119 wypi\u0107. Poprosi\u0142a, \u017cebym zosta\u0142 w kantorku, jak sko\u0144czy zrobimy to jeszcze raz wolniej. <a href=\"https:\/\/htb.com.pl\/?p=18549\"><img loading=\"lazy\" decoding=\"async\" class=\"size-medium wp-image-3368 alignright\" src=\"https:\/\/htb.com.pl\/wp-content\/uploads\/2019\/03\/Nauczycield-198x300.jpg\" alt=\"\" width=\"198\" height=\"300\" srcset=\"https:\/\/htb.com.pl\/wp-content\/uploads\/2019\/03\/Nauczycield-198x300.jpg 198w, https:\/\/htb.com.pl\/wp-content\/uploads\/2019\/03\/Nauczycield.jpg 200w\" sizes=\"auto, (max-width: 198px) 100vw, 198px\" \/><\/a>Siedz\u0105c tam us\u0142ysza\u0142em jej niezwyk\u0142\u0105 koncepcj\u0119 dotycz\u0105c\u0105 wynagradzania nauczycieli. Przemys\u0142 energetyczny, kt\u00f3ry mia\u0142 w planie budow\u0119 trzech elektrowni j\u0105drowych, mia\u0142 by\u0107 po\u0142\u0105czony z przemys\u0142em zbrojeniowym. Nauczyciele mieli mie\u0107 udzia\u0142y w tym kluczowym dziale gospodarki. Uwa\u017ca\u0142a, \u017ce szkolnictwo, w tym wy\u017csze jest integraln\u0105 cz\u0119\u015bci\u0105 polityki obronnej pa\u0144stwa. Bro\u0144 nuklearna, jaka mia\u0142a by\u0107 na wyposa\u017ceniu armii, wymaga\u0142a ca\u0142kowitego przemodelowania postrzegania wolno\u015bci przez Polak\u00f3w. Nasza &#8220;m\u0105dro\u015b\u0107&#8221;, \u017ce przepisy s\u0105 po to \u017ceby je \u0142ama\u0107, mia\u0142a odej\u015b\u0107 do lamusa. Dzi\u015b wiem jak bardzo ambitne by\u0142y to plany. Marysia umar\u0142a a debaty przyj\u0119\u0142y inn\u0105 form\u0119. Wszyscy m\u00f3wi\u0105 nikt nie s\u0142ucha; &#8220;Ja panu nie przerywa\u0142em&#8221;, to taki wsp\u00f3lny mianownik tych dyskusji. Stawianie Sanacji jako wzoru dla rz\u0105dzenia krajem, jest b\u0142\u0119dem. Trzeba sobie wreszcie zda\u0107 z tego spraw\u0119 i tylko nauczyciele mog\u0105 to sprawi\u0107. Musz\u0105 jednak by\u0107 elit\u0105, docenian\u0105 finansowo, bo kasa jest wa\u017cna. Nawet Pan Jaros\u0142aw Kaczy\u0144ski to zauwa\u017cy\u0142 &#8211;<a href=\"https:\/\/htb.com.pl\/?p=182\"> ja ostrzega\u0142em<\/a>.<\/p>\n<p>Polski Episkopat wypowiedzia\u0142 si\u0119 w sprawie pedofilii. Obieca\u0142em o tym napisa\u0107 ale ci\u0105gle mam nadziej\u0119, \u017ce ludzie o kt\u00f3rych mia\u0142bym pisa\u0107, sami to opowiedz\u0105. Jednak to jeszcze nie tym razem. Biskupi kompletnie nie rozumiej\u0105 problemu &#8211; sw\u0105\u00a0 win\u0119 pr\u00f3buj\u0105 rozmy\u0107 twierdz\u0105c, \u017ce pedofilia jest obecna w ca\u0142ym spo\u0142ecze\u0144stwie. Kochani &#8211; jest jednak pewna r\u00f3\u017cnica. Wasze wewn\u0119trzne przepisy chroni\u0142y pedofil\u00f3w ksi\u0119\u017cy. Byli przenoszeni do innych parafii, ich przest\u0119pcze uczynki by\u0142y tuszowane. Tak by\u0142o tylko w waszym \u015brodowisku. Dlatego wy macie obowi\u0105zek da\u0107 zado\u015b\u0107uczynienie ofiarom pedofilii w\u015br\u00f3d ksi\u0119\u017cy. To nie ci kt\u00f3rych chronili\u015bcie maj\u0105 odszkodowania wyp\u0142aca\u0107, oni w pierdlu maja siedzie\u0107. \u017beby ofiary mog\u0142y zado\u015b\u0107uczynienie za swe krzywdy otrzyma\u0107 &#8211; z kasy musi &#8220;wyskoczy\u0107&#8221; Episkopat. Mo\u017ce i zbiedniejecie ale wasza pos\u0142uga nie polega na p\u0142awieniu si\u0119 w luksusach. Zrozumcie to wreszcie, bo stracimy nasz\u0105 wiar\u0119 i wszelk\u0105 nadziej\u0119. Nic ju\u017c bowiem nie zosta\u0142o ze \u015bwiata, kt\u00f3ry wy\u015bni\u0142a Marysia, \u015bwiata kt\u00f3rego pragn\u0119\u0142a i pokazywa\u0142a jak go zbudowa\u0107. Wiara dla Marysi by\u0142a tym co \u0142\u0105czy nawet wtedy, jak wszystko dzieli. Wy stosuj\u0105c \u015bwieck\u0105 metod\u0119 rz\u0105dzenia &#8211; &#8220;dziel i rz\u0105d\u017a&#8221;, podzielili\u015bcie wiernych tak, \u017ce ofiary pedofilii w\u015br\u00f3d ksi\u0119\u017cy, s\u0105 obecnie ofiarami mowy nienawi\u015bci.<\/p>\n<p>Moje ostatnie wpisy napawaj\u0105 nadziej\u0105. Jednak w tym tygodniu trudno odnie\u015b\u0107 si\u0119 do faktu, kt\u00f3ry taka nadziej\u0119 daje. Opisz\u0119 wi\u0119c co\u015b co moim zdaniem mo\u017ce przynie\u015b\u0107 pozytywne zmiany w Polsce, jednak jest uzale\u017cnione od naszej postawy w wyborach do Parlamentu UE. Koalicja Europejska zamierza wystawi\u0107 dw\u00f3ch dobrych polityk\u00f3w na swoich listach. Pana W\u0142odzimierza Cimoszewicza i Leszka Millera. <a href=\"https:\/\/htb.com.pl\/?p=2035\">Cimoszewicz uni\u00f3s\u0142 si\u0119 honorem i sam z polityki zrezygnowa\u0142<\/a>, <a href=\"https:\/\/htb.com.pl\/?p=155\">Millera za\u0142atwi\u0142a &#8220;Afera Rywina&#8221;<\/a>. To by\u0142o ponad dekad\u0119 temu, nie byli\u015bmy tak piekielnie zad\u0142u\u017ceni, demokracja po prezydenturze Aleksandra Kwa\u015bniewskiego mia\u0142a si\u0119 dobrze &#8211; weszli\u015bmy do Unii Europejskie. Od tamtego czasu, nie licz\u0105c innych korzy\u015bci z naszego wst\u0105pienia do UE, otrzymali\u015bmy ponad 100 miliard\u00f3w EUR netto, po odliczeni wszelkich koszt\u00f3w i sk\u0142adek. Gdyby Pan Cimoszewicz nie zrezygnowa\u0142 z ubiegania si\u0119 o Urz\u0105d Prezydenta RP &#8211; nie by\u0142oby katastrofy smole\u0144skiej i &#8230;<\/p>\n<p>Mam nadziej\u0119, \u017ce ludzie w\u0142a\u015bciwie okre\u015blaj\u0105cy Sanacj\u0119 przejm\u0105 stery rz\u0105d\u00f3w w naszym kraju. A stwierdzenie, \u017ce Romuald Rajs &#8220;Bury&#8221;, jeden z \u017co\u0142nierzy wykl\u0119tych, kt\u00f3ry na Podlasiu w 1946 mordowa\u0142\u00a0 Polk\u00f3w &#8211; b\u0119dzie w\u0142a\u015bciwie oceniony. Dzi\u015b oficjalna wzmianka o tym mordzie brzmi; &#8220;To nie by\u0142o ludob\u00f3jstwo, m\u00f3g\u0142 zabi\u0107 wi\u0119cej&#8221;.<\/p>\n<p>Pami\u0119tam dowcip z lat siedemdziesi\u0105tych; &#8220;Ulic\u0105 szed\u0142 Lenin, podesz\u0142a ma\u0142a dziewczynka i zapyta\u0142a go o godzin\u0119 &#8211; Lenin odpowiedzia\u0142. Obserwuj\u0105cy zdarzenie komuni\u015bci nie mogli wyj\u015b\u0107 z podziwu jak bardzo ludzki jest Lenin. M\u00f3g\u0142 przecie\u017c dziewczynk\u0119 zabi\u0107&#8221;. Nie id\u017amy w t\u0105 stron\u0119.<\/p>\n","protected":false},"excerpt":{"rendered":"<p>Pomnik po\u015bwi\u0119cony zamordowanym mieszka\u0144com wsi Zaleszany. Tytu\u0142 artyku\u0142u z ostatniego wydania tygodnika &#8220;Korso&#8221;. Gazeta ukazuj\u0105ca si\u0119 w Mielcu i okolicach. Odnosi si\u0119 do zbli\u017caj\u0105cego si\u0119 strajku Nauczycieli. Autor w bardzo poprawny spos\u00f3b opisuje sytuacj\u0119 nauczycieli, pokazuje 18-sto godzinne pensum ale wspomina, \u017ce nauczyciel do lekcji musi si\u0119 przygotowa\u0107. Pisze o wakacjach, feriach ale zaznacza,\u00a0 \u017ce [&hellip;]<\/p>\n","protected":false},"author":1,"featured_media":3358,"comment_status":"open","ping_status":"open","sticky":false,"template":"","format":"standard","meta":{"_jetpack_memberships_contains_paid_content":false,"footnotes":""},"categories":[4],"tags":[384],"class_list":["post-3349","post","type-post","status-publish","format-standard","has-post-thumbnail","hentry","category-daty-i-fakty-blog","tag-strajk-nauczycieli"],"jetpack_sharing_enabled":true,"jetpack_featured_media_url":"https:\/\/htb.com.pl\/wp-content\/uploads\/2019\/03\/Pomnikz.jpg","_links":{"self":[{"href":"https:\/\/htb.com.pl\/index.php?rest_route=\/wp\/v2\/posts\/3349","targetHints":{"allow":["GET"]}}],"collection":[{"href":"https:\/\/htb.com.pl\/index.php?rest_route=\/wp\/v2\/posts"}],"about":[{"href":"https:\/\/htb.com.pl\/index.php?rest_route=\/wp\/v2\/types\/post"}],"author":[{"embeddable":true,"href":"https:\/\/htb.com.pl\/index.php?rest_route=\/wp\/v2\/users\/1"}],"replies":[{"embeddable":true,"href":"https:\/\/htb.com.pl\/index.php?rest_route=%2Fwp%2Fv2%2Fcomments&post=3349"}],"version-history":[{"count":17,"href":"https:\/\/htb.com.pl\/index.php?rest_route=\/wp\/v2\/posts\/3349\/revisions"}],"predecessor-version":[{"id":18589,"href":"https:\/\/htb.com.pl\/index.php?rest_route=\/wp\/v2\/posts\/3349\/revisions\/18589"}],"wp:featuredmedia":[{"embeddable":true,"href":"https:\/\/htb.com.pl\/index.php?rest_route=\/wp\/v2\/media\/3358"}],"wp:attachment":[{"href":"https:\/\/htb.com.pl\/index.php?rest_route=%2Fwp%2Fv2%2Fmedia&parent=3349"}],"wp:term":[{"taxonomy":"category","embeddable":true,"href":"https:\/\/htb.com.pl\/index.php?rest_route=%2Fwp%2Fv2%2Fcategories&post=3349"},{"taxonomy":"post_tag","embeddable":true,"href":"https:\/\/htb.com.pl\/index.php?rest_route=%2Fwp%2Fv2%2Ftags&post=3349"}],"curies":[{"name":"wp","href":"https:\/\/api.w.org\/{rel}","templated":true}]}}