{"id":33702,"date":"2020-11-27T09:25:32","date_gmt":"2020-11-27T09:25:32","guid":{"rendered":"https:\/\/htb.com.pl\/?p=33702"},"modified":"2020-11-29T11:32:07","modified_gmt":"2020-11-29T11:32:07","slug":"miekiszon","status":"publish","type":"post","link":"https:\/\/htb.com.pl\/?p=33702","title":{"rendered":"Mi\u0119kiszon"},"content":{"rendered":"\n<p><\/p>\n\n\n\n<figure class=\"wp-block-image size-thumbnail\"><a href=\"https:\/\/htb.com.pl\/wp-content\/uploads\/2020\/11\/Mi\u0119kiszon.mp3\"><img loading=\"lazy\" decoding=\"async\" width=\"150\" height=\"150\" src=\"https:\/\/htb.com.pl\/wp-content\/uploads\/2018\/04\/posluchaj-150x150.jpg\" alt=\"\" class=\"wp-image-2020\" srcset=\"https:\/\/htb.com.pl\/wp-content\/uploads\/2018\/04\/posluchaj-150x150.jpg 150w, https:\/\/htb.com.pl\/wp-content\/uploads\/2018\/04\/posluchaj-300x300.jpg 300w, https:\/\/htb.com.pl\/wp-content\/uploads\/2018\/04\/posluchaj-100x100.jpg 100w\" sizes=\"auto, (max-width: 150px) 100vw, 150px\" \/><\/a><\/figure>\n\n\n\n<p>Tak pan Zbigniew Ziobro minister sprawiedliwo\u015bci nazwa\u0142 premiera Mateusza Morawieckiego. Ta nieprawdopodobna obelga pad\u0142a z ust jednego  trzech najwa\u017cniejszych polityk\u00f3w w Polsce, wobec premiera naszego rz\u0105du.  To obrazuje dobitnie sytuacje w kraju. Do za\u0142amanie gospodarczego, jakie by\u0142o d\u0142ugo przed pandemi\u0105 dosz\u0142o mafijne zarz\u0105dzenie tymi sektorami pa\u0144stwa, kt\u00f3re odpowiadaj\u0105 za nasze bezpiecze\u0144stwo. Pan Jaros\u0142aw Kaczy\u0144ski w swej naiwno\u015bci by\u0142 przekonany, \u017ce potrafi temu zaradzi\u0107. Przyj\u0105\u0142 tek\u0119 wicepremiera ale chyba nikt nie wie czego. Doprowadzi\u0142o to do ba\u0142aganu ale teraz potwornego. Dziewczyny na ulicach ci\u0105gle protestuj\u0105. Ich czasem wulgarny j\u0119zyk wpisuje si\u0119 w ca\u0142o\u015b\u0107. Mog\u0119 sobie wyobrazi\u0107 jak Marysia (wcze\u015bniejsze wpisy) by tu zareagowa\u0142a. Ona wypierdala\u0107 by nie kaza\u0142, tylko jednemu z drugim po mordzie da\u0142a i sprawa by si\u0119 wyprostowa\u0142a. Wiem &#8211; dzi\u015b jest inny \u015bwiat, zasieki antyterrory\u015bci ale jedno mo\u017cna zrobi\u0107 tak jak 0na robi\u0142a,  rada konsultacyjna, kt\u00f3r\u0105 dziewczyny stworzy\u0142y nie ma patrona. Marysia w 1986 roku genera\u0142a Jaruzelskiego patronem takiej rady zrobi\u0142a i Polska przy okr\u0105g\u0142ym stole  si\u0119 pogodzi\u0142a. Prosz\u0119 chocia\u017c spr\u00f3bowa\u0107 Pana Jaros\u0142awa zaanga\u017cowa\u0107. Ale\u017c to by\u0142aby si\u0142a.<\/p>\n\n\n\n<p>Gdy patrz\u0119 na nasz\u0105 scen\u0119 polityczn\u0105, to pomimo ca\u0142ego mojego krytycyzmu wobec pana W\u0142adys\u0142awa Kosiniak-Kamysza, szefa PSL-u,  w\u0142a\u015bnie w nim widz\u0119 tego, kt\u00f3ry mo\u017ce zrobi\u0107 co\u015b dobrego. Ju\u017c wie co znaczy s\u0142uchanie kleru, czy antysystemowego rapu &#8211; Kukizowewgo. Wincenty Witos by\u0142 niepor\u00f3wnywalnie lepszym politykiem od Romana Dmowskiego, wsp\u00f3\u0142za\u0142o\u017cyciela endecji, ruchu narodowego, a dzi\u015b wzoru do na\u015bladowani pana Ziobry. Pami\u0119tam jak ch\u0142opaki z razwietupra &#8211; GRU, kt\u00f3rych Marysia za profesjonalizm szanowa\u0142a ale od naszej polityki z daleka trzyma\u0107 pr\u00f3bowa\u0142a, zaprosili nas na ognisko. Gdy\u015bmy ju\u017c dobrze <em>pagulali<\/em> nagle z niezwyk\u0142\u0105 szczero\u015bci\u0105 nam <em>skazali<\/em>, \u017ce oni w\u0142a\u015bnie idee Dmowskiego b\u0119d\u0105 u nas wprowadzali. Polska w ramach imperiom rosyjskiego i wroga wobec zachodu, a szczeg\u00f3lnie pa\u0144stwa niemieckiego. By\u0142 1986 rok. Majka wtedy pola\u0142a i strasznie si\u0119 z nich \u015bmia\u0142a. Oni na smutno wypili ale dzi\u015b jak wida\u0107 do sprawy wr\u00f3cili. Trzeba mie\u0107 nadziej\u0119, \u017ce si\u0119 przeliczyli.<\/p>\n\n\n\n<figure class=\"wp-block-image size-large\"><a href=\"https:\/\/htb.com.pl\/?product=mysli-nowoczesnego-polaka\"><img loading=\"lazy\" decoding=\"async\" width=\"200\" height=\"274\" src=\"https:\/\/htb.com.pl\/wp-content\/uploads\/2020\/11\/Dmowski.jpg\" alt=\"\" class=\"wp-image-33708\"\/><\/a><\/figure>\n","protected":false},"excerpt":{"rendered":"<p>Tak pan Zbigniew Ziobro minister sprawiedliwo\u015bci nazwa\u0142 premiera Mateusza Morawieckiego. Ta nieprawdopodobna obelga pad\u0142a z ust jednego trzech najwa\u017cniejszych polityk\u00f3w w Polsce, wobec premiera naszego rz\u0105du. To obrazuje dobitnie sytuacje w kraju. Do za\u0142amanie gospodarczego, jakie by\u0142o d\u0142ugo przed pandemi\u0105 dosz\u0142o mafijne zarz\u0105dzenie tymi sektorami pa\u0144stwa, kt\u00f3re odpowiadaj\u0105 za nasze bezpiecze\u0144stwo. Pan Jaros\u0142aw Kaczy\u0144ski w [&hellip;]<\/p>\n","protected":false},"author":1,"featured_media":33711,"comment_status":"open","ping_status":"open","sticky":false,"template":"","format":"standard","meta":{"_jetpack_memberships_contains_paid_content":false,"footnotes":""},"categories":[4],"tags":[],"class_list":["post-33702","post","type-post","status-publish","format-standard","has-post-thumbnail","hentry","category-daty-i-fakty-blog"],"jetpack_sharing_enabled":true,"jetpack_featured_media_url":"https:\/\/htb.com.pl\/wp-content\/uploads\/2020\/11\/Budapeszt.jpg","_links":{"self":[{"href":"https:\/\/htb.com.pl\/index.php?rest_route=\/wp\/v2\/posts\/33702","targetHints":{"allow":["GET"]}}],"collection":[{"href":"https:\/\/htb.com.pl\/index.php?rest_route=\/wp\/v2\/posts"}],"about":[{"href":"https:\/\/htb.com.pl\/index.php?rest_route=\/wp\/v2\/types\/post"}],"author":[{"embeddable":true,"href":"https:\/\/htb.com.pl\/index.php?rest_route=\/wp\/v2\/users\/1"}],"replies":[{"embeddable":true,"href":"https:\/\/htb.com.pl\/index.php?rest_route=%2Fwp%2Fv2%2Fcomments&post=33702"}],"version-history":[{"count":7,"href":"https:\/\/htb.com.pl\/index.php?rest_route=\/wp\/v2\/posts\/33702\/revisions"}],"predecessor-version":[{"id":33818,"href":"https:\/\/htb.com.pl\/index.php?rest_route=\/wp\/v2\/posts\/33702\/revisions\/33818"}],"wp:featuredmedia":[{"embeddable":true,"href":"https:\/\/htb.com.pl\/index.php?rest_route=\/wp\/v2\/media\/33711"}],"wp:attachment":[{"href":"https:\/\/htb.com.pl\/index.php?rest_route=%2Fwp%2Fv2%2Fmedia&parent=33702"}],"wp:term":[{"taxonomy":"category","embeddable":true,"href":"https:\/\/htb.com.pl\/index.php?rest_route=%2Fwp%2Fv2%2Fcategories&post=33702"},{"taxonomy":"post_tag","embeddable":true,"href":"https:\/\/htb.com.pl\/index.php?rest_route=%2Fwp%2Fv2%2Ftags&post=33702"}],"curies":[{"name":"wp","href":"https:\/\/api.w.org\/{rel}","templated":true}]}}