{"id":3394,"date":"2019-03-30T10:43:00","date_gmt":"2019-03-30T10:43:00","guid":{"rendered":"https:\/\/htb.com.pl\/?p=3394"},"modified":"2019-05-13T14:03:10","modified_gmt":"2019-05-13T14:03:10","slug":"referendum","status":"publish","type":"post","link":"https:\/\/htb.com.pl\/?p=3394","title":{"rendered":"Referendum"},"content":{"rendered":"<p>&nbsp;<\/p>\n<p>&nbsp;<\/p>\n<p>Szympansy w parlamencie. Obraz Banksy&#8217;ego.<\/p>\n<p>Co jaki\u015b czas w Polsce s\u0142ycha\u0107 g\u0142osy, jakoby referendum by\u0142o tym co rozwi\u0105\u017ce wszystkie nasze problemy. Gdy patrz\u0119 do czego doprowadzi\u0142o to w Anglii &#8211; mam w\u0105tpliwo\u015bci. Brexit, za kt\u00f3rym opowiedzieli si\u0119 Anglicy okaza\u0142 si\u0119 katastrof\u0105.<\/p>\n<p>Marysia moja dziewczyna w roku 1987 uwa\u017ca\u0142a, \u017ce w Polsce referenda nie maj\u0105 sensu, jeste\u015bmy bowiem zbyt podzielani jako spo\u0142ecze\u0144stwo, sama demokracja oparta na Pos\u0142ach i Parlamencie musi wystarczy\u0107. Pos\u0142owie\u00a0 musz\u0105 bra\u0107 odpowiedzialno\u015b\u0107 za swoje decyzje a nie cedowa\u0107 je na spo\u0142ecze\u0144stwo. To bowiem ma jedynie ocenia\u0107 decyzje Pos\u0142\u00f3w w kolejnych wyborach. To wydaje si\u0119 logiczne, jednak politycy musz\u0105 mie\u0107 wyobra\u017ani\u0119 &#8211; wyobra\u017ania jest tym co umo\u017cliwia przewidywanie skutk\u00f3w swoich decyzji &#8211; rz\u0105dzenie. Dlatego ka\u017cdego polityka, kt\u00f3ry mia\u0142 na \u015bcianie zdj\u0119cie J\u00f3zefa Pi\u0142sudskiego, Majka traktowa\u0142a jako kogo\u015b, kto nie ma wyobra\u017ani i nie nadaje si\u0119 do rz\u0105dzenia. O ile zawsze zgadza\u0142em si\u0119 z tym jej algorytmem dotycz\u0105cym Pi\u0142sudskiego, o tyle nie do ko\u0144ca podziela\u0142em jej pogl\u0105d, \u017ce referenda w Polsce nie maj\u0105 sensu. Referendum Konstytucyjne z 25 maja 1997 roku odby\u0142o si\u0119 10 lat po \u015bmierci Marysi.\u00a0 Na TAK zag\u0142osowa\u0142o 53, 45% na NIE 46,55% przy frekwencji 42,86%, tu wa\u017cne by\u0142y g\u0142osy na tak- uda\u0142o si\u0119. Inne referendum za wej\u015bciem do Unii Europejskiej, kt\u00f3re odby\u0142o si\u0119 w dniach 7-8 czerwca 2003 roku. Tu wa\u017cna by\u0142a frekwencja, \u017ceby by\u0142o wa\u017cne musia\u0142a przekroczy\u0107 50%, ostatecznie wynios\u0142a 58,86%, na TAK 77,45% na NIE 22,55% i ta male\u0144ka cz\u0119\u015b\u0107 Polak\u00f3w, takie\u00a0 20 % stanowi problem do dzi\u015b. W roku 2015 k\u0142ami\u0105c w kampanii wyborczej oraz przy liczeniu g\u0142os\u00f3w w systemie D&#8217;Hondta ludzie ci przej\u0119li w\u0142adz\u0119. Zjednoczona Prawica, bo tak si\u0119 nazwali zdoby\u0142a tak\u0105 wi\u0119kszo\u015b\u0107, kt\u00f3ra umo\u017cliwi\u0142a im samodzielne rz\u0105dzenie. Obalili Konstytucje i zgodnie ze swoimi przekonaniami wyprowadzaj\u0105 Polsk\u0119 z UE. Tak czy tak co\u015b tu jest nie tak. Niby wszystko odby\u0142o si\u0119 demokratycznie a nie mamy Konstytucji.<\/p>\n<p>Marysia mia\u0142a racj\u0119 &#8211; Ona m\u00f3wi\u0142a, najpierw edukacja, potem demokracja ale nam si\u0119 spieszy\u0142o, inne kraje, kt\u00f3re wyzwoli\u0142y si\u0119 spod sowieckiej dominacji dawno wybra\u0142y swe w\u0142adze w wyborach demokratycznych. No ale oni nie mieli J\u00f3zefa Pi\u0142sudskiego, nie mieli Sanacji &#8211; mieli \u0142atwiej.<\/p>\n<p>Aleksander Kwa\u015bniewski to cz\u0142owiek z wyobra\u017ani\u0105, tu nawet jego przeciwnicy przyznaj\u0105 mi racj\u0119, da\u0142 rad\u0119 zorganizowa\u0107 referenda Konstytucyjne i za Wej\u015bciem do UE. Zrobi\u0142 co\u015b co Marysia uwa\u017ca\u0142a za niemo\u017cliwe. I tu dochodzimy do sedna sprawy &#8211; jak Majka uwa\u017ca\u0142a, \u017ce czego\u015b zrobi\u0107 si\u0119 nie da, to tak jest. Aleksander Kwa\u015bniewski zrobi\u0142 referenda, bo mu pom\u00f3g\u0142 Ko\u015bci\u00f3\u0142 Katolicki &#8211; Ksi\u0119\u017ca. Dzi\u015b mi\u0119dzy innymi z tego powodu zwani klerem. Marysia m\u00f3wi\u0142a polityk obiecuje,\u00a0 \u017ce b\u0119dzie dobrze jak on przejmie w\u0142adz\u0119, Ksi\u0105dz obiecuje, \u017ce dobrze b\u0119dzie po \u015bmierci. Obydwaj \u017cyj\u0105 z obiecywania &#8211; jak si\u0119 te cholery dogadaj\u0105, puszcz\u0105 nas z torbami.<\/p>\n<p>Strajk &#8211; to kolejne s\u0142owo, kt\u00f3re kojarzy si\u0119 z demokracj\u0105. Ja nigdy nie strajkowa\u0142em, w latach 80-tych by\u0142em w wojsku a potem mia\u0142em tak\u0105 prac\u0119, \u017ce strajkom zapobiega\u0142em. Dla Marysi z kolei strajk by\u0142 czym\u015b zupe\u0142nie innym ni\u017c dla nas Polak\u00f3w. Ona widzia\u0142a strajki w Anglii, gdzie za rz\u0105d\u00f3w Margaret Thatcher w strajkach g\u0142odowych umierali republika\u0144scy wi\u0119\u017aniowie z Irlandii P\u00f3\u0142nocnej. <a href=\"https:\/\/htb.com.pl\/?product=terroryzm-miedzynarodowy\"><img loading=\"lazy\" decoding=\"async\" class=\"size-full wp-image-3402 alignright\" src=\"https:\/\/htb.com.pl\/wp-content\/uploads\/2019\/03\/err.jpg\" alt=\"\" width=\"200\" height=\"284\" \/><\/a>Cz\u0119sto wspomina\u0142a te wydarzenia &#8211; 10 wi\u0119\u017ani\u00f3w, kt\u00f3rzy zmarli w wyniku g\u0142od\u00f3wki &#8211; to nie byli ludzie z &#8220;bajki&#8221; Marysi ale wyra\u017ca\u0142a si\u0119 o nich z wielkim szacunkiem.<\/p>\n<p>Strajk powinien by\u0107 ostateczno\u015bci\u0105, to co obserwujemy jako przygotowania do Strajku Nauczycieli w naszych obecnych polskich realiach jest paranoj\u0105 a nie strajkiem. Nauczyciele chc\u0105 wywalczy\u0107 pieni\u0105dze, kt\u00f3rych nie ma. chc\u0105 negocjowa\u0107 z rz\u0105dem, kt\u00f3rego nie ma, opieraj\u0105 si\u0119 na przepisach, kt\u00f3rych nie ma. Na \u015bcianach ich szk\u00f3\u0142 wisz\u0105 gazetki z J\u00f3zefem Pi\u0142sudskim.<\/p>\n<p>Ludzie bez wyobra\u017ani nie mog\u0105 rz\u0105dzi\u0107 Jasiu m\u00f3wi\u0142a Marysia &#8211; m\u00f3wi\u0142a coraz ciszej a\u017c przesta\u0142a. To by\u0142a dla mnie wielka tragedia, dzi\u015b wiem, \u017ce nie tylko dla mnie.<\/p>\n<p>Do Nauczycieli &#8211; Kochani. Egzaminy jakie czekaj\u0105 uczni\u00f3w w najbli\u017cszym czasie musicie przeprowadzi\u0107. Spr\u00f3bujcie sobie wyobrazi\u0107 co b\u0119dzie, jak tego nie zrobicie. Je\u017celi to trudne, zmie\u0144cie szkolne gazetki, te z Pi\u0142sudskim.<\/p>\n","protected":false},"excerpt":{"rendered":"<p>&nbsp; &nbsp; Szympansy w parlamencie. Obraz Banksy&#8217;ego. Co jaki\u015b czas w Polsce s\u0142ycha\u0107 g\u0142osy, jakoby referendum by\u0142o tym co rozwi\u0105\u017ce wszystkie nasze problemy. Gdy patrz\u0119 do czego doprowadzi\u0142o to w Anglii &#8211; mam w\u0105tpliwo\u015bci. Brexit, za kt\u00f3rym opowiedzieli si\u0119 Anglicy okaza\u0142 si\u0119 katastrof\u0105. Marysia moja dziewczyna w roku 1987 uwa\u017ca\u0142a, \u017ce w Polsce referenda nie [&hellip;]<\/p>\n","protected":false},"author":1,"featured_media":3454,"comment_status":"open","ping_status":"open","sticky":false,"template":"","format":"standard","meta":{"_jetpack_memberships_contains_paid_content":false,"footnotes":""},"categories":[4],"tags":[388,389],"class_list":["post-3394","post","type-post","status-publish","format-standard","has-post-thumbnail","hentry","category-daty-i-fakty-blog","tag-referendum","tag-strajk"],"jetpack_sharing_enabled":true,"jetpack_featured_media_url":"https:\/\/htb.com.pl\/wp-content\/uploads\/2019\/03\/Banksej.jpg","_links":{"self":[{"href":"https:\/\/htb.com.pl\/index.php?rest_route=\/wp\/v2\/posts\/3394","targetHints":{"allow":["GET"]}}],"collection":[{"href":"https:\/\/htb.com.pl\/index.php?rest_route=\/wp\/v2\/posts"}],"about":[{"href":"https:\/\/htb.com.pl\/index.php?rest_route=\/wp\/v2\/types\/post"}],"author":[{"embeddable":true,"href":"https:\/\/htb.com.pl\/index.php?rest_route=\/wp\/v2\/users\/1"}],"replies":[{"embeddable":true,"href":"https:\/\/htb.com.pl\/index.php?rest_route=%2Fwp%2Fv2%2Fcomments&post=3394"}],"version-history":[{"count":17,"href":"https:\/\/htb.com.pl\/index.php?rest_route=\/wp\/v2\/posts\/3394\/revisions"}],"predecessor-version":[{"id":3640,"href":"https:\/\/htb.com.pl\/index.php?rest_route=\/wp\/v2\/posts\/3394\/revisions\/3640"}],"wp:featuredmedia":[{"embeddable":true,"href":"https:\/\/htb.com.pl\/index.php?rest_route=\/wp\/v2\/media\/3454"}],"wp:attachment":[{"href":"https:\/\/htb.com.pl\/index.php?rest_route=%2Fwp%2Fv2%2Fmedia&parent=3394"}],"wp:term":[{"taxonomy":"category","embeddable":true,"href":"https:\/\/htb.com.pl\/index.php?rest_route=%2Fwp%2Fv2%2Fcategories&post=3394"},{"taxonomy":"post_tag","embeddable":true,"href":"https:\/\/htb.com.pl\/index.php?rest_route=%2Fwp%2Fv2%2Ftags&post=3394"}],"curies":[{"name":"wp","href":"https:\/\/api.w.org\/{rel}","templated":true}]}}