{"id":33993,"date":"2020-12-04T08:37:53","date_gmt":"2020-12-04T08:37:53","guid":{"rendered":"https:\/\/htb.com.pl\/?p=33993"},"modified":"2020-12-04T09:53:04","modified_gmt":"2020-12-04T09:53:04","slug":"glupiszon","status":"publish","type":"post","link":"https:\/\/htb.com.pl\/?p=33993","title":{"rendered":"G\u0142upiszon"},"content":{"rendered":"\n<p><\/p>\n\n\n\n<figure class=\"wp-block-image size-thumbnail\"><a href=\"https:\/\/htb.com.pl\/wp-content\/uploads\/2020\/12\/G\u0142upiszon.mp3\"><img loading=\"lazy\" decoding=\"async\" width=\"150\" height=\"150\" src=\"https:\/\/htb.com.pl\/wp-content\/uploads\/2018\/04\/posluchaj-150x150.jpg\" alt=\"\" class=\"wp-image-2020\" srcset=\"https:\/\/htb.com.pl\/wp-content\/uploads\/2018\/04\/posluchaj-150x150.jpg 150w, https:\/\/htb.com.pl\/wp-content\/uploads\/2018\/04\/posluchaj-300x300.jpg 300w, https:\/\/htb.com.pl\/wp-content\/uploads\/2018\/04\/posluchaj-100x100.jpg 100w\" sizes=\"auto, (max-width: 150px) 100vw, 150px\" \/><\/a><\/figure>\n\n\n\n<p>To kolejne okre\u015blenie wytworzone przez nasz\u0105 klas\u0119 polityczn\u0105, tak pan W\u0142odzimierz Czarzasty nazwa\u0142 jednego z polityk\u00f3w solidarnej polski. Ma to by\u0107 jeszcze wi\u0119ksza obelga jak mi\u0119kiszon. Gdy patrz\u0119 na to wszystko, to mam wra\u017cenie, \u017ce protestuj\u0105ce dziewczyny maj\u0105 racj\u0119 &#8211; tu nie ma wyj\u015bcia, z  tych og\u00f3rk\u00f3w nic nie b\u0119dzie, to trzeba&#8230;<\/p>\n\n\n\n<p>Kolejny problem to powi\u0105zanie funduszy unijnych z praworz\u0105dno\u015bci\u0105. Co\u015b co w przemy\u015ble, czy budownictwie mamy od lat. \u017beby projekt unijny by\u0142 dofinansowany, musi by\u0107 zgodnie z projektem technicznym  wykonany. Mafia to zauwa\u017cy\u0142a, bo po \u0142apkach dosta\u0142a, jak autostrady po swojemu budowa\u0107 pr\u00f3bowa\u0142a. Wtedy w\u0142a\u015bnie za polityk\u0119 si\u0119 wzi\u0119\u0142a. Nauka nie idzie w las, najpierw media publiczne i niekt\u00f3re banki przej\u0119\u0142a, potem za budow\u0119 wie\u017c <a href=\"https:\/\/htb.com.pl\/?p=3018\"><img loading=\"lazy\" decoding=\"async\" width=\"150\" height=\"106\" class=\"wp-image-3023\" style=\"width: 150px;\" src=\"https:\/\/htb.com.pl\/wp-content\/uploads\/2019\/01\/Wie\u017cowce-srebrna.jpg\" alt=\"\" srcset=\"https:\/\/htb.com.pl\/wp-content\/uploads\/2019\/01\/Wie\u017cowce-srebrna.jpg 705w, https:\/\/htb.com.pl\/wp-content\/uploads\/2019\/01\/Wie\u017cowce-srebrna-300x212.jpg 300w, https:\/\/htb.com.pl\/wp-content\/uploads\/2019\/01\/Wie\u017cowce-srebrna-600x424.jpg 600w\" sizes=\"auto, (max-width: 150px) 100vw, 150px\" \/><\/a> si\u0119 wzi\u0119\u0142a  i gdy ju\u017c  w ogr\u00f3dku by\u0142a, kasta s\u0119dzi\u00f3w si\u0119 napatoczy\u0142a i mafi\u0119 odrobin\u0119 usadzi\u0142a. Mafia strasznie si\u0119 wnerwi\u0142a, swych polityk\u00f3w wi\u0119zieniem postraszy\u0142a i ta pierdo\u0142owata klasa polityczna do dzia\u0142a\u0144 przyst\u0105pi\u0142a. Tu od ch\u0142opak\u00f3w z razwiepura wsparcie dostali i wsp\u00f3lnie krok w kierunku wyj\u015bcia z UE wykonali &#8211; czym pana Putina uradowali.<\/p>\n\n\n\n<p>Pan premier Mateusz Morawiecki twierdzi, \u017ce on nie potrzebuje unijnych pieni\u0119dzy, bo on je tanio po\u017cyczy. To prawda i wyda jak mafia sobie za\u017cyczy. Ostatni przyk\u0142ad, respiratory od E&amp;K &#8211; 12 milion\u00f3w EUR gdzie\u015b si\u0119 zapodzia\u0142o.<\/p>\n\n\n\n<p>Jednak przez takie g\u0142upiszonowate dzia\u0142anie, w Polsce co\u015b o wiele gorszego si\u0119 stanie. Umieramy &#8211; w liczbach bezwzgl\u0119dnych, przedstawianych przez rz\u0105d nie jeste\u015bmy najgorsi, s\u0105 kraje, gdzie \u015bmiertelno\u015b\u0107 spowodowana COVID &#8211; 19 jest wi\u0119ksza ale gdy uwzgl\u0119dnimy liczb\u0119 mieszka\u0144c\u00f3w, dochodzimy do &#8211; odwr\u00f3\u0107 tabel\u0119 i Polska na czele.<\/p>\n\n\n\n<p>Byli\u015bmy ju\u017c w takiej sytuacji. W 1939 roku, po napa\u015bci Niemiec i ZSRR na Polsk\u0119 te\u017c nie by\u0142o rz\u0105du, bo zwia\u0142 do Londynu. To by\u0142 ogromny problem dla okupant\u00f3w, zaproponowali wtedy Wincentemu Witosowi, aby stan\u0105\u0142 na czele Rz\u0105du Polskiego. Odm\u00f3wi\u0142 i by\u0142o jak by\u0142o. Sytuacja powt\u00f3rzy\u0142a si\u0119 w 1993 roku, \u017ali politycy, tu zwani g\u0142upiszonami wszystko zchrzanili i Waldemara Pawlaka premierem zrobili. Ten wszystko wyprostowa\u0142 i dopiero W\u0142odzimierz Cimoszewicz podczas powodzi stulecia  1997 roku, twierdzeniem, \u017ce trzeba si\u0119 ubezpiecza\u0107, bardzo nas zdenerwowa\u0142. Znowu na g\u0142upiszon\u00f3w \u017ce\u015bmy postawili. <\/p>\n\n\n\n<p>PSL, ma\u0142a partia &#8211; ci\u0105gle si\u0119 nam powtarza i co\u015b pozytywnego wyra\u017ca. Odnosz\u0119 wra\u017cenie, \u017ce teraz te\u017c jest w stanie zrobi\u0107 co\u015b dobrego, pozornie robi\u0105c co\u015b g\u0142upiego. My\u015bl\u0119 tu o wej\u015bciu do rz\u0105du. Idee Romana Dmowskiego &#8211; Polska w orbicie porz\u0105dku wschodniego s\u0105 gorsze od my\u015blenia i rozumowania ch\u0142opskiego. Wiem, \u017ce politycy PiS i PSL rozmawiaj\u0105 &#8211; oficjalnie o wyborze rzecznika obywatelskiego. To dobrze, trzymajcie si\u0119 Panowie tego.<\/p>\n\n\n\n<figure class=\"wp-block-image size-large\"><a href=\"https:\/\/htb.com.pl\/?product=herbatka-owocowa-wspierajaca-zapobieganie-covid-19-100g\"><img loading=\"lazy\" decoding=\"async\" width=\"640\" height=\"274\" src=\"https:\/\/htb.com.pl\/wp-content\/uploads\/2020\/12\/screenshooter-imageconverter5fc8a40d7ee301.png\" alt=\"\" class=\"wp-image-34054\" srcset=\"https:\/\/htb.com.pl\/wp-content\/uploads\/2020\/12\/screenshooter-imageconverter5fc8a40d7ee301.png 640w, https:\/\/htb.com.pl\/wp-content\/uploads\/2020\/12\/screenshooter-imageconverter5fc8a40d7ee301-300x128.png 300w, https:\/\/htb.com.pl\/wp-content\/uploads\/2020\/12\/screenshooter-imageconverter5fc8a40d7ee301-600x257.png 600w\" sizes=\"auto, (max-width: 640px) 100vw, 640px\" \/><\/a><\/figure>\n","protected":false},"excerpt":{"rendered":"<p>To kolejne okre\u015blenie wytworzone przez nasz\u0105 klas\u0119 polityczn\u0105, tak pan W\u0142odzimierz Czarzasty nazwa\u0142 jednego z polityk\u00f3w solidarnej polski. Ma to by\u0107 jeszcze wi\u0119ksza obelga jak mi\u0119kiszon. Gdy patrz\u0119 na to wszystko, to mam wra\u017cenie, \u017ce protestuj\u0105ce dziewczyny maj\u0105 racj\u0119 &#8211; tu nie ma wyj\u015bcia, z tych og\u00f3rk\u00f3w nic nie b\u0119dzie, to trzeba&#8230; Kolejny problem to [&hellip;]<\/p>\n","protected":false},"author":1,"featured_media":3681,"comment_status":"open","ping_status":"open","sticky":false,"template":"","format":"standard","meta":{"_jetpack_memberships_contains_paid_content":false,"footnotes":""},"categories":[4],"tags":[686],"class_list":["post-33993","post","type-post","status-publish","format-standard","has-post-thumbnail","hentry","category-daty-i-fakty-blog","tag-glupiszon"],"jetpack_sharing_enabled":true,"jetpack_featured_media_url":"https:\/\/htb.com.pl\/wp-content\/uploads\/2019\/05\/rozwad\u00f3w.jpg","_links":{"self":[{"href":"https:\/\/htb.com.pl\/index.php?rest_route=\/wp\/v2\/posts\/33993","targetHints":{"allow":["GET"]}}],"collection":[{"href":"https:\/\/htb.com.pl\/index.php?rest_route=\/wp\/v2\/posts"}],"about":[{"href":"https:\/\/htb.com.pl\/index.php?rest_route=\/wp\/v2\/types\/post"}],"author":[{"embeddable":true,"href":"https:\/\/htb.com.pl\/index.php?rest_route=\/wp\/v2\/users\/1"}],"replies":[{"embeddable":true,"href":"https:\/\/htb.com.pl\/index.php?rest_route=%2Fwp%2Fv2%2Fcomments&post=33993"}],"version-history":[{"count":8,"href":"https:\/\/htb.com.pl\/index.php?rest_route=\/wp\/v2\/posts\/33993\/revisions"}],"predecessor-version":[{"id":34068,"href":"https:\/\/htb.com.pl\/index.php?rest_route=\/wp\/v2\/posts\/33993\/revisions\/34068"}],"wp:featuredmedia":[{"embeddable":true,"href":"https:\/\/htb.com.pl\/index.php?rest_route=\/wp\/v2\/media\/3681"}],"wp:attachment":[{"href":"https:\/\/htb.com.pl\/index.php?rest_route=%2Fwp%2Fv2%2Fmedia&parent=33993"}],"wp:term":[{"taxonomy":"category","embeddable":true,"href":"https:\/\/htb.com.pl\/index.php?rest_route=%2Fwp%2Fv2%2Fcategories&post=33993"},{"taxonomy":"post_tag","embeddable":true,"href":"https:\/\/htb.com.pl\/index.php?rest_route=%2Fwp%2Fv2%2Ftags&post=33993"}],"curies":[{"name":"wp","href":"https:\/\/api.w.org\/{rel}","templated":true}]}}