{"id":34354,"date":"2020-12-11T07:45:04","date_gmt":"2020-12-11T07:45:04","guid":{"rendered":"https:\/\/htb.com.pl\/?p=34354"},"modified":"2020-12-12T06:47:18","modified_gmt":"2020-12-12T06:47:18","slug":"groteska","status":"publish","type":"post","link":"https:\/\/htb.com.pl\/?p=34354","title":{"rendered":"Groteska"},"content":{"rendered":"\n<p><\/p>\n\n\n\n<p><\/p>\n\n\n\n<p><\/p>\n\n\n\n<figure class=\"wp-block-image size-thumbnail\"><a href=\"https:\/\/htb.com.pl\/wp-content\/uploads\/2020\/12\/Groteska.mp3\"><img loading=\"lazy\" decoding=\"async\" width=\"150\" height=\"150\" src=\"https:\/\/htb.com.pl\/wp-content\/uploads\/2018\/04\/posluchaj-150x150.jpg\" alt=\"\" class=\"wp-image-2020\" srcset=\"https:\/\/htb.com.pl\/wp-content\/uploads\/2018\/04\/posluchaj-150x150.jpg 150w, https:\/\/htb.com.pl\/wp-content\/uploads\/2018\/04\/posluchaj-300x300.jpg 300w, https:\/\/htb.com.pl\/wp-content\/uploads\/2018\/04\/posluchaj-100x100.jpg 100w\" sizes=\"auto, (max-width: 150px) 100vw, 150px\" \/><\/a><\/figure>\n\n\n\n<p>Tak pan Borys Budka Koalicja Obywatelska okre\u015bli\u0142 przem\u00f3wienie pana Jaros\u0142awa Kaczy\u0144skiego w Sejmie, podczas sesji, gdzie pr\u00f3bowano odwo\u0142a\u0107 tego drugiego. Zgadzam si\u0119 z przewodnicz\u0105cym &#8211; tyle, \u017ce w naszej polityce trudno znale\u017a\u0107 co\u015b nie groteskowego i teraz spr\u00f3bujemy znale\u017a\u0107 przyczyn\u0119 tego. Pomo\u017ce laudacja  na cze\u015b\u0107 pana Kaczy\u0144skiego, wyg\u0142oszona przez  premier Morawiecki. Por\u00f3wna\u0142 kontrowersje wobec podw\u0142adnego, a jednocze\u015bnie szefa swojego, do kontrowersji wobec Pi\u0142sudskiego i Dmowskiego. Brawo panie premierze. Ja od lat opisuj\u0105c dzia\u0142ania pana Kaczy\u0144skiego, por\u00f3wnuj\u0119 go do Pi\u0142sudskiego. Ostatnio wspomnia\u0142em Romana Dmowskiego, charakteryzuj\u0105c dzia\u0142ania Zbigniewa Ziobry, czyli nurtu narodowego, nale\u017c\u0105cego do kr\u0119gu rosyjskiego. A wszystko zacz\u0119\u0142o si\u0119 za\u015b od tego.<\/p>\n\n\n\n<figure class=\"wp-block-image size-large\"><img loading=\"lazy\" decoding=\"async\" width=\"750\" height=\"500\" src=\"https:\/\/htb.com.pl\/wp-content\/uploads\/2020\/12\/walesa_zaprzysiezeni.jpg\" alt=\"\" class=\"wp-image-34366\" srcset=\"https:\/\/htb.com.pl\/wp-content\/uploads\/2020\/12\/walesa_zaprzysiezeni.jpg 750w, https:\/\/htb.com.pl\/wp-content\/uploads\/2020\/12\/walesa_zaprzysiezeni-300x200.jpg 300w, https:\/\/htb.com.pl\/wp-content\/uploads\/2020\/12\/walesa_zaprzysiezeni-600x400.jpg 600w\" sizes=\"auto, (max-width: 750px) 100vw, 750px\" \/><\/figure>\n\n\n\n<p>22 grudnia 1990 roku pan Lech Wa\u0142\u0119sa zosta\u0142 prezydentem RP. W\u0142a\u015bnie mamy okr\u0105g\u0142\u0105 30 rocznic\u0119 tego wydarzenia i jak wida\u0107 wszyscy uznali, \u017ce nie wartego upami\u0119tnienia. Pan Wa\u0142\u0119sa na prezydenta si\u0119 nie nadawa\u0142 i to jako\u015b t\u0142umaczy dzisiejsze milczenie klasy polityczne ale r\u00f3wnie\u017c nas. Prosz\u0119 sobie jednak wyobrazi\u0107, co by\u0142oby, gdyby pan Wa\u0142\u0119sa prezydentem nie zosta\u0142. Je\u017celi jest to trudne &#8211; to podpowiem. To co mamy &#8211; wszyscy gadamy i  wcale si\u0119 nie s\u0142uchamy. Mieli\u015bmy ogromne szcz\u0119\u015bcie, \u017ce prezydent Wa\u0142\u0119sa zako\u0144czy\u0142 swe urz\u0119dowanie na pierwszej kadencji. Wybrali\u015bmy Aleksandra Kwa\u015bniewskiego i sta\u0142o si\u0119 co\u015b niezwyk\u0142ego. Zacz\u0119li\u015bmy s\u0142ucha\u0107, jeden drugiego i zostali\u015bmy przyj\u0119ci do \u015bwiata demokratycznego. Jednak po zako\u0144czeniu prezydentury Kwa\u015bniewskiego, powr\u00f3cili\u015bmy do kultu J\u00f3zefa Pi\u0142sudskiego.<\/p>\n\n\n\n<p> Na pocz\u0105tku Unia Europejska nie widzia\u0142a w tym niczego z\u0142ego. Dopiero jak zobaczyli, \u017ce nie zamierzamy uznawa\u0107 ich porz\u0105dku prawnego, zrozumieli, \u017ce my s\u0142owo solidarno\u015b\u0107, zupe\u0142nie inaczej \u017ce\u015bmy rozumieli.<\/p>\n\n\n\n<p>Nigdy o panu Lechu Wa\u0142\u0119sie nie napisa\u0142em niczego dobrego. Jednak ostatnie wydarzenia, gdzie byli\u015bmy bliscy opuszczenia \u015bwiata demokratycznego, sk\u0142oni\u0142y mnie aby pochwali\u0107 tego, co przerwa\u0142 rz\u0105dy Jan Olszewskiego. Premiera, kt\u00f3ry d\u0105\u017cy\u0142 do tego samego, co dzi\u015b Zbigniew Ziobro i partyjka jego. Zb\u0142a\u017anili si\u0119 podczas obchod\u00f3w 29 rocznicy powstania Radia Toru\u0144skiego. Ojciec Tadeusz Rydzyk, w swoim stylu, czyli bez \u015bwiadomo\u015bci tego co m\u00f3wi &#8211; tak si\u0119 usprawiedliwia\u0142, walcz\u0105cych z pedofilia w ko\u015bciele zwyzywa\u0142. To bardzo pomog\u0142o w rozwi\u0105zaniu klinczu wewn\u0105trz obozu rz\u0105dz\u0105cego, bo Ziobro i inni politycy te nieprawdopodobne bzdury oklaskiwali i w rankingu pana Jaros\u0142awa Kaczy\u0144skiego si\u0119 posypali. Postawi\u0142 na pana Morawieckiego, tym razem na toru\u0144skiej imprezie nieobecnego. Zaprosili Viktora Orbana, swego przyjaciela w\u0119gierskiego, pogadali i na razie w Unii Europejskiej \u017ce\u015bmy zostali.<\/p>\n\n\n\n<figure class=\"wp-block-image size-large\"><img loading=\"lazy\" decoding=\"async\" width=\"809\" height=\"406\" src=\"https:\/\/htb.com.pl\/wp-content\/uploads\/2020\/12\/Bryd\u017c.png\" alt=\"\" class=\"wp-image-34361\" srcset=\"https:\/\/htb.com.pl\/wp-content\/uploads\/2020\/12\/Bryd\u017c.png 809w, https:\/\/htb.com.pl\/wp-content\/uploads\/2020\/12\/Bryd\u017c-300x151.png 300w, https:\/\/htb.com.pl\/wp-content\/uploads\/2020\/12\/Bryd\u017c-768x385.png 768w, https:\/\/htb.com.pl\/wp-content\/uploads\/2020\/12\/Bryd\u017c-600x301.png 600w\" sizes=\"auto, (max-width: 809px) 100vw, 809px\" \/><\/figure>\n\n\n\n<p>Teraz jest okazja aby\u015bmy kolejny raz Europie pokazali, \u017ce solidarno\u015b\u0107 to s\u0142owo, kt\u00f3rego znaczenie dobrze \u017ce\u015bmy poznali. Szczepienia na COVID-19 zaczynamy. W Wielkiej Brytanii ju\u017c zacz\u0119li.  <\/p>\n\n\n\n<figure class=\"wp-block-image size-large\"><img loading=\"lazy\" decoding=\"async\" width=\"684\" height=\"421\" src=\"https:\/\/htb.com.pl\/wp-content\/uploads\/2020\/12\/Pierwsza-zaszczepiona.png\" alt=\"\" class=\"wp-image-34360\" srcset=\"https:\/\/htb.com.pl\/wp-content\/uploads\/2020\/12\/Pierwsza-zaszczepiona.png 684w, https:\/\/htb.com.pl\/wp-content\/uploads\/2020\/12\/Pierwsza-zaszczepiona-300x185.png 300w, https:\/\/htb.com.pl\/wp-content\/uploads\/2020\/12\/Pierwsza-zaszczepiona-600x369.png 600w\" sizes=\"auto, (max-width: 684px) 100vw, 684px\" \/><\/figure>\n\n\n\n<p>&nbsp;<strong>90-letnia Margaret Keenan pierwsz\u0105 Brytyjk\u0105 zaszczepion\u0105 przeciw Covid-19<\/strong><\/p>\n\n\n\n<p><strong>Wszyscy si\u0119 boimy ale o tym nie m\u00f3wimy, tylko si\u0119 szczepimy.<\/strong> To parafraza s\u0142\u00f3w jakie ostatnio us\u0142ysza\u0142em od jednego z moich klient\u00f3w. Dzi\u015b staruszek, w 1986 roku wyruszy\u0142 z Marysi\u0105, (wcze\u015bniejsze wpisy) na akcj\u0119 bojow\u0105 do Ugandy, (wojna domowa). Mia\u0142 by\u0107 jedynie tragarzem ale ju\u017c po wyl\u0105dowaniu, ci kt\u00f3rzy mieli zabezpiecza\u0107 rejon ich zrzutu otworzyli do nich ogie\u0144. Gdy  major Mari co\u015b w swachlili, rykn\u0119\u0142a na chwil\u0119 strzela\u0107 przestali. Gdy si\u0119 okopywali zapyta\u0142  jednego z ludzi Majki, czy si\u0119 nie boi? Ten mu odpowiedzia\u0142. <strong>Wszyscy si\u0119 boimy ale o tym nie m\u00f3wimy, tylko walczymy.<\/strong><\/p>\n\n\n\n<p>Walczmy Kochani, bo ci\u0105gle tylko gadamy i umieramy. Dzi\u015b 10.12. 2020. zmar\u0142o w Polsce 470 os\u00f3b z powodu COVID-19.<\/p>\n\n\n\n<p>Staruszek, kt\u00f3rego tu wspominam ma te\u017c inna rad\u0119 na strach. <a href=\"https:\/\/htb.com.pl\/?product=swieca-konopna-antydepresyjna-90g\"><img loading=\"lazy\" decoding=\"async\" width=\"150\" height=\"150\" class=\"wp-image-29426\" style=\"width: 150px;\" src=\"https:\/\/htb.com.pl\/wp-content\/uploads\/2020\/09\/\u015bwieca_antydepresyjna-ma\u0142a.png\" alt=\"\" srcset=\"https:\/\/htb.com.pl\/wp-content\/uploads\/2020\/09\/\u015bwieca_antydepresyjna-ma\u0142a.png 480w, https:\/\/htb.com.pl\/wp-content\/uploads\/2020\/09\/\u015bwieca_antydepresyjna-ma\u0142a-300x300.png 300w, https:\/\/htb.com.pl\/wp-content\/uploads\/2020\/09\/\u015bwieca_antydepresyjna-ma\u0142a-150x150.png 150w, https:\/\/htb.com.pl\/wp-content\/uploads\/2020\/09\/\u015bwieca_antydepresyjna-ma\u0142a-100x100.png 100w\" sizes=\"auto, (max-width: 150px) 100vw, 150px\" \/><\/a> \u015awiec\u0119 konopn\u0105. Pachnie jak co\u015b co tam w\u0105chali i si\u0119 nie bali.<\/p>\n","protected":false},"excerpt":{"rendered":"<p>Tak pan Borys Budka Koalicja Obywatelska okre\u015bli\u0142 przem\u00f3wienie pana Jaros\u0142awa Kaczy\u0144skiego w Sejmie, podczas sesji, gdzie pr\u00f3bowano odwo\u0142a\u0107 tego drugiego. Zgadzam si\u0119 z przewodnicz\u0105cym &#8211; tyle, \u017ce w naszej polityce trudno znale\u017a\u0107 co\u015b nie groteskowego i teraz spr\u00f3bujemy znale\u017a\u0107 przyczyn\u0119 tego. Pomo\u017ce laudacja na cze\u015b\u0107 pana Kaczy\u0144skiego, wyg\u0142oszona przez premier Morawiecki. Por\u00f3wna\u0142 kontrowersje wobec podw\u0142adnego, [&hellip;]<\/p>\n","protected":false},"author":1,"featured_media":34361,"comment_status":"open","ping_status":"open","sticky":false,"template":"","format":"standard","meta":{"_jetpack_memberships_contains_paid_content":false,"footnotes":""},"categories":[4],"tags":[691],"class_list":["post-34354","post","type-post","status-publish","format-standard","has-post-thumbnail","hentry","category-daty-i-fakty-blog","tag-groteska"],"jetpack_sharing_enabled":true,"jetpack_featured_media_url":"https:\/\/htb.com.pl\/wp-content\/uploads\/2020\/12\/Bryd\u017c.png","_links":{"self":[{"href":"https:\/\/htb.com.pl\/index.php?rest_route=\/wp\/v2\/posts\/34354","targetHints":{"allow":["GET"]}}],"collection":[{"href":"https:\/\/htb.com.pl\/index.php?rest_route=\/wp\/v2\/posts"}],"about":[{"href":"https:\/\/htb.com.pl\/index.php?rest_route=\/wp\/v2\/types\/post"}],"author":[{"embeddable":true,"href":"https:\/\/htb.com.pl\/index.php?rest_route=\/wp\/v2\/users\/1"}],"replies":[{"embeddable":true,"href":"https:\/\/htb.com.pl\/index.php?rest_route=%2Fwp%2Fv2%2Fcomments&post=34354"}],"version-history":[{"count":15,"href":"https:\/\/htb.com.pl\/index.php?rest_route=\/wp\/v2\/posts\/34354\/revisions"}],"predecessor-version":[{"id":34466,"href":"https:\/\/htb.com.pl\/index.php?rest_route=\/wp\/v2\/posts\/34354\/revisions\/34466"}],"wp:featuredmedia":[{"embeddable":true,"href":"https:\/\/htb.com.pl\/index.php?rest_route=\/wp\/v2\/media\/34361"}],"wp:attachment":[{"href":"https:\/\/htb.com.pl\/index.php?rest_route=%2Fwp%2Fv2%2Fmedia&parent=34354"}],"wp:term":[{"taxonomy":"category","embeddable":true,"href":"https:\/\/htb.com.pl\/index.php?rest_route=%2Fwp%2Fv2%2Fcategories&post=34354"},{"taxonomy":"post_tag","embeddable":true,"href":"https:\/\/htb.com.pl\/index.php?rest_route=%2Fwp%2Fv2%2Ftags&post=34354"}],"curies":[{"name":"wp","href":"https:\/\/api.w.org\/{rel}","templated":true}]}}