{"id":3473,"date":"2019-04-18T12:51:48","date_gmt":"2019-04-18T12:51:48","guid":{"rendered":"https:\/\/htb.com.pl\/?p=3473"},"modified":"2019-04-28T07:43:17","modified_gmt":"2019-04-28T07:43:17","slug":"sercem-patrz","status":"publish","type":"post","link":"https:\/\/htb.com.pl\/?p=3473","title":{"rendered":"Sercem patrz"},"content":{"rendered":"<p>&nbsp;<\/p>\n<p>&nbsp;<\/p>\n<p><img loading=\"lazy\" decoding=\"async\" class=\"alignnone size-full wp-image-3518\" src=\"https:\/\/htb.com.pl\/wp-content\/uploads\/2019\/04\/Po\u017car.jpg\" alt=\"\" width=\"275\" height=\"183\" \/>Po\u017car katedry Notre Dame. 15.04.2019.<\/p>\n<p>Sercem patrz, bo serce widzi to, czego oczy nie widz\u0105 &#8211; m\u00f3wi\u0142 Lis do Ma\u0142ego Ksi\u0119cia. Ksi\u0105\u017cka\u00a0Antoine de Saint-Exup\u00e9ry pojawi\u0142a si\u0119 na egzaminie \u00f3smoklasist\u00f3w. <a href=\"https:\/\/htb.com.pl\/?p=261\">Pisa\u0142em, \u017ce czytam t\u0105 ksi\u0105\u017ck\u0119 co siedem lat<\/a>, zacz\u0105\u0142em jak mia\u0142em siedem i tak do dzi\u015b. Za ka\u017cdym razem odkrywam co\u015b nowego.<a href=\"https:\/\/htb.com.pl\/wp-content\/uploads\/2018\/05\/Lis.mp3\"> Jednak to, co powiedzia\u0142 Lis Ma\u0142emu Ksi\u0119ciu, uwa\u017cam za najwa\u017cniejsze<\/a>.<\/p>\n<p>Pytanie na egzaminie \u00f3smoklasist\u00f3w, czy w kontaktach mi\u0119dzyludzkich nale\u017cy kierowa\u0107 si\u0119 sercem, czy rozumem, moim zadaniem jest b\u0142\u0119dne. Kto\u015b kto go sformu\u0142owa\u0142, nie ma poj\u0119cia o &#8220;Ma\u0142ym Ksi\u0119ciu&#8221;. Ja patrz\u0119 sercem i widz\u0119 to, czego wielu nie widzi, mam w\u0105tpliwo\u015bci czy kieruj\u0105 si\u0119 oni rozumem. Przyk\u0142adem mog\u0105 by\u0107 znaki, kt\u00f3re daje nam B\u00f3g. Dla mnie katastrofa smole\u0144ska by\u0142a takim znakiem ale dla tych, kt\u00f3rzy kieruj\u0105 si\u0119 rozumem, by\u0142a zamachem albo straszn\u0105 tragedi\u0105. Tak \u015awiat postrzega ateista albo ten, dla kt\u00f3rego wiara, to wielkanocny koszyk ze \u015bwi\u0119conk\u0105.<\/p>\n<p>Sp\u0142on\u0119\u0142a Katedra Notre Dame w Pary\u017cu &#8211; to te\u017c znak. B\u00f3g w ci\u0105g\u0142ej walce dobra ze z\u0142em, pokazuje nam swoje stanowisko. Nam, bo \u017c\u00f3\u0142te kamizelki mamy te\u017c w Polsce ale \u017ceby zrozumie\u0107 co teraz pisz\u0119, trzeba patrze\u0107 sercem &#8211; Prezydent Francji\u00a0<b>Emmanuel Macron\u00a0<\/b>zrozumia\u0142.<\/p>\n<p>Najwi\u0119kszy \u017caglowiec \u015awiata Siedow nie zosta\u0142 wpuszczony do Gdyni, to rosyjski \u017caglowiec.\u00a0 Zdecydowa\u0142 tak premier Mateusz Morawiecki. To w ramach walki ze z\u0142em &#8211; tak ze z\u0142em walczy kto\u015b, kto w stosunkach mi\u0119dzyludzkich, tu mi\u0119dzynarodowych kieruje si\u0119 rozumem. My\u015bl\u0119, \u017ce Pan Mateusz Morawiecki nigdy Ma\u0142ego Ksi\u0119cia nie czyta\u0142 i nigdy na \u017cadnej \u017cagl\u00f3wce nie p\u0142ywa\u0142. Putin to z\u0142o &#8211; jak si\u0119 patrzy oczyma, rosyjskiego Siedowa na nasze wody terytorialnie nie mo\u017cna wpuszcza\u0107 ale gdy patrzymy sercem, widzimy wspania\u0142y okr\u0119t i \u017ceglarzy &#8211; to nie jest z\u0142o. Putin ma w\u0142adz\u0119, kt\u00f3rej wielu mu zazdro\u015bci, gdyby Pan Jaros\u0142aw Kaczy\u0144ski tak\u0105 mia\u0142, Senator PiS Grzegorz Bierecki nie\u00a0 straszy\u0142by, \u017ce &#8220;oczy\u015bci Polsk\u0119&#8221; z ludzi niegodnych, on by to zrobi\u0142. To jest ta r\u00f3\u017cnica widzenia \u015awiata sercem i rozumem i nie ja j\u0105 odkry\u0142em. Ja tylko pisz\u0119 to, co przekaza\u0142a mi Marysia, kiedy\u015b moja dziewczyna. <a href=\"https:\/\/htb.com.pl\/?p=2099\">Pami\u0119tam jak w 1986 roku na Zalewie Wi\u015blanym zatrzymali nas &#8220;ruscy&#8221; na ich wodach terytorialnych.<\/a>\u00a0Wyczarterowanym jachtem p\u0142yn\u0119li\u015bmy z Maj\u0105 na Ba\u0142tyk, prosili, \u017ceby zawr\u00f3ci\u0107, bo przez Cie\u015bnin\u0119 Pilawsk\u0105 nie mo\u017cna przep\u0142yn\u0105\u0107 &#8211; strzelaj\u0105 ale tylko dzi\u015b, jutro b\u0119dzie mo\u017cna. G\u0142upio im by\u0142o, \u017ce nie maj\u0105 &#8220;flaszki&#8221;, bo my mieli\u015bmy.<\/p>\n<p>Pan Prezydent Andrzej Duda znowu zrobi\u0142 co\u015b co mnie ucieszy\u0142o &#8211; my\u015bl\u0119, \u017ce Pierwsza Dama ma w tym sw\u00f3j udzia\u0142. Zarobi\u0142 to o co prosi\u0142em, zaproponowa\u0142 powo\u0142anie Rady Dialogu Spo\u0142ecznego dla zapocz\u0105tkowania rozwi\u0105zywania naszych problem\u00f3w. Strajk Nauczycieli sprawi\u0142, \u017ce zacz\u0119\u0142o i\u015b\u0107 w dobr\u0105 stron\u0119, jak wtedy, gdy w roku 1987 powsta\u0142a Rada Konsultacyjna, kt\u00f3ra doprowadzi\u0142a do obrad okr\u0105g\u0142ego sto\u0142u, <a href=\"https:\/\/htb.com.pl\/?p=2699\">moja Marysia pracowa\u0142a przy tworzeniu tej rady<\/a>. Dzi\u015b te\u017c b\u0119dzie j\u0105 tworzy\u0107 kobieta, Pani Dorota\u00a0 Gardias Przewodnicz\u0105ca Rady Dialogu Spo\u0142ecznego i jak wtedy spotkania maj\u0105 si\u0119 odbywa\u0107 w Belwederze &#8211; brawo, \u017cycz\u0119 powodzenia.<\/p>\n<p>Strajk Nauczycieli zaczyna traci\u0107 poparcie spo\u0142eczne, to by\u0142o do przewidzenia. Ta forma protestu nie mo\u017ce przynie\u015b\u0107 oczekiwanych rezultat\u00f3w. Moja \u017bona jest Pani\u0105 od biologii. Uczy w klasach od pi\u0105tej do \u00f3smej i tylko klasa si\u00f3dma ma dwie godziny biologii w tygodniu, pozostali jedn\u0105. W kraju, gdzie brakuje lekarzy, piel\u0119gniarek jedna godzina biologii w tygodniu to kpina. Widz\u0119 jakim zainteresowaniem cieszy si\u0119 ten przedmiot, widz\u0119 jak wielu uczni\u00f3w, czasem dopingowanych przez rodzic\u00f3w przychodzi na k\u00f3\u0142ko biologiczne, kt\u00f3re Dorotka prowadzi w ramach wolontariatu. Zap\u0142at\u0105 za ten trud, jest satysfakcja, gdy jej uczniowie zwyci\u0119\u017caj\u0105 w konkursach.<\/p>\n<p>Kolejny tydzie\u0144 strajku Nauczycieli nie przyni\u00f3s\u0142 nic ale \u017bona powiedzia\u0142a;\u00a0 jeste\u015bmy jak kiedy\u015b &#8211; razem. No &#8211; to chyba nie takie nic.<\/p>\n<p>Zastanawiam si\u0119 co zrobi\u0142aby Marysia, kt\u00f3r\u0105 ci\u0105gle wspominam\u00a0 w tym przypadku.<a href=\"https:\/\/htb.com.pl\/?product=zolnierze-ludowego-wojska-polskiego\"><img loading=\"lazy\" decoding=\"async\" class=\"size-full wp-image-3485 alignleft\" src=\"https:\/\/htb.com.pl\/wp-content\/uploads\/2019\/04\/weterani.jpg\" alt=\"\" width=\"200\" height=\"286\" \/><\/a> My\u015bl\u0119, \u017ce zacz\u0119\u0142aby uczy\u0107 prawdziwej historii, to pot\u0119\u017cny or\u0119\u017c w r\u0119kach Nauczycieli. M\u00f3wienie prawdy o Sanacji, obali\u0142o by mit J\u00f3zefa Pi\u0142sudskiego i dzisiejszy rz\u0105d opieraj\u0105cy sw\u0105 filozofi\u0119 rz\u0105dzenia na kulcie jednostki, musia\u0142by zacz\u0105\u0107 si\u0119 ba\u0107 &#8211; a wtedy&#8230;<\/p>\n<p>Nie zawsze z\u0142o mo\u017cna dobrem zwyci\u0119\u017ca\u0107, m\u00f3wi\u0142a Marysia podczas toastu w<a href=\"https:\/\/htb.com.pl\/?p=2793\"> Sylwestra 1986 roku<\/a>. Widzia\u0142em jak pracowa\u0142a nad rozwik\u0142aniem mordu na Ksi\u0119dzu Jerzym Popie\u0142uszce, widzia\u0142em w oczach tych co mieli co\u015b na sumieniu strach, gdy patrzy\u0142a na nich tymi swoimi kocimi oczami a na d\u0142oniach mia\u0142a sk\u00f3rzane r\u0119kawiczki. Ale widzia\u0142em te\u017c jej spotkania z porz\u0105dnymi lud\u017ami &#8211;\u00a0 jak ubrana w kostium m\u00f3wi\u0142a czym jest dobro, czym jest wolno\u015b\u0107. Dzi\u015b jest jeszcze czas, aby tak tworzy\u0107 nasz\u0105 wsp\u00f3\u0142czesn\u0105 histori\u0119 &#8211; trzymajmy si\u0119 tego, aby znowu nie trzeba by\u0142o tej historii zmienia\u0107, aby nie trzeba by\u0142o si\u0119 jej wstydzi\u0107.<\/p>\n<p>W\u0142a\u015bnie zako\u0144czy\u0142y si\u0119 rozmowy strajkuj\u0105cych Nauczycieli z &#8220;rz\u0105dem&#8221;, zako\u0144czy\u0142y si\u0119 niczym. Zrobi\u0142o si\u0119 smutno, zapyta\u0142em Dorotk\u0119 co znaczy, \u017ce teraz jeste\u015bcie razem?<a href=\"https:\/\/www.youtube.com\/watch?v=MALkSNPUrTQ\"><img loading=\"lazy\" decoding=\"async\" class=\"size-medium wp-image-3504 alignright\" src=\"https:\/\/htb.com.pl\/wp-content\/uploads\/2019\/04\/Dorotkak-300x166.jpg\" alt=\"\" width=\"300\" height=\"166\" srcset=\"https:\/\/htb.com.pl\/wp-content\/uploads\/2019\/04\/Dorotkak-300x166.jpg 300w, https:\/\/htb.com.pl\/wp-content\/uploads\/2019\/04\/Dorotkak-600x332.jpg 600w, https:\/\/htb.com.pl\/wp-content\/uploads\/2019\/04\/Dorotkak.jpg 640w\" sizes=\"auto, (max-width: 300px) 100vw, 300px\" \/><\/a> Dorotka pokaza\u0142a mi t\u0105 fotografi\u0119 i m\u00f3wi. W naszym pokoju nauczycielskim jest jak na tym koncercie &#8211; to kilka lat temu by\u0142o.<\/p>\n<p>Tak &#8211; kilka lat temu byli\u015bmy inni. Prosz\u0119 klikn\u0105\u0107 zdj\u0119cie, pos\u0142ucha\u0107 muzyki i przypomnie\u0107 sobie jak to kilka lat temu by\u0142o. Ka\u017cdy z nas by\u0142 kiedy\u015b na takim koncercie, kt\u00f3ry zapami\u0119ta\u0142 na zawsze.<\/p>\n<p>Z okazji \u015awi\u0105t Wielkiej Nocy, \u017cycz\u0119 Pa\u0144stwu, aby wr\u00f3ci\u0142 ten czas, gdy byli\u015bmy razem. Bycie razem nie oznacza, \u017ce wszyscy my\u015blimy tak samo ale oznacza, \u017ce szanujemy siebie nawzajem, pomimo naszych r\u00f3\u017cnic.<\/p>\n","protected":false},"excerpt":{"rendered":"<p>&nbsp; &nbsp; Po\u017car katedry Notre Dame. 15.04.2019. Sercem patrz, bo serce widzi to, czego oczy nie widz\u0105 &#8211; m\u00f3wi\u0142 Lis do Ma\u0142ego Ksi\u0119cia. Ksi\u0105\u017cka\u00a0Antoine de Saint-Exup\u00e9ry pojawi\u0142a si\u0119 na egzaminie \u00f3smoklasist\u00f3w. Pisa\u0142em, \u017ce czytam t\u0105 ksi\u0105\u017ck\u0119 co siedem lat, zacz\u0105\u0142em jak mia\u0142em siedem i tak do dzi\u015b. Za ka\u017cdym razem odkrywam co\u015b nowego. Jednak to, [&hellip;]<\/p>\n","protected":false},"author":1,"featured_media":3518,"comment_status":"open","ping_status":"open","sticky":false,"template":"","format":"standard","meta":{"_jetpack_memberships_contains_paid_content":false,"footnotes":""},"categories":[4],"tags":[398,384],"class_list":["post-3473","post","type-post","status-publish","format-standard","has-post-thumbnail","hentry","category-daty-i-fakty-blog","tag-jak-pokonac-kaczynskiego","tag-strajk-nauczycieli"],"jetpack_sharing_enabled":true,"jetpack_featured_media_url":"https:\/\/htb.com.pl\/wp-content\/uploads\/2019\/04\/Po\u017car.jpg","_links":{"self":[{"href":"https:\/\/htb.com.pl\/index.php?rest_route=\/wp\/v2\/posts\/3473","targetHints":{"allow":["GET"]}}],"collection":[{"href":"https:\/\/htb.com.pl\/index.php?rest_route=\/wp\/v2\/posts"}],"about":[{"href":"https:\/\/htb.com.pl\/index.php?rest_route=\/wp\/v2\/types\/post"}],"author":[{"embeddable":true,"href":"https:\/\/htb.com.pl\/index.php?rest_route=\/wp\/v2\/users\/1"}],"replies":[{"embeddable":true,"href":"https:\/\/htb.com.pl\/index.php?rest_route=%2Fwp%2Fv2%2Fcomments&post=3473"}],"version-history":[{"count":48,"href":"https:\/\/htb.com.pl\/index.php?rest_route=\/wp\/v2\/posts\/3473\/revisions"}],"predecessor-version":[{"id":3576,"href":"https:\/\/htb.com.pl\/index.php?rest_route=\/wp\/v2\/posts\/3473\/revisions\/3576"}],"wp:featuredmedia":[{"embeddable":true,"href":"https:\/\/htb.com.pl\/index.php?rest_route=\/wp\/v2\/media\/3518"}],"wp:attachment":[{"href":"https:\/\/htb.com.pl\/index.php?rest_route=%2Fwp%2Fv2%2Fmedia&parent=3473"}],"wp:term":[{"taxonomy":"category","embeddable":true,"href":"https:\/\/htb.com.pl\/index.php?rest_route=%2Fwp%2Fv2%2Fcategories&post=3473"},{"taxonomy":"post_tag","embeddable":true,"href":"https:\/\/htb.com.pl\/index.php?rest_route=%2Fwp%2Fv2%2Ftags&post=3473"}],"curies":[{"name":"wp","href":"https:\/\/api.w.org\/{rel}","templated":true}]}}