{"id":349,"date":"2018-05-04T13:12:14","date_gmt":"2018-05-04T13:12:14","guid":{"rendered":"http:\/\/htb.com.pl\/?p=349"},"modified":"2023-05-03T09:05:56","modified_gmt":"2023-05-03T09:05:56","slug":"dzien-flagi","status":"publish","type":"post","link":"https:\/\/htb.com.pl\/?p=349","title":{"rendered":"Dzie\u0144 Flagi"},"content":{"rendered":"<p><img loading=\"lazy\" decoding=\"async\" class=\"alignnone size-full wp-image-350\" src=\"http:\/\/htb.com.pl\/wp-content\/uploads\/2018\/05\/kolumna.jpg\" alt=\"\" width=\"275\" height=\"183\" \/>\u00a0 Kolumna Zwyci\u0119stwa w Berlinie. Tu 2 maja 1945 \u017bo\u0142nierze Polscy zawiesili flag\u0119.<\/p>\n<p><a href=\"https:\/\/htb.com.pl\/wp-content\/uploads\/2023\/05\/Dzien-flagi.mp3\"><img loading=\"lazy\" decoding=\"async\" class=\"alignnone wp-image-2020 size-medium\" src=\"https:\/\/htb.com.pl\/wp-content\/uploads\/2018\/04\/posluchaj-300x280.jpg\" alt=\"\" width=\"300\" height=\"280\" srcset=\"https:\/\/htb.com.pl\/wp-content\/uploads\/2018\/04\/posluchaj-300x280.jpg 300w, https:\/\/htb.com.pl\/wp-content\/uploads\/2018\/04\/posluchaj-768x716.jpg 768w, https:\/\/htb.com.pl\/wp-content\/uploads\/2018\/04\/posluchaj-1024x955.jpg 1024w, https:\/\/htb.com.pl\/wp-content\/uploads\/2018\/04\/posluchaj-600x560.jpg 600w, https:\/\/htb.com.pl\/wp-content\/uploads\/2018\/04\/posluchaj.jpg 1158w\" sizes=\"auto, (max-width: 300px) 100vw, 300px\" \/><\/a><\/p>\n<p>Pisz\u0119 te s\u0142owa 2 maja 2018 roku. To Dzie\u0144 Flagi, obchodz\u0119 go od 1987 roku, chocia\u017c zosta\u0142 ustanowiony dopiero \u00a020 lutego 2004 roku. Chodzi\u0142o g\u0142\u00f3wnie o to, \u017ceby flaga powieszona pierwszego maja mog\u0142a wisie\u0107 do trzeciego maja. Ja Dzie\u0144 Flagi obchodz\u0119 z zupe\u0142nie innego powodu. Prosz\u0119 przeczyta\u0107 reszt\u0119, wyja\u015bni\u0119.<\/p>\n<p>Za \u201ekomuny\u201d by\u0142 z tym problem. Bardzo pilnowano, \u017ceby flagi po pierwszym maja znikn\u0119\u0142y. \u015awi\u0119to Konstytucji 3 &#8211; go maja nie by\u0142o obchodzone. Konstytucja PRL- lowska, uznaj\u0105ca przewodni\u0105 rol\u0119 partii i sojusz z ZSRR to dokument, kt\u00f3rym nie nale\u017cy si\u0119 chwali\u0107. Obecna Konstytucja to bardzo dobry dokument. \u0179le, \u017ce to my prezydenta wybieramy i mo\u017cliwo\u015bci wprowadzenia EUR nie mamy, no ale obecni nasi rz\u0105dz\u0105cy tego nie zmieni\u0105. Im to ta stara PRL \u2013 lowska z przewodnia rola PiS &#8211; u by pasowa\u0142a.<\/p>\n<p>Wr\u00f3\u0107my jednak do flagi. Tak naprawd\u0119 to mamy dwie &#8211; bia\u0142o czerwona i unijn\u0105. T\u0105 jednak nasi \u017ali politycy szmata nazywaj\u0105. Teraz akurat uchwalany jest bud\u017cet unijny,\u00a0 chwilowo Unia Europejska \u00a0jest cacy ale generalnie jest be.<\/p>\n<p>W roku 1987, 2 maja to by\u0142a sobota. Odwiedzi\u0142em w Warszawie moj\u0105 dziewczyn\u0119, Tancerk\u0119. T\u0105 z poprzednich wpis\u00f3w. By\u0142a ju\u017c chora ale pracowa\u0142a.\u00a0 Przyszed\u0142em do jej biura. Mia\u0142a co\u015b do napisania na maszynie, powiedzia\u0142a, \u017ce za godzink\u0119 b\u0119dzie za pi\u0119\u0107 trzecia.\u00a0 To by\u0142a godzina dziesi\u0105ta &#8211;\u00a0 nie da\u0142em si\u0119 nabra\u0107. \u201eZa pi\u0119\u0107 trzecia bierz kapot\u0119 pi\u2026ol majstra i robot\u0119\u201d, zna\u0142em to powiedzenie.\u00a0 Popatrzy\u0142em przez okno, na chodniku le\u017ca\u0142a flaga. Kto\u015b z pierwszomajowego pochodu wraca\u0142 i porzuci\u0142. Poszed\u0142em i przynios\u0142em. Dobrze Jasiu zrobi\u0142e\u015b, pochwali\u0142a mnie Tancerka, a teraz powie\u015b w oknie.\u00a0 Gdy umocowa\u0142em flag\u0119 uca\u0142owa\u0142am mnie i m\u00f3wi &#8211; \u015blicznie, a teraz wymy\u015bl co\u015b, \u017ceby jak przyjdzie \u201ecie\u0107\u201d nie trzeba by\u0142o jej zdejmowa\u0107. Bo widzisz, ta flaga\u00a0 dzi\u015b powinna wisie\u0107. Mo\u017ce nie trzeba by\u0142o jej wiesza\u0107 wczoraj, pierwszego maja, mo\u017ce niekoniecznie trzeba j\u0105 wiesza\u0107\u00a0 jutro, trzeciego maja ale dzi\u015b musi wisie\u0107. Powiem ci tylko\u00a0 tyle, twoja s\u0105siadka\u00a0 wiedzia\u0142aby czemu ma wisie\u0107. Zacz\u0119\u0142a swoje stukanie w klawisze maszyny, a ja zastanawia\u0142em si\u0119 o co jej chodzi. Zna\u0142a tylko jedn\u0105 moj\u0105 s\u0105siadk\u0119 ale nie z Chorzelowa tylko z Zaklikowa. Pani\u0105 kt\u00f3ra przesz\u0142a szlak bojowy I Armii Wojska Polskiego od Lenino do Berlina, jako sanitariuszka. Pani ta nigdy nie rozmawia\u0142a z nikim o tym co przesz\u0142a na froncie, nie nale\u017ca\u0142a nawet do Kombatant\u00f3w. Jednak z Tancerka o wojnie rozmawia\u0142a ch\u0119tnie. Moja Tancerka \u00a0budzi\u0142a niezwyk\u0142e zaufanie, sprawia\u0142a, \u017ce cz\u0142owiek czu\u0142 si\u0119 przy niej bezpieczny.<\/p>\n<p>Cie\u0107 idzie powiedzia\u0142a Tancerka. No i drzwi si\u0119 otworzy\u0142y. Pani Dyrektor, w Pani oknie flaga wisi, wykrzykn\u0105\u0142. Zdejm\u0119, nie chc\u0119 mie\u0107 problem\u00f3w. Da\u0142bym g\u0142ow\u0119, \u017ce rano jej nie by\u0142o. To on, wskaza\u0142a na mnie Tancerka &#8211; powiesi\u0142 j\u0105 przed chwila. Lepiej Pan jej nie zdejmuj, bo \u0142eb panu rozwali. Starszy Pan popatrzy\u0142 na mnie badawczym wzrokiem. Mnie za\u015b ol\u015bni\u0142o. Odchrz\u0105kn\u0105\u0142em, \u017ceby tembr g\u0142osu zmieni\u0107 i g\u0142osem kaprala pytam. Komu flaga przeszkadza? Byli\u015bcie w wojsku? Tak pad\u0142a odpowied\u017a. Jaki macie stopie\u0144? Teraz plutonowy. Dlaczego nie jeste\u015bcie w mundurze? Zaraz ubior\u0119, prasowa\u0142em. Co to jest? Co z was za\u00a0\u00a0 stra\u017cnik? Jak si\u0119 nazywacie? Wystraszony Pan przedstawi\u0142 si\u0119. Teraz ju\u017c \u0142agodnym g\u0142osem powiedzia\u0142em. S\u0142uchajcie &#8211; w\u0142a\u015bnie drugiego maja, a dzi\u015b jest drugi maja, w 1945 roku w zdobywanym Berlinie, na Kolumnie Zwyci\u0119stwa nasi Ko\u015bciuszkowcy powiesili bia\u0142o czerwon\u0105 flag\u0119. Nast\u0119pnego dnia pu\u0142kownik Jaroszewicz zameldowa\u0142 o tym polskim w\u0142adzom w kraju. Wiecie kt\u00f3ry to Jaroszewicz? Ta \u2013 ten co go do pierdla wsadzili\u015bcie. Ale wyszed\u0142, amnestia by\u0142a. Teraz szuka tych co go tam wsadzili. Chcecie, \u017ceby i was poszuka\u0142? Nie! No &#8211; to zostawcie flag\u0119.<\/p>\n<p>Facet wyszed\u0142. Wiesz co Jasiu, ty jeste\u015b prawie taki sam skurwiel \u00a0jak ja. Jak oni tam w tym tartaku z tob\u0105 wytrzymuj\u0105? Gdy oddawali\u015bmy klucze od biura, stra\u017cnik zameldowa\u0142, \u017ce powiesi\u0142 6 flag, do pozosta\u0142ych pomieszcze\u0144 klucze s\u0105 poplombowane referentkami. Taka plastelina w kapslu po piwie i sznurek.<\/p>\n<p>Gdy wyszli\u015bmy przed budynek flagi rzeczywi\u015bcie powiewa\u0142y pi\u0119knie. Poda\u0142em d\u0142o\u0144 stra\u017cnikowi, prosz\u0119 si\u0119 na mnie nie gniewa\u0107, powiedzia\u0142em. Nie gniewam si\u0119, ja nie by\u0142em w Berlinie,\u00a0 pod Budziszynem by\u0142em. Powinienem pami\u0119ta\u0107 o tych co w Berlinie flagi wieszali. Gdyby te flagi si\u0119 komu\u015b nie podoba\u0142y, to prosz\u0119 powiedzie\u0107, \u017ce ja kaza\u0142am powiesi\u0107, powiedzia\u0142a Tancerka. To nie b\u0119dzie konieczne, ja potrafi\u0119 obroni\u0107 te flagi, powiedzia\u0142 stra\u017cnik. Pa\u0144stwo sprawcie, \u017ceby nie zapomniano o Ko\u015bciuszkowcach, o tych co te flag\u0119 w zdobytym Berlinie wieszali. Tego nie mo\u017cemy Panu obieca\u0107, powiedzia\u0142a Tancerka i Pan to wie.<\/p>\n<p>D\u0142ugo nie mogli\u015bmy si\u0119 z tym starszym Panem rozsta\u0107. Opowiedzia\u0142 nam o swojej s\u0142u\u017cbie w II Armii Wojska Polskiego. Opowiada\u0142 \u017ce na pocz\u0105tku nie walczy\u0142 bo nie mia\u0142 but\u00f3w ale jak zdoby\u0142 buty bra\u0142 udzia\u0142 w walkach nad Nysa \u0141u\u017cycka i bod Budziszynem. Przez dwa tygodnie straty w ludziach wynios\u0142y 4902 poleg\u0142ych, 2798 zaginionych bez wie\u015bci, 10\u00a0532 rannych. Stanowi\u0142o to 27% strat Ludowego Wojska Polskiego od pa\u017adziernika 1943 roku, do maja 1945.<\/p>\n<p>Strasznie mi by\u0142o g\u0142upio, \u017ce tak potraktowa\u0142em tego cz\u0142owieka. Ten chyba to zauwa\u017cy\u0142. Powiedzia\u0142 \u2013 nie by\u0142o polskich dow\u00f3dc\u00f3w, ponad po\u0142owa to ruskie, oni nie patrzyli na straty w ludziach. Dlatego tak to wygl\u0105da\u0142o. Nabra\u0142 mnie pan ale chyba rzeczywi\u015bcie dowodzi\u0142 pan w wojsku.\u00a0 Tak &#8211; ale honory to ja Panu powinienem oddawa\u0107, powiedzia\u0142em \u017cegnaj\u0105c stra\u017cnika.<\/p>\n<p>Wpad\u0142a mi w\u0142a\u015bnie w r\u0119ce ksi\u0105\u017cka Ma\u0142gorzaty Szejnert \u201eWyspa W\u0119\u017cy\u201d \u00a0o obozie dla polskich oficer\u00f3w w czasie II wojny \u015bwiatowej na wyspie w\u0119\u017cy w Szkocji. Panowie oficerowie chlali, donosili na siebie, szukali winnych kl\u0119sk, wrze\u015bniowej i tych podczas ucieczki\u00a0 z kraju.\u00a0 Sikorski musia\u0142 ob\u00f3z koncentracyjny dla nich utworzy\u0107, \u017ceby zrobi\u0107 chocia\u017c troch\u0119 porz\u0105dku.<\/p>\n<p><a href=\"https:\/\/htb.com.pl\/?product=wyspa-wezy\"><img loading=\"lazy\" decoding=\"async\" class=\"size-medium wp-image-416 alignleft\" src=\"https:\/\/htb.com.pl\/wp-content\/uploads\/2018\/05\/Wyspa-W\u0119\u017cy-203x300.jpg\" alt=\"\" width=\"203\" height=\"300\" srcset=\"https:\/\/htb.com.pl\/wp-content\/uploads\/2018\/05\/Wyspa-W\u0119\u017cy-203x300.jpg 203w, https:\/\/htb.com.pl\/wp-content\/uploads\/2018\/05\/Wyspa-W\u0119\u017cy-691x1024.jpg 691w, https:\/\/htb.com.pl\/wp-content\/uploads\/2018\/05\/Wyspa-W\u0119\u017cy-600x889.jpg 600w, https:\/\/htb.com.pl\/wp-content\/uploads\/2018\/05\/Wyspa-W\u0119\u017cy.jpg 729w\" sizes=\"auto, (max-width: 203px) 100vw, 203px\" \/><\/a><\/p>\n<p>Jak pomy\u015bl\u0119, \u017ce wyszkoleni oficerowie sprz\u0105tali g\u00f3wna w lesie, a tu polskim wojskiem na froncie dowodzili niepi\u015bmienni sowieci, szlag mnie trafia. \u017bo\u0142nierz w kraju nie m\u00f3g\u0142 walczy\u0107 bo but\u00f3w nie mia\u0142, a tam panowie oficerowie po hotelach si\u0119 rozbijali. Dzi\u015b ludzie kultywuj\u0105cy etos sanacyjnej polityki \u00a0doszli do w\u0142adzy. Czyta\u0142em, \u017ce w\u0142a\u015bnie \u201eDam\u0119 z gronostajem\u201d \u00a0i kolekcj\u0119 Czartoryskich za 100 mln euro nam sprzedali.\u00a0 Sprzedali\u015bcie \u00a0nam nasz obraz! Nasz, bo zostawili\u015bcie ten kraj spieprzaj\u0105c w trzydziestym dziewi\u0105tym przez Zaleszczyki tylko dudni\u0142o na mo\u015bcie. Potem \u015bmiali\u015bcie \u00a0si\u0119 jak Polacy kraj odbudowywali ze zniszcze\u0144 wojennych. \u015amiali\u015bcie si\u0119 z wielkiej p\u0142yty. M\u00f3wili\u015bcie, \u017ce postoi 30 lat. Trzecie pokolenie mieszka w tych blokach. To by\u0142a rewolucja, rewolucja, kt\u00f3ra tak Panu Jaros\u0142awowi Kaczy\u0144skiemu si\u0119 marzy. Panie Jaros\u0142awie, teraz\u00a0 wszystko jest inaczej. Pan nie rozumie tego \u015bwiata. Prosz\u0119 uwierzy\u0107, teraz trzeba pracowa\u0107, rewolucja ju\u017c by\u0142a.<\/p>\n<p>Ko\u0144cz\u0119 ten wpis 3-go maja 2018 roku. W\u0142a\u015bnie wr\u00f3cili\u015bmy z \u017bona z Ko\u015bcio\u0142a. Dzi\u015b \u015awi\u0119to Konstytucji 3 \u2013 go Maja i Ko\u015bcielne \u015awi\u0119to Marii Kr\u00f3lowej Polski. Do ko\u015bcio\u0142a mamy ponad dwa kilometry. Po drodze jest osiedle dom\u00f3w jednorodzinnych, du\u017co firm, stacje paliw, sklepy, banki, bloki z mn\u00f3stwem balkon\u00f3w. Naliczy\u0142em 5, s\u0142ownie pi\u0119\u0107 flag. Ludzie wstydz\u0105 si\u0119 wiesza\u0107 flagi. Widz\u0105 bowiem, \u017ce wieszaj\u0105 je te\u017c \u017ali politycy. Nie chc\u0105 si\u0119 z nimi uto\u017csamia\u0107. Do nich, do z\u0142ych polityk\u00f3w \u00a0si\u0119 wi\u0119c zwracam \u2013 kochani, te barwy bia\u0142o czerwone symbolizuj\u0105 \u2013 bia\u0142y czysto\u015b\u0107 i niepokalanie, a czerwony odwag\u0119 i waleczno\u015b\u0107. To w waszych r\u0119kach jest moc sprawcza, \u017ceby dla wszystkich znaczy\u0142y \u00a0to samo. By\u0142o tak zanim przej\u0119li\u015bcie w\u0142adz\u0119.<\/p>\n","protected":false},"excerpt":{"rendered":"<p>\u00a0 Kolumna Zwyci\u0119stwa w Berlinie. Tu 2 maja 1945 \u017bo\u0142nierze Polscy zawiesili flag\u0119. Pisz\u0119 te s\u0142owa 2 maja 2018 roku. To Dzie\u0144 Flagi, obchodz\u0119 go od 1987 roku, chocia\u017c zosta\u0142 ustanowiony dopiero \u00a020 lutego 2004 roku. Chodzi\u0142o g\u0142\u00f3wnie o to, \u017ceby flaga powieszona pierwszego maja mog\u0142a wisie\u0107 do trzeciego maja. Ja Dzie\u0144 Flagi obchodz\u0119 z [&hellip;]<\/p>\n","protected":false},"author":1,"featured_media":0,"comment_status":"open","ping_status":"open","sticky":false,"template":"","format":"standard","meta":{"_jetpack_memberships_contains_paid_content":false,"footnotes":""},"categories":[4],"tags":[],"class_list":["post-349","post","type-post","status-publish","format-standard","hentry","category-daty-i-fakty-blog"],"jetpack_sharing_enabled":true,"jetpack_featured_media_url":"","_links":{"self":[{"href":"https:\/\/htb.com.pl\/index.php?rest_route=\/wp\/v2\/posts\/349","targetHints":{"allow":["GET"]}}],"collection":[{"href":"https:\/\/htb.com.pl\/index.php?rest_route=\/wp\/v2\/posts"}],"about":[{"href":"https:\/\/htb.com.pl\/index.php?rest_route=\/wp\/v2\/types\/post"}],"author":[{"embeddable":true,"href":"https:\/\/htb.com.pl\/index.php?rest_route=\/wp\/v2\/users\/1"}],"replies":[{"embeddable":true,"href":"https:\/\/htb.com.pl\/index.php?rest_route=%2Fwp%2Fv2%2Fcomments&post=349"}],"version-history":[{"count":16,"href":"https:\/\/htb.com.pl\/index.php?rest_route=\/wp\/v2\/posts\/349\/revisions"}],"predecessor-version":[{"id":84862,"href":"https:\/\/htb.com.pl\/index.php?rest_route=\/wp\/v2\/posts\/349\/revisions\/84862"}],"wp:attachment":[{"href":"https:\/\/htb.com.pl\/index.php?rest_route=%2Fwp%2Fv2%2Fmedia&parent=349"}],"wp:term":[{"taxonomy":"category","embeddable":true,"href":"https:\/\/htb.com.pl\/index.php?rest_route=%2Fwp%2Fv2%2Fcategories&post=349"},{"taxonomy":"post_tag","embeddable":true,"href":"https:\/\/htb.com.pl\/index.php?rest_route=%2Fwp%2Fv2%2Ftags&post=349"}],"curies":[{"name":"wp","href":"https:\/\/api.w.org\/{rel}","templated":true}]}}