{"id":34967,"date":"2020-12-25T13:29:14","date_gmt":"2020-12-25T13:29:14","guid":{"rendered":"https:\/\/htb.com.pl\/?p=34967"},"modified":"2020-12-25T14:44:04","modified_gmt":"2020-12-25T14:44:04","slug":"koniunkcja","status":"publish","type":"post","link":"https:\/\/htb.com.pl\/?p=34967","title":{"rendered":"Koniunkcja"},"content":{"rendered":"\n<p><\/p>\n\n\n\n<figure class=\"wp-block-image size-thumbnail\"><a href=\"https:\/\/htb.com.pl\/wp-content\/uploads\/2020\/12\/Koniunkcja.mp3\"><img loading=\"lazy\" decoding=\"async\" width=\"150\" height=\"150\" src=\"https:\/\/htb.com.pl\/wp-content\/uploads\/2018\/04\/posluchaj-150x150.jpg\" alt=\"\" class=\"wp-image-2020\" srcset=\"https:\/\/htb.com.pl\/wp-content\/uploads\/2018\/04\/posluchaj-150x150.jpg 150w, https:\/\/htb.com.pl\/wp-content\/uploads\/2018\/04\/posluchaj-300x300.jpg 300w, https:\/\/htb.com.pl\/wp-content\/uploads\/2018\/04\/posluchaj-100x100.jpg 100w\" sizes=\"auto, (max-width: 150px) 100vw, 150px\" \/><\/a><\/figure>\n\n\n\n<p>S\u0142owo to kojarzy mi si\u0119 ze \u015awi\u0119tami Bo\u017cego Narodzenia. Jako dziecko wypatrywa\u0142em pierwszej gwiazdki w wigili\u0119, a Rodzice m\u00f3wili, \u017ce ta gwiazdka nazywa si\u0119 koniunkcja. Du\u017co p\u00f3\u017aniej zrozumia\u0142em, \u017ce Wenus i Mars w jednej linii widziane z ziemi tworz\u0105 bardzo jasny punkt i to jest w\u0142a\u015bnie koniunkcja. To znak, \u017ce narodzi\u0142 si\u0119 Jezus, na kt\u00f3rego czekali\u015bmy &#8211; co\u015b si\u0119 zacz\u0119\u0142o i co\u015b sko\u0144czy\u0142o. \u017byczymy sobie, \u017ceby to co si\u0119 zacz\u0119\u0142o by\u0142o dobre, ostatni rok pokaza\u0142, \u017ce jest r\u00f3\u017cnie. Tu mam dwa powiedzenia cz\u0119sto przytaczane na moim blogu; <strong>zawsze mo\u017ce by\u0107 gorzej i nie ma tego z\u0142ego, co by na dobre nie wysz\u0142o<\/strong>. Bardzo mi si\u0119 te powiedzenia podobaj\u0105 &#8211; depresji zapobiegaj\u0105.<\/p>\n\n\n\n<p>My\u015bl\u0119 jednak, \u017ce ta moje postawa ma te\u017c inne pod\u0142o\u017ce &#8211; to te 14 miesi\u0119cy, kiedy spotyka\u0142em si\u0119 z Marysi\u0105 (wcze\u015bniejsze wpisy). Niby nic &#8211; okres, kt\u00f3ry por\u00f3wnany do moich 60-si\u0119ciu lat, to tylko  nieca\u0142e 2% dotychczasowego mojego \u017cycia &#8211; prawie nic i a\u017c tyle. <\/p>\n\n\n\n<p>Te moje opowiadania staram si\u0119 pisa\u0107 z jej perspektywy, a 6 grudnia to  bardzo wa\u017cna data dla \u015bwiata Marysi. Dzi\u015b zapomniana, niedoceniana, a nawet wy\u015bmiewana. W 1986 roku zainaugurowano dzia\u0142alno\u015b\u0107 Rady Konsultacyjnej, kt\u00f3ra doprowadzi\u0142a do obrad okr\u0105g\u0142ego sto\u0142u. Alternatyw\u0105 by\u0142a wojna domowa. Widzia\u0142em zdj\u0119cia okropno\u015bci z Hiszpanii i Ugandy &#8211; nigdy tych fotografii nie zapomn\u0119. Pozdrawiam Nar\u00f3d Ugandyjski i ich Prezydenta Yewri Sewemi. <a href=\"https:\/\/htb.com.pl\/?product=uganda\"><img loading=\"lazy\" decoding=\"async\" width=\"150\" height=\"221\" class=\"wp-image-35105\" style=\"width: 150px;\" src=\"https:\/\/htb.com.pl\/wp-content\/uploads\/2020\/12\/Uganda.jpg\" alt=\"\"><\/a> Rz\u0105dzi tam od 1986 roku. Mery Chrysmas, Krismas in diema (suahili). wtedy  im tam i nam si\u0119 uda\u0142o, bo patronat nad Rad\u0105 Konsultacyjn\u0105 po prostu wrogom si\u0119 odda\u0142o, a po swojemu obradowa\u0142o. Ani Rada Koordynacyjna na Bia\u0142orusi, ani Rada Konsultacyjna Strajku Kobiet tego nie zrobi\u0142a i chyba sw\u0105 szans\u0119 straci\u0142a. Ja wiem, \u017ce ten numer z patronatem  Marysia zrobi\u0142a, Ona inaczej \u015bwiat widzia\u0142a i nieprawdopodobna wyobra\u017ani\u0119 mia\u0142a.<\/p>\n\n\n\n<p> Dzi\u015b gwiazd\u0105 by by\u0142a, jak Pani <strong>Ursula<\/strong> <strong>von<\/strong> <strong>der<\/strong> <strong>Leyen<\/strong>, kt\u00f3ra w\u0142a\u015bnie z Wielk\u0105 Brytani\u0105 umow\u0119 handlow\u0105 podpisa\u0142a. Dokona\u0142a czego\u015b, czego \u017cadna frakcja rz\u0105dzona przez m\u0119\u017cczyzn zrobi\u0107 nie umia\u0142a. Banda Putina przegra\u0142a &#8211; Marysia przed nimi ostrzega\u0142a. <\/p>\n\n\n\n<p>Rosjanie patrz\u0105 z Moskwy w kierunku zachodnim i widz\u0105 koniunkcj\u0119 gwiazd \u015bwiatowej polityki. Wspomnian\u0105 ju\u017c Ursul\u0119 von der Leyen <img loading=\"lazy\" decoding=\"async\" width=\"150\" height=\"200\" class=\"wp-image-35101\" style=\"width: 150px;\" src=\"https:\/\/htb.com.pl\/wp-content\/uploads\/2020\/12\/Ursula.jpg\" alt=\"\"> i Kanclerz Niemiec Angel\u0119&nbsp;Merkel. <img loading=\"lazy\" decoding=\"async\" width=\"110\" height=\"160\" class=\"wp-image-35102\" style=\"width: 110px;\" src=\"https:\/\/htb.com.pl\/wp-content\/uploads\/2020\/12\/Angela.jpg\" alt=\"\"> Warszawa nie \u015bwieci zbyt jasno, tu ich dzia\u0142ania sprawi\u0142y, \u017ce nasi politycy do ich linii si\u0119 przychylili. Ale Pani V\u011bra Jourov\u00e1 to zauwa\u017cy\u0142a i Warszaw\u0119 odwiedzi\u0142a. <img loading=\"lazy\" decoding=\"async\" width=\"150\" height=\"100\" class=\"wp-image-35099\" style=\"width: 150px;\" src=\"https:\/\/htb.com.pl\/wp-content\/uploads\/2020\/12\/Senat.jpg\" alt=\"\" srcset=\"https:\/\/htb.com.pl\/wp-content\/uploads\/2020\/12\/Senat.jpg 780w, https:\/\/htb.com.pl\/wp-content\/uploads\/2020\/12\/Senat-300x200.jpg 300w, https:\/\/htb.com.pl\/wp-content\/uploads\/2020\/12\/Senat-768x512.jpg 768w, https:\/\/htb.com.pl\/wp-content\/uploads\/2020\/12\/Senat-600x400.jpg 600w\" sizes=\"auto, (max-width: 150px) 100vw, 150px\" \/> Gdyby dziewczyny ze strajku kobiet j\u0105 swoj\u0105 sw\u0105 patronk\u0105 zrobi\u0142y, to mo\u017ce by zwyci\u0119\u017cy\u0142y. <\/p>\n\n\n\n<p>Tego Polsce \u017cycz\u0119.<\/p>\n","protected":false},"excerpt":{"rendered":"<p>S\u0142owo to kojarzy mi si\u0119 ze \u015awi\u0119tami Bo\u017cego Narodzenia. Jako dziecko wypatrywa\u0142em pierwszej gwiazdki w wigili\u0119, a Rodzice m\u00f3wili, \u017ce ta gwiazdka nazywa si\u0119 koniunkcja. Du\u017co p\u00f3\u017aniej zrozumia\u0142em, \u017ce Wenus i Mars w jednej linii widziane z ziemi tworz\u0105 bardzo jasny punkt i to jest w\u0142a\u015bnie koniunkcja. To znak, \u017ce narodzi\u0142 si\u0119 Jezus, na kt\u00f3rego [&hellip;]<\/p>\n","protected":false},"author":1,"featured_media":35107,"comment_status":"open","ping_status":"open","sticky":false,"template":"","format":"standard","meta":{"_jetpack_memberships_contains_paid_content":false,"footnotes":""},"categories":[4],"tags":[695],"class_list":["post-34967","post","type-post","status-publish","format-standard","has-post-thumbnail","hentry","category-daty-i-fakty-blog","tag-koniunkcja"],"jetpack_sharing_enabled":true,"jetpack_featured_media_url":"https:\/\/htb.com.pl\/wp-content\/uploads\/2020\/12\/Choinka.jpg","_links":{"self":[{"href":"https:\/\/htb.com.pl\/index.php?rest_route=\/wp\/v2\/posts\/34967","targetHints":{"allow":["GET"]}}],"collection":[{"href":"https:\/\/htb.com.pl\/index.php?rest_route=\/wp\/v2\/posts"}],"about":[{"href":"https:\/\/htb.com.pl\/index.php?rest_route=\/wp\/v2\/types\/post"}],"author":[{"embeddable":true,"href":"https:\/\/htb.com.pl\/index.php?rest_route=\/wp\/v2\/users\/1"}],"replies":[{"embeddable":true,"href":"https:\/\/htb.com.pl\/index.php?rest_route=%2Fwp%2Fv2%2Fcomments&post=34967"}],"version-history":[{"count":11,"href":"https:\/\/htb.com.pl\/index.php?rest_route=\/wp\/v2\/posts\/34967\/revisions"}],"predecessor-version":[{"id":35113,"href":"https:\/\/htb.com.pl\/index.php?rest_route=\/wp\/v2\/posts\/34967\/revisions\/35113"}],"wp:featuredmedia":[{"embeddable":true,"href":"https:\/\/htb.com.pl\/index.php?rest_route=\/wp\/v2\/media\/35107"}],"wp:attachment":[{"href":"https:\/\/htb.com.pl\/index.php?rest_route=%2Fwp%2Fv2%2Fmedia&parent=34967"}],"wp:term":[{"taxonomy":"category","embeddable":true,"href":"https:\/\/htb.com.pl\/index.php?rest_route=%2Fwp%2Fv2%2Fcategories&post=34967"},{"taxonomy":"post_tag","embeddable":true,"href":"https:\/\/htb.com.pl\/index.php?rest_route=%2Fwp%2Fv2%2Ftags&post=34967"}],"curies":[{"name":"wp","href":"https:\/\/api.w.org\/{rel}","templated":true}]}}