{"id":35285,"date":"2020-12-31T11:44:47","date_gmt":"2020-12-31T11:44:47","guid":{"rendered":"https:\/\/htb.com.pl\/?p=35285"},"modified":"2020-12-31T13:29:15","modified_gmt":"2020-12-31T13:29:15","slug":"nasze-szczepienia","status":"publish","type":"post","link":"https:\/\/htb.com.pl\/?p=35285","title":{"rendered":"Nasze szczepienia"},"content":{"rendered":"\n<figure class=\"wp-block-image size-large\"><img loading=\"lazy\" decoding=\"async\" width=\"729\" height=\"308\" src=\"https:\/\/htb.com.pl\/wp-content\/uploads\/2020\/12\/Pierwsze.jpg\" alt=\"\" class=\"wp-image-35286\" srcset=\"https:\/\/htb.com.pl\/wp-content\/uploads\/2020\/12\/Pierwsze.jpg 729w, https:\/\/htb.com.pl\/wp-content\/uploads\/2020\/12\/Pierwsze-300x127.jpg 300w, https:\/\/htb.com.pl\/wp-content\/uploads\/2020\/12\/Pierwsze-600x253.jpg 600w\" sizes=\"auto, (max-width: 729px) 100vw, 729px\" \/><\/figure>\n\n\n\n<p><\/p>\n\n\n\n<figure class=\"wp-block-image size-thumbnail\"><a href=\"https:\/\/htb.com.pl\/wp-content\/uploads\/2020\/12\/Nasze-szczepienia.mp3\"><img loading=\"lazy\" decoding=\"async\" width=\"150\" height=\"150\" src=\"https:\/\/htb.com.pl\/wp-content\/uploads\/2018\/04\/posluchaj-150x150.jpg\" alt=\"\" class=\"wp-image-2020\" srcset=\"https:\/\/htb.com.pl\/wp-content\/uploads\/2018\/04\/posluchaj-150x150.jpg 150w, https:\/\/htb.com.pl\/wp-content\/uploads\/2018\/04\/posluchaj-300x300.jpg 300w, https:\/\/htb.com.pl\/wp-content\/uploads\/2018\/04\/posluchaj-100x100.jpg 100w\" sizes=\"auto, (max-width: 150px) 100vw, 150px\" \/><\/a><\/figure>\n\n\n\n<p>W Centralnym Szpitalu Klinicznym MSWiA w Warszawie zaszczepiono pierwsz\u0105 osob\u0119 na COVID-19 w Polsce &#8211; naczeln\u0105 piel\u0119gniark\u0119 szpitala Alicj\u0119 Jakubowsk\u0105. Zaszczepi\u0142 j\u0105 dr Artur Zaczy\u0144ski.<\/p>\n\n\n\n<p>Patrz\u0119 na  zdj\u0119cie i mam nadziej\u0119, \u017ce b\u0119dzie historyczne i nie podzieli losu tego zdj\u0119cia.<\/p>\n\n\n\n<figure class=\"wp-block-image size-large\"><img loading=\"lazy\" decoding=\"async\" width=\"800\" height=\"589\" src=\"https:\/\/htb.com.pl\/wp-content\/uploads\/2019\/08\/Lenino.jpg\" alt=\"\" class=\"wp-image-7575\" srcset=\"https:\/\/htb.com.pl\/wp-content\/uploads\/2019\/08\/Lenino.jpg 800w, https:\/\/htb.com.pl\/wp-content\/uploads\/2019\/08\/Lenino-300x221.jpg 300w, https:\/\/htb.com.pl\/wp-content\/uploads\/2019\/08\/Lenino-768x565.jpg 768w, https:\/\/htb.com.pl\/wp-content\/uploads\/2019\/08\/Lenino-600x442.jpg 600w\" sizes=\"auto, (max-width: 800px) 100vw, 800px\" \/><figcaption>Lenino, Bia\u00b3oru\u009c, 12.10.1943 r. Pierwsza bitwa z Niemcami stoczona przez I Dywizj\u00ea Piechoty im. Tadeusza Ko\u009cciuszki. Nz. Natarcie Polak\u00f3w.  \nij\/dl\nPAP\/CAF\/WAF<\/figcaption><\/figure>\n\n\n\n<p>Dziwne por\u00f3wnanie? Ju\u017c wyja\u015bniam. Nasza sytuacja jak chodzi o demografi\u0119 przypomina okres II wojny \u015bwiatowej, a powody tragedii s\u0105 bardzo ale to bardzo podobne. Nie mamy rz\u0105du. Wprawdzie ten jeszcze nie uciek\u0142a jak sanacyjny ale to wcale sytuacji nie poprawia. Udaj\u0105, \u017ce nie ma problemu, bo  chc\u0105 w to wierzy\u0107 ich zwolennicy. Tu musz\u0119 przytoczy\u0107 powiedzenie Marysi ( wcze\u015bniejsze wpisy), kt\u00f3re do tej pory wydawa\u0142o mi si\u0119 zbyt radykalne. <strong>Polityk jest od g\u0142upiego gadania, jak dupa od srania. <\/strong><\/p>\n\n\n\n<p>Po tym jak w 1939 roku rz\u0105dz\u0105cy Polska politycy zwiali, z problemem sami \u017ce\u015bmy zostali. Czerwon\u0105 szczepionk\u0119 \u017ce\u015bmy wybrali i przetrwali. A teraz postaram si\u0119 opisa\u0107, jak 12 i 13 pa\u017adziernika 1943 roku, \u017ce\u015bmy si\u0119 zaszczepiali.<\/p>\n\n\n\n<p>Po \u015bniadaniu inn\u0105 ni\u017c zwykle bram\u0105 \u017ce\u015bmy wymaszerowali. To nie b\u0119d\u0105 \u0107wiczenia. Od rana s\u0142ycha\u0107 by\u0142o jak nasza artyleria wali. Zmienili\u015bmy Rosjan, co transzeje kopali. Na horyzoncie Niemcy \u0142opatami machali &#8211; s\u0142ycha\u0107 by\u0142o jak gadali. Nagle przerwa na papierosa &#8211; no tego \u017ce\u015bmy si\u0119 nie spodziewali. Podoficer dy\u017curny drze mord\u0119; dow\u00f3dcy pluton\u00f3w, do dow\u00f3dcy kompanii. Gdy ci do swoich dru\u017cyn z odprawy wracali, wcale si\u0119 nie u\u015bmiechali. Przygotowa\u0107 si\u0119 do ataku! Komenda jak echo zabrzmia\u0142a i nasza kompania wszystko zrozumia\u0142a &#8211; bo w chlebaku prawdziwe, a nie \u0107wiczebne granaty RG 42 mia\u0142a. <img loading=\"lazy\" decoding=\"async\" width=\"150\" height=\"244\" class=\"wp-image-35287\" style=\"width: 150px;\" src=\"https:\/\/htb.com.pl\/wp-content\/uploads\/2020\/12\/rg-42-granat-zaczepny.jpg\" alt=\"\" srcset=\"https:\/\/htb.com.pl\/wp-content\/uploads\/2020\/12\/rg-42-granat-zaczepny.jpg 400w, https:\/\/htb.com.pl\/wp-content\/uploads\/2020\/12\/rg-42-granat-zaczepny-185x300.jpg 185w\" sizes=\"auto, (max-width: 150px) 100vw, 150px\" \/> Niemcy te\u017c kopa\u0107 przestali i marsza zagrali. Po chwili z megafon\u00f3w po polsku zagadali, \u017ceby\u015bmy do nich przystali, bo to nie nasza wojna.  To tak jakby psy ogonem zamerdali &#8211; stwierdzi\u0142 dow\u00f3dca dru\u017cyny. Boj\u0105 si\u0119, a jak bezbronne kobiety i dzieci mordowali, to si\u0119 nie bali. Zaraz b\u0119dzie naprz\u00f3d. Gdyby teren mia\u0142 jakie\u015b zag\u0142\u0119bienia, by\u0142oby skokami naprz\u00f3d. Trudno &#8211; jest komenda i znowu jak echo przez wszystkich powtarzana. Ruszamy. Patrzymy w niemieck\u0105 transzej\u0119, wida\u0107 he\u0142m, przystajemy, mierzymy, strzelamy. Schowa\u0142 si\u0119. Za chwil\u0119 znowu \u0142eb wystawia. teraz seri\u0105 poprawiamy. Przygotowa\u0107 granaty &#8211; odbezpieczamy, Granatami ognia, rzucamy i zalegamy. Bagnet na bro\u0144 zak\u0142adamy i czekamy. Granaty wybuch\u0142y &#8211; teraz ruszamy. Walka wr\u0119cz &#8211; to ju\u017c znamy,  teraz sobie rad\u0119 damy.<\/p>\n\n\n\n<p>To by\u0142 chrzest bojowy, taka dzisiejsza szczepionka &#8211; oni si\u0119 nie bali i mam wra\u017cenie, \u017ce bardziej ryzykowali.<\/p>\n\n\n\n<p>Teraz opisz\u0119 Sylwestra 1988 roku. Nast\u0119pny to by\u0142o moje wesele z Dorotk\u0105, poprzedni to moja \u017ca\u0142oba po \u015bmierci Marysi, a 1988 by\u0142 po prostu fajny. Z inn\u0105 Dorotka go sp\u0119dza\u0142em &#8211; swojej jeszcze nie zna\u0142em.<\/p>\n\n\n\n<figure class=\"wp-block-image size-large\"><img loading=\"lazy\" decoding=\"async\" width=\"433\" height=\"619\" src=\"https:\/\/htb.com.pl\/wp-content\/uploads\/2020\/12\/Sylwester-1988.jpg\" alt=\"\" class=\"wp-image-35381\" srcset=\"https:\/\/htb.com.pl\/wp-content\/uploads\/2020\/12\/Sylwester-1988.jpg 433w, https:\/\/htb.com.pl\/wp-content\/uploads\/2020\/12\/Sylwester-1988-210x300.jpg 210w\" sizes=\"auto, (max-width: 433px) 100vw, 433px\" \/><\/figure>\n\n\n\n<p>Jednak co\u015b innego z tamtego okresy chce opisa\u0107. 23 grudnia 1988 roku, Mieczys\u0142aw Wilczek minister przemys\u0142u w rz\u0105dzie Mieczys\u0142awa Rakowskiego wprowadzi\u0142 jedn\u0105 z najwa\u017cniejszych ustaw w historii Narodu Polskiego. O wolno\u015bci gospodarczej. Jak co\u015b nie jest zabronione, jest dozwolone. Obowi\u0105zywa\u0142a od 1 stycznie 1989 roku, do 31 grudnia 2000 roku. By\u0142 to okres kiedy nasza gospodarka z planowej w wolnorynkow\u0105 si\u0119 przeistacza\u0142a &#8211; bardzo trudny okres. Przypomina dzisiejszy kryzys. A to dlatego, \u017ce wracamy do starego &#8211; znaczy planowego, odchodz\u0105c od modelu rynkowego. Teraz opisz\u0119 dlaczego por\u00f3wna\u0142em tamto do dzisiejszego. Wsp\u00f3lnym mianownikiem jest podatek obrotowy, kt\u00f3ry ma z\u0142agodzi\u0107 kryzys finansowy. <\/p>\n\n\n\n<p>Ustaw\u0119, kt\u00f3r\u0105 wprowadzi\u0142 Wilczek Marysia napisa\u0142a ale Ona uwa\u017ca\u0142a, \u017ce z podatku VAT Polska wszystko b\u0119dzie finansowa\u0142a &#8211; jak ju\u017c pa\u0144stwowych przedsi\u0119biorstw nie b\u0119dzie mia\u0142a. Ekipa Rakowskiego jeszcze te przedsi\u0119biorstwa mia\u0142a ale gospodarka planowa z finansowaniem pa\u0144stwa rady sobie nie dawa\u0142a i nast\u0119pna ekipa premiera  Tadeusza Mazowieckiego do rz\u0105d\u00f3w si\u0119 dobra\u0142a, (12 wrze\u015bnia 1989). Tak naprawd\u0119 o niczym poj\u0119cia nie mia\u0142a. EJ\u017b zlikwidowa\u0142a i wszystko co mia\u0142o warto\u015b\u0107 dla kraju sprzeda\u0142a. Gdy kas\u0119 wyda\u0142a, podobnie jak ich dzisiejsi  na\u015bladowcy z podatku obrotowego kraj finansowa\u0107 chcia\u0142a. Dzi\u015b s\u0105 fundusze unijne, VAT &#8211; ale to ma\u0142o i ekipa premiera Mateusza Morawieckiego jeszcze podatek obrotowy wymy\u015bli\u0142a. Tak naprawd\u0119 s\u0105 to r\u00f3\u017cne podatki, daniny, podwy\u017cki ju\u017c istniej\u0105cych op\u0142at itp. Naliczy\u0142em ich kilkana\u015bcie ale nie wszystkie policzy\u0142em &#8211; bo si\u0119 wkurzy\u0142em. Pan premier dzia\u0142a, jakby tworzy\u0142 bankowy plan finansowy &#8211; ma to gdzie\u015b z ty\u0142u g\u0142owy.<\/p>\n\n\n\n<p>Pami\u0119tam jak w 1986 roku Marysia VAT promowa\u0142a, a podatek obrotowy krytykowa\u0142a. Na pocz\u0105tku kompletnie tego nie rozumia\u0142am. 2% podatku obrotowego, mia\u0142o bardziej zwi\u0119ksza\u0107 cen\u0119 towaru, ni\u017c 20 % VAT-u. Jak!? Z zainteresowaniem s\u0142ucha\u0142em jej wyst\u0105pie\u0144. M\u00f3wi\u0142a mniej wi\u0119cej tak. Gospodarka rynkowa jest lepsza jak planowa, bo w rynkowej jest kooperacja. Jeden wyr\u00f3b mo\u017ce wytwarza\u0107  nawet 100 firm. Gdyby ka\u017cdy do swojej faktury dopisa\u0142 2 % podatku obrotowego, to<a href=\"https:\/\/pl.wikipedia.org\/wiki\/Ci%C4%85g_geometryczny\"> post\u0119p geometryczny (dzi\u015b ci\u0105g geometryczny)<\/a> sprawi, \u017ce cena ko\u0144cowa b\u0119dzie astronomiczna. VAT to zawsze b\u0119dzie 20 %, a ka\u017cdy projektant,  wytw\u00f3rca, producent, transport, handel &#8211; zap\u0142aci proporcjonalnie do swojego wk\u0142adu finansowego w dany produkt.<\/p>\n\n\n\n<p>Obserwuj\u0105c scen\u0119 polityczn\u0105 wiem, \u017ce nasi politycy do dzi\u015b nie zrozumieli tego i to jest przyczyna tego wszystkiego. \u017bycz\u0119 Polsce, aby w roku 2021 powr\u00f3ci\u0142a do tamtego &#8211; Marysinego.  <\/p>\n","protected":false},"excerpt":{"rendered":"<p>W Centralnym Szpitalu Klinicznym MSWiA w Warszawie zaszczepiono pierwsz\u0105 osob\u0119 na COVID-19 w Polsce &#8211; naczeln\u0105 piel\u0119gniark\u0119 szpitala Alicj\u0119 Jakubowsk\u0105. Zaszczepi\u0142 j\u0105 dr Artur Zaczy\u0144ski. Patrz\u0119 na zdj\u0119cie i mam nadziej\u0119, \u017ce b\u0119dzie historyczne i nie podzieli losu tego zdj\u0119cia. Dziwne por\u00f3wnanie? Ju\u017c wyja\u015bniam. Nasza sytuacja jak chodzi o demografi\u0119 przypomina okres II wojny \u015bwiatowej, [&hellip;]<\/p>\n","protected":false},"author":1,"featured_media":35286,"comment_status":"open","ping_status":"open","sticky":false,"template":"","format":"standard","meta":{"_jetpack_memberships_contains_paid_content":false,"footnotes":""},"categories":[4],"tags":[696],"class_list":["post-35285","post","type-post","status-publish","format-standard","has-post-thumbnail","hentry","category-daty-i-fakty-blog","tag-noworoczne-zyczenia"],"jetpack_sharing_enabled":true,"jetpack_featured_media_url":"https:\/\/htb.com.pl\/wp-content\/uploads\/2020\/12\/Pierwsze.jpg","_links":{"self":[{"href":"https:\/\/htb.com.pl\/index.php?rest_route=\/wp\/v2\/posts\/35285","targetHints":{"allow":["GET"]}}],"collection":[{"href":"https:\/\/htb.com.pl\/index.php?rest_route=\/wp\/v2\/posts"}],"about":[{"href":"https:\/\/htb.com.pl\/index.php?rest_route=\/wp\/v2\/types\/post"}],"author":[{"embeddable":true,"href":"https:\/\/htb.com.pl\/index.php?rest_route=\/wp\/v2\/users\/1"}],"replies":[{"embeddable":true,"href":"https:\/\/htb.com.pl\/index.php?rest_route=%2Fwp%2Fv2%2Fcomments&post=35285"}],"version-history":[{"count":8,"href":"https:\/\/htb.com.pl\/index.php?rest_route=\/wp\/v2\/posts\/35285\/revisions"}],"predecessor-version":[{"id":35400,"href":"https:\/\/htb.com.pl\/index.php?rest_route=\/wp\/v2\/posts\/35285\/revisions\/35400"}],"wp:featuredmedia":[{"embeddable":true,"href":"https:\/\/htb.com.pl\/index.php?rest_route=\/wp\/v2\/media\/35286"}],"wp:attachment":[{"href":"https:\/\/htb.com.pl\/index.php?rest_route=%2Fwp%2Fv2%2Fmedia&parent=35285"}],"wp:term":[{"taxonomy":"category","embeddable":true,"href":"https:\/\/htb.com.pl\/index.php?rest_route=%2Fwp%2Fv2%2Fcategories&post=35285"},{"taxonomy":"post_tag","embeddable":true,"href":"https:\/\/htb.com.pl\/index.php?rest_route=%2Fwp%2Fv2%2Ftags&post=35285"}],"curies":[{"name":"wp","href":"https:\/\/api.w.org\/{rel}","templated":true}]}}