{"id":3581,"date":"2019-05-04T09:07:50","date_gmt":"2019-05-04T09:07:50","guid":{"rendered":"https:\/\/htb.com.pl\/?p=3581"},"modified":"2020-11-14T09:48:22","modified_gmt":"2020-11-14T09:48:22","slug":"nie-musi-byc-czysto-ale-musi-byc-poukladane","status":"publish","type":"post","link":"https:\/\/htb.com.pl\/?p=3581","title":{"rendered":"Nie musi by\u0107 czysto ale musi by\u0107 pouk\u0142adane"},"content":{"rendered":"<p><img loading=\"lazy\" decoding=\"async\" class=\"alignnone size-medium wp-image-3607\" src=\"https:\/\/htb.com.pl\/wp-content\/uploads\/2019\/05\/Bas-300x200.jpg\" alt=\"\" width=\"300\" height=\"200\" srcset=\"https:\/\/htb.com.pl\/wp-content\/uploads\/2019\/05\/Bas-300x200.jpg 300w, https:\/\/htb.com.pl\/wp-content\/uploads\/2019\/05\/Bas-768x512.jpg 768w, https:\/\/htb.com.pl\/wp-content\/uploads\/2019\/05\/Bas.jpg 1024w, https:\/\/htb.com.pl\/wp-content\/uploads\/2019\/05\/Bas-600x400.jpg 600w\" sizes=\"auto, (max-width: 300px) 100vw, 300px\" \/>\u00a0Aleksander Teliga &#8211; bas<\/p>\n<p>To kolejne powiedzenie Marysi, kiedy\u015b mojej dziewczyny. Pisa\u0142em, \u017ce po tym jak pozna\u0142em Dorotk\u0119, moj\u0105 \u017bon\u0119 zasad\u0119 t\u0105 musia\u0142em porzuci\u0107.\u00a0 Z Marysi\u0105 spotyka\u0142em si\u0119 zaledwie rok i cztery miesi\u0105ce ale dopiero teraz zauwa\u017cy\u0142em, jak bardzo du\u017cy mia\u0142o to wp\u0142yw na moje dzisiejsze postrzeganie \u015bwiata. Nie interesuj\u0105 mnie nazwy partii politycznych, polityk\u00f3w dziele na dobrych i z\u0142ych. W ka\u017cdym cz\u0142owieku widz\u0119 jego dobre i z\u0142e cechy, nawet w J\u00f3zefie Pi\u0142sudskim widz\u0119 dobro &#8211; dla mnie by\u0142 niejednoznaczn\u0105 postaci\u0105, tu r\u00f3\u017cni\u0119 si\u0119 z tym, co m\u00f3wi\u0142a o nim\u00a0 Marysia. Dla niej by\u0142 tym politykiem, kt\u00f3ry sprawi\u0142, \u017ce na Wo\u0142yniu jej Wujkowie mordowali si\u0119 nawzajem.<\/p>\n<p>Zasad\u0119, \u017ce wszystko musi b\u0142yszcze\u0107, przyj\u0105\u0142em bez wi\u0119kszych opor\u00f3w, gdy zamieszka\u0142em z Dorotk\u0105. Tak \u017cyje wi\u0119kszo\u015b\u0107 &#8211; nie mog\u0105 si\u0119 myli\u0107 pomy\u015bla\u0142em. Jednak teraz po latach, gdy widz\u0119, \u017ce\u00a0 wi\u0119kszo\u015b\u0107 m\u0142odych ludzi ma alergi\u0119 &#8211; w tym nasz Syn, zaczynam si\u0119 zastanawia\u0107, czy Majka nie mia\u0142a racji, jak raz po &#8220;odpoczynku&#8221; na moj\u0105 uwag\u0119, \u017ce na jej komodzie le\u017cy kusz, powiedzia\u0142a. Niech le\u017cy, my te\u017c jeszcze pole\u017cymy. Jedyne czego Marysia przestrzega\u0142a to mycie r\u0105k po wyj\u015bciu z ubikacji. Nie wszystkie bakterie s\u0105 fajne &#8211; m\u00f3wi\u0142a, to troch\u0119 tak jak ludzie, niekt\u00f3rych trzeba si\u0119 wystrzega\u0107. Dzi\u015b gdy patrz\u0119 na Nasz Kraj wiem, \u017ce nie przestrzegamy tej zasady, nie myjemy r\u0105k po wyj\u015bciu z ubikacji a z\u0142e bakterie i z\u0142ych ludzi, uznajemy za co\u015b normalnego. Tych z\u0142ych ludzi nie nale\u017cy usuwa\u0107 ale nale\u017cy umieszcza\u0107 na\u00a0 w\u0142a\u015bciwym miejscu &#8211; pouk\u0142ada\u0107. Pouk\u0142ada\u0107 tak, \u017ceby nie mogli wp\u0142ywa\u0107 na \u017cycie innych, \u017ceby nie mogli nam tego \u017cycia zainfekowa\u0107.<\/p>\n<p>Gdy pisz\u0119 te s\u0142owa jest 1 maja 2019 rok, to 15-sta rocznica przyst\u0105pienia Polski do Unii Europejskiej. To ju\u017c pi\u0119tna\u015bcie lat jak pokonali\u015bmy z\u0142e bakterie, kt\u00f3re m\u00f3wi\u0142y, \u017ce do Zjednoczonej Europy mo\u017cemy wej\u015b\u0107 dopiero, jak osi\u0105gniemy poziom gospodarczy Niemiec. Wtedy by\u0142o pouk\u0142adane, z\u0142e bakterie nie mia\u0142y g\u0142osu decyduj\u0105cego ale nie pilnowali\u015bmy uk\u0142adania i teraz rz\u0105dz\u0105. Pan Jaros\u0142aw Kaczy\u0144ski m\u00f3wi, \u017ce do strefy EUR mo\u017cemy wej\u015b\u0107 jak osi\u0105gniemy poziom gospodarczy Niemiec. Ma t\u0105 sam\u0105 kartk\u0119 co wtedy i straszy nas jak wtedy.\u00a0 Ale tak ma by\u0107 &#8211; taki Pan Jaros\u0142aw Kaczy\u0144ski musi by\u0107, \u017ceby nasz organizm nie zatraci\u0142 umiej\u0119tno\u015bci obronnych przed z\u0142ymi bakteriami. \u0179le jest jednak, jak te z\u0142e bakterie opanuj\u0105 nasz organizm, wtedy chorujemy &#8211; jak ta nasza Polska, dzi\u015b. Id\u0105 wybory do Parlamentu Unii Europejskiej &#8211; pouk\u0142adajmy. Ten Parlament jest bardzo wa\u017cny, to on ma dzi\u015b moc sprawcz\u0105 aby poziom \u017cycia w krajach UE wyr\u00f3wnywa\u0142 si\u0119. Sami to mo\u017cemy sobie &#8211; selfie zrobi\u0107.<\/p>\n<p>Kiedy\u015b rozmawiali\u015bmy z Marysi\u0105 o naszym dzieci\u0144stwie. By\u0142y pewne podobie\u0144stwa ale by\u0142y te\u017c r\u00f3\u017cnice. Rodzina Marysi by\u0142a bogata, mieli pi\u0119trowy dom w Zielonej G\u00f3rze, na dole mieszka\u0142 jej Dziadek a na g\u00f3rze Ona z Rodzicami. Dziadek mia\u0142 samoch\u00f3d &#8211; Warszaw\u0119 &#8220;garbusa&#8221; i dwie szable. Marysia m\u00f3wi\u0142a, \u017ce wszystko co maj\u0105, to dzi\u0119ki szabli, tak m\u00f3wi\u0142 Dziadek a Ona ufa\u0142a Dziadkowi.\u00a0 Byli wyznania prawos\u0142awnego, jedynie Marysia by\u0142a wyznania rzymskokatolickiego. Opowiada\u0142a mi to tak. W prawos\u0142awiu zaraz po chrzcie jest bierzmowanie, gdy by\u0142a chrzczona mia\u0142a nieca\u0142e pi\u0119\u0107 miesi\u0119cy. Nie chodzi\u0142a jeszcze ale broni\u0107 si\u0119 umia\u0142a. Gdy Pop przekazywa\u0142 jej dary Ducha \u015awi\u0119tego, bierzmowa\u0142 &#8211; czyli namaszcza\u0142 j\u0105 krzy\u017cmem, pra\u0142a duchownego po r\u0119kach i wrzeszcza\u0142a. Rodzice uznali, \u017ce to znak i dalsza religijno\u015b\u0107 Marysi by\u0142a w tradycji rzymskokatolickiej &#8211; chrzest i bierzmowanie powt\u00f3rzono. Jednak &#8220;roczek&#8221; inn\u0105 tradycj\u0119 zwi\u0105zan\u0105 z \u0141emkami, bo Marysia by\u0142a pochodzenia \u0142emkowskiego przesz\u0142a,\u00a0 wspomina\u0142a to tak. Dziadek jej opowiada\u0142, \u017ce gdy mia\u0142a roczek, pokazano jej kieliszek, ksi\u0105\u017ck\u0119, pieni\u0105dze i r\u00f3\u017caniec. To by\u0142y insygnia &#8211; to co wybierze mia\u0142o oznacza\u0107 kim b\u0119dzie. Marysia wybra\u0142a ksi\u0105\u017ck\u0119, kt\u00f3r\u0105 zawsze czyta\u0142 jaj Dziadek i zna\u0142a j\u0105 na pami\u0119\u0107 &#8211; o kotku i kogutku by\u0142o. Umia\u0142a ju\u017c chodzi\u0107 ale nie po schodach, da\u0142a ksi\u0105\u017ck\u0119 dziadkowi a to oznacza\u0142o, \u017ce ma j\u0105 zabra\u0107 do siebie i czyta\u0107. Z czasem to Ona zacz\u0119\u0142a czyta\u0107 Dziadkowi a on uczy\u0142 j\u0105 fechtunku, w\u0142adania szabl\u0105. Widzia\u0142em raz jak da\u0142a pokaz fechtunku, to by\u0142o niezwyk\u0142e &#8211; ten \u015bwist. Podtrzyma\u0142a te\u017c rodzinn\u0105 tradycj\u0119, pieni\u0105dze zdoby\u0142a walcz\u0105c z broni\u0105 w r\u0119ku, no ale te\u017c dzi\u0119ki nauce &#8211; wyb\u00f3r ksi\u0105\u017cki sprawdzi\u0142 si\u0119. Jej Dziadek mia\u0142 nawyki wojskowe i tak\u00a0 \u017cy\u0142. To wszystko przesz\u0142o na Marysi\u0119 a zasada, \u017ce nie musi by\u0107 czysto ale musi by\u0107 pouk\u0142adane sprawi\u0142a, \u017ce nigdy na nic nie chorowa\u0142a. A\u017c do teraz Jasiu ale b\u0119d\u0119 zdrowa zobaczysz, urodz\u0119 ci syna, b\u0119dziemy go przewija\u0107 w pieluchy &#8211; tak zako\u0144czy\u0142a opowie\u015b\u0107 o swoim dzieci\u0144stwie, by\u0142a ju\u017c wtedy bardzo chora.<\/p>\n<p>To o czym m\u00f3wi\u0142a zrozumia\u0142em dopiero w 1990 roku, ponad trzy lata po jej \u015bmierci, gdy urodzi\u0142 si\u0119 Konradek &#8211; Syn. Wtedy w Polsce pojawi\u0142y si\u0119 &#8220;Pampersy&#8221;, kt\u00f3re na zachodzie by\u0142y od dawna. Marysia uwa\u017ca\u0142a, \u017ce polimery i inne tworzywa sztuczne, mog\u0105 stanowi\u0107 problem, poniewa\u017c nie s\u0105 biodegradowalne. Wiele jej projekt\u00f3w zawiera\u0142o polimery, zawsze jednak my\u015bla\u0142a o tym aby nie stanowi\u0142y problemu dla \u015brodowiska &#8211; Kochani, to by\u0142 1987 rok. Dzi\u015b wiemy, \u017ce noworodek zanim nauczy si\u0119 \u017cy\u0107 bez pieluch jednorazowych, zu\u017cywa ich ton\u0119, tam s\u0105 tworzywa sztuczne, zu\u017cyte pieluchy jednorazowe w \u015brodowisku rozk\u0142adaj\u0105 si\u0119 ponad sto lat.<\/p>\n<p>Wyobra\u017ania &#8211; to to czego nam brakuje. Gdy widz\u0119 dyskusje polityk\u00f3w, publicyst\u00f3w jestem za\u0142amany. Wszyscy krzycz\u0105, nikt nikogo nie s\u0142ucha. Dzieci w przedszkolu podobnie przedstawiaj\u0105 swoje racje &#8211; wydaje im si\u0119, \u017ce jak b\u0119d\u0105 g\u0142o\u015bniej krzycze\u0107, to ich racja b\u0119dzie na wierzchu.\u00a0 Brakuje ludzi takich jak Marysia. Wyobra\u017cam sobie co by si\u0119 sta\u0142o, gdyby to j\u0105\u00a0 Wicemarsza\u0142ek Sejmu Pani Beata Mazurek nazwa\u0142a &#8220;blondynk\u0105&#8221;, jak Pani\u0105 Pose\u0142 Krystyn\u0119 Skowro\u0144sk\u0105. Dzi\u015b ju\u017c nikt dobrych manier tej Pani nie nauczy, jest za p\u00f3\u017ano ale wyobra\u017ania mog\u0142aby pom\u00f3c, mog\u0142aby wywo\u0142a\u0107 u Pani Marsza\u0142ek strach &#8211; niestety, wyobra\u017ani nie ma.<\/p>\n<p>Strach &#8211; to obok braku wyobra\u017ani kolejna cecha charakteryzuj\u0105ca z\u0142ych polityk\u00f3w, cz\u0119sto, wyst\u0119puj\u0119 naturalnie, wyobra\u017ania wtedy nie jest potrzebna. Pan Jaros\u0142aw Kaczy\u0144ski jest takim doskona\u0142ym przyk\u0142adem polityka, kt\u00f3ry si\u0119 boi. Ochrona, kotary os\u0142aniaj\u0105ce go przed lud\u017ami i &#8220;selekcjonerzy&#8221; wpuszczaj\u0105cy na spotkania z Panem Kaczy\u0144skim. Ostatnio pope\u0142nili b\u0142\u0119dy, W Stalowej Woli emerytka zamiast chwali\u0107 obni\u017cenie wieku emerytalnego, wy\u015bmia\u0142a absurdy w cenach lek\u00f3w a w Krakowie niepe\u0142nosprawna seniorka zapyta\u0142a &#8211; a co z nami? Jest wiele grup spo\u0142ecznych Panie Kaczy\u0144ski, kt\u00f3re te\u017c chcia\u0142yby Panu zada\u0107 to pytanie. Nie zobaczy ich Pan w TVPiS ani na swoich spotkaniach ale oni s\u0105 i Pan o tym wie. Pa\u0144ski strach oznacza, \u017ce Pan wie.<\/p>\n<p>Kiedy\u015b zapyta\u0142em Marysi\u0119, czy gdy walczy\u0142a z terrorystami to si\u0119 bala? Tylko g\u0142upiec si\u0119 nie boi powiedzia\u0142a ale gdy padn\u0105 strza\u0142y l\u0119k znika. Trzeba wykona\u0107 zadani i nie natraci\u0107 ludzi. Jednak gdy widzisz jak kolejny tw\u00f3j cz\u0142owiek pada, musisz rozwa\u017cy\u0107, czy plan by\u0142 dobry, czy mo\u017ce s\u0105 jakie\u015b b\u0142\u0119dy i trzeba go zmieni\u0107 albo nawet wycofa\u0107 si\u0119\u00a0 &#8211; wtedy jest jeszcze czas, za chwil\u0119 bowiem mo\u017ce wr\u00f3ci\u0107 strach i wtedy b\u0119dzie koniec. Strach parali\u017cuje racjonalne my\u015blenie.<\/p>\n<p>Pan Jaros\u0142aw Kaczy\u0144ski wie, \u017ce rok 2018 to tragedia demograficzna w Polsce, umar\u0142o nas 414 tysi\u0119cy, liczba Polak\u00f3w zmniejszy\u0142a si\u0119 o 22 tysi\u0105ce w stosunku do roku poprzedniego. Tak to by\u0142o jak by\u0142a wojna i st\u0105d ten jego strach. Rz\u0105dzenie jest jak akcja Marysi &#8211; musi by\u0107 dobry plan, sama nieustanna kampania wyborcza, to nie plan, to&#8230;<\/p>\n<p>02.05.2019. &#8211; Dzie\u0144 Flagi. Ja obchodz\u0119 go ju\u017c od 1987 roku, <a href=\"https:\/\/htb.com.pl\/?p=349\">\u015bwi\u0119tuj\u0119 rocznic\u0119 zawieszenia polskiej flagi na berli\u0144skiej kolumnie zwyci\u0119stwa przez Ko\u015bciuszkowc\u00f3w zdobywaj\u0105cych Berlin<\/a>. Cieszy\u0142em si\u0119 gdy Jaros\u0142aw Guga\u0142a w Polsacie te\u017c zauwa\u017cy\u0142, \u017ce polscy \u017co\u0142nierze w\u0142a\u015bnie 2 maja 1945 roku wieszali w Berlinie flag\u0119.<\/p>\n<p>W O\u015bwi\u0119cimiu odby\u0142 si\u0119 kolejny Marsz \u017bywych. Wzi\u0119\u0142a w nim udzia\u0142 \u017cydowska m\u0142odzie\u017c z wielu kraj\u00f3w \u015bwiata, ich polscy r\u00f3wie\u015bnicy i ocaleni z Zag\u0142ady. Coroczny marsz jest wyrazem pami\u0119ci o ofiarach Holokaustu. Oko\u0142o 10 tysi\u0119cy uczestnik\u00f3w przesz\u0142o wsp\u00f3lnie &#8220;drog\u0105 \u015bmierci&#8221; mi\u0119dzy by\u0142ymi obozami: Auschwitz i Auschwitz II-Birkenau. Ogl\u0105daj\u0105c telewizyjn\u0105 transmisj\u0119 tego marszu dowiedzia\u0142em si\u0119, \u017ce w czasie II wojny \u015bwiatowej w Mielcu na terenie dzisiejszej SSE Niemcy mordowali \u017byd\u00f3w w obozie pracy. Dowiedzia\u0142em si\u0119 te\u017c jaka by\u0142a r\u00f3\u017cnica, pomi\u0119dzy Polakami i \u017bydami pod okupacj\u0105 niemieck\u0105. Polak i \u017byd, je\u017celi nie anga\u017cowali si\u0119 w \u017cadn\u0105 konspiracj\u0119 mieli kilka procent szans &#8211; \u017byd na prze\u017cycie a Polak, \u017ce zostanie zamordowany. Gdy by\u0142em dzieckiem, <a href=\"https:\/\/htb.com.pl\/?p=169\">cz\u0119sto rozmawia\u0142em z by\u0142ymi &#8220;partyzantami&#8221;<\/a>. Ch\u0119tnie opowiadali o swoich walkach. Chwalili si\u0119, \u017ce Niemcy do ich lasu bali si\u0119 wchodzi\u0107 ale gdy zapyta\u0142em, czemu \u017bydzi nie chowali si\u0119 w tych lasach &#8211; by\u0142a cisza. Dzi\u015b ta cisza do mnie przem\u00f3wi\u0142a &#8211; zrozumia\u0142em czemu wtedy by\u0142a &#8211; i nadal jest.<\/p>\n<p><a href=\"https:\/\/htb.com.pl\/?product=konstytucja-rzeczypospolitej-polskiej-2018\"><img loading=\"lazy\" decoding=\"async\" class=\"size-full wp-image-1057 alignleft\" src=\"https:\/\/htb.com.pl\/wp-content\/uploads\/2018\/07\/konstytucjak.jpg\" alt=\"\" width=\"200\" height=\"279\" \/><\/a>03.05.2019. &#8211; obchodzimy rocznic\u0119 uchwalenie Konstytucji 3-go Maja (1791). Ta Konstytucja ju\u017c zawsze b\u0119dzie mi si\u0119 kojarzy\u0107 z Pos\u0142em panem Markiem Suskim. To no rozbawi\u0142 wszystkich jak nie wiedzia\u0142 kim jest Katarzyna II zwana wielk\u0105. A powinien to wiedzie\u0107 &#8211; to tacy jak on poprosili cesarzow\u0105 Rosji o pomoc w obaleniu Konstytucji 3-go Maja. Ta si\u0119 zgodzi\u0142a i napad\u0142a na Polsk\u0119 . 18 maja 1792 roku. Sko\u0144czy\u0142o si\u0119 to II rozbiorem Polski, 23 stycznia 1793 rok.<\/p>\n<p>Pod koniec 2015 roku pan Suski i ca\u0142a ta ekipa z\u0142ych polityk\u00f3w obali\u0142a obecn\u0105 Polsk\u0105 Konstytucj\u0119 ustaw\u0105.<\/p>\n<p>Rozbawi\u0142 mnie Pan W\u0142adys\u0142aw Kosiniak Kamysz, prezes PSL-u. Zaproponowa\u0142 aby nasze cz\u0142onkostwo w Unii Europejskie zapisa\u0107 w Konstytucji. Jakiej Konstytucji? Z kim Pan chce o tym rozmawia\u0107? Dzi\u015b Pan Jaros\u0142aw Kaczy\u0144ski w ci\u0105gu jednej nocy mo\u017ce wyprowadzi\u0107 Polsk\u0119 z UE i b\u0119dzie mia\u0142 w d&#8230;ie wszelkie zasady. Zrozumcie wreszcie, \u017ce \u017cyjemy w pa\u0144stwie totalitarnym, gdzie panuje kult jednostki.<\/p>\n<p>Donald Tusk wyg\u0142osi\u0142 wyk\u0142ad na Uniwersytecie Warszawskim. Wiem, \u017ce dla niego kult jednostki jest wzorem rz\u0105dzenia, popiera bowiem to co robi\u0142 J\u00f3zef Pi\u0142sudski. Marysia m\u00f3wi\u0142a, \u017ce tacy ludzie nie maj\u0105 wyobra\u017ani i nie mog\u0105 rz\u0105dzi\u0107 ale pracowa\u0142a aby zmienili postrzeganie \u015bwiata i mogli powr\u00f3ci\u0107 do normalno\u015bci. Pan Tusk m\u00f3wi\u0142 o sp\u00f3jniku &#8220;i&#8221; kt\u00f3ry powinien by\u0107 u\u017cywany w naszej polityce zamiast &#8220;albo&#8221; oraz wytyka\u0142 rz\u0105dz\u0105cym, \u017ce w \u015bwi\u0119to Konstytucji obchodz\u0105 \u015bwi\u0119to a w pozosta\u0142e dni obchodz\u0105 Konstytucj\u0119. Nic nie m\u00f3wi\u0142 o J\u00f3zefie Pi\u0142sudskim &#8211; pomy\u015bla\u0142em, \u017ce mo\u017ce si\u0119 zmieni\u0142 i teraz to dobry polityk jest. I nagle trach! Pan Tusk przywo\u0142uje pierwszego premiera III RP Pana\u00a0 Tadeusza Mazowieckiego, czyta jego wst\u0119p do Konstytucji, preambu\u0142\u0119. A potem obwinia\u00a0 Pana Jaros\u0142awa Kaczy\u0144skiego o smog &#8211; o 50 tysi\u0119cy Polak\u00f3w, kt\u00f3rzy umieraj\u0105 rocznie w wyniku smogu. Ale to premier Mazowiecki 17 grudnia 1990 roku postawi\u0142 buduj\u0105c\u0105 si\u0119 Elektrowni\u0119 J\u0105drow\u0105 w \u017barnowcu w stan likwidacji, to dlatego umieraj\u0105 dzi\u015b tysi\u0105ce ludzi a nie dlatego, \u017ce Pan Jaros\u0142aw Kaczy\u0144ski w\u0119giel z Donbasu sprowadza. Ten w\u0119giel to antracyt, bardzo dobry w\u0119giel, truje znacznie mniej ni\u017c nasz.\u00a0 \u00a0Sp\u00f3jnik &#8220;i&#8221; Panie Tusk &#8211; winni jeste\u015bmy my i oni ale i my, zwykli obywatele, ja pami\u0119tam <a href=\"https:\/\/htb.com.pl\/?p=626\">protesty przeciwko budowie\u00a0 elektrowni j\u0105drowej w \u017barnowcu<\/a>. Wydaje mi si\u0119, \u017ce pami\u0119tam te\u017c Pana<\/p>\n<p>Na koniec pos\u0142uchajmy muzyki &#8211; pouk\u0142adajmy. <a href=\"https:\/\/www.youtube.com\/watch?v=TeFOW9XZHws&amp;feature=share\"><img loading=\"lazy\" decoding=\"async\" class=\"size-full wp-image-3595 alignright\" src=\"https:\/\/htb.com.pl\/wp-content\/uploads\/2019\/05\/Teliga.jpg\" alt=\"\" width=\"276\" height=\"183\" \/><\/a>Prosz\u0119 klikn\u0105\u0107 zdj\u0119cie i pos\u0142ucha\u0107 Aleksandra Teligi-bas. Moim zdaniem to\u00a0 najwspanialszy g\u0142os na \u015awiecie. Gdy \u015bpiewa s\u0142ysz\u0119 jak Marysia m\u00f3wi. <em>&#8220;Po \u015blubie pojedziemy na Kresy, poka\u017c\u0119 ci jak tam by\u0142o pi\u0119knie&#8221;.<\/em><\/p>\n<p>Pos\u0142uchajmy fragmentu opery &#8220;Straszny Dw\u00f3r&#8221; Moniuszki, to aria Sko\u0142uby, <a href=\"https:\/\/htb.com.pl\/?p=1334\">kt\u00f3r\u0105 musia\u0142em za\u015bpiewa\u0107 Marysi na kilka dni przed \u015bmierci\u0105<\/a>. Opera powsta\u0142a po upadku Powstania Styczniowego (1864) Polska by\u0142a na zakr\u0119cie. W 1987 roku, gdy jej \u015bpiewa\u0142em te\u017c byli\u015bmy na zakr\u0119cie, dzi\u015b nie jest tak \u017ale, wystarczy pouk\u0142ada\u0107. \u017beby wiedzie\u0107 jak, trzeba o Marysi poczyta\u0107 &#8211; ona wiedzia\u0142a.<\/p>\n","protected":false},"excerpt":{"rendered":"<p>\u00a0Aleksander Teliga &#8211; bas To kolejne powiedzenie Marysi, kiedy\u015b mojej dziewczyny. Pisa\u0142em, \u017ce po tym jak pozna\u0142em Dorotk\u0119, moj\u0105 \u017bon\u0119 zasad\u0119 t\u0105 musia\u0142em porzuci\u0107.\u00a0 Z Marysi\u0105 spotyka\u0142em si\u0119 zaledwie rok i cztery miesi\u0105ce ale dopiero teraz zauwa\u017cy\u0142em, jak bardzo du\u017cy mia\u0142o to wp\u0142yw na moje dzisiejsze postrzeganie \u015bwiata. Nie interesuj\u0105 mnie nazwy partii politycznych, polityk\u00f3w [&hellip;]<\/p>\n","protected":false},"author":1,"featured_media":3595,"comment_status":"open","ping_status":"open","sticky":false,"template":"","format":"standard","meta":{"_jetpack_memberships_contains_paid_content":false,"footnotes":""},"categories":[4],"tags":[401],"class_list":["post-3581","post","type-post","status-publish","format-standard","has-post-thumbnail","hentry","category-daty-i-fakty-blog","tag-konstytucja"],"jetpack_sharing_enabled":true,"jetpack_featured_media_url":"https:\/\/htb.com.pl\/wp-content\/uploads\/2019\/05\/Teliga.jpg","_links":{"self":[{"href":"https:\/\/htb.com.pl\/index.php?rest_route=\/wp\/v2\/posts\/3581","targetHints":{"allow":["GET"]}}],"collection":[{"href":"https:\/\/htb.com.pl\/index.php?rest_route=\/wp\/v2\/posts"}],"about":[{"href":"https:\/\/htb.com.pl\/index.php?rest_route=\/wp\/v2\/types\/post"}],"author":[{"embeddable":true,"href":"https:\/\/htb.com.pl\/index.php?rest_route=\/wp\/v2\/users\/1"}],"replies":[{"embeddable":true,"href":"https:\/\/htb.com.pl\/index.php?rest_route=%2Fwp%2Fv2%2Fcomments&post=3581"}],"version-history":[{"count":27,"href":"https:\/\/htb.com.pl\/index.php?rest_route=\/wp\/v2\/posts\/3581\/revisions"}],"predecessor-version":[{"id":33086,"href":"https:\/\/htb.com.pl\/index.php?rest_route=\/wp\/v2\/posts\/3581\/revisions\/33086"}],"wp:featuredmedia":[{"embeddable":true,"href":"https:\/\/htb.com.pl\/index.php?rest_route=\/wp\/v2\/media\/3595"}],"wp:attachment":[{"href":"https:\/\/htb.com.pl\/index.php?rest_route=%2Fwp%2Fv2%2Fmedia&parent=3581"}],"wp:term":[{"taxonomy":"category","embeddable":true,"href":"https:\/\/htb.com.pl\/index.php?rest_route=%2Fwp%2Fv2%2Fcategories&post=3581"},{"taxonomy":"post_tag","embeddable":true,"href":"https:\/\/htb.com.pl\/index.php?rest_route=%2Fwp%2Fv2%2Ftags&post=3581"}],"curies":[{"name":"wp","href":"https:\/\/api.w.org\/{rel}","templated":true}]}}