{"id":36077,"date":"2021-01-15T14:45:36","date_gmt":"2021-01-15T14:45:36","guid":{"rendered":"https:\/\/htb.com.pl\/?p=36077"},"modified":"2021-01-15T16:56:11","modified_gmt":"2021-01-15T16:56:11","slug":"szczepienia","status":"publish","type":"post","link":"https:\/\/htb.com.pl\/?p=36077","title":{"rendered":"Szczepienia"},"content":{"rendered":"\n<p><\/p>\n\n\n\n<figure class=\"wp-block-image size-thumbnail\"><a href=\"https:\/\/htb.com.pl\/wp-content\/uploads\/2021\/01\/Szczepienia-1.mp3\"><img loading=\"lazy\" decoding=\"async\" width=\"150\" height=\"150\" src=\"https:\/\/htb.com.pl\/wp-content\/uploads\/2018\/04\/posluchaj-150x150.jpg\" alt=\"\" class=\"wp-image-2020\" srcset=\"https:\/\/htb.com.pl\/wp-content\/uploads\/2018\/04\/posluchaj-150x150.jpg 150w, https:\/\/htb.com.pl\/wp-content\/uploads\/2018\/04\/posluchaj-300x300.jpg 300w, https:\/\/htb.com.pl\/wp-content\/uploads\/2018\/04\/posluchaj-100x100.jpg 100w\" sizes=\"auto, (max-width: 150px) 100vw, 150px\" \/><\/a><\/figure>\n\n\n\n<p>Szczepimy si\u0119 na COVID-19 ale ja mam ale. Prze\u017cy\u0142em ju\u017c troch\u0119, troch\u0119 widzia\u0142em, no i do czego\u015b si\u0119 zobowi\u0105za\u0142em. Przedstawiam w tych wpisach \u015bwiat z perspektywy Marysi, (wcze\u015bniejsze wpisy), a to ka\u017ce mi patrze\u0107 na wszystko z jej  perspektywy. Min\u0119\u0142o ponad 30 lat od jej \u015bmierci, (13.10.1987.), staram si\u0119 wi\u0119c odnajdywa\u0107 j\u0105 w Paniach, kt\u00f3re aktualnie dzia\u0142aj\u0105 w polityce, biznesie, czy  \u017cyciu publicznym. W\u0142a\u015bnie ogl\u0105da\u0142em wywiad Piotra Kra\u015bki TVN z  <strong>Georgette Mosbacher<\/strong>\u00a0ambasador USA w Polsce. \u017begna si\u0119 z nami, prezydent Donald Trump przegra\u0142 wybory i odchodzi w atmosferze skandali. Jednak Pani ambasador zachowuje klas\u0119. Tu wida\u0107 co\u015b na co Marysia zwraca\u0142a uwag\u0119 &#8211; klasa. Majka gdy szuka\u0142a kogo\u015b do wsp\u00f3\u0142pracy, nie patrzy\u0142a na jego przynale\u017cno\u015b\u0107 polityczn\u0105, pogl\u0105dy &#8211; no chyba, \u017ce J\u00f3zefa Pi\u0142sudskiego uwa\u017ca\u0142 za bohatera, tu by\u0142 na straconej pozycji ale zwykle dostawa\u0142 szans\u0119 poprawy. Podobnie Pani Mosbacher &#8211; uwa\u017ca\u0142a za w\u0142a\u015bciwe odci\u0119cie si\u0119 od polskich populist\u00f3w w kwestii LGBT, cho\u0107 sama reprezentowa\u0142a populist\u0119 Trumpa. Jednak w po\u017cegnalnym  wywiadzie z redaktorem Kra\u015bko, co\u015b o wiele wa\u017cniejszego powiedzia\u0142a. Ten nawet tego nie zauwa\u017cy\u0142 &#8211; chc\u0119 wierzy\u0107, \u017ce przez gapiostwo, a nie dla poprawno\u015bci politycznej &#8211; \u017ceby reklamodawc\u00f3w nie straci\u0107 znaczy. To taka dzisiejsza cenzura, a teraz cytat: <strong><em>&#8220;Zeroemisyjno\u015b\u0107 mo\u017cna osi\u0105gn\u0105\u0107 jedynie poprzez energetyk\u0119 j\u0105drow\u0105, a nie wiatrow\u0105, czy s\u0142oneczn\u0105&#8221;.<\/em><\/strong><\/p>\n\n\n\n<p>Marysia w 1986 roku troch\u0119 inaczej to definiowa\u0142a. Cytat z mojego wpisu, gdzie polskiego naukowca do doko\u0144czenia budowy EJ\u017b przekona\u0142a.<em> <\/em><a href=\"https:\/\/htb.com.pl\/?p=3995\">&#8220;Teraz jest jeszcze czas, by uratowa\u0107 to sielskie \u017cycie, kt\u00f3re tu prowadzicie. Czarnobyl to nieszcz\u0119\u015bcie, ta katastrofa mo\u017ce zniweczy\u0107 nasz projekt energetyki j\u0105drowej. To te\u017c by\u0142oby nieszcz\u0119\u015bcie. Nieszcz\u0119\u015bcia chodz\u0105 parami, powiedzia\u0142 ksi\u0105dz, boj\u0119 si\u0119, \u017ce to si\u0119 tu sprawdzi&#8221;.<\/a><\/p>\n\n\n\n<p>Sprawdzi\u0142o si\u0119&#8230; Pani ambasador nazwa\u0142a nas prymusami, bo w energetyce, r\u00f3wnie\u017c j\u0105drowej wsp\u00f3\u0142pracujemy z Amerykanami. My jako jedyni w tej cz\u0119\u015bci kuli ziemskiej, nie mamy elektrowni j\u0105drowej Pani Mosbacher, tu nie jeste\u015bmy prymusami, tylko os\u0142ami.<\/p>\n\n\n\n<p>To jak brakuje klasy naszym politykom wida\u0107 na ka\u017cdym kroku, du\u017co tych fakt\u00f3w w <a href=\"http:\/\/radiomaria.com.pl\/\">Radiu MARIA<\/a> przytaczam. Tu opisz\u0119 jak Majka ludzi z klas\u0105 rozpoznawa\u0142a. Opisa\u0142em to ju\u017c na blogi Daty i Fakty. Szukaj\u0105c wsp\u00f3\u0142pracownik\u00f3w robi\u0142a prywatk\u0119, tak\u0105 dzisiejsz\u0105 dom\u00f3wk\u0119, ja gotowa\u0142em bigos i podawa\u0142em z chlebem. Gdy go\u015bcie jedli chleb gryz\u0105c krom\u0119 zamiast od\u0142amywa\u0107 po kawa\u0142ku i wk\u0142ada\u0107 do ust, mieli pozamiatane.<\/p>\n\n\n\n<p>Jestem pewny, \u017ce gdyby Pan Jaros\u0142aw Kaczy\u0144ski to stosowa\u0142, dzi\u015b post\u0119powaniem swoich dzia\u0142aczy by si\u0119 nie denerwowa\u0142 (Wa\u0142brzych \ud83d\ude42 ).<\/p>\n\n\n\n<p>LOL ale nie ma si\u0119 co \u015bmia\u0107. To co ci ludzie wyczyniaj\u0105 ze szczepieniami nie jest \u015bmieszne. Dostawc\u00f3w szczepionek oceniaj\u0105 swoj\u0105 miar\u0105 i po\u0142ow\u0119 odk\u0142adaj\u0105, przez co szczepionek brakuje i system si\u0119 blokuje.<\/p>\n\n\n\n<p>Znowu przywo\u0142am 1986 rok, po wybuchu w Czarnobylu 26 kwietnia tego w\u0142a\u015bnie roku, w ci\u0105gu trzech dni podano p\u0142yn Lugola ponad 18-stu milionom Polak\u00f3w. S\u0105 jeszcze w polityce ludzie, kt\u00f3rzy to organizowali &#8211; mo\u017ce przy organizacji szczepie\u0144 by popracowali. My\u015bl\u0119 tu min. o Panu Leszku Millerze. No &#8211; on to nawet ju\u017c pom\u00f3g\u0142. Swym zaszczepieniem wywo\u0142a\u0142 burz\u0119. Populi\u015bci te\u017c si\u0119 postarali, prof. Zbigniewa Maci\u0105ga rektora Warszawskiego Uniwersytetu Medycznego za zaszczepienie Millera i innych poza kolejno\u015bci\u0105 odwo\u0142a\u0107 pr\u00f3bowali. Rektor si\u0119 nie da\u0142. Wszystko to spowodowa\u0142o, \u017ce nagle mn\u00f3stwo Polak\u00f3w na zaszczepienie si\u0119 zdecydowa\u0142o. Pami\u0119tam, \u017ce jak ten roztw\u00f3r jodu w 1986 roku si\u0119 podawa\u0142o, to paniki si\u0119 nie wywo\u0142a\u0142o. Nawet Marysia to doceni\u0142a. Ona w Czarnobylu, na miejscu dzia\u0142a\u0142a. Opowiada\u0142a jak do tunelu kopanego pod reaktorem  przez nagich g\u00f3rnik\u00f3w (piekielnie gor\u0105co by\u0142o) w OP 1 <img loading=\"lazy\" decoding=\"async\" width=\"150\" height=\"249\" class=\"wp-image-36125\" style=\"width: 150px;\" src=\"https:\/\/htb.com.pl\/wp-content\/uploads\/2021\/01\/OP-1.png\" alt=\"\" srcset=\"https:\/\/htb.com.pl\/wp-content\/uploads\/2021\/01\/OP-1.png 279w, https:\/\/htb.com.pl\/wp-content\/uploads\/2021\/01\/OP-1-180x300.png 180w\" sizes=\"auto, (max-width: 150px) 100vw, 150px\" \/> wchodzi\u0142a i promieniowanie mierzy\u0142a. Dane z rendgenoradiometru i pehametru ch\u0142opakom pokazywa\u0142a &#8211; ci g\u00f3rnicy byli tam najwa\u017cniejsi i Ona to wiedzia\u0142a. \u017beby dzisiejsza klasa polityczna o medykach tak my\u015bla\u0142a&#8230;<\/p>\n\n\n\n<p>Oni tam w Czarnobylu cz\u0119sto \u017cycie oddawali ale Polesie uratowali &#8211; mo\u017ce syropu z babki lancetowatej by\u015bcie spr\u00f3bowali. <a href=\"https:\/\/htb.com.pl\/?product=syrop-z-babki-lancetowatej-250-ml\"><img loading=\"lazy\" decoding=\"async\" width=\"150\" height=\"150\" class=\"wp-image-35967\" style=\"width: 150px;\" src=\"https:\/\/htb.com.pl\/wp-content\/uploads\/2021\/01\/syrop_01-ma\u0142y.png\" alt=\"\" srcset=\"https:\/\/htb.com.pl\/wp-content\/uploads\/2021\/01\/syrop_01-ma\u0142y.png 920w, https:\/\/htb.com.pl\/wp-content\/uploads\/2021\/01\/syrop_01-ma\u0142y-300x300.png 300w, https:\/\/htb.com.pl\/wp-content\/uploads\/2021\/01\/syrop_01-ma\u0142y-150x150.png 150w, https:\/\/htb.com.pl\/wp-content\/uploads\/2021\/01\/syrop_01-ma\u0142y-768x768.png 768w, https:\/\/htb.com.pl\/wp-content\/uploads\/2021\/01\/syrop_01-ma\u0142y-600x600.png 600w, https:\/\/htb.com.pl\/wp-content\/uploads\/2021\/01\/syrop_01-ma\u0142y-100x100.png 100w\" sizes=\"auto, (max-width: 150px) 100vw, 150px\" \/><\/a> W\u0142a\u015bnie z Polesia pochodzi i problemy z oddychaniem \u0142agodzi.<\/p>\n","protected":false},"excerpt":{"rendered":"<p>Szczepimy si\u0119 na COVID-19 ale ja mam ale. Prze\u017cy\u0142em ju\u017c troch\u0119, troch\u0119 widzia\u0142em, no i do czego\u015b si\u0119 zobowi\u0105za\u0142em. Przedstawiam w tych wpisach \u015bwiat z perspektywy Marysi, (wcze\u015bniejsze wpisy), a to ka\u017ce mi patrze\u0107 na wszystko z jej perspektywy. Min\u0119\u0142o ponad 30 lat od jej \u015bmierci, (13.10.1987.), staram si\u0119 wi\u0119c odnajdywa\u0107 j\u0105 w Paniach, kt\u00f3re [&hellip;]<\/p>\n","protected":false},"author":1,"featured_media":36127,"comment_status":"open","ping_status":"open","sticky":false,"template":"","format":"standard","meta":{"_jetpack_memberships_contains_paid_content":false,"footnotes":""},"categories":[4],"tags":[700],"class_list":["post-36077","post","type-post","status-publish","format-standard","has-post-thumbnail","hentry","category-daty-i-fakty-blog","tag-szczepienia"],"jetpack_sharing_enabled":true,"jetpack_featured_media_url":"https:\/\/htb.com.pl\/wp-content\/uploads\/2021\/01\/Szczepienia.png","_links":{"self":[{"href":"https:\/\/htb.com.pl\/index.php?rest_route=\/wp\/v2\/posts\/36077","targetHints":{"allow":["GET"]}}],"collection":[{"href":"https:\/\/htb.com.pl\/index.php?rest_route=\/wp\/v2\/posts"}],"about":[{"href":"https:\/\/htb.com.pl\/index.php?rest_route=\/wp\/v2\/types\/post"}],"author":[{"embeddable":true,"href":"https:\/\/htb.com.pl\/index.php?rest_route=\/wp\/v2\/users\/1"}],"replies":[{"embeddable":true,"href":"https:\/\/htb.com.pl\/index.php?rest_route=%2Fwp%2Fv2%2Fcomments&post=36077"}],"version-history":[{"count":13,"href":"https:\/\/htb.com.pl\/index.php?rest_route=\/wp\/v2\/posts\/36077\/revisions"}],"predecessor-version":[{"id":36134,"href":"https:\/\/htb.com.pl\/index.php?rest_route=\/wp\/v2\/posts\/36077\/revisions\/36134"}],"wp:featuredmedia":[{"embeddable":true,"href":"https:\/\/htb.com.pl\/index.php?rest_route=\/wp\/v2\/media\/36127"}],"wp:attachment":[{"href":"https:\/\/htb.com.pl\/index.php?rest_route=%2Fwp%2Fv2%2Fmedia&parent=36077"}],"wp:term":[{"taxonomy":"category","embeddable":true,"href":"https:\/\/htb.com.pl\/index.php?rest_route=%2Fwp%2Fv2%2Fcategories&post=36077"},{"taxonomy":"post_tag","embeddable":true,"href":"https:\/\/htb.com.pl\/index.php?rest_route=%2Fwp%2Fv2%2Ftags&post=36077"}],"curies":[{"name":"wp","href":"https:\/\/api.w.org\/{rel}","templated":true}]}}