{"id":3618,"date":"2019-05-11T10:46:04","date_gmt":"2019-05-11T10:46:04","guid":{"rendered":"https:\/\/htb.com.pl\/?p=3618"},"modified":"2019-06-13T09:46:10","modified_gmt":"2019-06-13T09:46:10","slug":"donald-tusk","status":"publish","type":"post","link":"https:\/\/htb.com.pl\/?p=3618","title":{"rendered":"Donald Tusk?"},"content":{"rendered":"<p><img loading=\"lazy\" decoding=\"async\" class=\"alignnone size-medium wp-image-3632\" src=\"https:\/\/htb.com.pl\/wp-content\/uploads\/2019\/05\/infraqstruktura-300x169.jpg\" alt=\"\" width=\"300\" height=\"169\" srcset=\"https:\/\/htb.com.pl\/wp-content\/uploads\/2019\/05\/infraqstruktura-300x169.jpg 300w, https:\/\/htb.com.pl\/wp-content\/uploads\/2019\/05\/infraqstruktura.jpg 505w\" sizes=\"auto, (max-width: 300px) 100vw, 300px\" \/><\/p>\n<p>Pisa\u0142em ju\u017c, \u017ce po roku 2005 na polskiej scenie politycznej pozostali jedynie \u017ali politycy. Ja tak ich nazywam, moja ocena zale\u017cy bowiem od stosunku danego polityka do J\u00f3zefa Pi\u0142sudskiego. Marysia, kiedy\u015b moja dziewczyna uwa\u017ca\u0142a, \u017ce kto\u015b kto J\u00f3zefa Pi\u0142sudskiego uwa\u017ca za bohatera, nie ma wyobra\u017ani i nie mo\u017ce rz\u0105dzi\u0107, bo doprowadzi do tragedii. By\u0142 rok 1986, wtedy kompletnie nie interesowa\u0142o mnie to, co moja dziewczyna m\u00f3wi\u0142a o Pi\u0142sudskim, dzi\u015b wiem, \u017ce to w\u0142a\u015bnie by\u0142o wa\u017cne. Mieli\u015bmy wtedy po dwadzie\u015bcia kilka lat i mnie si\u0119 wydawa\u0142o, \u017ce poza mi\u0142o\u015bci\u0105 nie ma nic. Dzi\u015b wiem, \u017ce mi\u0142o\u015b\u0107 to nie wszystko. Dopiero teraz zrozumia\u0142em wiele jej prostych sentencji.<\/p>\n<p>9 maja, czy jak kto\u015b woli \u00f3smy, to dzie\u0144 zwyci\u0119stwa. <a href=\"https:\/\/htb.com.pl\/?p=349\">Pami\u0119tam jak 2 maja 1987 roku Marysia kaza\u0142a mi zawiesi\u0107 w oknie jej warszawskiego biura bia\u0142o czerwon\u0105 flag\u0119<\/a>. Mia\u0142 o to pretensj\u0119 stra\u017cnik, by\u0142y \u017co\u0142nierz II Armii Wojska Polskiego. Gdy mu przypomnieli\u015bmy, \u017ce w\u0142a\u015bnie 2 maja 1945 roku polscy \u017co\u0142nierze w zdobywanym Berlinie powiesili taka flag\u0119 na Kolumnie Zwyci\u0119stwa poprosi\u0142, aby\u015bmy pilnowali, \u017ceby zawsze pami\u0119tano o Polskich Ko\u015bciuszkowcach zdobywaj\u0105cych Berlin. Tego Panu nie mo\u017cemy obieca\u0107 i Pan o tym wie, powiedzia\u0142a wtedy Marysia. Powiedzia\u0142a co\u015b co mnie si\u0119 nie mie\u015bci\u0142o w g\u0142owie. Jak mo\u017cna zapomnie\u0107 o tych co zdobywali Berlin? Dzi\u015b wiem, \u017ce mo\u017cna. Dzisiejsza w\u0142adza nie chce pami\u0119ta\u0107 o tych prostych \u017co\u0142nierzach, kt\u00f3rzy szli od Lenino do Berlina &#8211; ka\u017ce nam pami\u0119ta\u0107 o tych, co walczyli na pozosta\u0142ych frontach II wojny \u015bwiatowej i tych co tej strasznej wojny nie chcieli zako\u0144czy\u0107. Gdy dzi\u015b s\u0142ysz\u0119, \u017ce to \u017ale, \u017ce nasze przemiany lat osiemdziesi\u0105tych by\u0142y bezkrwawe &#8211; zdaj\u0119 sobie spraw\u0119, jak bardzo brakuje Marysi.<\/p>\n<p>\u017beby nie zatraci\u0107 wszelkiej nadziei wmawiam sobie, \u017ce kto\u015b taki jak Marysia pojawi si\u0119 na polskiej scenie politycznej &#8211; kto\u015b z wyobra\u017ani\u0105. Jako\u015b pod\u015bwiadomie wiem, \u017ce to musi by\u0107 kobieta, rz\u0105dy m\u0119\u017cczyzn w\u0142a\u015bnie mamy&#8230;<\/p>\n<p>Jak mo\u017cna wizerunek Matki Boskiej Cz\u0119stochowskie na kiblu wiesza\u0107? Jeszcze t\u0119cz\u0119 w aureoli domalowa\u0107? Jak mo\u017cna robi\u0107 sobie jaja z matur &#8211;\u00a0 zg\u0142aszaj\u0105c zamachy bombowe? Jak mo\u017cna publicznie w ksi\u0105\u017cce ujawni\u0107, \u017ce premier Mateusz Morawiecki ma dwoje adoptowanych dzieci? To s\u0105 tylko fakty z ostatniego tygodnia. Jest to forma sk\u0142\u00f3cania nas przez<a href=\"https:\/\/htb.com.pl\/?p=1083\"> GRU, wywiad radziecki<\/a>.<a href=\"https:\/\/htb.com.pl\/?p=2793\"> Marysia m\u00f3wi\u0142a na Balu Sylwestrowym w Bornym Sulinowie<\/a>. Te ich rakiety s\u0105 g..no warte &#8211; ich cz\u0119stotliwo\u015bci radiowe trzeba przej\u0105\u0107, to jest straszna bro\u0144. Tego te\u017c wtedy nie rozumia\u0142em. A\u00a0 wszystko to co opisa\u0142em spowodowa\u0142y media &#8211; teraz ju\u017c nie tylko Ojca Tadeusza Rydzyka. TVN &#8211; stacja kt\u00f3ra jak mi si\u0119 wydawa\u0142o chce by\u0107 por\u00f3wnywana z CNN, nada\u0142a reporta\u017c z przyznania panu Donaldowi Tuskowi tytu\u0142u Cz\u0142owieka Roku Gazety Wyborczej. Ja wiem czym jest reklama. Nadanie takiego materia\u0142u w porze najwi\u0119kszej ogl\u0105dalno\u015bci, gdy ludzie czekaj\u0105 na &#8220;Szk\u0142o Kontaktowe&#8221; jest dla gazety warte miliony. Ale czy warte jest tragedii Polski? <a href=\"https:\/\/htb.com.pl\/?p=155\">To pan Adam Michnik i jego gazeta obali\u0142a rz\u0105d Leszka Millera poprzez afer\u0119 Rywina<\/a>.\u00a0<a href=\"https:\/\/htb.com.pl\/?p=2035\">To pan Donald Tusk poprzez kombinacje z Ann\u0105 Jaruck\u0105 spowodowa\u0142 wycofanie si\u0119 W\u0142odzimierza Cimoszewicza z walki o prezydentur\u0119<\/a>. Pan Cimoszewicz wspomnia\u0142 w\u0142a\u015bnie o tym w jednym z wywiad\u00f3w. Pu\u015bci\u0142 to w niepami\u0119\u0107, dla dobra Polski, jak to okre\u015bli\u0142. Do czego doprowadzi ta kampania? Jak sprawi\u0107 aby mandaty w Parlamentach Krajowych i UE zdobywali ludzie z wyobra\u017ani\u0105, tacy co lubi\u0105 matematyk\u0119 a nie lubi\u0105 Pi\u0142sudskiego.<\/p>\n<p><a href=\"https:\/\/htb.com.pl\/?product=moje-ulubione-zagadki-matematyczne-i-logiczne\"><img loading=\"lazy\" decoding=\"async\" class=\"size-full wp-image-3628 alignleft\" src=\"https:\/\/htb.com.pl\/wp-content\/uploads\/2019\/05\/mat.jpg\" alt=\"\" width=\"200\" height=\"292\" \/><\/a>Kiedy\u015b za &#8220;komuny&#8221; w\u0142adza wzbudza\u0142a strach, to dzia\u0142a\u0142o, ludzie bali si\u0119 w\u0142adzy. Demokracja sprawi\u0142a, \u017ce strach znikn\u0105\u0142. Jednak autorytety, kt\u00f3re w demokracji powinny kszta\u0142towa\u0107 nasze postawy, te\u017c znikn\u0119\u0142y. To co mamy teraz, to anarchia. Rz\u0105dz\u0105cy na wy\u015bcigi rozdaj\u0105 nasze\u00a0 pieni\u0105dze z podatk\u00f3w, \u017ceby wygra\u0107 kolejne wybory. Nauczyciele, chyba odkryli sw\u00f3j b\u0142\u0105d po tym jak zostali ostatnio potraktowani, nie nauczyli poszanowania dla autorytet\u00f3w. Rz\u0105dz\u0105 nami ludzie bez wyobra\u017ani. To oni po roku 1990 zniszczyli nasz program elektrowni j\u0105drowych, przemys\u0142 zbrojeniowy, PGR-y, pa\u0144stwowe tartaki &#8211; tylko Lasy Pa\u0144stwowe si\u0119 obroni\u0142y, chyl\u0119 czo\u0142a. Tak sobie my\u015bl\u0119, gdyby to zobaczy\u0142a Marysia, co ona by zrobi\u0142a? J\u0105 ci\u0119\u017cko by\u0142o czym\u015b za\u0142ama\u0107, pewnie wzi\u0119\u0142aby si\u0119 do roboty ale za stadniny koni w Micha\u0142owie i Janowie Podlaskim kto\u015b by po ryju dosta\u0142, Majka kocha\u0142a konie.<\/p>\n<p>Pami\u0119tam jak m\u00f3wi\u0142a, \u017ce do Rady Europy musimy wej\u015b\u0107, tam s\u0105 super mechanizmy. Te mechanizmy sprawi\u0142y, \u017ce stali\u015bmy si\u0119 krajem europejskim, nasza infrastruktura to co\u015b, czym mo\u017cna by si\u0119 przed Marysia pochwali\u0107.<\/p>\n<p>Rozbawi\u0142 mnie Pan Lech Wa\u0142\u0119sa, to o jego ludziach dzi\u015b pisz\u0119 jak stwierdzi\u0142, \u017ce Uni\u0119 Europejsk\u0105 trzeba rozwali\u0107 &#8211; jak kiedy\u015b Polsk\u0119. Jak w rowerze z ko\u0142a zejdzie powietrze, to podpompowa\u0107 trzeba a nie rower na z\u0142om wywala\u0107. Do polityk\u00f3w co na ustach maj\u0105 etos przedwojennej Sanacji i wszystko chc\u0105 rozwala\u0107 &#8211; Kochani, id\u017acie popatrze\u0107, czy wasz rower stoi.<\/p>\n","protected":false},"excerpt":{"rendered":"<p>Pisa\u0142em ju\u017c, \u017ce po roku 2005 na polskiej scenie politycznej pozostali jedynie \u017ali politycy. Ja tak ich nazywam, moja ocena zale\u017cy bowiem od stosunku danego polityka do J\u00f3zefa Pi\u0142sudskiego. Marysia, kiedy\u015b moja dziewczyna uwa\u017ca\u0142a, \u017ce kto\u015b kto J\u00f3zefa Pi\u0142sudskiego uwa\u017ca za bohatera, nie ma wyobra\u017ani i nie mo\u017ce rz\u0105dzi\u0107, bo doprowadzi do tragedii. By\u0142 rok [&hellip;]<\/p>\n","protected":false},"author":1,"featured_media":3632,"comment_status":"open","ping_status":"open","sticky":false,"template":"","format":"standard","meta":{"_jetpack_memberships_contains_paid_content":false,"footnotes":""},"categories":[4],"tags":[403],"class_list":["post-3618","post","type-post","status-publish","format-standard","has-post-thumbnail","hentry","category-daty-i-fakty-blog","tag-donald-tusk"],"jetpack_sharing_enabled":true,"jetpack_featured_media_url":"https:\/\/htb.com.pl\/wp-content\/uploads\/2019\/05\/infraqstruktura.jpg","_links":{"self":[{"href":"https:\/\/htb.com.pl\/index.php?rest_route=\/wp\/v2\/posts\/3618","targetHints":{"allow":["GET"]}}],"collection":[{"href":"https:\/\/htb.com.pl\/index.php?rest_route=\/wp\/v2\/posts"}],"about":[{"href":"https:\/\/htb.com.pl\/index.php?rest_route=\/wp\/v2\/types\/post"}],"author":[{"embeddable":true,"href":"https:\/\/htb.com.pl\/index.php?rest_route=\/wp\/v2\/users\/1"}],"replies":[{"embeddable":true,"href":"https:\/\/htb.com.pl\/index.php?rest_route=%2Fwp%2Fv2%2Fcomments&post=3618"}],"version-history":[{"count":17,"href":"https:\/\/htb.com.pl\/index.php?rest_route=\/wp\/v2\/posts\/3618\/revisions"}],"predecessor-version":[{"id":3909,"href":"https:\/\/htb.com.pl\/index.php?rest_route=\/wp\/v2\/posts\/3618\/revisions\/3909"}],"wp:featuredmedia":[{"embeddable":true,"href":"https:\/\/htb.com.pl\/index.php?rest_route=\/wp\/v2\/media\/3632"}],"wp:attachment":[{"href":"https:\/\/htb.com.pl\/index.php?rest_route=%2Fwp%2Fv2%2Fmedia&parent=3618"}],"wp:term":[{"taxonomy":"category","embeddable":true,"href":"https:\/\/htb.com.pl\/index.php?rest_route=%2Fwp%2Fv2%2Fcategories&post=3618"},{"taxonomy":"post_tag","embeddable":true,"href":"https:\/\/htb.com.pl\/index.php?rest_route=%2Fwp%2Fv2%2Ftags&post=3618"}],"curies":[{"name":"wp","href":"https:\/\/api.w.org\/{rel}","templated":true}]}}