{"id":36348,"date":"2021-01-22T08:52:39","date_gmt":"2021-01-22T08:52:39","guid":{"rendered":"https:\/\/htb.com.pl\/?p=36348"},"modified":"2021-01-23T09:21:38","modified_gmt":"2021-01-23T09:21:38","slug":"polska-na-rozdrozu","status":"publish","type":"post","link":"https:\/\/htb.com.pl\/?p=36348","title":{"rendered":"Polska na rozdro\u017cu"},"content":{"rendered":"\n<p><\/p>\n\n\n\n<figure class=\"wp-block-image size-thumbnail\"><a href=\"http:\/\/radiomaria.com.pl\/wp-content\/uploads\/2021\/01\/Na-rozdro%C5%BCu.mp3\"><img loading=\"lazy\" decoding=\"async\" width=\"150\" height=\"150\" src=\"https:\/\/htb.com.pl\/wp-content\/uploads\/2018\/04\/posluchaj-150x150.jpg\" alt=\"\" class=\"wp-image-2020\" srcset=\"https:\/\/htb.com.pl\/wp-content\/uploads\/2018\/04\/posluchaj-150x150.jpg 150w, https:\/\/htb.com.pl\/wp-content\/uploads\/2018\/04\/posluchaj-300x300.jpg 300w, https:\/\/htb.com.pl\/wp-content\/uploads\/2018\/04\/posluchaj-100x100.jpg 100w\" sizes=\"auto, (max-width: 150px) 100vw, 150px\" \/><\/a><\/figure>\n\n\n\n<figure class=\"wp-block-image size-large\"><a href=\"http:\/\/radiomaria.com.pl\/wp-content\/uploads\/2021\/01\/18.1.-Nawalny.mp3\"><img loading=\"lazy\" decoding=\"async\" width=\"640\" height=\"480\" src=\"https:\/\/htb.com.pl\/wp-content\/uploads\/2021\/01\/Nwqlny.jpg\" alt=\"\" class=\"wp-image-36364\" srcset=\"https:\/\/htb.com.pl\/wp-content\/uploads\/2021\/01\/Nwqlny.jpg 640w, https:\/\/htb.com.pl\/wp-content\/uploads\/2021\/01\/Nwqlny-300x225.jpg 300w, https:\/\/htb.com.pl\/wp-content\/uploads\/2021\/01\/Nwqlny-600x450.jpg 600w\" sizes=\"auto, (max-width: 640px) 100vw, 640px\" \/><\/a><\/figure>\n\n\n\n<p><em>Wsp\u00f3\u0142czuj\u0119 Wam &#8211; i nam.<\/em><\/p>\n\n\n\n<p>W\u0142adimir Putin prezydent Rosji aresztowa\u0142 Aleksieja Nawalnego. <img loading=\"lazy\" decoding=\"async\" width=\"150\" height=\"113\" class=\"wp-image-36361\" style=\"width: 150px;\" src=\"https:\/\/htb.com.pl\/wp-content\/uploads\/2021\/01\/Nawalny-3.jpg\" alt=\"\" srcset=\"https:\/\/htb.com.pl\/wp-content\/uploads\/2021\/01\/Nawalny-3.jpg 640w, https:\/\/htb.com.pl\/wp-content\/uploads\/2021\/01\/Nawalny-3-300x225.jpg 300w, https:\/\/htb.com.pl\/wp-content\/uploads\/2021\/01\/Nawalny-3-600x450.jpg 600w\" sizes=\"auto, (max-width: 150px) 100vw, 150px\" \/> Na komisariacie milicji zorganizowano s\u0105d i do &#8220;paki&#8221;. Joe Biden w USA obejmuje urz\u0105d prezydenta Stan\u00f3w Zjednoczonych. Tu nie da\u0142o si\u0119 zastraszy\u0107 S\u0119dzi\u00f3w S\u0105du Najwy\u017cszego i Amerykanie wracaj\u0105 do \u015bwiata demokratycznego. <\/p>\n\n\n\n<p>Pan Zbigniew Ziobro patrz\u0105c na Warszaw\u0119 z okna  swojego, widzi Plac Na Rozdro\u017cu. <\/p>\n\n\n\n<figure class=\"wp-block-image size-large\"><img loading=\"lazy\" decoding=\"async\" width=\"962\" height=\"770\" src=\"https:\/\/htb.com.pl\/wp-content\/uploads\/2021\/01\/Plac-Na-Rozdro\u017cu-du\u017cy-b.png\" alt=\"\" class=\"wp-image-36408\" srcset=\"https:\/\/htb.com.pl\/wp-content\/uploads\/2021\/01\/Plac-Na-Rozdro\u017cu-du\u017cy-b.png 962w, https:\/\/htb.com.pl\/wp-content\/uploads\/2021\/01\/Plac-Na-Rozdro\u017cu-du\u017cy-b-300x240.png 300w, https:\/\/htb.com.pl\/wp-content\/uploads\/2021\/01\/Plac-Na-Rozdro\u017cu-du\u017cy-b-768x615.png 768w, https:\/\/htb.com.pl\/wp-content\/uploads\/2021\/01\/Plac-Na-Rozdro\u017cu-du\u017cy-b-600x480.png 600w\" sizes=\"auto, (max-width: 962px) 100vw, 962px\" \/><\/figure>\n\n\n\n<p> Teraz jeszcze mo\u017ce wybra\u0107 kierunek. Ulic\u0105 Armii Ludowej mo\u017cemy pojecha\u0107 na wsch\u00f3d albo na zach\u00f3d. Szykany wobec s\u0119dzi\u00f3w, prokurator\u00f3w i nas obywateli oznaczaj\u0105, \u017ce jedziemy na wsch\u00f3d. Mo\u017ce zawr\u00f3cimy Kochani?  Jeszcze jest czas, jeszcze nie jeste\u015bmy do ko\u0144ca przegrani. W prawdzie po\u0142owa Polak\u00f3w wschodni kierunek wybra\u0142a &#8211; my\u015bl\u0119 jednak, \u017ce tak naprawd\u0119 nie wiedzia\u0142a co wybiera\u0142a. Mo\u017ce warto zmieni\u0107 azymut &#8211; bohatera?<\/p>\n\n\n\n<p>Prosz\u0119 pomy\u015ble\u0107 &#8211; gdyby tak przygasi\u0107 \u015bwiat\u0142a nad socjalist\u0105 J\u00f3zefem Pi\u0142sudskim, (takim dzisiejszym populist\u0105), a troch\u0119 ja\u015bniej za\u015bwieci\u0107 nad Wincentym Witosem  &#8211; ludowcem. Jego pomnik stoi na Placu Trzech krzy\u017cy. Z Ministerstwa Sprawiedliwo\u015bci to b\u0119dzie prosto na p\u00f3\u0142noc Alejami Ujazdowskimi. <img loading=\"lazy\" decoding=\"async\" width=\"150\" height=\"250\" class=\"wp-image-2127\" style=\"width: 150px;\" src=\"https:\/\/htb.com.pl\/wp-content\/uploads\/2018\/10\/wincenty-witos.jpg\" alt=\"\" srcset=\"https:\/\/htb.com.pl\/wp-content\/uploads\/2018\/10\/wincenty-witos.jpg 360w, https:\/\/htb.com.pl\/wp-content\/uploads\/2018\/10\/wincenty-witos-180x300.jpg 180w\" sizes=\"auto, (max-width: 150px) 100vw, 150px\" \/> <a href=\"https:\/\/htb.com.pl\/?p=2099\">11 stycznia 1987 roku stali\u015bmy z Marysi\u0105<\/a>, (wcze\u015bniejsze wpisy) pod tym pomnikiem, wtedy Polska podobnie jak dzi\u015b by\u0142a na rozdro\u017cu. Nast\u0119pnego dnia genera\u0142 Wojciech Jaruzelski mia\u0142 si\u0119 spotka\u0107 z Papie\u017cem Janem Paw\u0142em II. M\u00f3g\u0142 wybra\u0107 wsch\u00f3d albo zach\u00f3d. Kierunek wschodni oznacza\u0142 koniec moich spotka\u0144 z Marysi\u0105, musia\u0142aby znikn\u0105\u0107. Genera\u0142 wybra\u0142 zach\u00f3d i Majka zosta\u0142a. Wiem, \u017ce gdyby na d\u0142u\u017cej zosta\u0142a, dzi\u015b Polska kolejny raz kierunku by nie wybiera\u0142a. <\/p>\n\n\n\n<p>20 stycznia 2021 Joe Biden <img loading=\"lazy\" decoding=\"async\" width=\"150\" height=\"113\" class=\"wp-image-36412\" style=\"width: 150px;\" src=\"https:\/\/htb.com.pl\/wp-content\/uploads\/2021\/01\/Biden.jpg\" alt=\"\" srcset=\"https:\/\/htb.com.pl\/wp-content\/uploads\/2021\/01\/Biden.jpg 640w, https:\/\/htb.com.pl\/wp-content\/uploads\/2021\/01\/Biden-300x225.jpg 300w, https:\/\/htb.com.pl\/wp-content\/uploads\/2021\/01\/Biden-600x450.jpg 600w\" sizes=\"auto, (max-width: 150px) 100vw, 150px\" \/> &#8211; prezydent Stan\u00f3w Zjednoczonych i Kamala Harris <img loading=\"lazy\" decoding=\"async\" width=\"150\" height=\"113\" class=\"wp-image-36413\" style=\"width: 150px;\" src=\"https:\/\/htb.com.pl\/wp-content\/uploads\/2021\/01\/Hamala.jpg\" alt=\"\" srcset=\"https:\/\/htb.com.pl\/wp-content\/uploads\/2021\/01\/Hamala.jpg 640w, https:\/\/htb.com.pl\/wp-content\/uploads\/2021\/01\/Hamala-300x225.jpg 300w, https:\/\/htb.com.pl\/wp-content\/uploads\/2021\/01\/Hamala-600x450.jpg 600w\" sizes=\"auto, (max-width: 150px) 100vw, 150px\" \/>, kt\u00f3ra b\u0119dzie go zast\u0119powa\u0107 z\u0142o\u017cyli przysi\u0119gi. Jedna z pierwszych ich decyzji, to powr\u00f3t do Porozumie\u0144 Paryskich z grudnia 2015 roku. Gdzie pa\u0144stwa si\u0119 porozumia\u0142y i napisa\u0142y, \u017ce Planet\u0119 Ziemi\u0119 uratowa\u0107 by chcia\u0142y. Polska traktat ratyfikowa\u0142a, bo UE, do kt\u00f3rej podobno jeszcze nal\u017cymy go podpisa\u0142a. Mam jednak w\u0105tpliwo\u015bci, czy nasza klasa polityczna zrozumia\u0142a, co ratyfikowa\u0142a.<\/p>\n\n\n\n<p>\u017beby nie pali\u0107 w\u0119glem i nie kupowa\u0107 rosyjskiego gazu, postawili\u015bmy na ameryka\u0144ski &#8211; z \u0142upk\u00f3w. Jak banda&#8230; (<em>rym<\/em>)<\/p>\n\n\n\n<p>Gaz to paliwo kopalne, zmniejsza smog ale nie emisyjno\u015b\u0107, a gaz \u0142upkowy to dodatkowo ogromne ilo\u015bci wody, kt\u00f3r\u0105 bezpowrotnie tracimy. Nikt poza Amerykanami tego nawet nie pr\u00f3buje. Polska za\u015b si\u0119 tym ekscytuje i nawet &nbsp;Nord Stream 2, (gazoci\u0105g p\u00f3\u0142nocny) Rosjanom blokowa\u0107 pr\u00f3buje. Kiedy\u015b budow\u0119 EJ\u017b \u017ce\u015bmy zablokowali i teraz b\u0119dziemy p\u0142akali. Takt, tak &#8211; wiem, \u017ce jeszcze nie p\u0142aczecie &#8211; b\u0119dziecie. Marysia tak m\u00f3wi\u0142a, a Ona si\u0119 nie myli\u0142a.<\/p>\n\n\n\n<p><\/p>\n\n\n\n<figure class=\"wp-block-image size-large\"><a href=\"http:\/\/radiomaria.com.pl\/wp-content\/uploads\/2021\/01\/16.1.K-2-zdobyty.mp3\"><img loading=\"lazy\" decoding=\"async\" width=\"655\" height=\"370\" src=\"https:\/\/htb.com.pl\/wp-content\/uploads\/2021\/01\/K-2-ma\u0142y.jpg\" alt=\"\" class=\"wp-image-36461\" srcset=\"https:\/\/htb.com.pl\/wp-content\/uploads\/2021\/01\/K-2-ma\u0142y.jpg 655w, https:\/\/htb.com.pl\/wp-content\/uploads\/2021\/01\/K-2-ma\u0142y-300x169.jpg 300w, https:\/\/htb.com.pl\/wp-content\/uploads\/2021\/01\/K-2-ma\u0142y-600x339.jpg 600w\" sizes=\"auto, (max-width: 655px) 100vw, 655px\" \/><\/a><\/figure>\n\n\n\n<p>Na koniec co\u015b pozytywnego, Szerpowie w<strong> dziesi\u0119ciu <\/strong> szczyt  K 2 (8611m.n.p.m.) jako pierwsi zim\u0105 zdobyli. Polscy alpini\u015bci, kt\u00f3rzy kilka razy pr\u00f3bowali, pogratulowali ale w oczach mieli pytanie &#8211; jak oni tego dokonali, \u017ce razem na szczyt si\u0119 wdrapali? Wsp\u00f3\u0142pracowali.<\/p>\n\n\n\n<p>A to moja propozycja, mo\u017ce by\u015bcie Kochani o K2 poczytali.<\/p>\n\n\n\n<figure class=\"wp-block-image size-large\"><a href=\"https:\/\/htb.com.pl\/?product=gorfanka-powraca-w-karakorum\"><img loading=\"lazy\" decoding=\"async\" width=\"200\" height=\"291\" src=\"https:\/\/htb.com.pl\/wp-content\/uploads\/2021\/01\/Karakorum.jpg\" alt=\"\" class=\"wp-image-36465\"\/><\/a><\/figure>\n","protected":false},"excerpt":{"rendered":"<p>Wsp\u00f3\u0142czuj\u0119 Wam &#8211; i nam. W\u0142adimir Putin prezydent Rosji aresztowa\u0142 Aleksieja Nawalnego. Na komisariacie milicji zorganizowano s\u0105d i do &#8220;paki&#8221;. Joe Biden w USA obejmuje urz\u0105d prezydenta Stan\u00f3w Zjednoczonych. Tu nie da\u0142o si\u0119 zastraszy\u0107 S\u0119dzi\u00f3w S\u0105du Najwy\u017cszego i Amerykanie wracaj\u0105 do \u015bwiata demokratycznego. Pan Zbigniew Ziobro patrz\u0105c na Warszaw\u0119 z okna swojego, widzi Plac Na [&hellip;]<\/p>\n","protected":false},"author":1,"featured_media":36468,"comment_status":"open","ping_status":"open","sticky":false,"template":"","format":"standard","meta":{"_jetpack_memberships_contains_paid_content":false,"footnotes":""},"categories":[4],"tags":[702],"class_list":["post-36348","post","type-post","status-publish","format-standard","has-post-thumbnail","hentry","category-daty-i-fakty-blog","tag-polska-na-rozdrozu"],"jetpack_sharing_enabled":true,"jetpack_featured_media_url":"https:\/\/htb.com.pl\/wp-content\/uploads\/2021\/01\/240px-Plac_na_Rozdro\u017cu_w_Warszawie.jpg","_links":{"self":[{"href":"https:\/\/htb.com.pl\/index.php?rest_route=\/wp\/v2\/posts\/36348","targetHints":{"allow":["GET"]}}],"collection":[{"href":"https:\/\/htb.com.pl\/index.php?rest_route=\/wp\/v2\/posts"}],"about":[{"href":"https:\/\/htb.com.pl\/index.php?rest_route=\/wp\/v2\/types\/post"}],"author":[{"embeddable":true,"href":"https:\/\/htb.com.pl\/index.php?rest_route=\/wp\/v2\/users\/1"}],"replies":[{"embeddable":true,"href":"https:\/\/htb.com.pl\/index.php?rest_route=%2Fwp%2Fv2%2Fcomments&post=36348"}],"version-history":[{"count":18,"href":"https:\/\/htb.com.pl\/index.php?rest_route=\/wp\/v2\/posts\/36348\/revisions"}],"predecessor-version":[{"id":36524,"href":"https:\/\/htb.com.pl\/index.php?rest_route=\/wp\/v2\/posts\/36348\/revisions\/36524"}],"wp:featuredmedia":[{"embeddable":true,"href":"https:\/\/htb.com.pl\/index.php?rest_route=\/wp\/v2\/media\/36468"}],"wp:attachment":[{"href":"https:\/\/htb.com.pl\/index.php?rest_route=%2Fwp%2Fv2%2Fmedia&parent=36348"}],"wp:term":[{"taxonomy":"category","embeddable":true,"href":"https:\/\/htb.com.pl\/index.php?rest_route=%2Fwp%2Fv2%2Fcategories&post=36348"},{"taxonomy":"post_tag","embeddable":true,"href":"https:\/\/htb.com.pl\/index.php?rest_route=%2Fwp%2Fv2%2Ftags&post=36348"}],"curies":[{"name":"wp","href":"https:\/\/api.w.org\/{rel}","templated":true}]}}