{"id":3644,"date":"2019-05-18T08:01:26","date_gmt":"2019-05-18T08:01:26","guid":{"rendered":"https:\/\/htb.com.pl\/?p=3644"},"modified":"2019-06-17T08:01:09","modified_gmt":"2019-06-17T08:01:09","slug":"obrona-przez-atak","status":"publish","type":"post","link":"https:\/\/htb.com.pl\/?p=3644","title":{"rendered":"Obrona przez atak"},"content":{"rendered":"<p><img loading=\"lazy\" decoding=\"async\" class=\"alignnone size-medium wp-image-3654\" src=\"https:\/\/htb.com.pl\/wp-content\/uploads\/2019\/05\/Liche\u01441-300x200.jpg\" alt=\"\" width=\"300\" height=\"200\" srcset=\"https:\/\/htb.com.pl\/wp-content\/uploads\/2019\/05\/Liche\u01441-300x200.jpg 300w, https:\/\/htb.com.pl\/wp-content\/uploads\/2019\/05\/Liche\u01441-600x400.jpg 600w, https:\/\/htb.com.pl\/wp-content\/uploads\/2019\/05\/Liche\u01441.jpg 620w\" sizes=\"auto, (max-width: 300px) 100vw, 300px\" \/><a href=\"https:\/\/htb.com.pl\/wp-content\/uploads\/2019\/06\/siekielscy.mp3\"><img loading=\"lazy\" decoding=\"async\" class=\"size-medium wp-image-2020 alignright\" src=\"https:\/\/htb.com.pl\/wp-content\/uploads\/2018\/04\/posluchaj-300x280.jpg\" alt=\"\" width=\"300\" height=\"280\" srcset=\"https:\/\/htb.com.pl\/wp-content\/uploads\/2018\/04\/posluchaj-300x280.jpg 300w, https:\/\/htb.com.pl\/wp-content\/uploads\/2018\/04\/posluchaj-768x716.jpg 768w, https:\/\/htb.com.pl\/wp-content\/uploads\/2018\/04\/posluchaj-1024x955.jpg 1024w, https:\/\/htb.com.pl\/wp-content\/uploads\/2018\/04\/posluchaj-600x560.jpg 600w, https:\/\/htb.com.pl\/wp-content\/uploads\/2018\/04\/posluchaj.jpg 1158w\" sizes=\"auto, (max-width: 300px) 100vw, 300px\" \/><\/a>\u00a0Liche\u0144<\/p>\n<p>Wiara Katolicka &#8211; moja wiara prze\u017cywa kryzys. Po tym jak GRU wywiad rosyjski w\u0142\u0105czy\u0142 si\u0119 w sk\u0142\u00f3canie Polak\u00f3w, wykorzystuje do tego nasz\u0105 wiar\u0119. Pisa\u0142em ju\u017c o tym wielokrotnie. \u015amier\u0107 bp Tadeusza Pieronka, by\u0142a dla mnie ogromn\u0105 strat\u0105 w tej walce dobra ze z\u0142em. Odszed\u0142 bowiem m\u00f3j autorytet, jak chodzi o postrzeganie Katolicyzmu. Teraz opieram si\u0119 na tym co m\u00f3wi ks. prof. Andrzej Szostek, by\u0142y rektor Katolickiego Uniwersytetu Lubelskiego. Ale r\u00f3wnie\u017c abp. Wojciech Polak Prymas Polski pozosta\u0142 na &#8220;rubie\u017cy&#8221;, jednak\u00a0 rubie\u017c ta jest bardzo cofni\u0119ta. \u017beby j\u0105 obroni\u0107, trzeba zaatakowa\u0107, trzeba stan\u0105\u0107 w miejscu sk\u0105d zosta\u0142o si\u0119 wypartym. Ja pami\u0119tam jak by\u0142o pi\u0119knie w latach siedemdziesi\u0105tych, gdy budowali\u015bmy dom wszyscy s\u0105siedzi nam pomagali a Ksi\u0105dz by\u0142 autorytetem. Pierwsz\u0105 oznak\u0105, \u017ce dzieje si\u0119 co\u015b z\u0142ego, by\u0142o zlikwidowanie religii dla dzieci i m\u0142odzie\u017cy i zast\u0105pienie jej lekcjami religii w szko\u0142ach. Prysn\u0119\u0142o sakrum, prysn\u0105 autorytet Ksi\u0119dza, GRU wesz\u0142o jak na swoje. Marysia, kiedy\u015b moja dziewczyna by\u0142a za\u0142amana, gdy si\u0119 dowiedzia\u0142a, \u017ce s\u0105 plany zlikwidowania religii dla uczni\u00f3w. Ona by\u0142a bardzo m\u0105dra, ju\u017c w 1986 roku m\u00f3wi\u0142a, \u017ce trzeba wprowadzi\u0107 podatek VAT, bo to umo\u017cliwi kooperacj\u0119. VAT wprowadzono i super dzia\u0142a ale Marysia m\u00f3wi\u0142a co\u015b jeszcze, \u017ce celibat trzeba znie\u015b\u0107. Jak Marysia m\u00f3wi\u0142a, to tak trzeba zrobi\u0107.<\/p>\n<p><a href=\"https:\/\/htb.com.pl\/?product=wiara\"><img loading=\"lazy\" decoding=\"async\" class=\"size-medium wp-image-3652 alignright\" src=\"https:\/\/htb.com.pl\/wp-content\/uploads\/2019\/05\/wiara-185x300.jpg\" alt=\"\" width=\"185\" height=\"300\" srcset=\"https:\/\/htb.com.pl\/wp-content\/uploads\/2019\/05\/wiara-185x300.jpg 185w, https:\/\/htb.com.pl\/wp-content\/uploads\/2019\/05\/wiara.jpg 200w\" sizes=\"auto, (max-width: 185px) 100vw, 185px\" \/><\/a>Cz\u0119sto wsp\u00f3lnie z Marysi\u0105 go\u015bcili\u015bmy na plebaniach, jako po\u017c\u0105dani a czasem niepo\u017c\u0105dani go\u015bcie. Jednak zawsze widzia\u0142em jak m\u0142odzi ksi\u0119\u017ca patrzyli na Marysi\u0119, na tej jej &#8220;Wranglery&#8221;. Ona im wsp\u00f3\u0142czu\u0142a, uwa\u017ca\u0142a, \u017ce celibat to zamach na naturalne potrzeby m\u0119\u017cczyzny. Majka mia\u0142a zwyczaj obdarowywania ka\u017cdego kogo si\u0119 tylko da\u0142o. Zwykle by\u0142y to konserwy ale Ksi\u0119\u017ca dostawali co\u015b innego &#8211; karty do gry z aktami kobiet. Zrozumienie dla tej niezwyk\u0142ej sytuacji, jakie malowa\u0142o si\u0119 na twarzy Marysi sprawia\u0142o, \u017ce nikt si\u0119 nie obra\u017ca\u0142. To jednak nie by\u0142o normalne i wcze\u015bniej czy p\u00f3\u017aniej musia\u0142o doprowadzi\u0107 do tragedii. Brak powo\u0142a\u0144 sprawi\u0142, \u017ce bardzo obni\u017cy\u0142 si\u0119 poziom kszta\u0142cenia w seminariach a ogromne pieni\u0105dze jakie maj\u0105 do swojej dyspozycji duchowni, dope\u0142ni\u0142y reszty.<\/p>\n<p>Pedofilia &#8211; s\u0142owo, kt\u00f3re jest obecnie odmieniane przez wszystkie przypadki, to nie jest co\u015b co zaistnia\u0142o teraz. Teraz zosta\u0142o ujawnione, dzi\u0119ki nowym formom komunikacji jak cho\u0107by internet. Ten problem w ko\u015bciele istnia\u0142 zawsze &#8211; my\u015bl\u0119, \u017ce Sob\u00f3r Watyka\u0144ski II by\u0142 takim momentem, kiedy z pedofili\u0105 w\u015br\u00f3d ksi\u0119\u017cy zacz\u0119to walczy\u0107. Sob\u00f3r ten trwa\u0142 od 11 pa\u017adziernika 1962 roku, do 8 grudnia 1965 roku. Zarzuca si\u0119 dzi\u015b Papie\u017cowi Janowi Paw\u0142owi II, \u017ce nie walczy\u0142 z pedofili\u0105. Nasz Papie\u017c przyj\u0105\u0142 form\u0119 rz\u0105dzenia, gdzie on sam jest takim dobrym kr\u00f3lem. Nasza Konstytucja wzoruje si\u0119 na jego pontyfikacie, gdyby zrozumiano na czym polega w Polsce prezydentura, by\u0142oby super. Taka forma rz\u0105dzenia wymaga doskona\u0142ej polityki kadrowej a tu za pontyfikatu Jana Paw\u0142a II by\u0142o \u017ale, podobnie jak dzi\u015b w Polsce. By\u0142em rozczarowany, \u017ce Kardyna\u0142 Stanis\u0142aw\u00a0 Dziwisz w filmie braci Sekielskich nie znalaz\u0142 czasu na wypowied\u017a &#8211; kolejny raz by\u0142em rozczarowany.<\/p>\n<p>Marysia problem pedofilii dostrzega\u0142a ju\u017c w 1986 roku. Notatki na temat zachowa\u0144 duchownych wobec nieletnich pojawia\u0142y si\u0119 w materia\u0142ach SB, do kt\u00f3rych Majka mia\u0142a dost\u0119p. Kiedy\u015b widzia\u0142em tak\u0105 teczk\u0119, jaki\u015b m\u0105drala zatytu\u0142owa\u0142 j\u0105; &#8220;Korek, worek i rozporek&#8221;. Opisa\u0142em jak wystraszy\u0142a grup\u0119 m\u0142odych Ksi\u0119\u017cy, we wpisie <a href=\"https:\/\/htb.com.pl\/?p=1692\">&#8220;Karate&#8221;<\/a>.<\/p>\n<p>Celibat niepr\u0119dko zostanie zniesiony ale lekcje wychowania seksualnego mo\u017cna wprowadzi\u0107 natychmiast. Do nauczycieli &#8211; Kochani, nie s\u0142uchajcie tych g\u0142upot polityk\u00f3w, tylko uczcie w\u0142a\u015bciwych zachowa\u0144 dzieci i m\u0142odzie\u017c. Film dokumentalny braci Sekielskich ujawnia wr\u0119cz ogromn\u0105 przepa\u015b\u0107 edukacyjn\u0105 w tym temacie. \u0179li politycy i duchowni uznali, \u017ce ten dokument to atak na Wiar\u0119 Katolick\u0105. Cieszy postawa Prymasa Polski abp. Wojciecha Polaka, kt\u00f3ry cho\u0107 z l\u0119kiem ale zauwa\u017ca, \u017ce jest to obrona Naszej Wiary a nie atak.<\/p>\n<p><img loading=\"lazy\" decoding=\"async\" class=\"size-medium wp-image-3648 alignleft\" src=\"https:\/\/htb.com.pl\/wp-content\/uploads\/2019\/05\/Liche\u0144-300x200.jpg\" alt=\"\" width=\"300\" height=\"200\" srcset=\"https:\/\/htb.com.pl\/wp-content\/uploads\/2019\/05\/Liche\u0144-300x200.jpg 300w, https:\/\/htb.com.pl\/wp-content\/uploads\/2019\/05\/Liche\u0144-768x512.jpg 768w, https:\/\/htb.com.pl\/wp-content\/uploads\/2019\/05\/Liche\u0144.jpg 1024w, https:\/\/htb.com.pl\/wp-content\/uploads\/2019\/05\/Liche\u0144-600x400.jpg 600w\" sizes=\"auto, (max-width: 300px) 100vw, 300px\" \/>To do czego sprowadzono Nasz\u0105 Wiar\u0119 obrazuje zdj\u0119cie Bazyliki w Licheniu, gdzie po dokumencie braci Sekielskich zas\u0142oni\u0119to pomnik Papie\u017ca Jana Paw\u0142a II z ks. Eligiuszem Makulskim, inicjatorem budowy Bazyliki Naj\u015bwi\u0119tszej Maryi Panny. Dla mnie s\u0105 tu trzy b\u0142\u0119dy. Je\u017celi m\u00f3wimy o Matce Boga to by\u0142a to Maria a nie Maryja, ks. Makulski jako pedofil i honorowy kustosz Bazyliki, obrazuj\u0119 b\u0142\u0119dn\u0105 polityk\u0119 kadrow\u0105 Watykanu. Jednak najgorsza jest forma nowej ewangelizacji, przyj\u0119ta przez tych co Mari\u0119 Maryj\u0105 nazywaj\u0105. Biznes pielgrzymokwy &#8211; gdzie tu jest kwintesencja Naszej Wiary, \u017ce mamy kocha\u0107 Boga i Bli\u017aniego jak siebie samego? Tego uczy\u0142 Jan Pawe\u0142 II i tego dzi\u015b uczy Papie\u017c Franciszek, tu s\u0105 nieomylni i tylko tu.<\/p>\n","protected":false},"excerpt":{"rendered":"<p>\u00a0Liche\u0144 Wiara Katolicka &#8211; moja wiara prze\u017cywa kryzys. Po tym jak GRU wywiad rosyjski w\u0142\u0105czy\u0142 si\u0119 w sk\u0142\u00f3canie Polak\u00f3w, wykorzystuje do tego nasz\u0105 wiar\u0119. Pisa\u0142em ju\u017c o tym wielokrotnie. \u015amier\u0107 bp Tadeusza Pieronka, by\u0142a dla mnie ogromn\u0105 strat\u0105 w tej walce dobra ze z\u0142em. Odszed\u0142 bowiem m\u00f3j autorytet, jak chodzi o postrzeganie Katolicyzmu. Teraz opieram [&hellip;]<\/p>\n","protected":false},"author":1,"featured_media":0,"comment_status":"open","ping_status":"open","sticky":false,"template":"","format":"standard","meta":{"_jetpack_memberships_contains_paid_content":false,"footnotes":""},"categories":[4],"tags":[],"class_list":["post-3644","post","type-post","status-publish","format-standard","hentry","category-daty-i-fakty-blog"],"jetpack_sharing_enabled":true,"jetpack_featured_media_url":"","_links":{"self":[{"href":"https:\/\/htb.com.pl\/index.php?rest_route=\/wp\/v2\/posts\/3644","targetHints":{"allow":["GET"]}}],"collection":[{"href":"https:\/\/htb.com.pl\/index.php?rest_route=\/wp\/v2\/posts"}],"about":[{"href":"https:\/\/htb.com.pl\/index.php?rest_route=\/wp\/v2\/types\/post"}],"author":[{"embeddable":true,"href":"https:\/\/htb.com.pl\/index.php?rest_route=\/wp\/v2\/users\/1"}],"replies":[{"embeddable":true,"href":"https:\/\/htb.com.pl\/index.php?rest_route=%2Fwp%2Fv2%2Fcomments&post=3644"}],"version-history":[{"count":11,"href":"https:\/\/htb.com.pl\/index.php?rest_route=\/wp\/v2\/posts\/3644\/revisions"}],"predecessor-version":[{"id":3993,"href":"https:\/\/htb.com.pl\/index.php?rest_route=\/wp\/v2\/posts\/3644\/revisions\/3993"}],"wp:attachment":[{"href":"https:\/\/htb.com.pl\/index.php?rest_route=%2Fwp%2Fv2%2Fmedia&parent=3644"}],"wp:term":[{"taxonomy":"category","embeddable":true,"href":"https:\/\/htb.com.pl\/index.php?rest_route=%2Fwp%2Fv2%2Fcategories&post=3644"},{"taxonomy":"post_tag","embeddable":true,"href":"https:\/\/htb.com.pl\/index.php?rest_route=%2Fwp%2Fv2%2Ftags&post=3644"}],"curies":[{"name":"wp","href":"https:\/\/api.w.org\/{rel}","templated":true}]}}