{"id":3731,"date":"2019-06-07T18:55:39","date_gmt":"2019-06-07T18:55:39","guid":{"rendered":"https:\/\/htb.com.pl\/?p=3731"},"modified":"2019-06-19T11:35:17","modified_gmt":"2019-06-19T11:35:17","slug":"4-czerwca-swieto","status":"publish","type":"post","link":"https:\/\/htb.com.pl\/?p=3731","title":{"rendered":"4 czerwca &#8211; \u015bwi\u0119to?"},"content":{"rendered":"<p><img loading=\"lazy\" decoding=\"async\" class=\"alignnone size-medium wp-image-3810\" src=\"https:\/\/htb.com.pl\/wp-content\/uploads\/2019\/06\/karakorum-300x162.jpg\" alt=\"\" width=\"300\" height=\"162\" srcset=\"https:\/\/htb.com.pl\/wp-content\/uploads\/2019\/06\/karakorum-300x162.jpg 300w, https:\/\/htb.com.pl\/wp-content\/uploads\/2019\/06\/karakorum.jpg 600w\" sizes=\"auto, (max-width: 300px) 100vw, 300px\" \/><a href=\"https:\/\/htb.com.pl\/wp-content\/uploads\/2019\/06\/India.mp3\"><img loading=\"lazy\" decoding=\"async\" class=\"size-medium wp-image-2020 alignright\" src=\"https:\/\/htb.com.pl\/wp-content\/uploads\/2018\/04\/posluchaj-300x280.jpg\" alt=\"\" width=\"300\" height=\"280\" srcset=\"https:\/\/htb.com.pl\/wp-content\/uploads\/2018\/04\/posluchaj-300x280.jpg 300w, https:\/\/htb.com.pl\/wp-content\/uploads\/2018\/04\/posluchaj-768x716.jpg 768w, https:\/\/htb.com.pl\/wp-content\/uploads\/2018\/04\/posluchaj-1024x955.jpg 1024w, https:\/\/htb.com.pl\/wp-content\/uploads\/2018\/04\/posluchaj-600x560.jpg 600w, https:\/\/htb.com.pl\/wp-content\/uploads\/2018\/04\/posluchaj.jpg 1158w\" sizes=\"auto, (max-width: 300px) 100vw, 300px\" \/><\/a><\/p>\n<p>W tym roku obchodzimy okr\u0105g\u0142\u0105, 30-st\u0105 rocznic\u0119 cz\u0119\u015bciowo wolnych wybor\u00f3w z 4 czerwca 1989 roku. Dla po\u0142owy Polak\u00f3w jest to \u015bwi\u0119to, bo twierdz\u0105, \u017ce zako\u0144czy\u0142 si\u0119 komunizm, a dla drugiej po\u0142owy, tej Pana Jaros\u0142awa Kaczy\u0144skiego, jest to zwyk\u0142y dzie\u0144. On swoj\u0105 rewolucj\u0119 dopiero robi.<a href=\"https:\/\/htb.com.pl\/?p=681\"> Ja pisa\u0142em ju\u017c o tych wyborach<\/a> ale z okazji tak okr\u0105g\u0142ej rocznicy, odnios\u0119 si\u0119 do tych wydarze\u0144 jeszcze raz.<\/p>\n<p>Dla mnie jest to dzie\u0144 prawdy, prawdy o nas. T\u0105 prawd\u0119 pozna\u0142em s\u0142uchaj\u0105c Marysi, o kt\u00f3rej ci\u0105gle pisz\u0119. Ona sama nie \u017cy\u0142a ju\u017c prawie dwa lata ale to co m\u00f3wi\u0142a, to czego si\u0119 obawia\u0142a, w\u0142asnie si\u0119 spe\u0142nia\u0142o. Wraca\u0142a Sanacja, a politycy przejmowali gospodark\u0119. To, \u017ce mo\u017ce wr\u00f3ci\u0107 Sanacja wiedzia\u0142a, \u017ceby wej\u015b\u0107 do Rady Europy, trzeba wprowadzi\u0107 demokracj\u0119 ale polityk\u00f3w od gospodarki nale\u017cy trzyma\u0107 z daleka, m\u00f3wi\u0142a. I nie tylko m\u00f3wi\u0142a. VAT &#8211; podatek od towar\u00f3w i us\u0142ug mia\u0142 by\u0107 tym co sprawi, \u017ce politycy zajm\u0105 si\u0119 jedynie redystrybu\u0142owaniem pieni\u0119dzy z tego podatku, a nie b\u0119d\u0105 mieli wp\u0142ywu na jego pobieranie.<a href=\"https:\/\/htb.com.pl\/?p=246\"> Na naszym pierwszym spotkaniu<\/a>, po dziesi\u0119ciu latach rozstania, w\u0142a\u015bnie od VAT-u zacz\u0119\u0142a rozmow\u0119, by\u0142 dla niej tak wa\u017cny, \u017ce nie zaci\u0105gn\u0119\u0142a mnie do\u00a0 \u0142\u00f3zka, tylko pojecha\u0142a na spotkanie w sprawie VAT-u. To zaci\u0105ganie z czasem sta\u0142o si\u0119 wa\u017cniejsze &#8211; gdy zrozumia\u0142a, \u017ce jej czas si\u0119 ko\u0144czy.<\/p>\n<p>3.06.2019. Gda\u0144sk &#8211; trwaj\u0105 przygotowania do uroczysto\u015bci z okazji 4-tego czerwca. Pani Aleksandra Dulkiewicz prezydent Gda\u0144ska chce powita\u0107 w swoim mie\u015bcie premiera Mateusza Morawieckiego, ten idzie ulic\u0105 do Centrum Solidarno\u015bci, ma tam swoje uroczysto\u015bci, obok uroczysto\u015bci organizuje miasto. Ochrona nie dopuszcza Pani Dulkiewicz do premiera&#8230; Widzia\u0142em to w telewizji, scena by\u0142a niezwyk\u0142a, odepchni\u0119to kobiet\u0119, kt\u00f3ra chcia\u0142a poda\u0107 r\u0119k\u0119 premierowi. Nie b\u0119d\u0119 \u015bwi\u0119towa\u0142 powstania takiej Polski -zdecydowa\u0142em.<\/p>\n<p>4.06.2019. godz. 6,15. Wychodz\u0119 z domu, patrz\u0119 jeszcze na nasz\u0105 Figur\u0119 Marki Boskiej na klatce schodowej, z salonu s\u0142ysz\u0119 jak redaktor TVN rozpoczyna przegl\u0105d prasy. M\u00f3wi o tym, \u017ce wszystkie gazety pisz\u0105 o czwartym czerwca. My\u015bl\u0119 o Marysi, o moim anio\u0142ku &#8211; zastanawiam si\u0119, czy on gdzie\u015b tam obchodzi to \u015bwi\u0119to. Pytam co jest nie tak, \u017ce jest tak jak jest? I mam odpowied\u017a. Redaktor m\u00f3wi, \u017ce wszystkie tytu\u0142y w gazetach, kt\u00f3re odnosz\u0105 si\u0119 do 4-tego czerwca s\u0105 napisane<strong> cyrylic\u0105<\/strong>. Pomyli\u0142 si\u0119, solidaryc\u0105 mia\u0142o by\u0107 ale myl\u0105c si\u0119\u00a0 powiedzia\u0142 prawd\u0119.T\u0105 prawd\u0119 o kt\u00f3rej ja pisz\u0119 od lat &#8211; wspominaj\u0105c Marysi\u0119. Przegrali\u015bmy z GRU, rosyjskim wywiadem, sk\u0142\u00f3cili nas tak, \u017ce dwoje m\u0142odych polityk\u00f3w nie podaje sobie r\u0119ki.<a href=\"https:\/\/htb.com.pl\/?p=2099\"> A przecie\u017c ludzie, kt\u00f3rzy nas tak sk\u0142\u00f3cili stawali przed Marysia na baczno\u015b\u0107<\/a>, pami\u0119tam, jak <a href=\"https:\/\/htb.com.pl\/?p=2793\">ustawili sto\u0142y w kr\u0105g, \u017ceby j\u0105 uszanowa\u0107.<\/a><\/p>\n<p>Taki okr\u0105g\u0142y st\u00f3\u0142 mieli\u015bmy i my, to dzi\u0119ki niemu by\u0142y cz\u0119\u015bciowo wolne wybory 4 czerwca 1989 roku. W\u0142adys\u0142aw Frasyniuk, opozycjonista, uczestnik plenarnych obrad okr\u0105g\u0142ego sto\u0142u wspomina go tak. Dla wielu jego koleg\u00f3w z Solidarno\u015bci by\u0142 problem, musieli bowiem poda\u0107 r\u0119k\u0119 genera\u0142owi Czes\u0142awowi Kiszczakowi, a on by\u0142 &#8220;przestrzelony&#8221;. Pan Frasyniuk pozna\u0142 \u017cycie wi\u0119zienne i zna znaczenie s\u0142owa &#8220;przestrzelony&#8221; ale w my\u015bl tych zasad Kiszczak by\u0142 &#8220;skiciorowany&#8221;, Pana koledzy z Gda\u0144skiej Solidarno\u015bci jak si\u0119 dzi\u015b okaza\u0142o nie. Marysia o tym wiedzia\u0142a,<a href=\"https:\/\/htb.com.pl\/?p=3169\"> pami\u0119tam jak SB-cy poprosili j\u0105, \u017ceby spotka\u0142a si\u0119 z delegacj\u0105 Gda\u0144skiej Solidarno\u015bci<\/a> &#8211; odm\u00f3wi\u0142a, powiedzia\u0142a, \u017ce s\u0105 w\u0142a\u015bnie &#8220;przestrzeleni&#8221;. Musia\u0142a w SB-ckiej teczce; &#8220;Korek, worek i rozporek&#8221; przeczyta\u0107 o &#8220;wyczynach&#8221; ks. Henryka Jankowskiego, patrona Gda\u0144skiej Solidarno\u015bci. Ka\u017cdy ma jakie\u015b wady, nie ma ludzi idealnych ale dla spraw nadrz\u0119dnych, takich jak Polska &#8211; nale\u017cy pomin\u0105\u0107 wszelkie uprzedzenia, urazy i na pocz\u0105tek przynajmniej poda\u0107 r\u0119k\u0119. Dzi\u015b te\u017c jest przed nami d\u0142uga droga do solidarno\u015bci, tej pisanej ma\u0142\u0105 liter\u0105, to prawda, \u017ce bez niej nie ma wolno\u015bci.<\/p>\n<p>Opisz\u0119 teraz drog\u0119 do wolno\u015bci wed\u0142ug Marysi, przytocz\u0119 fakty, kt\u00f3re ju\u017c opisa\u0142am ale teraz u\u0142o\u017c\u0119 je tak, \u017ceby stworzy\u0142y kontekst przemian, wymy\u015blonych przez Majk\u0119. Podatek VAT, co do kt\u00f3rego przekonywa\u0142a ju\u017c w 1986 roku, mia\u0142 spowodowa\u0107 stworzenie w Polsce klasy przedsi\u0119biorc\u00f3w kooperuj\u0105cych z du\u017cymi zak\u0142adami. Ci przedsi\u0119biorcy mieli nawi\u0105za\u0107 kontakty handlowe z zachodem i tam za dewizy a nie za ruble sprzedawa\u0107 polskie wyroby. Pami\u0119tam jak dyskutowali\u015bmy o tym. To, \u017ce mamy \u017cy\u0142k\u0119 do handlu by\u0142o wida\u0107, Polacy handlowali wszystkim. Uwolnienie gospodarki, mia\u0142o uruchomi\u0107 inn\u0105 nasz\u0105 cech\u0119 &#8211; przedsi\u0119biorczo\u015b\u0107. Prawie ka\u017cdy po pracy w pa\u0144stwowym zak\u0142adzie majstrowa\u0142 co\u015b w domu i dorabia\u0142. By\u0142 problem &#8211; ta nasza zawi\u015b\u0107, co b\u0119dzie jak ludzie zobacz\u0105, \u017ce inni maj\u0105 lepiej? Majka mia\u0142a rozwi\u0105zanie &#8211; udzia\u0142y. Wszyscy mieli mie\u0107 udzia\u0142y w przedsi\u0119biorstwach. Jednak najwa\u017cniejsz\u0105 zalet\u0105 jej planu by\u0142o to, \u017ce politycy nie mieszali si\u0119 do gospodarki. Tylko ten co ryzykuje w\u0142asne pieni\u0105dze, nie ulegnie zachodniemu przekr\u0119towi, m\u00f3wi\u0142a Marysia. Sta\u0142o si\u0119 jednak inaczej. Uwolniono gospodark\u0119 tak jak proponowa\u0142a ale to politycy decydowali &#8211; plan Balcerowicza. Problem by\u0142 taki, \u017ce on sam i jego ludzie nie mieli poj\u0119cia o gospodarce, mieli przygotowanie teoretyczne, a to ma\u0142o jak si\u0119 okaza\u0142o. D\u0142ug z epoki Edwarda Gierka wzr\u00f3s\u0142 dwukrotnie i przekroczy\u0142 50 mld. dolar\u00f3w. Gospodarka bez przedsi\u0119biorc\u00f3w a z politykami nie dawa\u0142a rady. Wprowadzono podatek obrotowy, kt\u00f3ry oddala\u0142 nas od gospodarki wolnorynkowej, kraj bankrutowa\u0142. \u0179li politycy zauwa\u017cyli, \u017ce na tym bankructwie pa\u0144stwa, mo\u017cna zarobi\u0107. Zachodni biznes proponowa\u0142 im taki zarobek, w r\u00f3\u017cnej formie. Musieli jedynie pom\u00f3c w przejmowaniu polskich firm, za przys\u0142owiow\u0105 z\u0142ot\u00f3wk\u0119. To si\u0119 &#8220;uda\u0142o&#8221;. Zachodni biznesmeni wyja\u015bnili Leszkowi Balcerowiczowi w roku 1993, \u017ce ten podatek obrotowy, to trzeba na VAT zamieni\u0107 i ten to zrobi\u0142. Za p\u00f3\u017ano, to co by\u0142o dobre, by\u0142o ju\u017c w r\u0119kach obcego kapita\u0142u. Ale gospodarka ruszy\u0142a, wielu polskich przedsi\u0119biorc\u00f3w zacz\u0119\u0142o kooperowa\u0107 z tym zachodnim kapita\u0142em, wielu si\u0119 uda\u0142o. Bardzo pomaga\u0142y kr\u00f3tkie co prawda okresy, w kt\u00f3rych rz\u0105dzili dobrzy politycy; W. Pawlak, J. Oleksy, W. Cimoszewicz, L. Miller i M. Belka, nie bez znaczenia by\u0142a te\u017c prezydentura Aleksandra Kwa\u015bniewskiego i to dwie kadencje.\u00a0 Nasze wej\u015bcie do Unii Europejskiej (1.05.2004.) sprawi\u0142o jednak, \u017ce przesta\u0142o nam zale\u017ce\u0107 na dobrych politykach, wydawa\u0142o nam si\u0119, \u017ce teraz mo\u017ce rz\u0105dzi\u0107 kto chce. Ja ju\u017c widz\u0119 jak bardzo b\u0142\u0119dna by\u0142a to decyzja. Za\u015b VAT &#8211; podatek kt\u00f3ry dla Marysi by\u0142 podstaw\u0105, dla dzisiejszych z\u0142ych polityk\u00f3w jest tym, co mo\u017ce pom\u00f3c obwini\u0107 Donalda Tuska o ca\u0142e z\u0142o. Powsta\u0142a w tym celu komisja vatowska. Sama ustawa o VAT jest tak schrzaniona, \u017ce gorszej napisa\u0107 si\u0119 nie da. Podam przyk\u0142ad, nawet zabawny. P\u0105czek dietetyczny \u015bwie\u017cy 5% VAT, p\u0105czek nie dietetyczny, znaczy z cukrem\u00a0 \u015bwie\u017cy 8% VAT, p\u0105czek z konserwantami, taki co zawsze jest \u015bwie\u017cy 23% VAT. Tu to chyba nie tylko wyobra\u017ani zabrak\u0142o ale i rozumu.<\/p>\n<p>Politycy dla kt\u00f3rych 4 czerwca nie jest \u015bwi\u0119tem robili co mogli, \u017ceby w swojej TVPiS pokaza\u0107 co\u015b ciekawego w tym czasie. W Gda\u0144skim Centrum Solidarno\u015bci obchodzono 40-st\u0105 rocznic\u0119 wizyty Papie\u017ca Jana Paw\u0142a II. <a href=\"https:\/\/htb.com.pl\/?product=3797\"><img loading=\"lazy\" decoding=\"async\" class=\"size-full wp-image-3798 alignright\" src=\"https:\/\/htb.com.pl\/wp-content\/uploads\/2019\/06\/wsta\u0144cie.jpg\" alt=\"\" width=\"200\" height=\"248\" \/><\/a>Tu musz\u0119 si\u0119 zgodzi\u0107 z Panem Piotrem Dud\u0105, przewodnicz\u0105cym Solidarno\u015bci, \u017ce zorganizowa\u0142 te uroczysto\u015bci. To s\u0142owa Papie\u017ca Jana Paw\u0142a II, wypowiedziane wtedy na Placu Zwyci\u0119stwa, dzi\u015b J\u00f3zefa Pi\u0142sudskiego <strong>o odnowie tej ziemi<\/strong>, sta\u0142y si\u0119 mottem dla powstania jego zwi\u0105zku. Ale czy Jan Pawe\u0142 II o tak\u0105 Polsk\u0119 prosi\u0142 wtedy Boga? Trzeba przyzna\u0107, \u017ce w Senacie zorganizowano uroczysto\u015bci &#8211; do Senatu bowiem, tamte\u00a0wybory uznaje si\u0119 za demokratyczne. Jednak hitem by\u0142a rekonstrukcja rz\u0105du. W\u0142a\u015bnie 4-tego czerwca j\u0105 zorganizowano. Trzeba wymieni\u0107 ministr\u00f3w, bo cz\u0119\u015b\u0107 zdoby\u0142a mandaty do Parlamentu Europejskiego. Dla mnie jednak odej\u015bcie minister finans\u00f3w Pani Teresy Czerwi\u0144skiej jest kluczowe. Pani Czerwi\u0144ska nie wybiera si\u0119 do Brukseli, tylko ona w tym rz\u0105dzie mia\u0142a wyobra\u017ani\u0119 i wiedz\u0119. To wyobra\u017ania Pani minister uchroni\u0142a nas przed katastrof\u0105, nie wypowiada\u0142a si\u0119 bowiem publicznie o stanie finans\u00f3w pa\u0144stwa, za\u015b to, \u017ce zosta\u0142a zdymisjonowana oznacza, \u017ce ma wiedz\u0119 i zna ten stan. Mam nadziej\u0119, \u017ce nasz \u015bwiat finans\u00f3w zrobi wszystko, \u017ceby tak zosta\u0142o, bez paniki. Jest bowiem szansa, \u017ce po jesiennych wyborach zacznie i\u015b\u0107 w dobr\u0105 stron\u0119 i uratujemy kraj. Zawsze trzeba mie\u0107 nadziej\u0119 &#8211; Kochani.<\/p>\n<p><a href=\"https:\/\/htb.com.pl\/?product_cat=kosmetyki-marysi\"><img loading=\"lazy\" decoding=\"async\" class=\"size-medium wp-image-3806 alignleft\" src=\"https:\/\/htb.com.pl\/wp-content\/uploads\/2019\/06\/india-1-300x169.jpg\" alt=\"\" width=\"300\" height=\"169\" srcset=\"https:\/\/htb.com.pl\/wp-content\/uploads\/2019\/06\/india-1-300x169.jpg 300w, https:\/\/htb.com.pl\/wp-content\/uploads\/2019\/06\/india-1-768x432.jpg 768w, https:\/\/htb.com.pl\/wp-content\/uploads\/2019\/06\/india-1-600x338.jpg 600w, https:\/\/htb.com.pl\/wp-content\/uploads\/2019\/06\/india-1.jpg 1006w\" sizes=\"auto, (max-width: 300px) 100vw, 300px\" \/><\/a>Cz\u0119sto\u00a0 zadaje mi si\u0119 pytanie, czy moja \u017bona Dorotka, nie ma pretensji o te moje wspomnienia Marysi. One nigdy si\u0119 nie pozna\u0142y, <a href=\"https:\/\/htb.com.pl\/?p=261\">tylko m\u00f3j Te\u015b\u0107 \u015awi\u0119te Pami\u0119ci Tadeusz Strza\u0142a zna\u0142 Marysi\u0119<\/a>. Czasem Dorotka w rozmowie u\u017cyje jej s\u0142\u00f3w, cieszy mnie to, bo oznacza, \u017ce czyta moje wpisy. Ostatnio\u00a0 na p\u00f3\u0142ce w \u0142azience zobaczy\u0142em balsam z linii kosmetyk\u00f3w<strong> &#8220;India&#8221;<\/strong>, kt\u00f3re ja nazywam <a href=\"https:\/\/htb.com.pl\/?product_cat=kosmetyki-marysi\">KOSMETYKAMI MARYSI<\/a>. \u017bona bardzo je chwali, a to pani od biologii jest, uczy r\u00f3wnie\u017c chemii. Mnie te\u017c si\u0119 podobaj\u0105, szczeg\u00f3lnie kremy. Znikaj\u0105 egzemy, wszelkie przebarwienia na sk\u00f3rze, no i jakby lat ubywa.<\/p>\n<p>Wyja\u015bni\u0119 teraz dlaczego kosmetyki na bazie z konopi\u00a0 nazwa\u0142em Kosmetykami Marysi. Ot\u00f3\u017c ona u\u017cywa\u0142a jedynie szarego myd\u0142a. Jednak, gdy nast\u0105pi\u0142 nawr\u00f3t choroby, b\u00f3l sta\u0142 si\u0119 nie do zniesienia. \u017badne leki nie pomaga\u0142y, wtedy Marysia uruchomi\u0142a &#8220;swoich ludzi&#8221;. Byli to bojownicy pochodz\u0105cy z g\u00f3r Karakorum, w ogie\u0144 by za ni\u0105 poszli. Dostarczali jej ciastka na bazie konopi indyjskich.\u00a0 Pami\u0119tam, \u017ce jak by\u0142y \u015bwie\u017ce, by\u0142y zielonkawe, a jak pole\u017ca\u0142y traci\u0142y ten kolor, kiedy\u015b Marysia da\u0142a mi spr\u00f3bowa\u0107, mia\u0142y smak orzech\u00f3w.\u00a0 To dzi\u0119ki marihuanie Majka do ko\u0144ca zachowa\u0142a pogod\u0119 ducha. Ten li\u015b\u0107 z loga kosmetyk\u00f3w INDIA, zawsze b\u0119dzie mi j\u0105 przypomina\u0142, jest bowiem niezwyk\u0142y jak Ona.<\/p>\n<p><a href=\"https:\/\/www.facebook.com\/agata.wielgosz.56?fref=pb&amp;hc_location=friends_tab\">Ten wpis dedykuj\u0119 Agacie z Facebooka z okazji urodzin<\/a><\/p>\n","protected":false},"excerpt":{"rendered":"<p>W tym roku obchodzimy okr\u0105g\u0142\u0105, 30-st\u0105 rocznic\u0119 cz\u0119\u015bciowo wolnych wybor\u00f3w z 4 czerwca 1989 roku. Dla po\u0142owy Polak\u00f3w jest to \u015bwi\u0119to, bo twierdz\u0105, \u017ce zako\u0144czy\u0142 si\u0119 komunizm, a dla drugiej po\u0142owy, tej Pana Jaros\u0142awa Kaczy\u0144skiego, jest to zwyk\u0142y dzie\u0144. On swoj\u0105 rewolucj\u0119 dopiero robi. Ja pisa\u0142em ju\u017c o tych wyborach ale z okazji tak okr\u0105g\u0142ej [&hellip;]<\/p>\n","protected":false},"author":1,"featured_media":3810,"comment_status":"open","ping_status":"open","sticky":false,"template":"","format":"standard","meta":{"_jetpack_memberships_contains_paid_content":false,"footnotes":""},"categories":[4],"tags":[408],"class_list":["post-3731","post","type-post","status-publish","format-standard","has-post-thumbnail","hentry","category-daty-i-fakty-blog","tag-4-czerwca-1989-rok"],"jetpack_sharing_enabled":true,"jetpack_featured_media_url":"https:\/\/htb.com.pl\/wp-content\/uploads\/2019\/06\/karakorum.jpg","_links":{"self":[{"href":"https:\/\/htb.com.pl\/index.php?rest_route=\/wp\/v2\/posts\/3731","targetHints":{"allow":["GET"]}}],"collection":[{"href":"https:\/\/htb.com.pl\/index.php?rest_route=\/wp\/v2\/posts"}],"about":[{"href":"https:\/\/htb.com.pl\/index.php?rest_route=\/wp\/v2\/types\/post"}],"author":[{"embeddable":true,"href":"https:\/\/htb.com.pl\/index.php?rest_route=\/wp\/v2\/users\/1"}],"replies":[{"embeddable":true,"href":"https:\/\/htb.com.pl\/index.php?rest_route=%2Fwp%2Fv2%2Fcomments&post=3731"}],"version-history":[{"count":46,"href":"https:\/\/htb.com.pl\/index.php?rest_route=\/wp\/v2\/posts\/3731\/revisions"}],"predecessor-version":[{"id":4271,"href":"https:\/\/htb.com.pl\/index.php?rest_route=\/wp\/v2\/posts\/3731\/revisions\/4271"}],"wp:featuredmedia":[{"embeddable":true,"href":"https:\/\/htb.com.pl\/index.php?rest_route=\/wp\/v2\/media\/3810"}],"wp:attachment":[{"href":"https:\/\/htb.com.pl\/index.php?rest_route=%2Fwp%2Fv2%2Fmedia&parent=3731"}],"wp:term":[{"taxonomy":"category","embeddable":true,"href":"https:\/\/htb.com.pl\/index.php?rest_route=%2Fwp%2Fv2%2Fcategories&post=3731"},{"taxonomy":"post_tag","embeddable":true,"href":"https:\/\/htb.com.pl\/index.php?rest_route=%2Fwp%2Fv2%2Ftags&post=3731"}],"curies":[{"name":"wp","href":"https:\/\/api.w.org\/{rel}","templated":true}]}}