{"id":38171,"date":"2021-02-26T08:27:09","date_gmt":"2021-02-26T08:27:09","guid":{"rendered":"https:\/\/htb.com.pl\/?p=38171"},"modified":"2021-02-26T09:48:55","modified_gmt":"2021-02-26T09:48:55","slug":"ofensywa-dziewczyn-trwa","status":"publish","type":"post","link":"https:\/\/htb.com.pl\/?p=38171","title":{"rendered":"Ofensywa dziewczyn trwa"},"content":{"rendered":"\n<p><\/p>\n\n\n\n<figure class=\"wp-block-image size-thumbnail\"><a href=\"https:\/\/htb.com.pl\/wp-content\/uploads\/2021\/02\/Dziewczyny-w-ofensywie.mp3\"><img loading=\"lazy\" decoding=\"async\" width=\"150\" height=\"150\" src=\"https:\/\/htb.com.pl\/wp-content\/uploads\/2018\/04\/posluchaj-150x150.jpg\" alt=\"\" class=\"wp-image-2020\" srcset=\"https:\/\/htb.com.pl\/wp-content\/uploads\/2018\/04\/posluchaj-150x150.jpg 150w, https:\/\/htb.com.pl\/wp-content\/uploads\/2018\/04\/posluchaj-300x300.jpg 300w, https:\/\/htb.com.pl\/wp-content\/uploads\/2018\/04\/posluchaj-100x100.jpg 100w\" sizes=\"auto, (max-width: 150px) 100vw, 150px\" \/><\/a><\/figure>\n\n\n\n<p>Media, publicy\u015bci zajmuj\u0105 si\u0119 problemami koalicji rz\u0105dz\u0105cej, kt\u00f3ra ma problem z porozumieniem w Porozumieniu, czyli partii tworz\u0105cej rz\u0105d. Mnie si\u0119 jednak zdaje, \u017ce nie ma ju\u017c czego\u015b takiego jak rz\u0105d i trzeba si\u0119 z tym pogodzi\u0107. Udawanie, \u017ce jest inaczej, mo\u017ce nam jeszcze bardziej zaszkodzi\u0107. Naprawd\u0119 &#8211; zawsze mo\u017ce by\u0107 gorzej.<\/p>\n\n\n\n<p>Wicemarsza\u0142ek Sejmu Ma\u0142gorzata Kidawa-B\u0142o\u0144ska Platforma Obywatelska, kt\u00f3ra ostatnie bardzo si\u0119 stara\u0142a, \u017ceby Koalicja Obywatelska rz\u0105dzi\u0107 nie musia\u0142a, przed dziewczynami z Og\u00f3lnopolskiego Strajku Kobiet skapitulowa\u0142a. Powiedzia\u0142a, \u017ce jak one &#8211; aborcj\u0119 do 12 tygodnia ch\u0119tnie w polskim prawie by widzia\u0142a. Cz\u0119\u015b\u0107 zwolennik\u00f3w Platformy Obywatelskie si\u0119 skonfundowa\u0142a, bo przecie\u017c jeszcze niedawno pani Kidawa-B\u0142o\u0144skia z orzeczeniem prof. Andrzeja Zolla z <strong>28 maja 1997 <\/strong>roku si\u0119 zgadza\u0142a. Ten jako przewodnicz\u0105cy TK stwierdzi\u0142, \u017ce \u017cycie ludzkie  ma by\u0107 chronione od pocz\u0119cia do naturalnej \u015bmierci. Dzi\u015b wszyscy opowiadaj\u0105 o tym bzdury ale ja pami\u0119tam jak by\u0142o. <strong>25 maja 1997<\/strong> roku referendum konstytucyjne si\u0119 odby\u0142o. Prof. Zoll mia\u0142 nadziej\u0119, \u017ce Konstytucja zostanie odrzucona i z\u0142o dobro pokona. Tak si\u0119 nie sta\u0142o, dobro ze z\u0142em w referendum wygra\u0142o i \u017ceby uspokoi\u0107 cz\u0119\u015b\u0107 hierarch\u00f3w ko\u015bcio\u0142a katolickiego, taki w\u0142a\u015bnie werdykt w TK wyda\u0107 nale\u017ca\u0142o. To zaowocowa\u0142o &#8211; hierarchom w g\u0142owach si\u0119 poprzewraca\u0142o i dzi\u015b kolejny raz \u015brodowisko pof. Zolla i pani Kidawy-B\u0142o\u0144skiej ratowa\u0107 ich musia\u0142o. Przeciwko ks. Tadeuszowi Isakowiczowi-Zalewskiemu w komisji do spraw pedofilii zag\u0142osowa\u0142o. Znowu z\u0142o z dobrem wygra\u0142o. Jednak dzi\u0119ki dzia\u0142aniom dziewczyn z OSK wida\u0107, \u017ce mleko si\u0119 rozla\u0142o i co\u015b mi si\u0119 zdaje, \u017ce nie da si\u0119 zrobi\u0107 tak, \u017ceby nie \u015bmierdzia\u0142o.<\/p>\n\n\n\n<p>W szeregach rz\u0105dz\u0105cych mafii zawrza\u0142o. Boj\u0105 si\u0119, \u017ceby dobro jakie bije z naszych dziewczyn ich nie pokona\u0142o. Marysia, kt\u00f3r\u0105 ci\u0105gle wspominam zawsze m\u00f3wi\u0142a, \u017ce mafi\u0119 mo\u017cna pokona\u0107 odcinaj\u0105c ich od pieni\u0119dzy &#8211; innego sposobu nie ma. Wschodnia rodzina mafijna z Kremla ma finansowanie, a i od toru\u0144skich medi\u00f3w ojca dyrektora wsparcie dostanie. Te co Zbigniew Ziobro mia\u0142 dla ofiar przest\u0119pstw. S\u0105dy zas\u0105dzaj\u0105 z nawi\u0105zek &#8211; na pomaganie. Nasza rodzima mafia stawia na unijne pieni\u0105dze i media, kt\u00f3re kiedy\u015b by\u0142y publiczne.<\/p>\n\n\n\n<p> Boj\u0119 si\u0119, \u017ceby si\u0119 nie postrzelali, bo nasi swoim \u017co\u0142nierzom zacinaj\u0105cy si\u0119 karabinek Grot dali. <img loading=\"lazy\" decoding=\"async\" width=\"150\" height=\"84\" class=\"wp-image-38213\" style=\"width: 150px;\" src=\"https:\/\/htb.com.pl\/wp-content\/uploads\/2021\/02\/Karabinek.jpg\" alt=\"\" srcset=\"https:\/\/htb.com.pl\/wp-content\/uploads\/2021\/02\/Karabinek.jpg 780w, https:\/\/htb.com.pl\/wp-content\/uploads\/2021\/02\/Karabinek-300x169.jpg 300w, https:\/\/htb.com.pl\/wp-content\/uploads\/2021\/02\/Karabinek-768x432.jpg 768w, https:\/\/htb.com.pl\/wp-content\/uploads\/2021\/02\/Karabinek-600x338.jpg 600w\" sizes=\"auto, (max-width: 150px) 100vw, 150px\" \/> Jak to na \u0107wiczeniach si\u0119 zacina, to w boju ch\u0142opaki z razwietoura naszych terytorials\u00f3w go\u0142ymi r\u0119kami r\u0119kami rozwal\u0105. Nasi zawodowi oficerowie, kt\u00f3rzy teraz si\u0119 temu przygl\u0105daj\u0105, tylko apele poleg\u0142ych im potem przeczytaj\u0105 &#8211; do tego si\u0119 nadaj\u0105.<\/p>\n\n\n\n<p>Tadeusz Ferenc prezydent Rzeszowa zrezygnowa\u0142 &#8211; od 18-stu lat funkcj\u0119 t\u0105 sprawowa\u0142. Wed\u0142ug Marysi nale\u017ca\u0142 do ludzi z wyobra\u017ani\u0105.  Z miasta, kt\u00f3re kiedy\u015b satyrycy wymieniali, jak kogo\u015b wy\u015bmiewali, Pan Ferenc stworzy\u0142 \u015bwiatowa metropoli\u0119. <\/p>\n\n\n\n<p>Warto \u017ceby\u015bcie o Marysi na moim blogu poczytali, zanim nowego prezydenta Rzeszowa b\u0119dziecie wybierali. Mafiozi ju\u017c si\u0119 za to zabrali. Lokalne dzienniki powykupywali, a do rady programowej Polskiego Radia pana Marka Suskiego powo\u0142ali. Pami\u0119tam jak  z pani\u0105 Ma\u0142gorzat\u0105 Wassermann w komisji Amber Gold zasiadali. Nie\u017ale wtedy \u017ce\u015bmy si\u0119 u\u015bmiali. <\/p>\n\n\n\n<figure class=\"wp-block-embed-youtube wp-block-embed is-type-video is-provider-youtube wp-embed-aspect-16-9 wp-has-aspect-ratio\"><div class=\"wp-block-embed__wrapper\">\n<iframe loading=\"lazy\" title=\"Komisja Amber Gold - Pose\u0142 Suski pyta o Caryc\u0119 Katarzyn\u0119 (HIT!)\" width=\"848\" height=\"477\" src=\"https:\/\/www.youtube.com\/embed\/iFx0Vb12aN0?feature=oembed\" frameborder=\"0\" allow=\"accelerometer; autoplay; clipboard-write; encrypted-media; gyroscope; picture-in-picture\" allowfullscreen><\/iframe>\n<\/div><\/figure>\n\n\n\n<p>Tak to wygl\u0105da dziewczyny. Wy czas\u00f3w Marysi nie pami\u0119tacie, a z ksi\u0105\u017cek prawdy nie poznacie. <\/p>\n\n\n\n<p>Chc\u0119 \u017ceby\u015bcie tylko jedno zapami\u0119tali. To, \u017ce wtedy \u017ce\u015bmy z\u0142o pokonali, sprawi\u0142a jedna decyzja. Genera\u0142a Wojciecha Jaruzelskiego na patrona swojej rady konsultacyjnej \u017ce\u015bmy powo\u0142ali, a potem przy okr\u0105g\u0142ym stole si\u0119 dogadali. Tak trzeba zrobi\u0107, inaczej&#8230; No jest taki rym &#8211; a\u017c strach go u\u017cy\u0107. Karabin w prawdzie si\u0119 zacina &#8211; a jak wypali. Ostatnio cos tam przy nim poprawiali.<\/p>\n\n\n\n<p>Je\u017celi do do tego miejsca Pa\u0144stwo doczytali, to proponuj\u0119, \u017ceby\u015bcie uspokajaj\u0105cych zi\u00f3\u0142ek spr\u00f3bowali.<\/p>\n\n\n\n<figure class=\"wp-block-image size-large\"><a href=\"https:\/\/htb.com.pl\/?product=herbatka-nocne-upojenie-10-g\"><img loading=\"lazy\" decoding=\"async\" width=\"1000\" height=\"1000\" src=\"https:\/\/htb.com.pl\/wp-content\/uploads\/2020\/05\/herbatka_nocne_upojenie.png\" alt=\"\" class=\"wp-image-24046\" srcset=\"https:\/\/htb.com.pl\/wp-content\/uploads\/2020\/05\/herbatka_nocne_upojenie.png 1000w, https:\/\/htb.com.pl\/wp-content\/uploads\/2020\/05\/herbatka_nocne_upojenie-300x300.png 300w, https:\/\/htb.com.pl\/wp-content\/uploads\/2020\/05\/herbatka_nocne_upojenie-150x150.png 150w, https:\/\/htb.com.pl\/wp-content\/uploads\/2020\/05\/herbatka_nocne_upojenie-768x768.png 768w, https:\/\/htb.com.pl\/wp-content\/uploads\/2020\/05\/herbatka_nocne_upojenie-600x600.png 600w, https:\/\/htb.com.pl\/wp-content\/uploads\/2020\/05\/herbatka_nocne_upojenie-100x100.png 100w\" sizes=\"auto, (max-width: 1000px) 100vw, 1000px\" \/><\/a><\/figure>\n\n\n\n<p><\/p>\n","protected":false},"excerpt":{"rendered":"<p>Media, publicy\u015bci zajmuj\u0105 si\u0119 problemami koalicji rz\u0105dz\u0105cej, kt\u00f3ra ma problem z porozumieniem w Porozumieniu, czyli partii tworz\u0105cej rz\u0105d. Mnie si\u0119 jednak zdaje, \u017ce nie ma ju\u017c czego\u015b takiego jak rz\u0105d i trzeba si\u0119 z tym pogodzi\u0107. Udawanie, \u017ce jest inaczej, mo\u017ce nam jeszcze bardziej zaszkodzi\u0107. Naprawd\u0119 &#8211; zawsze mo\u017ce by\u0107 gorzej. Wicemarsza\u0142ek Sejmu Ma\u0142gorzata Kidawa-B\u0142o\u0144ska [&hellip;]<\/p>\n","protected":false},"author":1,"featured_media":38220,"comment_status":"open","ping_status":"open","sticky":false,"template":"","format":"standard","meta":{"_jetpack_memberships_contains_paid_content":false,"footnotes":""},"categories":[4],"tags":[],"class_list":["post-38171","post","type-post","status-publish","format-standard","has-post-thumbnail","hentry","category-daty-i-fakty-blog"],"jetpack_sharing_enabled":true,"jetpack_featured_media_url":"https:\/\/htb.com.pl\/wp-content\/uploads\/2021\/02\/Marta-Lempart-UE.png","_links":{"self":[{"href":"https:\/\/htb.com.pl\/index.php?rest_route=\/wp\/v2\/posts\/38171","targetHints":{"allow":["GET"]}}],"collection":[{"href":"https:\/\/htb.com.pl\/index.php?rest_route=\/wp\/v2\/posts"}],"about":[{"href":"https:\/\/htb.com.pl\/index.php?rest_route=\/wp\/v2\/types\/post"}],"author":[{"embeddable":true,"href":"https:\/\/htb.com.pl\/index.php?rest_route=\/wp\/v2\/users\/1"}],"replies":[{"embeddable":true,"href":"https:\/\/htb.com.pl\/index.php?rest_route=%2Fwp%2Fv2%2Fcomments&post=38171"}],"version-history":[{"count":7,"href":"https:\/\/htb.com.pl\/index.php?rest_route=\/wp\/v2\/posts\/38171\/revisions"}],"predecessor-version":[{"id":38225,"href":"https:\/\/htb.com.pl\/index.php?rest_route=\/wp\/v2\/posts\/38171\/revisions\/38225"}],"wp:featuredmedia":[{"embeddable":true,"href":"https:\/\/htb.com.pl\/index.php?rest_route=\/wp\/v2\/media\/38220"}],"wp:attachment":[{"href":"https:\/\/htb.com.pl\/index.php?rest_route=%2Fwp%2Fv2%2Fmedia&parent=38171"}],"wp:term":[{"taxonomy":"category","embeddable":true,"href":"https:\/\/htb.com.pl\/index.php?rest_route=%2Fwp%2Fv2%2Fcategories&post=38171"},{"taxonomy":"post_tag","embeddable":true,"href":"https:\/\/htb.com.pl\/index.php?rest_route=%2Fwp%2Fv2%2Ftags&post=38171"}],"curies":[{"name":"wp","href":"https:\/\/api.w.org\/{rel}","templated":true}]}}