{"id":383,"date":"2018-05-13T10:09:36","date_gmt":"2018-05-13T10:09:36","guid":{"rendered":"https:\/\/htb.com.pl\/?p=383"},"modified":"2018-05-13T10:09:36","modified_gmt":"2018-05-13T10:09:36","slug":"sejm-ktorego-nie-ma","status":"publish","type":"post","link":"https:\/\/htb.com.pl\/?p=383","title":{"rendered":"Sejm kt\u00f3rego nie ma"},"content":{"rendered":"<p><img loading=\"lazy\" decoding=\"async\" class=\"alignnone size-medium wp-image-384\" src=\"https:\/\/htb.com.pl\/wp-content\/uploads\/2018\/05\/Sejm-300x200.jpg\" alt=\"\" width=\"300\" height=\"200\" srcset=\"https:\/\/htb.com.pl\/wp-content\/uploads\/2018\/05\/Sejm-300x200.jpg 300w, https:\/\/htb.com.pl\/wp-content\/uploads\/2018\/05\/Sejm-600x399.jpg 600w, https:\/\/htb.com.pl\/wp-content\/uploads\/2018\/05\/Sejm.jpg 700w\" sizes=\"auto, (max-width: 300px) 100vw, 300px\" \/><\/p>\n<p>Sejm jest najwy\u017cszym organem w\u0142adzy ustawodawczej w Polsce. Pisz\u0105c o naszych Prezydentach napisa\u0142em, \u017ce kojarz\u0105 mi si\u0119 z nieszcz\u0119\u015bciem. Sejm te\u017c tak mi si\u0119 kojarzy. Zacz\u0119\u0142o si\u0119 w 1493 roku od uchwalenia ustawy \u201enihil novi\u201d.<\/p>\n<p>Sejm s\u0142owo to oznacza zjazd, zgromadzenie znane jest we wszystkich j\u0119zykach s\u0142owia\u0144skich. Wielu nie zgodzi si\u0119 ze mn\u0105, \u017ce pocz\u0105tki naszego parlamentaryzmu \u00a0okre\u015bli\u0142em jako nic nowego. By\u0142 przecie\u017c Sejm wcze\u015bniej, bo w 1331 roku, 26 maja W\u0142adys\u0142aw \u0141okietek wyznaczy\u0142 Sejm w Ch\u0119cinach. Ja pisz\u0119 o Sejmie Polskim jako nieszcz\u0119\u015bciu, zjazd w Ch\u0119cinach nic z\u0142ego nie spowodowa\u0142. Nic nowego z 1493 roku tak. Ustawa ogranicza\u0142a uprawnienia Kr\u00f3la do stanowienia prawa i dawa\u0142a szlachcie mo\u017cliwo\u015b\u0107 blokowanie wszelkich reform.<\/p>\n<p>Kolejnym nieszcz\u0119\u015bciem sprowadzonym na Polsk\u0119 przez naszych Pos\u0142\u00f3w by\u0142o \u201eliberum veto\u201d XVII wiek. Przekupstwo w\u015br\u00f3d Pan\u00f3w Pos\u0142\u00f3w by\u0142o tak powszechne, \u017ce wprowadzono zasad\u0119 i\u017c nawet jeden pose\u0142 mo\u017ce zerwa\u0107 obrady. Zak\u0142adano bowiem, \u017ce jest szansa, i\u017c jeden nieprzekupny si\u0119 znajdzie. Nic to nie da\u0142o, anarchia trwa\u0142a w najlepsze.<\/p>\n<p>Konstytucja 3 \u2013 go maja (1791) znios\u0142a \u201eliberum veto\u201d. Zosta\u0142a wprowadzona monarchia dziedziczna, ograniczono demokracj\u0119 szlacheck\u0105.\u00a0 O ustroju pa\u0144stwa znowu mogli decydowa\u0107 Polacy a nie Car Rosji \u2013 zaborca. Jak si\u0119 nasi m\u0105drale wzi\u0119li do rz\u0105dzenia to tylko wi\u00f3ry polecia\u0142y. Znikn\u0119li\u015bmy z map na 123 lata.<\/p>\n<p>O Sejmie II RP, czasach Pi\u0142sudskiego i Dmowskiego te\u017c nic dobrego napisa\u0107 nie mo\u017cna. Pozwolono na to co mamy obecnie. Jeden cz\u0142owiek rz\u0105dzi\u0142 wszystkim. Po \u015bmier\u0107 J\u00f3zefa Pi\u0142sudskiego (12 maja 1935) \u017ali politycy zostali jak ci \u015blepcy, tragedia narodowa, a\u00a0 mi\u0119dzynarodowa. Nawet Hitler by\u0142 tak zafascynowany Marsza\u0142kiem, \u017ce po jego \u015bmierci og\u0142osi\u0142 w Niemczech \u017ca\u0142ob\u0119 narodow\u0105. Ta euforia dla kultu jednostki ju\u017c wkr\u00f3tce, bo w 1939 roku pokaza\u0142a, do czego taki kult prowadzi. Kl\u0119ska wrze\u015bniowa.<\/p>\n<p>Sejm w PRL. No i tu wr\u00f3cili\u015bmy do czas\u00f3w z przed Konstytucji 3 \u2013 go maja. O ustroju Polski znowu decydowa\u0142 zaborca. Tak si\u0119 jako\u015b dziwnie z\u0142o\u017cy\u0142o, \u017ce te\u017c \u201eruski\u201d. W tym nieszcz\u0119\u015bciu by\u0142o jednak co\u015b, co pozwoli\u0142o nam przetrwa\u0107. Nie byli\u015bmy republika ZSRR. Dzi\u0119ki Ko\u015bciuszkowcom, ich walce kt\u00f3r\u0105 doceni\u0107 musia\u0142 nawet Stalin, byli\u015bmy Polsk\u0105.<\/p>\n<p>W roku 1987 zst\u0105pi\u0142o na t\u0105 \u00a0Polsk\u0119 zbawienie,\u00a0 dzi\u015b \u015awi\u0119ty Jan Pawe\u0142 II Papie\u017c.\u00a0 Okaza\u0142o si\u0119, \u017ce mo\u017cna by\u0107 wolnym. Wolno\u015b\u0107 \u2013 pi\u0119kne s\u0142owo, jego znaczenie jest jednak dla ka\u017cdego inne. Wiedzia\u0142 to Jan Pawe\u0142 II, uczy\u0142 nas \u00a0tej wolno\u015bci. Jednak odszed\u0142 do Domu Ojca &#8211; 2 kwietnia 2005 roku. Byli\u015bmy ju\u017c w Unii Europejskiej od 1 maja 2004 roku. Papie\u017c odchodzi\u0142 z poczuciem spe\u0142nienia. Byli\u015bmy w rodzinie pa\u0144stw europejskich, demokratycznych, byli\u015bmy wolni.<\/p>\n<p>Nie chcieli\u015bmy jednak nauczy\u0107 si\u0119 tej wolno\u015bci. Pami\u0119tam moj\u0105 dziewczyn\u0119, Tancerk\u0119 o kt\u00f3rej pisa\u0142em wcze\u015bniej, jak t\u0142umaczy\u0142a czym jest wolno\u015b\u0107. Opluwano j\u0105, wyzywano od komuch\u00f3w, nawet podczas jej\u00a0 pogrzebu.<\/p>\n<p>I co uczynili\u015bmy z t\u0105 wolno\u015bci\u0105? Nie mamy Konstytucji, niezale\u017cnych S\u0105d\u00f3w i Sejmu. Tak Sejmu. Nie mo\u017cna nazwa\u0107 Sejmem tego co si\u0119 na Wiejskiej wyprawia. Je\u017celi\u00a0 Sejm obraduje, to nocami. \u0179li politycy zdaj\u0105 sobie bowiem spraw\u0119, \u017ce ich wyst\u0105pienia to co\u015b czego ludzie ogl\u0105da\u0107 nie powinni. Nie ma dyskusji, g\u0142osowa\u0144, wszystko jest z g\u00f3ry ustalone przez Pana Kaczy\u0144skiego. Tak nie mo\u017cna, jeden cz\u0142owiek nie da rady. \u00a0Pan Jaros\u0142aw Kaczy\u0144ski teraz ju\u017c to wie. Zrozumia\u0142, \u017ce \u00a0dalej tak by\u0107 nie mo\u017ce. Szkoda mi tego cz\u0142owieka, teraz to ju\u017c\u00a0 ca\u0142kiem si\u0119 pogubi\u0142. Postanowi\u0142 zabra\u0107 troch\u0119 pieni\u0119dzy pos\u0142om. Chocia\u017c powinien ministrom, to oni bowiem zagarn\u0119li \u00a0pa\u0144stwow\u0105 kas\u0119, nie Pos\u0142owie. \u201eSrebrni\u201d doradcy Pana Kaczy\u0144skiego my\u015bl\u0105, \u017ce jak Pose\u0142 b\u0119dzie dostawa\u0142 mniej to b\u0119d\u0105 tam ludzie s\u0142abi. Mo\u017ce te\u017c by\u0107 odwrotnie, mog\u0105 przyj\u015b\u0107 ludzie, kt\u00f3rzy nie b\u0119d\u0105 potrzebowali \u017cadnych pieni\u0119dzy, a wtedy stracicie \u201eSrebrn\u0105\u201d.<\/p>\n<p>Te pieni\u0105dze Pos\u0142owie dostali w wolnej Polsce, wcze\u015bniej nie byli wynagradzani, dostawali jedynie diety. Wynagrodzenie jak kiedy\u015b liberum veto, mia\u0142o zapobiec korupcji. Tego nie wypleni si\u0119 w ten spos\u00f3b. Korupcja by\u0142a jest i b\u0119dzie. Mo\u017cna j\u0105 jedynie ograniczy\u0107. Do sejmu trzeba wybiera\u0107 dobrych polityk\u00f3w. To na nas wyborcach spoczywa ta odpowiedzialno\u015b\u0107. Musimy zatrudni\u0107 w\u0142a\u015bciwych ludzi. Takich kt\u00f3rzy b\u0119d\u0105 dla nas dobrze pracowa\u0107. To nie jest proste. Mam do\u015bwiadczenia jako pracodawca. Wiem jak trudno w\u0142a\u015bciwie oceni\u0107 cz\u0142owieka.<\/p>\n<p>Wielu z nas to katolicy, my\u00a0 mamy\u00a0 pewn\u0105 przewag\u0119 je\u017celi chodzi o ocenianie innych. B\u00f3g ka\u017ce kocha\u0107 bli\u017aniego jak siebie samego. My\u015bl\u0119, \u017ce ta prosta zasada jest bardzo pomocna w ocenianiu innych. Kocha\u0107 bli\u017aniego, to te\u017c nie donosi\u0107 na niego. Czasem my\u015bl\u0119 jak pi\u0119knie by by\u0142o gdyby ludzie na siebie nie donosili. Teraz mamy ca\u0142y system donosicielstwa. Tworzona jest specjalna formacja maj\u0105ca donosi\u0107, Obrona Terytorialna, kiedy\u015b rol\u0119 t\u0105 pe\u0142ni\u0142o ORMO. Kto\u015b kto z\u0142o\u017cy donos otrzymuje gratyfikacj\u0119 pieni\u0119\u017cn\u0105 zwolniona z podatku dochodowego, pozostaje anonimowy. Z\u0142ym politykom donosicielstwo jest bardzo potrzebne. Haki na ka\u017cdego, to podstawowa zasada z\u0142ych polityk\u00f3w. Kochani \u2013 nasza historia wielokrotnie pokaza\u0142a, \u017ce to prowadzi do upadku, jak pycha, kt\u00f3ra przed tym upadkiem pod\u0105\u017ca.<\/p>\n<p>I w\u0142a\u015bnie cz\u0142owiek, kt\u00f3rego cechuje pycha nie powinien by\u0107 naszym pracownikiem, nie powinni\u015bmy go zatrudnia\u0107, czyli g\u0142osowa\u0107 na niego. Tylko jak taki kto\u015b, pozbawiony pychy, pracowity, ma si\u0119 przebi\u0107 w \u00a0kampanii wyborczej? Taki nieprzeci\u0119tny a przy tym skromny. S\u0142ucha\u0142em wczoraj Pana Paw\u0142a Kukiza, m\u00f3wi\u0142 o tych swoich JOW &#8211; ach. Przy takiej ordynacji wyborczej, czyli okr\u0119gach jednomandatowych \u00a0cz\u0142owiek skromny nie mia\u0142by \u017cadnych szans. Teraz takiego dobrego polityka mo\u017ce na pierwsze miejsce listy wyborczej wystawi\u0107 lider ugrupowania. Cz\u0119sto tak w\u0142a\u015bnie si\u0119 dzieje. Jest wielu bardzo dobrych Pos\u0142\u00f3w, o kt\u00f3rych nawet nie s\u0142yszeli\u015bmy. Oni pracuj\u0105 w komisjach, tworz\u0105 prawo. Dzi\u0119ki nim jako\u015b to si\u0119 jeszcze kr\u0119ci. Niech si\u0119 wi\u0119c kr\u0119ci, nie hamujmy tego. Mamy mechanizmy takie jak Europa- zachodnia. Mo\u017cemy ich goni\u0107 i dogoni\u0107. Musi si\u0119 jednak wszystko kr\u0119ci\u0107 coraz szybciej, nie mo\u017cemy hamowa\u0107 tego naszego ko\u0142a. B\u0119d\u0105 wybory \u2013 kochani wybierzmy dobrych polityk\u00f3w, niech to nie zwalnia.<\/p>\n","protected":false},"excerpt":{"rendered":"<p>Sejm jest najwy\u017cszym organem w\u0142adzy ustawodawczej w Polsce. Pisz\u0105c o naszych Prezydentach napisa\u0142em, \u017ce kojarz\u0105 mi si\u0119 z nieszcz\u0119\u015bciem. Sejm te\u017c tak mi si\u0119 kojarzy. Zacz\u0119\u0142o si\u0119 w 1493 roku od uchwalenia ustawy \u201enihil novi\u201d. Sejm s\u0142owo to oznacza zjazd, zgromadzenie znane jest we wszystkich j\u0119zykach s\u0142owia\u0144skich. Wielu nie zgodzi si\u0119 ze mn\u0105, \u017ce pocz\u0105tki [&hellip;]<\/p>\n","protected":false},"author":1,"featured_media":0,"comment_status":"open","ping_status":"open","sticky":false,"template":"","format":"standard","meta":{"_jetpack_memberships_contains_paid_content":false,"footnotes":""},"categories":[4],"tags":[],"class_list":["post-383","post","type-post","status-publish","format-standard","hentry","category-daty-i-fakty-blog"],"jetpack_sharing_enabled":true,"jetpack_featured_media_url":"","_links":{"self":[{"href":"https:\/\/htb.com.pl\/index.php?rest_route=\/wp\/v2\/posts\/383","targetHints":{"allow":["GET"]}}],"collection":[{"href":"https:\/\/htb.com.pl\/index.php?rest_route=\/wp\/v2\/posts"}],"about":[{"href":"https:\/\/htb.com.pl\/index.php?rest_route=\/wp\/v2\/types\/post"}],"author":[{"embeddable":true,"href":"https:\/\/htb.com.pl\/index.php?rest_route=\/wp\/v2\/users\/1"}],"replies":[{"embeddable":true,"href":"https:\/\/htb.com.pl\/index.php?rest_route=%2Fwp%2Fv2%2Fcomments&post=383"}],"version-history":[{"count":1,"href":"https:\/\/htb.com.pl\/index.php?rest_route=\/wp\/v2\/posts\/383\/revisions"}],"predecessor-version":[{"id":385,"href":"https:\/\/htb.com.pl\/index.php?rest_route=\/wp\/v2\/posts\/383\/revisions\/385"}],"wp:attachment":[{"href":"https:\/\/htb.com.pl\/index.php?rest_route=%2Fwp%2Fv2%2Fmedia&parent=383"}],"wp:term":[{"taxonomy":"category","embeddable":true,"href":"https:\/\/htb.com.pl\/index.php?rest_route=%2Fwp%2Fv2%2Fcategories&post=383"},{"taxonomy":"post_tag","embeddable":true,"href":"https:\/\/htb.com.pl\/index.php?rest_route=%2Fwp%2Fv2%2Ftags&post=383"}],"curies":[{"name":"wp","href":"https:\/\/api.w.org\/{rel}","templated":true}]}}