{"id":38405,"date":"2021-03-05T07:49:53","date_gmt":"2021-03-05T07:49:53","guid":{"rendered":"https:\/\/htb.com.pl\/?p=38405"},"modified":"2021-03-05T08:52:24","modified_gmt":"2021-03-05T08:52:24","slug":"dzien-pamieci-zolnierzy-wykletych","status":"publish","type":"post","link":"https:\/\/htb.com.pl\/?p=38405","title":{"rendered":"Dzie\u0144 Pami\u0119ci \u017bo\u0142nierzy Wykl\u0119tych"},"content":{"rendered":"\n<p><\/p>\n\n\n\n<figure class=\"wp-block-image size-thumbnail\"><a href=\"https:\/\/htb.com.pl\/wp-content\/uploads\/2021\/03\/Dzie\u0144-Pamieci-\u017bo\u0142nierzy-Wykl\u0119tych.mp3\"><img loading=\"lazy\" decoding=\"async\" width=\"150\" height=\"150\" src=\"https:\/\/htb.com.pl\/wp-content\/uploads\/2018\/04\/posluchaj-150x150.jpg\" alt=\"\" class=\"wp-image-2020\" srcset=\"https:\/\/htb.com.pl\/wp-content\/uploads\/2018\/04\/posluchaj-150x150.jpg 150w, https:\/\/htb.com.pl\/wp-content\/uploads\/2018\/04\/posluchaj-300x300.jpg 300w, https:\/\/htb.com.pl\/wp-content\/uploads\/2018\/04\/posluchaj-100x100.jpg 100w\" sizes=\"auto, (max-width: 150px) 100vw, 150px\" \/><\/a><\/figure>\n\n\n\n<p>Tak rozpocz\u0105\u0142 si\u0119 ten tydzie\u0144. W<a href=\"http:\/\/radiomaria.com.pl\/\"> Radiu MARIA<\/a> zrobi\u0142em materia\u0142, jest w <a href=\"http:\/\/radiomaria.com.pl\/?p=1619\">ARCHIWUM. <\/a>Wspominam tam rotmistrza Witolda Pileckiego, kt\u00f3remu Marysia (wcze\u015bniejsze wpisy) 25 maja 1987 roku, gdy o Pileckim nie m\u00f3wi\u0142 nikt, odda\u0142a honor. Z\u0142o\u017cy\u0142a kwiaty pod murem wi\u0119zienia na Rakowieckiej, w Warszawie &#8211; mniej wi\u0119cej w tym miejscu, gdzie dzi\u015b jest tablica upami\u0119tniaj\u0105ca \u017bo\u0142nierzy Wykl\u0119tych. <\/p>\n\n\n\n<figure class=\"wp-block-image size-large\"><img loading=\"lazy\" decoding=\"async\" width=\"900\" height=\"659\" src=\"https:\/\/htb.com.pl\/wp-content\/uploads\/2021\/03\/WYKL\u0118CI.jpg\" alt=\"\" class=\"wp-image-38406\" srcset=\"https:\/\/htb.com.pl\/wp-content\/uploads\/2021\/03\/WYKL\u0118CI.jpg 900w, https:\/\/htb.com.pl\/wp-content\/uploads\/2021\/03\/WYKL\u0118CI-300x220.jpg 300w, https:\/\/htb.com.pl\/wp-content\/uploads\/2021\/03\/WYKL\u0118CI-768x562.jpg 768w, https:\/\/htb.com.pl\/wp-content\/uploads\/2021\/03\/WYKL\u0118CI-600x439.jpg 600w\" sizes=\"auto, (max-width: 900px) 100vw, 900px\" \/><\/figure>\n\n\n\n<p> Ja dzi\u015b wiem czemu to zrobi\u0142a &#8211; w audycji, kt\u00f3r\u0105 robi\u0142em pyta\u0142em o to ludzi na ulicy. Ludzie wypowiadaj\u0105 si\u0119 niech\u0119tnie na ten temat. Wiedz\u0105, \u017ce roztrz\u0105sanie tych spraw nam nie pomaga. My musimy szuka\u0107 temat\u00f3w, kt\u00f3re \u0142\u0105cz\u0105, a nie dziel\u0105.<\/p>\n\n\n\n<p>Teraz wspomn\u0119 pa\u017adziernik 1997 rok, to si\u0119 \u0142\u0105czy &#8211; naprawd\u0119. Min\u0119\u0142o 10 lat od \u015bmierci Marysi  i 7 lat od mojego ma\u0142\u017ce\u0144stwa z Dorotk\u0105. By\u0142em wtedy prezesem i dyrektorem sp. z o.o. DREWNUR. By\u0142 to zak\u0142ad drzewny w miejscowo\u015bci Nurzec Stacja, ko\u0142o Siemiatycz. Do domu w Mielcu by\u0142o daleko i nie na ka\u017cd\u0105 niedziel\u0119 je\u017adzi\u0142em. W niedziel\u0119 12 pa\u017adziernika nie pojecha\u0142em do Mielca, tylko do Warszawy, na gr\u00f3b Marysi. M\u00f3j Te\u015b\u0107, \u017co\u0142nierz frontowy, kt\u00f3ry  Marysi\u0119 zna\u0142 &#8211; twierdzi\u0142, \u017ce by\u0142a potworem, radzi\u0142 mi, abym o niej zapomnia\u0142. Ale 13 pa\u017adziernika 1997 roku, to by\u0142a 10 rocznica jej \u015bmierci&#8230;<\/p>\n\n\n\n<p> Gr\u00f3b Marysi by\u0142 wysprz\u0105tany, pali\u0142o si\u0119 bardzo du\u017co zniczy. Postanowi\u0142em chwil\u0119 posta\u0107, chcia\u0142em zobaczy\u0107 kto je tu zapala. Podszed\u0142 starszy pan, w  przyma\u0142ym p\u0142aszczu. Zwr\u00f3ci\u0142em uwag\u0119 na jego buty, to by\u0142y br\u0105zowe wojskowe pantofle. Takie jakie oficerowie nosili do munduru wyj\u015bciowego. Przyni\u00f3s\u0142 bardzo skromn\u0105 \u015bwieczk\u0119, zapali\u0142, a nast\u0119pnie przyj\u0105\u0142 postaw\u0119 zasadnicz\u0105 (stan\u0105 na baczno\u015b\u0107). Nigdy wcze\u015bniej go nie widzia\u0142em ale on mnie skojarzy\u0142 z Marysi\u0105, u\u015bmiechn\u0105\u0142 si\u0119 i m\u00f3wi. Strzela\u0142em do twojej dziewczyny, ona te\u017c do mnie strzela\u0142a &#8211; r\u00f3\u017cnica by\u0142a taka, \u017ce ja chcia\u0142em trafi\u0107, a ona nie chcia\u0142a. Kiedy\u015b podczas akcji jej ludzie mnie pojmali i zaprowadzili do piwnicy &#8211; to by\u0142o  tu niedaleko, na Pradze.  W piwnicy by\u0142o ciemno, przez ma\u0142e okienko wpada\u0142o \u015bwiat\u0142o ulicznej latarni. Zdziwi\u0142em si\u0119, bo jej ludzie wyszli i nie zamkn\u0119li drzwi. Wtedy j\u0105 us\u0142ysza\u0142em. Dobry wiecz\u00f3r panu, powiedzia\u0142a. G\u0142os dobiega\u0142 z miejsca, gdzie nie by\u0142o nikogo. Dopiero jak z zsun\u0119\u0142a czarn\u0105 chust\u0119 z twarzy, zobaczy\u0142em j\u0105. Czarny polowy mundur, a w\u0142a\u015bciwie kombinezon, nie by\u0142o \u017cadnych odznak, emblemat\u00f3w, guzik\u00f3w, nic nie b\u0142yszcza\u0142o. Zapali\u0142a \u015bwiat\u0142o. Nie mam broni, krzykn\u0105\u0142em. To po co oddawa\u0142e\u015b, zapyta\u0142a. W jej r\u0119ce zobaczy\u0142em ogromy n\u00f3\u017c, rzuci\u0142a, nim, przelecia\u0142 ko\u0142o mojej g\u0142owy i wbi\u0142 si\u0119 w futryn\u0119, tu\u017c nad moim barkiem. Odwr\u00f3ci\u0142a si\u0119, kopn\u0119\u0142a kawa\u0142ek drewna, kt\u00f3ry le\u017ca\u0142 na posadzce &#8211; tylko wi\u00f3ry polecia\u0142y.  \u017bycie przelecia\u0142o mi w g\u0142owie. Nie chc\u0119 walczy\u0107, wycharcza\u0142em,  wol\u0119 na Rakowieck\u0105. To nie jest w mojej jurysdykcji ale rozumiem, prosz\u0119 tam  i\u015b\u0107, powiedzia\u0142a. <\/p>\n\n\n\n<p>W\u0142a\u015bnie wyszed\u0142em z wokandy, uznali, \u017ce by\u0142o w obronie w\u0142asnej. Zabi\u0142em  koleg\u0119  ze s\u0142u\u017cby &#8211; jej informatora, a  ona \u017cycie mi darowa\u0142a. Ale wa\u017cniejsze jest to, \u017ce mi zaufa\u0142a. Mnie wtedy nikt nie odprowadzi\u0142, sam poszed\u0142em i wszystko powiedzia\u0142em. Teraz, gdy odsiedzia\u0142em, wszystko zrozumia\u0142em.<\/p>\n\n\n\n<p>Wchodzi w \u017cycia Konstytucja (wesz\u0142a 17 pa\u017adziernika 1997 r., zosta\u0142a uchwalona 2 kwietnia 1997 r.) jest taka jak Ona chcia\u0142a &#8211; prezydent ma by\u0107 jak dobry kr\u00f3l, jak Papie\u017c. Sk\u0105d Ona to wszystko wiedzia\u0142a? Du\u017co z\u0142a widzia\u0142a, powiedzia\u0142em. Boj\u0119 si\u0119, \u017ce ci co z\u0142a nie widzieli, nie b\u0119d\u0105 wiedzieli. Czego nie b\u0119d\u0105 wiedzieli, zapyta\u0142em. \u017be prezydent ma by\u0107 kr\u00f3lem, a nie premierem, s\u0119dzi\u0105, czy genera\u0142em. Poda mi pan d\u0142o\u0144, zapyta\u0142. Poda\u0142em<\/p>\n\n\n\n<p>Ale to co m\u00f3wi\u0142, dopiero teraz to zrozumia\u0142em. Prezydent jedynie mianuje, a kto\u015b inny powo\u0142uje i w ten spos\u00f3b prezydent autorytet zachowuje. Politycy za\u015b uwa\u017caj\u0105, \u017ce takie prezydenckie mianowanie, to jest co\u015b wi\u0119cej ni\u017c powo\u0142anie i mamy zamieszanie.<\/p>\n\n\n\n<figure class=\"wp-block-image size-large\"><img loading=\"lazy\" decoding=\"async\" width=\"840\" height=\"560\" src=\"https:\/\/htb.com.pl\/wp-content\/uploads\/2021\/03\/FREE_840.jpg\" alt=\"\" class=\"wp-image-38596\" srcset=\"https:\/\/htb.com.pl\/wp-content\/uploads\/2021\/03\/FREE_840.jpg 840w, https:\/\/htb.com.pl\/wp-content\/uploads\/2021\/03\/FREE_840-300x200.jpg 300w, https:\/\/htb.com.pl\/wp-content\/uploads\/2021\/03\/FREE_840-768x512.jpg 768w, https:\/\/htb.com.pl\/wp-content\/uploads\/2021\/03\/FREE_840-600x400.jpg 600w\" sizes=\"auto, (max-width: 840px) 100vw, 840px\" \/><\/figure>\n\n\n\n<p>TSUE orzek\u0142, \u017ce Izba Dyscyplinarna SN nie mo\u017ce prowadzi\u0107 spraw dyscyplinarnych wobec s\u0119dzi\u00f3w ani przekazywa\u0107 ich s\u0105dom, kt\u00f3re nie spe\u0142niaj\u0105 kryterium niezale\u017cno\u015bci w rozumieniu prawa unijnego. To w\u0142a\u015bnie niezrozumienie tamtego, prowadzi do tego.<\/p>\n\n\n\n<p>Nigdy nie por\u00f3wnam Marysi do \u017bo\u0142nierzy Wykl\u0119tych, cho\u0107 w chwili \u015bmierci nawet przez rodzin\u0119 by\u0142a wyklinana. Nie dba\u0142a o to. Dla niej liczy\u0142a si\u0119 Polska. Ojczyzn\u0119 widzia\u0142a jako kraj pot\u0119\u017cny gospodarczo, militarnie, a przez to suwerenny. Suwerenno\u015bci nie da si\u0119 zadekretowa\u0107, to trzeba wypracowa\u0107, a potem pilnowa\u0107. To jest cel ka\u017cdego rz\u0105du. Jednak od ponad 30-sty lat jedynie o tym gadamy, a przez to od celu si\u0119 oddalamy.<\/p>\n\n\n\n<p>No a teraz jeszcze inny problem mamy, z pandemi\u0105 koronawirisa si\u0119 zmagamy. Pami\u0119tajcie, usta i nos szczelnie maseczk\u0105 zakrywamy i zi\u00f3\u0142ka popijamy. Herbatk\u0119 z mojego sklepu internetowego proponuj\u0119.<\/p>\n\n\n\n<figure class=\"wp-block-image size-large\"><a href=\"https:\/\/htb.com.pl\/?product=herbatka-owocowa-wspierajaca-zapobieganie-covid-19-100g\"><img loading=\"lazy\" decoding=\"async\" width=\"909\" height=\"900\" src=\"https:\/\/htb.com.pl\/wp-content\/uploads\/2020\/12\/zapobieganie_2-ma\u0142y.png\" alt=\"\" class=\"wp-image-34067\" srcset=\"https:\/\/htb.com.pl\/wp-content\/uploads\/2020\/12\/zapobieganie_2-ma\u0142y.png 909w, https:\/\/htb.com.pl\/wp-content\/uploads\/2020\/12\/zapobieganie_2-ma\u0142y-300x297.png 300w, https:\/\/htb.com.pl\/wp-content\/uploads\/2020\/12\/zapobieganie_2-ma\u0142y-150x150.png 150w, https:\/\/htb.com.pl\/wp-content\/uploads\/2020\/12\/zapobieganie_2-ma\u0142y-768x760.png 768w, https:\/\/htb.com.pl\/wp-content\/uploads\/2020\/12\/zapobieganie_2-ma\u0142y-600x594.png 600w, https:\/\/htb.com.pl\/wp-content\/uploads\/2020\/12\/zapobieganie_2-ma\u0142y-100x100.png 100w\" sizes=\"auto, (max-width: 909px) 100vw, 909px\" \/><\/a><\/figure>\n","protected":false},"excerpt":{"rendered":"<p>Tak rozpocz\u0105\u0142 si\u0119 ten tydzie\u0144. W Radiu MARIA zrobi\u0142em materia\u0142, jest w ARCHIWUM. Wspominam tam rotmistrza Witolda Pileckiego, kt\u00f3remu Marysia (wcze\u015bniejsze wpisy) 25 maja 1987 roku, gdy o Pileckim nie m\u00f3wi\u0142 nikt, odda\u0142a honor. Z\u0142o\u017cy\u0142a kwiaty pod murem wi\u0119zienia na Rakowieckiej, w Warszawie &#8211; mniej wi\u0119cej w tym miejscu, gdzie dzi\u015b jest tablica upami\u0119tniaj\u0105ca \u017bo\u0142nierzy [&hellip;]<\/p>\n","protected":false},"author":1,"featured_media":38596,"comment_status":"open","ping_status":"open","sticky":false,"template":"","format":"standard","meta":{"_jetpack_memberships_contains_paid_content":false,"footnotes":""},"categories":[4],"tags":[],"class_list":["post-38405","post","type-post","status-publish","format-standard","has-post-thumbnail","hentry","category-daty-i-fakty-blog"],"jetpack_sharing_enabled":true,"jetpack_featured_media_url":"https:\/\/htb.com.pl\/wp-content\/uploads\/2021\/03\/FREE_840.jpg","_links":{"self":[{"href":"https:\/\/htb.com.pl\/index.php?rest_route=\/wp\/v2\/posts\/38405","targetHints":{"allow":["GET"]}}],"collection":[{"href":"https:\/\/htb.com.pl\/index.php?rest_route=\/wp\/v2\/posts"}],"about":[{"href":"https:\/\/htb.com.pl\/index.php?rest_route=\/wp\/v2\/types\/post"}],"author":[{"embeddable":true,"href":"https:\/\/htb.com.pl\/index.php?rest_route=\/wp\/v2\/users\/1"}],"replies":[{"embeddable":true,"href":"https:\/\/htb.com.pl\/index.php?rest_route=%2Fwp%2Fv2%2Fcomments&post=38405"}],"version-history":[{"count":20,"href":"https:\/\/htb.com.pl\/index.php?rest_route=\/wp\/v2\/posts\/38405\/revisions"}],"predecessor-version":[{"id":38632,"href":"https:\/\/htb.com.pl\/index.php?rest_route=\/wp\/v2\/posts\/38405\/revisions\/38632"}],"wp:featuredmedia":[{"embeddable":true,"href":"https:\/\/htb.com.pl\/index.php?rest_route=\/wp\/v2\/media\/38596"}],"wp:attachment":[{"href":"https:\/\/htb.com.pl\/index.php?rest_route=%2Fwp%2Fv2%2Fmedia&parent=38405"}],"wp:term":[{"taxonomy":"category","embeddable":true,"href":"https:\/\/htb.com.pl\/index.php?rest_route=%2Fwp%2Fv2%2Fcategories&post=38405"},{"taxonomy":"post_tag","embeddable":true,"href":"https:\/\/htb.com.pl\/index.php?rest_route=%2Fwp%2Fv2%2Ftags&post=38405"}],"curies":[{"name":"wp","href":"https:\/\/api.w.org\/{rel}","templated":true}]}}