{"id":3871,"date":"2019-06-14T19:57:01","date_gmt":"2019-06-14T19:57:01","guid":{"rendered":"https:\/\/htb.com.pl\/?p=3871"},"modified":"2019-06-15T10:17:34","modified_gmt":"2019-06-15T10:17:34","slug":"kto-mieczem-wojuje-od-miecza-ginie","status":"publish","type":"post","link":"https:\/\/htb.com.pl\/?p=3871","title":{"rendered":"Kto mieczem wojuje, od miecza ginie"},"content":{"rendered":"<p><a href=\"https:\/\/htb.com.pl\/wp-content\/uploads\/2019\/06\/burza.mp3\"><img loading=\"lazy\" decoding=\"async\" class=\"size-medium wp-image-2020 alignright\" src=\"https:\/\/htb.com.pl\/wp-content\/uploads\/2018\/04\/posluchaj-300x280.jpg\" alt=\"\" width=\"300\" height=\"280\" srcset=\"https:\/\/htb.com.pl\/wp-content\/uploads\/2018\/04\/posluchaj-300x280.jpg 300w, https:\/\/htb.com.pl\/wp-content\/uploads\/2018\/04\/posluchaj-768x716.jpg 768w, https:\/\/htb.com.pl\/wp-content\/uploads\/2018\/04\/posluchaj-1024x955.jpg 1024w, https:\/\/htb.com.pl\/wp-content\/uploads\/2018\/04\/posluchaj-600x560.jpg 600w, https:\/\/htb.com.pl\/wp-content\/uploads\/2018\/04\/posluchaj.jpg 1158w\" sizes=\"auto, (max-width: 300px) 100vw, 300px\" \/><\/a><\/p>\n<p>S\u0142owa wypowiedziane przez Jezusa Chrystusa do Szymona Piotra, gdy ten staj\u0105c w jego obronie obcinaj\u0105 ucho s\u0142udze najwy\u017cszego kap\u0142ana, Malchosowi. Przypomnia\u0142y mi si\u0119 w\u0142a\u015bnie teraz. Do kraju sprowadzono bowiem Marka Falent\u0119. Cz\u0142owieka od kt\u00f3rego zacz\u0105\u0142 si\u0119 ten nasz zamach stanu. <a href=\"https:\/\/htb.com.pl\/?p=3434\">Pisa\u0142em o jego zatrzymaniu<\/a>, teraz obserwuj\u0119 jak ten, niegdy\u015b jeden ze stu najbogatszych Polak\u00f3w, pr\u00f3buje unikn\u0105\u0107 wi\u0119zienia. Postawi\u0142 Pan na z\u0142ego konia &#8211; Panie Falenta. Ludzie, kt\u00f3rym pom\u00f3g\u0142 pan doj\u015b\u0107 do w\u0142adzy obalili Konstytucj\u0119, a co za tym idzie, wszelkie prawa i zasady. Pan tego nie chcia\u0142 ale tak wysz\u0142o. Jak zwykle, gdy niby to przypadkiem pojawiaj\u0105 si\u0119 ruscy. Podziwia\u0142em ten Pana biznes ze sk\u0142adami rosyjskiego w\u0119gla.<\/p>\n<p>Nie wiem, czy\u00a0<strong>Ewangelia wg \u015bw. Jana<\/strong>\u00a018,1-14 (Pojmanie Jezusa) jest czytana w ko\u015bcio\u0142ach, gdzie Matk\u0119 Boga Mari\u0119 Maryj\u0105 si\u0119 nazywa. Ale nawet jak jest czytana, to ludzie bez wyobra\u017ani nie rozumiej\u0105 przes\u0142ania jakie niesie. <strong>Czyni\u0105c z\u0142o, czynimy go r\u00f3wnie\u017c sobie.\u00a0<\/strong><\/p>\n<p>Nie trzeba by\u0142o robi\u0107 tyle szumu, Panie Falenta, wtedy Pan prezydent Andrzej Duda u\u0142askawi\u0142 by Pana. Teraz b\u0119dzie k\u0142opot. Pan te\u017c musi przemy\u015ble\u0107 ewangeli\u0119 \u015bw. Jana. Pom\u00f3g\u0142 Pan z\u0142ym politykom czyni\u0107 z\u0142o, zamach stanu w pa\u0144stwie totalitarnym, do jakiego chcieli\u015bcie doprowadzi\u0107 Polsk\u0119, karany jest\u00a0 \u015bmierci\u0105. Na szcz\u0119\u015bcie ten wasz zamach nie do ko\u0144ca si\u0119 uda\u0142, S\u0119dziowie si\u0119 nie dali. To dlatego dosta\u0142 Pan dwa i p\u00f3l roku wi\u0119zienia, a nie jak proponowa\u0142 &#8220;wasz&#8221; prokurator p\u00f3\u0142tora w zawieszeniu. Pan prezydent Andrzej Duda, ani Pan prezes Jaros\u0142aw Kaczy\u0144ski nie s\u0105 winni, \u017ce Pan do pierdla trafi\u0142, oni chcieli &#8220;dobrze&#8221;, tylko wysz\u0142o jak zwykle. Postaw Pan teraz na Romana Giertycha, on mo\u017ce pom\u00f3c w kasacji do S\u0105du Najwy\u017cszego, \u017cycz\u0119 powodzenia. A pod cel\u0105 nie donosi\u0107, od gada trzyma\u0107 si\u0119 z daleka, pami\u0119ta\u0107 o kiciorowani i jako\u015b b\u0119dzie. Przypomn\u0119 tylko &#8211; ju\u017c po raz kolejny, \u017ce ja ostrzega\u0142em. We wpisie\u00a0\u00a0<a href=\"https:\/\/htb.com.pl\/?p=208\">&#8220;Grypsera&#8221;<\/a> napisa\u0142em, \u017ce pod rz\u0105dami ludzi, kt\u00f3rzy wszelkie zasady maj\u0105 za nic, wielu pozna \u017cycie wi\u0119zienne. Wtedy kilku moich klient\u00f3w, a zajmuj\u0119 si\u0119 <strong>technologiami dla przemys\u0142u drzewnego,\u00a0<\/strong>pyta\u0142o mnie, kiedy wreszcie przestan\u0119 patrze\u0107 na \u015awiat oczami Marysi? Dzi\u015b okaza\u0142o si\u0119, \u017ce moje porady dotycz\u0105ce &#8220;odsiadki&#8221;, przyda\u0142y si\u0119 niekt\u00f3rym z nich.<\/p>\n<h1 class=\"i_art_title\"><a href=\"https:\/\/www.drewno.pl\/artykuly\/11454,17-osob-z-branzy-meblarskiej-i-maszynowej-zatrzymalo-cba.html?utm_source=phplist260&amp;utm_medium=email&amp;utm_content=HTML&amp;utm_campaign=Newsletter+drewno.pl+12%2F2019\">17 OS\u00d3B Z BRAN\u017bY MEBLARSKIEJ I MASZYNOWEJ ZATRZYMA\u0141O CBA<\/a><\/h1>\n<p>Powr\u00f3c\u0119 wi\u0119c kolejny raz do mojego anio\u0142ka, do <a href=\"https:\/\/htb.com.pl\/?p=246\">mojej dziewczyna z lat 1986 i 1987<\/a>. Ona \u015bw. Jana Ewangelist\u0119 bardzo ceni\u0142a. Pozna\u0142em j\u0105 w roku 1976, wtedy m\u00f3wi\u0142em do niej Pani, podczas zapoznania powiedzia\u0142a mi, \u017ce<a href=\"https:\/\/htb.com.pl\/?p=902\"> gdyby by\u0142a ch\u0142opakiem, chcia\u0142aby mie\u0107 imi\u0119 Jan<\/a>. Dla niej wszelkie pomys\u0142y si\u0142owego rozwi\u0105zywania problem\u00f3w, by\u0142y z\u0142em. Cz\u0119sto jednak walcz\u0105c z tym z\u0142em, musia\u0142a post\u0105pi\u0107 wbrew sobie.<a href=\"https:\/\/htb.com.pl\/?product=europejska-wojna-domowa\"><img loading=\"lazy\" decoding=\"async\" class=\"size-medium wp-image-3933 alignright\" src=\"https:\/\/htb.com.pl\/wp-content\/uploads\/2019\/06\/wojnad-189x300.jpg\" alt=\"\" width=\"189\" height=\"300\" srcset=\"https:\/\/htb.com.pl\/wp-content\/uploads\/2019\/06\/wojnad-189x300.jpg 189w, https:\/\/htb.com.pl\/wp-content\/uploads\/2019\/06\/wojnad.jpg 200w\" sizes=\"auto, (max-width: 189px) 100vw, 189px\" \/><\/a> Widzia\u0142em jak bardzo to prze\u017cywa\u0142a, znowu krew na moich r\u0119kach Jasiu &#8211; m\u00f3wi\u0142a, a w tych swoich dobrych i pi\u0119knych oczach, mia\u0142a \u0142zy. Rad\u0119 Europy, dzisiejsz\u0105 Uni\u0119 Europejsk\u0105 uwa\u017ca\u0142a za dobro, bo jej mechanizmy tworz\u0105 \u015awiat bez wojen. Wojny powoduj\u0105 \u017ali politycy ale \u017ceby przekona\u0107 do nich ludzi, swoich wyborc\u00f3w, musz\u0105 mie\u0107 odpowiedni klimat spo\u0142eczny. Ten klimat tworz\u0105 nier\u00f3wno\u015bci spo\u0142eczne i te w\u0142a\u015bnie nier\u00f3wno\u015bci wyr\u00f3wnuje Unia Europejska. Od jej powstania 18 kwietnia 1951 roku, wtedy jako Europejska Wsp\u00f3lnota W\u0119gla i Stali skutecznie zapobiega wojnie. Dlatego \u017ali politycy tak bardzo chc\u0105 nas z UE wyprowadzi\u0107, maj\u0105 bowiem problem z wywo\u0142aniem wojny. W ich rozumieniu, tylko konflikt zbrojny jest tym, co mo\u017ce ich zapisa\u0107 w historii. To jest z\u0142o i od nas zale\u017cy, czy dobro, pokona to z\u0142o.<\/p>\n<p>Donald Trump prezydent USA jest takim przyk\u0142adem polityka, kt\u00f3remu marzy si\u0119 wojna. Ostatnio zaatakowa\u0142 gospodarczo Chiny, chc\u0119 im rozwali\u0107 projekt internetu 5G. Tam gdzie dw\u00f3ch si\u0119 bije, tam trzeci korzysta. Korea\u0144czycy z Po\u0142udnia w\u0142a\u015bnie uruchomili t\u0105 sie\u0107. Chi\u0144ski <strong>Huawei<\/strong> jest w Polsce, a Polska jest w Europie i to z naszymi partnerami z UE powinni\u015bmy wsp\u00f3\u0142pracowa\u0107 w dziedzinie cyberbezpiecze\u0144stwa, bo to teraz jest problem. Ale nie &#8211; my jeste\u015bmy m\u0105drzejsi, my wojn\u0119 konwencjonaln\u0105 z Rosj\u0105 wywo\u0142amy, w sojuszu z Amerykanami:)<\/p>\n<p><img loading=\"lazy\" decoding=\"async\" class=\"size-medium wp-image-3898 alignleft\" src=\"https:\/\/htb.com.pl\/wp-content\/uploads\/2019\/06\/podpisy-300x169.jpg\" alt=\"\" width=\"300\" height=\"169\" srcset=\"https:\/\/htb.com.pl\/wp-content\/uploads\/2019\/06\/podpisy-300x169.jpg 300w, https:\/\/htb.com.pl\/wp-content\/uploads\/2019\/06\/podpisy-768x434.jpg 768w, https:\/\/htb.com.pl\/wp-content\/uploads\/2019\/06\/podpisy-600x339.jpg 600w, https:\/\/htb.com.pl\/wp-content\/uploads\/2019\/06\/podpisy.jpg 850w\" sizes=\"auto, (max-width: 300px) 100vw, 300px\" \/><\/p>\n<p>12.06.2019. Pan prezydent Andrzej Duda jest w\u0142a\u015bnie w\u00a0 USA. Spotka\u0142 si\u0119 tam z Donaldem Trumpem. Nie jest to wizyta pa\u0144stwowa, nie ma ceremonia\u0142u ale teraz dali naszemu prezydentowi krzes\u0142o<a href=\"https:\/\/htb.com.pl\/?p=1765\"> jak podpisywa\u0142 dokumenty<\/a> &#8211; to cieszy.<\/p>\n<p>Amerykanie znowu roluj\u0105 nas na kas\u0119, b\u0119dziemy p\u0142aci\u0107 za infrastruktur\u0119 dla ich \u017co\u0142nierzy i samoloty F-35.\u00a0 Za kilka lat obiecali nam je dostarczy\u0107. Te samoloty, to bardzo nowoczesne my\u015bliwce, s\u0142u\u017c\u0105 nie tylko do walki ale te\u017c do rozpoznania i to nie tylko pola walki. Ogl\u0105daj\u0105c telewizyjn\u0105 transmisj\u0119 z wizyty naszej pary prezydenckiej, bo pan prezydent w USA jest z ma\u0142\u017conk\u0105, nie mog\u0142em uwierzy\u0107 w to co us\u0142ysza\u0142em. Podano, \u017ce Amerykanie b\u0119d\u0105 budowa\u0107 w Polsce struktury wywiadowcze w oparciu o technologi\u0119 samolotu F-35. No &#8211; gdyby to Marysia s\u0142ysza\u0142a, p\u0119k\u0142a by ze \u015bmiechu. jak mo\u017cna o takich sprawach w og\u00f3le m\u00f3wi\u0107?<\/p>\n<p>Spr\u00f3bujmy powa\u017cnie &#8211; spotka\u0142o si\u0119 dw\u00f3ch kontrowersyjnych przyw\u00f3dc\u00f3w, maj\u0105cych wsp\u00f3lny mianownik. \u017beby go zredukowa\u0107 trzeba w r\u00f3wnaniu postawi\u0107 s\u0142u\u017cby; wywiadu i kontrwywiadu. Amerykanie dzia\u0142aj\u0105, w\u0142a\u015bnie jest przes\u0142uchiwany syn prezydenta Donald Trump jr. na okoliczno\u015b\u0107 jego wsp\u00f3\u0142pracy z Rosjanami. My mamy gorzej, po tym jak Antoni Macierewicz rozwali\u0142 nasz wywiad i kontrwywiad, ujawniaj\u0105c przy tym nazwiska agent\u00f3w, nikt z nami nie b\u0119dzie gada\u0142. <a href=\"https:\/\/htb.com.pl\/?p=2793\">Pami\u0119tam jak Marysia m\u00f3wi\u0142a do radzieckich ch\u0142opak\u00f3w z Razwiedopura<\/a>. Je\u017celi musimy walczy\u0107, walczmy ze z\u0142em, ono jest na wschodzie i na zachodzie. Ona by zredukowa\u0142a r\u00f3wnanie, A tak to miecz Szymona Piotra jest tym, co &#8220;rozwi\u0105\u017ce&#8221; problemy. Potem b\u0119dziemy pyta\u0107 gdzie by\u0142 B\u00f3g? Na tronie\u00a0 &#8211; Kochani, naprawd\u0119 warto to zauwa\u017cy\u0107.\u00a0<strong>TERAZ JESZCZE JEST CZAS!<\/strong><\/p>\n<p>\u017beby nie by\u0142o, \u017ce wszystko mi si\u0119 nie podoba, napisz\u0119 co\u015b pozytywnego o wsp\u00f3\u0142pracy ze Stanami Zjednoczonymi. Nasi politycy wreszcie zrozumieli, \u017ce bez energetyki j\u0105drowej ani rusz. \u017beby nie popa\u015b\u0107 w tarapaty z\u00a0PEP2040 (Polityka Energetyczna Polski-projekt), budow\u0119 elektrowni j\u0105drowej nale\u017cy rozpocz\u0105\u0107 natychmiast. Trwaj\u0105 rozmowy z Amerykanami w sprawie technologii i finansowania. Jak sobie przypomn\u0119, jak wyzywano Marysi\u0119 w 1986 roku, gdy chcia\u0142a za wszelk\u0105 cen\u0119 doko\u0144czy\u0107 budowan\u0105 elektrowni\u0119 j\u0105drow\u0105 w \u017barnowcu &#8211; szlag mnie trafia.<\/p>\n<p>Ludzie, kt\u00f3rzy wymy\u015bl\u0105 spos\u00f3b na wybudowanie takiej elektrowni w Polsce, powinni przej\u0105\u0107 rz\u0105dy i nie oddawa\u0107 a\u017c sko\u0144cz\u0105. To powinien by\u0107 program na kolejne wybory, a nie jakie\u015b bzdury z ideologia w tle.<\/p>\n<p>Niestety, tych co wiedz\u0105 jak to robi\u0107 nie ma. Nazwano ich postkomunistami i wywalono, razem z projektami. Prosz\u0119 popatrze\u0107 na harmonogram z lat osiemdziesi\u0105tych, dotycz\u0105cy energetyki j\u0105drowej. <strong>Marysia umar\u0142a w 1987 roku, dwa reaktory sta\u0142y ju\u017c w \u017barnowcu<\/strong> &#8211; prosz\u0119 mi wierzy\u0107, gdyby nie to, \u017ce odesz\u0142a, mieliby\u015bmy energetyk\u0119 j\u0105drow\u0105, a do odstraszania bro\u0144 j\u0105drow\u0105.<strong>\u00a0<\/strong><\/p>\n<p><img loading=\"lazy\" decoding=\"async\" class=\"alignnone  wp-image-3922\" src=\"https:\/\/htb.com.pl\/wp-content\/uploads\/2019\/06\/duzy-300x183.png\" alt=\"\" width=\"726\" height=\"443\" srcset=\"https:\/\/htb.com.pl\/wp-content\/uploads\/2019\/06\/duzy-300x183.png 300w, https:\/\/htb.com.pl\/wp-content\/uploads\/2019\/06\/duzy-600x365.png 600w, https:\/\/htb.com.pl\/wp-content\/uploads\/2019\/06\/duzy.png 1006w\" sizes=\"auto, (max-width: 726px) 100vw, 726px\" \/><\/p>\n<p style=\"text-align: left;\">Prosz\u0119 nie m\u00f3wi\u0107, \u017ce to by si\u0119 nie uda\u0142o. Bloki z wielkiej p\u0142yty mia\u0142y si\u0119 zawali\u0107 po 30-stu latach &#8211; trzecie pokolenie w nich mieszka. Mo\u017ce i szare by\u0142o wtedy nasze \u017cycie ale prosz\u0119 nie m\u00f3wi\u0107, \u017ce ludzie byli leniwi, \u017ce pili, bo my teraz piejmy dwa razy wi\u0119cej, a wydajno\u015b\u0107 pracy mamy jedn\u0105 z najni\u017cszych w Europie. Wiem, \u017ce Pa\u0144stwo dysponujecie innymi, znacznie lepszymi danymi. Ot\u00f3\u017c te dane s\u0105 po obr\u00f3bce rz\u0105dowych &#8220;ekonom\u00f3w&#8221;. Nie uwzgl\u0119dniaj\u0105 pracownik\u00f3w zagranicznych, cho\u0107by z Ukrainy. Je\u017celi w brygadzie jest pi\u0119ciu Polak\u00f3w i pi\u0119ciu Ukrai\u0144c\u00f3w, to brygada wytwarza PKB w dziesi\u0119ciu ale &#8220;nasze ekonomy&#8221; licz\u0105 tylko Polak\u00f3w, czyli pi\u0119ciu, to dlatego w statystykach dynamiki wzrostu wydajno\u015bci pracy, stanowimy \u015bwiatow\u0105 czo\u0142\u00f3wk\u0119.<\/p>\n<p style=\"text-align: left;\">Nasz premier Mateusz Morawiecki potrafi wa\u0142y robi\u0107 ale o gospodarce nie ma poj\u0119cia.<\/p>\n<p>Otrzyma\u0142em pytanie od Pana, kt\u00f3ry nie ogl\u0105da TVPiS. Zapyta\u0142 &#8211; Janek, skoro jest tak \u017ale jak ty piszesz, to czemu jest tak dobrze? Co\u015b mnie tkn\u0119\u0142o, postanowi\u0142em obejrze\u0107 jego ulubion\u0105 stacj\u0119 TVN-24. Ju\u017c wcze\u015bniej podejrzewa\u0142em, \u017ce co\u015b jest nie tak. Cho\u0107by wyniki ostatnich wybor\u00f3w do Parlamentu Europejskiego. Gdy zacz\u0105\u0142em ogl\u0105da\u0107 wiadomo\u015bci,<a href=\"https:\/\/htb.com.pl\/?product=damskie-perfumy-z-linii-india\"><img loading=\"lazy\" decoding=\"async\" class=\"size-medium wp-image-3767 alignright\" src=\"https:\/\/htb.com.pl\/wp-content\/uploads\/2019\/06\/perfum-300x300.png\" alt=\"\" width=\"300\" height=\"300\" srcset=\"https:\/\/htb.com.pl\/wp-content\/uploads\/2019\/06\/perfum-300x300.png 300w, https:\/\/htb.com.pl\/wp-content\/uploads\/2019\/06\/perfum-150x150.png 150w, https:\/\/htb.com.pl\/wp-content\/uploads\/2019\/06\/perfum-768x768.png 768w, https:\/\/htb.com.pl\/wp-content\/uploads\/2019\/06\/perfum-600x600.png 600w, https:\/\/htb.com.pl\/wp-content\/uploads\/2019\/06\/perfum-100x100.png 100w, https:\/\/htb.com.pl\/wp-content\/uploads\/2019\/06\/perfum.png 800w\" sizes=\"auto, (max-width: 300px) 100vw, 300px\" \/><\/a> \u017bona m\u00f3wi, prze\u0142\u0105cz to. Ona te\u017c nie ogl\u0105da TVPiS. Kochanie ale to TVN, powiedzia\u0142em. Trudno daj TV 4 tam powtarzaj\u0105 &#8220;Sprawiedliwych-Wydzia\u0142 Kryminalny&#8221;. Te\u017c lubi\u0119 komisarz Wach i aspiranta Walczaka ale tak nie mo\u017cna. Do dziennikarzy &#8211; Kochani. Wasz przekaz musi by\u0107 obiektywny, nie mo\u017cna tak strasznych bzdur, kt\u00f3re wypowiadaj\u0105 \u017ali politycy przekazywa\u0107. Czy naprawd\u0119 pan Ryszard Czarnecki przyci\u0105ga reklamodawc\u00f3w?<\/p>\n<p>Ja nie pisz\u0119, \u017ce jest \u017ale, ja pisz\u0119, \u017ce nie jest tak, jak m\u00f3wi\u0142a Marysia. Pisz\u0119, bo ju\u017c wielokrotnie przekona\u0142em si\u0119, \u017ce to co m\u00f3wi\u0142a by\u0142o prawd\u0105. Ta prawda jest bolesna ale lepsza taka prawda, ni\u017c wspania\u0142e k\u0142amstwo.<\/p>\n<p>S\u0105 upa\u0142y, gradobicia, tr\u0105by powietrzne, inwazja komar\u00f3w, kleszczy. W 1986 roku, w\u0142a\u015bnie tych argument\u00f3w u\u017cywa\u0142a Majka, gdy przekonywa\u0142a, \u017ce elektrowni\u0119 j\u0105drow\u0105 w \u017barnowcu trzeba doko\u0144czy\u0107. Demonstranci z transparentem\u00a0 &#8220;\u017bARNOBYL&#8221;, nazwali j\u0105 czerwon\u0105 szmat\u0105. Jej ludzie chcieli ruszy\u0107 na ogromny t\u0142um, czekali tylko na rozkaz swojej major Mari. Nazad!.. Brzmia\u0142 rozkaz &#8211; na ofiary jeszcze nie czas, te z czasem pojawi\u0105 si\u0119 i tak. Dzi\u015b ponad 50 tysi\u0119cy Polak\u00f3w umiera rocznie w wyniku &#8220;smogu&#8221;, zanieczyszczonego powietrza. To s\u0105 te ofiary, o kt\u00f3rych m\u00f3wi\u0142a wtedy Marysia.<\/p>\n<p>Teraz ju\u017c trzeba wyda\u0107 rozkaz i ruszy\u0107 z budow\u0105 elektrowni j\u0105drowej. Teraz nie b\u0119dzie to &#8220;wpieriot&#8221; ale &#8220;forward go go go&#8221;, cofn\u0105\u0107 si\u0119, nie ma gdzie.<!--more--><!--more--><!--more--><!--more--><\/p>\n","protected":false},"excerpt":{"rendered":"<p>S\u0142owa wypowiedziane przez Jezusa Chrystusa do Szymona Piotra, gdy ten staj\u0105c w jego obronie obcinaj\u0105 ucho s\u0142udze najwy\u017cszego kap\u0142ana, Malchosowi. Przypomnia\u0142y mi si\u0119 w\u0142a\u015bnie teraz. Do kraju sprowadzono bowiem Marka Falent\u0119. Cz\u0142owieka od kt\u00f3rego zacz\u0105\u0142 si\u0119 ten nasz zamach stanu. Pisa\u0142em o jego zatrzymaniu, teraz obserwuj\u0119 jak ten, niegdy\u015b jeden ze stu najbogatszych Polak\u00f3w, pr\u00f3buje [&hellip;]<\/p>\n","protected":false},"author":1,"featured_media":3974,"comment_status":"open","ping_status":"open","sticky":false,"template":"","format":"standard","meta":{"_jetpack_memberships_contains_paid_content":false,"footnotes":""},"categories":[4],"tags":[426],"class_list":["post-3871","post","type-post","status-publish","format-standard","has-post-thumbnail","hentry","category-daty-i-fakty-blog","tag-kto-mieczem-wojuje"],"jetpack_sharing_enabled":true,"jetpack_featured_media_url":"https:\/\/htb.com.pl\/wp-content\/uploads\/2019\/06\/powietrzna.jpg","_links":{"self":[{"href":"https:\/\/htb.com.pl\/index.php?rest_route=\/wp\/v2\/posts\/3871","targetHints":{"allow":["GET"]}}],"collection":[{"href":"https:\/\/htb.com.pl\/index.php?rest_route=\/wp\/v2\/posts"}],"about":[{"href":"https:\/\/htb.com.pl\/index.php?rest_route=\/wp\/v2\/types\/post"}],"author":[{"embeddable":true,"href":"https:\/\/htb.com.pl\/index.php?rest_route=\/wp\/v2\/users\/1"}],"replies":[{"embeddable":true,"href":"https:\/\/htb.com.pl\/index.php?rest_route=%2Fwp%2Fv2%2Fcomments&post=3871"}],"version-history":[{"count":68,"href":"https:\/\/htb.com.pl\/index.php?rest_route=\/wp\/v2\/posts\/3871\/revisions"}],"predecessor-version":[{"id":3989,"href":"https:\/\/htb.com.pl\/index.php?rest_route=\/wp\/v2\/posts\/3871\/revisions\/3989"}],"wp:featuredmedia":[{"embeddable":true,"href":"https:\/\/htb.com.pl\/index.php?rest_route=\/wp\/v2\/media\/3974"}],"wp:attachment":[{"href":"https:\/\/htb.com.pl\/index.php?rest_route=%2Fwp%2Fv2%2Fmedia&parent=3871"}],"wp:term":[{"taxonomy":"category","embeddable":true,"href":"https:\/\/htb.com.pl\/index.php?rest_route=%2Fwp%2Fv2%2Fcategories&post=3871"},{"taxonomy":"post_tag","embeddable":true,"href":"https:\/\/htb.com.pl\/index.php?rest_route=%2Fwp%2Fv2%2Ftags&post=3871"}],"curies":[{"name":"wp","href":"https:\/\/api.w.org\/{rel}","templated":true}]}}