{"id":41554,"date":"2021-03-12T06:39:47","date_gmt":"2021-03-12T06:39:47","guid":{"rendered":"https:\/\/htb.com.pl\/?p=41554"},"modified":"2021-03-12T07:44:49","modified_gmt":"2021-03-12T07:44:49","slug":"to-sie-naprawde-zdarzylo","status":"publish","type":"post","link":"https:\/\/htb.com.pl\/?p=41554","title":{"rendered":"To si\u0119 naprawd\u0119 zdarzy\u0142o"},"content":{"rendered":"\n<p><\/p>\n\n\n\n<figure class=\"wp-block-image size-thumbnail\"><a href=\"https:\/\/htb.com.pl\/wp-content\/uploads\/2021\/03\/To-sie-zdarzy\u0142o.mp3\"><img loading=\"lazy\" decoding=\"async\" width=\"150\" height=\"150\" src=\"https:\/\/htb.com.pl\/wp-content\/uploads\/2018\/04\/posluchaj-150x150.jpg\" alt=\"\" class=\"wp-image-2020\" srcset=\"https:\/\/htb.com.pl\/wp-content\/uploads\/2018\/04\/posluchaj-150x150.jpg 150w, https:\/\/htb.com.pl\/wp-content\/uploads\/2018\/04\/posluchaj-300x300.jpg 300w, https:\/\/htb.com.pl\/wp-content\/uploads\/2018\/04\/posluchaj-100x100.jpg 100w\" sizes=\"auto, (max-width: 150px) 100vw, 150px\" \/><\/a><\/figure>\n\n\n\n<p>Gdy czytam stare wpisy na moim blogu <a href=\"https:\/\/htb.com.pl\/?cat=4\">DATY I FAKTY,<\/a> wprost nie mog\u0119 uwierzy\u0107, \u017ce to si\u0119 zdarzy\u0142o. Mam nadziej\u0119, \u017ce kto\u015b kto za kilka lat b\u0119dzie czyta\u0142 ten wpis &#8211; odnosz\u0105cy si\u0119 do wydarze\u0144 z ostatniego tygodnia, te\u017c nie b\u0119dzie m\u00f3g\u0142 uwierzy\u0107, \u017ce tak by\u0142o.<\/p>\n\n\n\n<p>Samorz\u0105dowcy ze \u015awinouj\u015bcia tunel pod \u015awin\u0105 b\u0119d\u0105 kopali. Maj\u0105 15 % \u015brodk\u00f3w w\u0142asnych, a reszt\u0119 z UE dostali. Zabawne by\u0142o, bo rz\u0105dz\u0105cy na plac budowy przyjechali. Pewnie jakie\u015b bzdury dla tej swojej TVPiS nagrywali. Mo\u017ce nawet powiedz\u0105, \u017ce to oni b\u0119d\u0105 budow\u0119 tunelu finansowali.<\/p>\n\n\n\n<figure class=\"wp-block-image size-large\"><a href=\"http:\/\/radiomaria.com.pl\/wp-content\/uploads\/2021\/03\/06.03.-Chrzciny-maszyny.mp3\"><img loading=\"lazy\" decoding=\"async\" width=\"800\" height=\"484\" src=\"https:\/\/htb.com.pl\/wp-content\/uploads\/2021\/03\/Wyspiarka.png\" alt=\"\" class=\"wp-image-41573\" srcset=\"https:\/\/htb.com.pl\/wp-content\/uploads\/2021\/03\/Wyspiarka.png 800w, https:\/\/htb.com.pl\/wp-content\/uploads\/2021\/03\/Wyspiarka-300x182.png 300w, https:\/\/htb.com.pl\/wp-content\/uploads\/2021\/03\/Wyspiarka-768x465.png 768w, https:\/\/htb.com.pl\/wp-content\/uploads\/2021\/03\/Wyspiarka-600x363.png 600w\" sizes=\"auto, (max-width: 800px) 100vw, 800px\" \/><\/a><\/figure>\n\n\n\n<p><\/p>\n\n\n\n<p>Na autostradzie A4 w rejonie Jaros\u0142awia wydarzy\u0142 si\u0119 potworny wypadek. Ukrai\u0144ski autobus stoczy\u0142 si\u0119 z nasypu, zgin\u0119\u0142o 5 os\u00f3b. Moim zdaniem kierowca zbyt p\u00f3\u017ano zauwa\u017cy\u0142 zjazd na MOP Kaszyce i z pr\u0119dko\u015bci\u0105 prawie 100 km\/h pr\u00f3bowa\u0142 wykona\u0107 manewr skr\u0119tu w zjazd. To nie jest mo\u017cliwe w tym miejscu.<\/p>\n\n\n\n<figure class=\"wp-block-image size-large\"><a href=\"http:\/\/radiomaria.com.pl\/wp-content\/uploads\/2021\/03\/06.03.-Wypadek-na-A4-of-5.mp3\"><img loading=\"lazy\" decoding=\"async\" width=\"640\" height=\"480\" src=\"https:\/\/htb.com.pl\/wp-content\/uploads\/2021\/03\/wyp3.jpg\" alt=\"\" class=\"wp-image-41594\" srcset=\"https:\/\/htb.com.pl\/wp-content\/uploads\/2021\/03\/wyp3.jpg 640w, https:\/\/htb.com.pl\/wp-content\/uploads\/2021\/03\/wyp3-300x225.jpg 300w, https:\/\/htb.com.pl\/wp-content\/uploads\/2021\/03\/wyp3-600x450.jpg 600w\" sizes=\"auto, (max-width: 640px) 100vw, 640px\" \/><\/a><\/figure>\n\n\n\n<p>Jad\u0105c z Mielca w kierunku Szyd\u0142owca mamy las. Po przejechaniu obwodnicy Mielca, po lewej stronie jest przepi\u0119kna polana. Miejsce to jest magiczne &#8211; po prostu przyci\u0105ga ludzi. Zawsze jak pami\u0119tam by\u0142 tam parking, wiata, gdzie mo\u017cna by\u0142o zrobi\u0107 ognisko. Od jakiego\u015b czasu to si\u0119 zmieni\u0142o. Miejsce to nazwano Polan\u0105 Niez\u0142omnych i to co ludzi \u0142\u0105czy\u0142o, teraz podzieli\u0142o. Postawiono tablice, na kt\u00f3rych s\u0105 r\u00f3\u017cne patriotyczne teksty. Zwr\u00f3ci\u0142em uwag\u0119, na opis Bitwy Warszawskiej 1920 roku. Zaczyna si\u0119 od wspomnienia genera\u0142a Tadeusza Rozwadowskiego i to mnie ucieszy\u0142o ale kilka wers\u00f3w ni\u017cej, autor pisze o J\u00f3zefie Pi\u0142sudskim, kt\u00f3rego tam nie by\u0142o. Warto odwiedzi\u0107 to miejsce i pomy\u015ble\u0107 &#8211; komu i czemu to k\u0142amstwo s\u0142u\u017cy i s\u0142u\u017cy\u0142o?<\/p>\n\n\n\n<figure class=\"wp-block-image size-large\"><a href=\"http:\/\/radiomaria.com.pl\/wp-content\/uploads\/2021\/03\/Ona-si%C4%99-nie-myli%C5%82a.mp3\"><img loading=\"lazy\" decoding=\"async\" width=\"640\" height=\"480\" src=\"https:\/\/htb.com.pl\/wp-content\/uploads\/2021\/03\/Polana1.jpg\" alt=\"\" class=\"wp-image-41617\" srcset=\"https:\/\/htb.com.pl\/wp-content\/uploads\/2021\/03\/Polana1.jpg 640w, https:\/\/htb.com.pl\/wp-content\/uploads\/2021\/03\/Polana1-300x225.jpg 300w, https:\/\/htb.com.pl\/wp-content\/uploads\/2021\/03\/Polana1-600x450.jpg 600w\" sizes=\"auto, (max-width: 640px) 100vw, 640px\" \/><\/a><\/figure>\n\n\n\n<p>8 marca Dzie\u0144 Kobiet. To \u015bwi\u0119to te\u017c nas nie \u0142\u0105czy\u0142o. W Warszawie i kilku wi\u0119kszych miastach tradycyjna &#8220;manifa&#8221; sprawi\u0142a, \u017ce cz\u0119\u015b\u0107 polityk\u00f3w si\u0119 wystraszy\u0142a i na dziewczyny policj\u0119 napu\u015bci\u0142a. Nie wiem co oni im gadaj\u0105 ale policjanci na razie polityk\u00f3w s\u0142uchaj\u0105.<\/p>\n\n\n\n<figure class=\"wp-block-image size-large\"><a href=\"http:\/\/radiomaria.com.pl\/wp-content\/uploads\/2021\/03\/08.03.-Dzie%C5%84-Kobiet-w-Warszawie.mp3\"><img loading=\"lazy\" decoding=\"async\" width=\"640\" height=\"480\" src=\"https:\/\/htb.com.pl\/wp-content\/uploads\/2021\/03\/Dzie\u0144-Kobiet-1.jpg\" alt=\"\" class=\"wp-image-41629\" srcset=\"https:\/\/htb.com.pl\/wp-content\/uploads\/2021\/03\/Dzie\u0144-Kobiet-1.jpg 640w, https:\/\/htb.com.pl\/wp-content\/uploads\/2021\/03\/Dzie\u0144-Kobiet-1-300x225.jpg 300w, https:\/\/htb.com.pl\/wp-content\/uploads\/2021\/03\/Dzie\u0144-Kobiet-1-600x450.jpg 600w\" sizes=\"auto, (max-width: 640px) 100vw, 640px\" \/><\/a><\/figure>\n\n\n\n<p>Pan Prezydent Andrzej Duda w spocie wyborczym z\u0142ych polityk\u00f3w wyst\u0119puje i ustaw\u0119 o 14 emeryturze podpisuje. A to oznacza, \u017ce ludzie ci szykuj\u0105 si\u0119 do wybor\u00f3w. Pa\u0144stwo traktuj\u0105 jak folwark, kwitnie k\u0142amstwo i przekupstwo &#8211; nie maj\u0105 opor\u00f3w.<\/p>\n\n\n\n<figure class=\"wp-block-image size-large\"><a href=\"http:\/\/radiomaria.com.pl\/wp-content\/uploads\/2021\/03\/09.03.-Korupcja.mp3\"><img loading=\"lazy\" decoding=\"async\" width=\"1024\" height=\"682\" src=\"https:\/\/htb.com.pl\/wp-content\/uploads\/2021\/03\/dwnld503685802-1024x682-1.jpg\" alt=\"\" class=\"wp-image-41643\" srcset=\"https:\/\/htb.com.pl\/wp-content\/uploads\/2021\/03\/dwnld503685802-1024x682-1.jpg 1024w, https:\/\/htb.com.pl\/wp-content\/uploads\/2021\/03\/dwnld503685802-1024x682-1-300x200.jpg 300w, https:\/\/htb.com.pl\/wp-content\/uploads\/2021\/03\/dwnld503685802-1024x682-1-768x512.jpg 768w, https:\/\/htb.com.pl\/wp-content\/uploads\/2021\/03\/dwnld503685802-1024x682-1-600x400.jpg 600w\" sizes=\"auto, (max-width: 1024px) 100vw, 1024px\" \/><\/a><\/figure>\n\n\n\n<p>Po tym jak ch\u0142opaki z razwietpura (GRU) Anglik\u00f3w nabrali i ci za wyj\u015bciem z UE zag\u0142osowali, kolejny cyrk zorganizowali. Teraz sk\u0142\u00f3canie &#8211; bo to ich g\u0142\u00f3wne zadanie, z niezwyk\u0142\u0105 finezj\u0105 wykonali. \u017beby Anglicy i Amerykanie si\u0119 nie dogadali, wywiad z Meghan i Harrym zorganizowali. Ci potwornych bzdur Oprah Winfrey naopowiadali i dwa spo\u0142ecze\u0144stwa, Amerykanie i Anglicy zupe\u0142nie inaczej to odebrali.<\/p>\n\n\n\n<figure class=\"wp-block-image size-large\"><a href=\"http:\/\/radiomaria.com.pl\/wp-content\/uploads\/2021\/03\/10.03.-Wr%C3%B3cimy-do-tego.mp3\"><img loading=\"lazy\" decoding=\"async\" width=\"640\" height=\"480\" src=\"https:\/\/htb.com.pl\/wp-content\/uploads\/2021\/03\/wywiad.jpg\" alt=\"\" class=\"wp-image-41662\" srcset=\"https:\/\/htb.com.pl\/wp-content\/uploads\/2021\/03\/wywiad.jpg 640w, https:\/\/htb.com.pl\/wp-content\/uploads\/2021\/03\/wywiad-300x225.jpg 300w, https:\/\/htb.com.pl\/wp-content\/uploads\/2021\/03\/wywiad-600x450.jpg 600w\" sizes=\"auto, (max-width: 640px) 100vw, 640px\" \/><\/a><\/figure>\n\n\n\n<p>Dwie wie\u017ce &#8211; nie wierz\u0119 ale \u017ali politycy naprawd\u0119 je wybudowali &#8211; w Ostro\u0142\u0119ce. Elektrowni\u0105 to nazwali, a jak ju\u017c wybudowali &#8211; \u017ce rozbior\u0105 zdecydowali. I s\u0142usznie, bo d\u017awig\u00f3w chyba nawet nie rozbierali. Mam nadziej\u0119, \u017ce Fundusz Odbudowy inaczej b\u0119dziemy wydawali.<\/p>\n\n\n\n<figure class=\"wp-block-image size-large\"><a href=\"http:\/\/radiomaria.com.pl\/wp-content\/uploads\/2021\/03\/11.03.-EJZ-powt%C3%B3rka.mp3\"><img loading=\"lazy\" decoding=\"async\" width=\"1024\" height=\"682\" src=\"https:\/\/htb.com.pl\/wp-content\/uploads\/2021\/03\/Ostro\u0142\u0119ka.jpg\" alt=\"\" class=\"wp-image-41677\" srcset=\"https:\/\/htb.com.pl\/wp-content\/uploads\/2021\/03\/Ostro\u0142\u0119ka.jpg 1024w, https:\/\/htb.com.pl\/wp-content\/uploads\/2021\/03\/Ostro\u0142\u0119ka-300x200.jpg 300w, https:\/\/htb.com.pl\/wp-content\/uploads\/2021\/03\/Ostro\u0142\u0119ka-768x512.jpg 768w, https:\/\/htb.com.pl\/wp-content\/uploads\/2021\/03\/Ostro\u0142\u0119ka-600x400.jpg 600w\" sizes=\"auto, (max-width: 1024px) 100vw, 1024px\" \/><\/a><\/figure>\n\n\n\n<p>To nowa forma pisania mojego bloga. Wykorzystuj\u0119 materia\u0142y z <a href=\"http:\/\/stacja.radiohost.pl\/customBoxes\/link\/568\/8d5a0\/type\/aplayer2\/\">Radia MARIA.<\/a>  Zdj\u0119cia s\u0105 aktywne, mo\u017cna wys\u0142ucha\u0107 tego, co o tym \u017ce\u015bmy gadali.<\/p>\n\n\n\n<p>By\u0142oby mi mi\u0142o, gdyby\u015bcie przy tym herbatk\u0119 z mojego SKLEPU <a href=\"https:\/\/htb.com.pl\/?page_id=300\">INTERNETOWEGO<\/a> popijali.<\/p>\n\n\n\n<figure class=\"wp-block-image size-large\"><a href=\"https:\/\/htb.com.pl\/?product=herbatka-owocowa-wspierajaca-zapobieganie-covid-19-100g\"><img loading=\"lazy\" decoding=\"async\" width=\"909\" height=\"900\" src=\"https:\/\/htb.com.pl\/wp-content\/uploads\/2020\/12\/zapobieganie_2-ma\u0142y.png\" alt=\"\" class=\"wp-image-34067\" srcset=\"https:\/\/htb.com.pl\/wp-content\/uploads\/2020\/12\/zapobieganie_2-ma\u0142y.png 909w, https:\/\/htb.com.pl\/wp-content\/uploads\/2020\/12\/zapobieganie_2-ma\u0142y-300x297.png 300w, https:\/\/htb.com.pl\/wp-content\/uploads\/2020\/12\/zapobieganie_2-ma\u0142y-150x150.png 150w, https:\/\/htb.com.pl\/wp-content\/uploads\/2020\/12\/zapobieganie_2-ma\u0142y-768x760.png 768w, https:\/\/htb.com.pl\/wp-content\/uploads\/2020\/12\/zapobieganie_2-ma\u0142y-600x594.png 600w, https:\/\/htb.com.pl\/wp-content\/uploads\/2020\/12\/zapobieganie_2-ma\u0142y-100x100.png 100w\" sizes=\"auto, (max-width: 909px) 100vw, 909px\" \/><\/a><\/figure>\n","protected":false},"excerpt":{"rendered":"<p>Gdy czytam stare wpisy na moim blogu DATY I FAKTY, wprost nie mog\u0119 uwierzy\u0107, \u017ce to si\u0119 zdarzy\u0142o. Mam nadziej\u0119, \u017ce kto\u015b kto za kilka lat b\u0119dzie czyta\u0142 ten wpis &#8211; odnosz\u0105cy si\u0119 do wydarze\u0144 z ostatniego tygodnia, te\u017c nie b\u0119dzie m\u00f3g\u0142 uwierzy\u0107, \u017ce tak by\u0142o. Samorz\u0105dowcy ze \u015awinouj\u015bcia tunel pod \u015awin\u0105 b\u0119d\u0105 kopali. Maj\u0105 [&hellip;]<\/p>\n","protected":false},"author":1,"featured_media":41573,"comment_status":"open","ping_status":"open","sticky":false,"template":"","format":"standard","meta":{"_jetpack_memberships_contains_paid_content":false,"footnotes":""},"categories":[4],"tags":[711],"class_list":["post-41554","post","type-post","status-publish","format-standard","has-post-thumbnail","hentry","category-daty-i-fakty-blog","tag-to-sie-zdarzylo"],"jetpack_sharing_enabled":true,"jetpack_featured_media_url":"https:\/\/htb.com.pl\/wp-content\/uploads\/2021\/03\/Wyspiarka.png","_links":{"self":[{"href":"https:\/\/htb.com.pl\/index.php?rest_route=\/wp\/v2\/posts\/41554","targetHints":{"allow":["GET"]}}],"collection":[{"href":"https:\/\/htb.com.pl\/index.php?rest_route=\/wp\/v2\/posts"}],"about":[{"href":"https:\/\/htb.com.pl\/index.php?rest_route=\/wp\/v2\/types\/post"}],"author":[{"embeddable":true,"href":"https:\/\/htb.com.pl\/index.php?rest_route=\/wp\/v2\/users\/1"}],"replies":[{"embeddable":true,"href":"https:\/\/htb.com.pl\/index.php?rest_route=%2Fwp%2Fv2%2Fcomments&post=41554"}],"version-history":[{"count":14,"href":"https:\/\/htb.com.pl\/index.php?rest_route=\/wp\/v2\/posts\/41554\/revisions"}],"predecessor-version":[{"id":42091,"href":"https:\/\/htb.com.pl\/index.php?rest_route=\/wp\/v2\/posts\/41554\/revisions\/42091"}],"wp:featuredmedia":[{"embeddable":true,"href":"https:\/\/htb.com.pl\/index.php?rest_route=\/wp\/v2\/media\/41573"}],"wp:attachment":[{"href":"https:\/\/htb.com.pl\/index.php?rest_route=%2Fwp%2Fv2%2Fmedia&parent=41554"}],"wp:term":[{"taxonomy":"category","embeddable":true,"href":"https:\/\/htb.com.pl\/index.php?rest_route=%2Fwp%2Fv2%2Fcategories&post=41554"},{"taxonomy":"post_tag","embeddable":true,"href":"https:\/\/htb.com.pl\/index.php?rest_route=%2Fwp%2Fv2%2Ftags&post=41554"}],"curies":[{"name":"wp","href":"https:\/\/api.w.org\/{rel}","templated":true}]}}