{"id":418,"date":"2018-05-19T05:45:34","date_gmt":"2018-05-19T05:45:34","guid":{"rendered":"https:\/\/htb.com.pl\/?p=418"},"modified":"2018-08-14T09:45:37","modified_gmt":"2018-08-14T09:45:37","slug":"pozytywnie-o-naszym-rzadzie","status":"publish","type":"post","link":"https:\/\/htb.com.pl\/?p=418","title":{"rendered":"Pozytywnie o Naszym Rz\u0105dzie"},"content":{"rendered":"<p><img loading=\"lazy\" decoding=\"async\" class=\"alignnone size-medium wp-image-419\" src=\"https:\/\/htb.com.pl\/wp-content\/uploads\/2018\/05\/Album-225x300.jpg\" alt=\"\" width=\"225\" height=\"300\" srcset=\"https:\/\/htb.com.pl\/wp-content\/uploads\/2018\/05\/Album-225x300.jpg 225w, https:\/\/htb.com.pl\/wp-content\/uploads\/2018\/05\/Album-768x1024.jpg 768w, https:\/\/htb.com.pl\/wp-content\/uploads\/2018\/05\/Album-600x800.jpg 600w, https:\/\/htb.com.pl\/wp-content\/uploads\/2018\/05\/Album.jpg 900w\" sizes=\"auto, (max-width: 225px) 100vw, 225px\" \/><\/p>\n<p>Jestem bardzo ale to bardzo szcz\u0119\u015bliwy. Wreszcie o Naszym Polskim Rz\u0105dzie mog\u0119 napisa\u0107 co\u015b pozytywnego.\u00a0 Wydano limitowany album \u201e\u015aWI\u0118TY JAN PAWE\u0141 II I JEGO EUROPA\u201d. Otrzymaj\u0105 go parlamentarzy\u015bci przyw\u00f3dcy pa\u0144stw. Prosz\u0119 si\u0119 nie czepia\u0107, \u017ce dostaj\u0105 \u00a0ci a nie tamci. Wa\u017cne jest, \u017ce choroba Pana Jaros\u0142awa Kaczy\u0144skiego umo\u017cliwi\u0142a samodzielne my\u015blenie jego ludzi.<\/p>\n<p>Pami\u0119tam jak Papie\u017c w 1983 roku \u201ewyja\u015bni\u0142\u201d genera\u0142owi Jaruzelskiemu co ma dalej robi\u0107.\u00a0 Zawsze jest jakie\u015b wyj\u015bcie, nawet jak sytuacja wydaje si\u0119 beznadziejna. Papie\u017c pokona\u0142 to ca\u0142e z\u0142o. Doprowadzi\u0142 do przemian w Polsce i na \u015awiecie. Pozytywnych przemian. Atak na Irak, kt\u00f3ry by\u0142 pocz\u0105tkiem destabilizacji Afryki P\u00f3\u0142nocnej, Papie\u017c pot\u0119pia\u0142. By\u0142 jednak ju\u017c bardzo chory i nikt go nie s\u0142ucha\u0142. My te\u017c.\u00a0 Pisa\u0142em o tym. To dobrze, \u017ce tego wielkiego cz\u0142owieka uznano za jeden z symboli\u00a0 setnej rocznicy naszej \u00a0niepodleg\u0142o\u015bci.<\/p>\n<p><a href=\"https:\/\/htb.com.pl\/?product=do-ciebie-polsko-cd\"><img loading=\"lazy\" decoding=\"async\" class=\"size-full wp-image-1279 alignleft\" src=\"https:\/\/htb.com.pl\/wp-content\/uploads\/2018\/08\/Papie\u017c-pie\u015bni.jpg\" alt=\"\" width=\"200\" height=\"198\" srcset=\"https:\/\/htb.com.pl\/wp-content\/uploads\/2018\/08\/Papie\u017c-pie\u015bni.jpg 200w, https:\/\/htb.com.pl\/wp-content\/uploads\/2018\/08\/Papie\u017c-pie\u015bni-150x150.jpg 150w, https:\/\/htb.com.pl\/wp-content\/uploads\/2018\/08\/Papie\u017c-pie\u015bni-100x100.jpg 100w\" sizes=\"auto, (max-width: 200px) 100vw, 200px\" \/><\/a>Moja rado\u015b\u0107 jest tym wi\u0119ksza, bo ja te\u017c tak uwa\u017cam. Pisz\u0119 o tym od dw\u00f3ch lat. Udowadniam, \u017ce to Jan Pawe\u0142 II mia\u0142 wszystkie karty w tej grze. Grze o nasz\u0105 wolno\u015b\u0107 lat osiemdziesi\u0105tych. To On j\u0105 dla nas wywalczy\u0142, prawie bezkrwawo. Jak kiedy\u015b Paderewski \u2013 no ale tam ofiary by\u0142y. \u00a0Pi\u0142sudski i jego polityka kosztowa\u0142y \u017cycie wielu Polak\u00f3w. Ta walka o wolno\u015b\u0107 \u00a0ci\u0119gle trwa,\u00a0 nigdy nie powinna si\u0119 ko\u0144czy\u0107. My Polacy wiemy co si\u0119 dzieje jak przegrywamy t\u0105 walk\u0119. Trzeba w tym\u00a0 2018 roku, roku stulecia naszej niepodleg\u0142o\u015bci, \u017cyczy\u0107 sobie aby ju\u017c nigdy nasza walka o wolno\u015b\u0107 nie zosta\u0142a przegrana.<\/p>\n<p>Gdy my\u015bl\u0119 o przemianach lat osiemdziesi\u0105tych, wspominam Tancerk\u0119 \u2013 moj\u0105 dziewczyn\u0119 o kt\u00f3rej pisa\u0142em wcze\u015bniej.\u00a0 W roku 1986 patrzy\u0142a jak robi\u0119 karty pracy dla pracownik\u00f3w tartaku w Chorzelowie. Cieszy\u0142a si\u0119, \u017ce niekt\u00f3rzy zarabiaj\u0105 wi\u0119cej jak ona. Nie mia\u0142em wtedy komputera, wszystko liczy\u0142em na kalkulatorze. Wsz\u0119dzie by\u0142y r\u00f3\u017cne dane zapisane na kartkach. Tancerka zwr\u00f3ci\u0142a uwag\u0119 na dziwny wsp\u00f3\u0142czynnik zmianowo\u015bci. Zmiana pierwsza przeciera\u0142a mniej drewna jak druga. Powinno by\u0107 odwrotnie. Na pierwszej zmianie s\u0105 wszyscy. Kadra kierownicza, mechanicy, elektrycy. Kochanie \u2013 powiedzia\u0142em, na drugiej zmianie\u00a0 jest spok\u00f3j, dlatego wsp\u00f3\u0142czynnik zmianowo\u015bci jest odwrotny.<\/p>\n<p>Choroba Prezesa Jaros\u0142awa Kaczy\u0144skiego &#8211; tak nawiasem \u017cycz\u0119 mu szybkiego powrotu do zdrowia, uwolni\u0142a w ludziach inicjatyw\u0119. Co\u015b co w nas Polakach jest naprawd\u0119 pot\u0119\u017cne. Mamy niebywa\u0142y potencja\u0142, tylko nie mo\u017cna nas ogranicza\u0107. Trzeba wykorzysta\u0107 t\u0105 nasz\u0105 narodow\u0105 cech\u0119. Jeste\u015bmy indywidualistami. W ma\u0142ych brygadach potrafimy zdzia\u0142a\u0107 cuda. Trzeba jednak da\u0107 ka\u017cdemu zadanie i nie wtr\u0105ca\u0107 si\u0119. Polak potrafi.<\/p>\n<p>Niestety mamy tez swoje wady. Donosicielstwo \u2013 to naprawd\u0119 jedna z powa\u017cniejszych naszych wad. Gdyby Pan Donald Tusk nie oskar\u017cy\u0142 fa\u0142szywie Pana W\u0142odzimierza Cimoszewicza, nie by\u0142oby Katastrofy Smole\u0144skiej, pisa\u0142em o tym. Gdyby Pani Katarzyna Lubnauer nie donios\u0142a uprzejmie k\u0142ami\u0105c przy tym, \u017ce Pan Ryszard Petru polecia\u0142 z Pani\u0105 Joann\u0105 Schmidt na sylwestra, dzi\u015b opozycja by\u0142aby zjednoczona. By\u0142aby si\u0142\u0105, kt\u00f3ra mog\u0142aby pom\u00f3c w rz\u0105dzeniu Polsk\u0105. Bo silna opozycja jest tej Polsce bardzo potrzebna. Tylko tak mo\u017cna doprowadzi\u0107 do zgody w Narodzie.<\/p>\n<p>Papie\u017c Jan Pawe\u0142 II by\u0142 wielkim zwolennikiem naszego wej\u015bcia do Unii Europejskiej. Cieszy\u0142 si\u0119, \u017ce ta jego Polska wniesie do Europy ducha chrze\u015bcija\u0144stwa. Kocha\u0107 Boga i Bli\u017aniego jak siebie samego, to jest w\u0142a\u015bnie nasza wiara. To tu Papie\u017c jest nieomylny.<\/p>\n<p>By\u0142o mi smutno jak nasi \u017ali politycy pot\u0119piali Angel\u0119 Merkel &#8211; Pani\u0105 Kanclerz Niemiec za zaproszenie uchod\u017ac\u00f3w. Jak cieszyli si\u0119, \u017ce jej popularno\u015b\u0107 z tego powodu spada. To prawda, znaczna cz\u0119\u015b\u0107 tych uchod\u017ac\u00f3w to emigracja zarobkowa. Tacy s\u0105 jednak ludzie, my Polacy nie jeste\u015bmy inni. Z mojej rodziny w stanie wojennym m\u0142ody m\u0119\u017cczyzna wyjecha\u0142 na wycieczk\u0119 do Austrii i nie wr\u00f3ci\u0142. Powiedzia\u0142, \u017ce jest w Polsce prze\u015bladowany. Mo\u017ce i by\u0142, przez milicj\u0119, za burdy. Zorganizowano mu wyjazd do USA, dano ameryka\u0144skie obywatelstwo i prac\u0119. Jego bliscy wyjechali p\u00f3\u017aniej, bez tej \u00a0ca\u0142ej\u00a0 \u201eopozycyjnej\u201d retoryki. S\u0105 tam ju\u017c ponad dwadzie\u015bcia lat i obywatelstwa nie maj\u0105.<\/p>\n<p>Pani Agela Merkel to wspania\u0142a kobieta, ona widzi dalej ni\u017c czubek w\u0142asnego nosa. Wie, \u017ce cz\u0142owiekowi trzeba pom\u00f3c, wie, \u017ce taka pomoc zaowocuje. Bo pomaganie jest dobre. \u017bycie w ogarni\u0119tej wojn\u0105 Syrii jest piek\u0142em na ziemi. Udawanie, \u017ce tego nie widzimy, opowiadanie g\u0142upot jest z\u0142e.<\/p>\n<p>Jest mi bardzo przykro, \u017ce symbolem chrze\u015bcija\u0144stwa europejskiego, takiego jakiego pragn\u0105\u0142 Jan Pawe\u0142 II nie s\u0105 Polacy. Pan Prezydent Andrzej Duda w USA przewodnicz\u0105c obradom Rady Bezpiecze\u0144stwa Narod\u00f3w Zjednoczonych powiedzia\u0142. Pan Tusk nie jest dzisiaj politykiem polskim, jest europejskim politykiem. By\u0142o to w kontek\u015bcie krytyki Prezydenta USA Donalda Trumpa, przez Przewodnicz\u0105cego Rady Europejskiej Donalda Tuska. Tusk powiedzia\u0142 mi\u0119dzy innymi to: \u201eJak ma si\u0119 takich przyjaci\u00f3\u0142, to po co komu wrogowie; A je\u017celi potrzebujesz pomocnej d\u0142oni to znajdziesz j\u0105\u2026 na ko\u0144cu w\u0142asnego ramienia\u201d, koniec cytatu. Ludzie gin\u0105 w Palestynie Panie Prezydencie Duda. A Polska to jeszcze ci\u0105gle Europa. To prawda, Pan i Pa\u0144skie ugrupowanie byli\u015bcie przeciw naszej integracji europejskiej. Jednak mimo waszego sprzeciwu Polacy Papie\u017ca pos\u0142uchali i zag\u0142osowali za wej\u015bciem do Unii Europejskiej. Prosz\u0119 dzi\u015b Pana Panie Prezydencie i Panu podobnych \u2013 nauk Papie\u017ca Jana Paw\u0142a II\u00a0 pos\u0142uchajcie. PRZESTA\u0143CIE BUDOWA\u0106 MURY W NASZYCH SERCACH.<\/p>\n","protected":false},"excerpt":{"rendered":"<p>Jestem bardzo ale to bardzo szcz\u0119\u015bliwy. Wreszcie o Naszym Polskim Rz\u0105dzie mog\u0119 napisa\u0107 co\u015b pozytywnego.\u00a0 Wydano limitowany album \u201e\u015aWI\u0118TY JAN PAWE\u0141 II I JEGO EUROPA\u201d. Otrzymaj\u0105 go parlamentarzy\u015bci przyw\u00f3dcy pa\u0144stw. Prosz\u0119 si\u0119 nie czepia\u0107, \u017ce dostaj\u0105 \u00a0ci a nie tamci. Wa\u017cne jest, \u017ce choroba Pana Jaros\u0142awa Kaczy\u0144skiego umo\u017cliwi\u0142a samodzielne my\u015blenie jego ludzi. Pami\u0119tam jak Papie\u017c [&hellip;]<\/p>\n","protected":false},"author":1,"featured_media":0,"comment_status":"open","ping_status":"open","sticky":false,"template":"","format":"standard","meta":{"_jetpack_memberships_contains_paid_content":false,"footnotes":""},"categories":[4],"tags":[],"class_list":["post-418","post","type-post","status-publish","format-standard","hentry","category-daty-i-fakty-blog"],"jetpack_sharing_enabled":true,"jetpack_featured_media_url":"","_links":{"self":[{"href":"https:\/\/htb.com.pl\/index.php?rest_route=\/wp\/v2\/posts\/418","targetHints":{"allow":["GET"]}}],"collection":[{"href":"https:\/\/htb.com.pl\/index.php?rest_route=\/wp\/v2\/posts"}],"about":[{"href":"https:\/\/htb.com.pl\/index.php?rest_route=\/wp\/v2\/types\/post"}],"author":[{"embeddable":true,"href":"https:\/\/htb.com.pl\/index.php?rest_route=\/wp\/v2\/users\/1"}],"replies":[{"embeddable":true,"href":"https:\/\/htb.com.pl\/index.php?rest_route=%2Fwp%2Fv2%2Fcomments&post=418"}],"version-history":[{"count":3,"href":"https:\/\/htb.com.pl\/index.php?rest_route=\/wp\/v2\/posts\/418\/revisions"}],"predecessor-version":[{"id":1287,"href":"https:\/\/htb.com.pl\/index.php?rest_route=\/wp\/v2\/posts\/418\/revisions\/1287"}],"wp:attachment":[{"href":"https:\/\/htb.com.pl\/index.php?rest_route=%2Fwp%2Fv2%2Fmedia&parent=418"}],"wp:term":[{"taxonomy":"category","embeddable":true,"href":"https:\/\/htb.com.pl\/index.php?rest_route=%2Fwp%2Fv2%2Fcategories&post=418"},{"taxonomy":"post_tag","embeddable":true,"href":"https:\/\/htb.com.pl\/index.php?rest_route=%2Fwp%2Fv2%2Ftags&post=418"}],"curies":[{"name":"wp","href":"https:\/\/api.w.org\/{rel}","templated":true}]}}