{"id":42470,"date":"2021-03-19T06:58:25","date_gmt":"2021-03-19T06:58:25","guid":{"rendered":"https:\/\/htb.com.pl\/?p=42470"},"modified":"2021-03-19T08:23:01","modified_gmt":"2021-03-19T08:23:01","slug":"morawiecki-obajtek-1-0","status":"publish","type":"post","link":"https:\/\/htb.com.pl\/?p=42470","title":{"rendered":"Morawiecki Obajtek 1 &#8211; 0"},"content":{"rendered":"\n<p><\/p>\n\n\n\n<figure class=\"wp-block-image size-thumbnail\"><a href=\"https:\/\/htb.com.pl\/wp-content\/uploads\/2021\/03\/Morawiecki-Obajtek-1-0.mp3\"><img loading=\"lazy\" decoding=\"async\" width=\"150\" height=\"150\" src=\"https:\/\/htb.com.pl\/wp-content\/uploads\/2018\/04\/posluchaj-150x150.jpg\" alt=\"\" class=\"wp-image-2020\" srcset=\"https:\/\/htb.com.pl\/wp-content\/uploads\/2018\/04\/posluchaj-150x150.jpg 150w, https:\/\/htb.com.pl\/wp-content\/uploads\/2018\/04\/posluchaj-300x300.jpg 300w, https:\/\/htb.com.pl\/wp-content\/uploads\/2018\/04\/posluchaj-100x100.jpg 100w\" sizes=\"auto, (max-width: 150px) 100vw, 150px\" \/><\/a><\/figure>\n\n\n\n<p>Tydzie\u0144 up\u0142yn\u0105\u0142 na k\u0142\u00f3tniach w obozie w\u0142adzy. Panowie pok\u0142\u00f3cili si\u0119 o wp\u0142ywy &#8211; ogromne pieni\u0105dze. Teraz wida\u0107, \u017ce nie tylko te ze sp\u00f3\u0142ek skarbu pa\u0144stwa ale r\u00f3wnie\u017c te bud\u017cetowe, kt\u00f3re cz\u0119sto s\u0105 po\u017cyczone. To kto\u015b kiedy\u015b b\u0119dzie musia\u0142 sp\u0142aci\u0107. Nie wiem jak to zrobi\u0105. Naszym dzieciom i wnukom zostawiamy kraj sk\u0142\u00f3cony, podzielony, potwornie zad\u0142u\u017cony z nieprawdopodobn\u0105 tragedi\u0105 w energetyce, a co za tym idzie ca\u0142ej gospodarce.<\/p>\n\n\n\n<figure class=\"wp-block-image size-large\"><a href=\"http:\/\/radiomaria.com.pl\/wp-content\/uploads\/2021\/03\/15.03.K%C5%82opoty-Daniela-Obajtka.mp3\"><img loading=\"lazy\" decoding=\"async\" width=\"595\" height=\"390\" src=\"https:\/\/htb.com.pl\/wp-content\/uploads\/2021\/03\/Morawiecki-ma\u0142y.jpg\" alt=\"\" class=\"wp-image-42471\" srcset=\"https:\/\/htb.com.pl\/wp-content\/uploads\/2021\/03\/Morawiecki-ma\u0142y.jpg 595w, https:\/\/htb.com.pl\/wp-content\/uploads\/2021\/03\/Morawiecki-ma\u0142y-300x197.jpg 300w\" sizes=\"auto, (max-width: 595px) 100vw, 595px\" \/><\/a><\/figure>\n\n\n\n<p>Walka premiera Mateusza Morawieckiego o przyw\u00f3dztwo w Polsce z panem Danielem Obajtkiem prezesem PKN ORLEN sta\u0142a si\u0119 dla mnie fars\u0105. Obydwaj panowie wiedz\u0105, \u017ce s\u0105 jedynie figurantami mafii &#8211; a mo\u017ce nie wiedz\u0105? Niew\u0105tpliwie nie wie o tym pan Jaros\u0142aw Kaczy\u0144ski, kt\u00f3remu wmawiaj\u0105, \u017ce to on tu decyduje. Strach to gwarantuje. Wystraszyli go do tego stopnia, \u017ce podczas tradycyjnej 131 miesi\u0105cznicy smole\u0144skiej nad bezpiecze\u0144stwem pana prezesa czuwa\u0142 snajper.<\/p>\n\n\n\n<figure class=\"wp-block-image size-large\"><a href=\"http:\/\/radiomaria.com.pl\/wp-content\/uploads\/2021\/03\/15.03.-Zabawa-du%C5%BCych.mp3\"><img loading=\"lazy\" decoding=\"async\" width=\"376\" height=\"204\" src=\"https:\/\/htb.com.pl\/wp-content\/uploads\/2021\/03\/Snajper.png\" alt=\"\" class=\"wp-image-42474\" srcset=\"https:\/\/htb.com.pl\/wp-content\/uploads\/2021\/03\/Snajper.png 376w, https:\/\/htb.com.pl\/wp-content\/uploads\/2021\/03\/Snajper-300x163.png 300w\" sizes=\"auto, (max-width: 376px) 100vw, 376px\" \/><\/a><\/figure>\n\n\n\n<p>S\u0105downictwo &#8211; no tu remis. Pana S\u0119dziego Igora Tuley\u0119 od orzekania odsun\u0119li ale go nie zamkn\u0119li.<\/p>\n\n\n\n<figure class=\"wp-block-image size-large\"><a href=\"http:\/\/radiomaria.com.pl\/wp-content\/uploads\/2021\/03\/14.03.-Dualizm-prawny.mp3\"><img loading=\"lazy\" decoding=\"async\" width=\"960\" height=\"695\" src=\"https:\/\/htb.com.pl\/wp-content\/uploads\/2021\/03\/Tuleya.jpg\" alt=\"\" class=\"wp-image-42476\" srcset=\"https:\/\/htb.com.pl\/wp-content\/uploads\/2021\/03\/Tuleya.jpg 960w, https:\/\/htb.com.pl\/wp-content\/uploads\/2021\/03\/Tuleya-300x217.jpg 300w, https:\/\/htb.com.pl\/wp-content\/uploads\/2021\/03\/Tuleya-768x556.jpg 768w, https:\/\/htb.com.pl\/wp-content\/uploads\/2021\/03\/Tuleya-600x434.jpg 600w\" sizes=\"auto, (max-width: 960px) 100vw, 960px\" \/><\/a><\/figure>\n\n\n\n<p> Sukcesem r\u00f3wnie\u017c jest to, \u017ce Polska jako jedno z sze\u015bciu pa\u0144stw otrzyma sta\u0142e miejsce w gronie rzecznik\u00f3w generalnych TSUE. Maciej Szpunar, do niedawna wiceminister spraw zagranicznych, zostanie wkr\u00f3tce rzecznikiem generalnym&nbsp;<strong>Trybuna\u0142u Sprawiedliwo\u015bci&nbsp;Unii Europejskiej<\/strong>. Jego kadencja potrwa sze\u015b\u0107 lat z mo\u017cliwo\u015bci\u0105 ponownego powo\u0142ania. Polska stanie si\u0119 tym samym sz\u00f3stym krajem unijnym, kt\u00f3ry od teraz b\u0119dzie mia\u0142 swojego sta\u0142ego rzecznika w TSUE. To kolejny element wyr\u00f3wnywania dysproporcji w liczbie polskich urz\u0119dnik\u00f3w w strukturach UE po naszej akcesji do Wsp\u00f3lnoty. Brawo!<\/p>\n\n\n\n<p>Po tym jak &#8220;odwieczny&#8221; prezydent Rzeszowa Pan Tadeusz Ferenc zrezygnowa\u0142, trzeba wybra\u0107 nowego prezydenta Rzeszowa.  Nie wiem jak opozycja to zrobi\u0142a ale si\u0119 zjednoczy\u0142a i pana Konrada Fio\u0142ka, rzeszowskiego radnego wystawi\u0142a. Nawet PSL &#8211; partia, kt\u00f3ra w ostatnich wyborach parlamentarnych bp. J\u0119draszewskiego si\u0119 wystraszy\u0142a, teraz si\u0119 odwa\u017cy\u0142a i uwierzy\u0142a, \u017ce w jedno\u015bci si\u0142a.<\/p>\n\n\n\n<figure class=\"wp-block-image size-large\"><a href=\"http:\/\/radiomaria.com.pl\/wp-content\/uploads\/2021\/03\/16.03.-Rzesz%C3%B3w-wybory-D.mp3\"><img loading=\"lazy\" decoding=\"async\" width=\"640\" height=\"480\" src=\"https:\/\/htb.com.pl\/wp-content\/uploads\/2021\/03\/Kosiniak.jpg\" alt=\"\" class=\"wp-image-42483\" srcset=\"https:\/\/htb.com.pl\/wp-content\/uploads\/2021\/03\/Kosiniak.jpg 640w, https:\/\/htb.com.pl\/wp-content\/uploads\/2021\/03\/Kosiniak-300x225.jpg 300w, https:\/\/htb.com.pl\/wp-content\/uploads\/2021\/03\/Kosiniak-600x450.jpg 600w\" sizes=\"auto, (max-width: 640px) 100vw, 640px\" \/><\/a><\/figure>\n\n\n\n<p>Rz\u0105dowy program inwestycji lokalnych. Tu rz\u0105dz\u0105cy pokazali, jak pieni\u0105dze z programu odbudowy UE &#8211; kt\u00f3rego \u017ce\u015bmy jeszcze nie ratyfikowali, b\u0119d\u0105 rozdzielali. Ci co PiS-u nie b\u0119d\u0105 popierali, \u015brodk\u00f3w nie b\u0119d\u0105 dostawali. Przyk\u0142ad z mojego ukochanego Powiatu Zamojskiego.<\/p>\n\n\n\n<figure class=\"wp-block-image size-large\"><a href=\"http:\/\/radiomaria.com.pl\/wp-content\/uploads\/2021\/03\/17.03.-Nie-sa-przegrani.mp3\"><img loading=\"lazy\" decoding=\"async\" width=\"610\" height=\"385\" src=\"https:\/\/htb.com.pl\/wp-content\/uploads\/2021\/03\/mapka-d.jpg\" alt=\"\" class=\"wp-image-42485\" srcset=\"https:\/\/htb.com.pl\/wp-content\/uploads\/2021\/03\/mapka-d.jpg 610w, https:\/\/htb.com.pl\/wp-content\/uploads\/2021\/03\/mapka-d-300x189.jpg 300w, https:\/\/htb.com.pl\/wp-content\/uploads\/2021\/03\/mapka-d-600x379.jpg 600w\" sizes=\"auto, (max-width: 610px) 100vw, 610px\" \/><\/a><\/figure>\n\n\n\n<p>Niestety jest okazja aby wspomnie\u0107 Marysi\u0119 &#8211; niestety, bo sprawdzi\u0142o si\u0119 kolejne jej ostrze\u017cenie. Kiedy\u015b rozmawia\u0142a z dwoma m\u0142odymi ch\u0142opakami, byli to oficerowie armii radzieckiej, kt\u00f3rzy chcieli wyjecha\u0107 do Ugandy. Tam by\u0142a wojna domowa i mo\u017cna by\u0142o zarobi\u0107. Majka nie tylko rekrutowa\u0142a na takie misje ale r\u00f3wnie\u017c wyp\u0142aca\u0142a kas\u0119 i to przed wyjazdem &#8211; jakby co. W\u0142a\u015bnie podczas takiej wyp\u0142aty ch\u0142opaki si\u0119 odwdzi\u0119czyli i postawili. Gdy ju\u017c \u017ce\u015bmy po\u015bpiewali i nawet si\u0119 przespali, obudzi\u0142a mnie g\u0142o\u015bna rozmowa. Najemnicy w salonie na kanapie o Papie\u017cu Pijusie XII gadali. Majka w sypialni przy drzwiach sta\u0142a i s\u0142ucha\u0142a. Sk\u0105d oni to wiedz\u0105, powiedzia\u0142a i co m\u00f3wili mi opowiedzia\u0142a. Ruscy rok 1954 wspominali, jak Papie\u017c z genera\u0142em  Francisco Franco Monarchi\u0119&nbsp;katolick\u0105, spo\u0142eczn\u0105 i tradycyjn\u0105 w Hiszpanii organizowali.&nbsp; Wtedy w\u0142a\u015bnie Pijus XII wydal encyklik\u0119 Ad Caeli Reginamie, gdzie Matce Jezusa Marii nada\u0142 godno\u015b\u0107 kr\u00f3lowej i nazwa\u0142 Maryj\u0105. W Polsce \u017ce\u015bmy Papie\u017ca nie pos\u0142uchali i nadal Matk\u0119 Jezusa Mari\u0105 nazywali. Gdy ruscy Polsk\u0119 w 1992 roku opuszczali, cz\u0119stotliwo\u015bci radiowych nam nie oddali i do okre\u015blenia Maryja \u017ce\u015bmy si\u0119 powoli przekonywali. 27 &#8211; 29 wrze\u015bnie 2020 roku na Jasnej G\u00f3rze Konferencja Episkopatu Polski si\u0119 odby\u0142a i podczas 386 Zebrania Plenarnego ustali\u0142a, \u017ce Matk\u0105 Jezusa by\u0142a Maryja. Wiem, \u017ce gdyby Marysia \u017cy\u0142a, nadal Matk\u0105 Jezusa  Mari\u0105 by by\u0142a. Ona Papie\u017ca Pijusa XII nie ceni\u0142a &#8211; i nie za uleg\u0142o\u015b\u0107 wobec Hitlera ale za poparcie chorwackich ustasz\u00f3w i genera\u0142a Francisco Franco w\u0142a\u015bnie. R\u00f3wnie\u017c na to co jest teraz w Polsce, by nie pozwoli\u0142a, Ona wyobra\u017ani\u0119 mia\u0142a i przewidywa\u0142a. Dzi\u015b klasa rz\u0105dz\u0105ca wielu rzeczy przewidzie\u0107 nie umia\u0142a &#8211; do czego zreszt\u0105 si\u0119 przyzna\u0142a i mamy lockdown od 20 marca do 9 kwietnia.<\/p>\n\n\n\n<figure class=\"wp-block-image size-large\"><a href=\"http:\/\/radiomaria.com.pl\/wp-content\/uploads\/2021\/03\/17.03.-Nokedaun.mp3\"><img loading=\"lazy\" decoding=\"async\" width=\"400\" height=\"215\" src=\"https:\/\/htb.com.pl\/wp-content\/uploads\/2021\/03\/Polska-w-koronie.jpg\" alt=\"\" class=\"wp-image-42491\" srcset=\"https:\/\/htb.com.pl\/wp-content\/uploads\/2021\/03\/Polska-w-koronie.jpg 400w, https:\/\/htb.com.pl\/wp-content\/uploads\/2021\/03\/Polska-w-koronie-300x161.jpg 300w\" sizes=\"auto, (max-width: 400px) 100vw, 400px\" \/><\/a><\/figure>\n\n\n\n<p>Uwa\u017cajcie na siebie, no\u015bcie maseczki, r\u0119ce dezynfekujcie. Wiosenne os\u0142abienie te\u017c nie pomaga. Mo\u017ce tego spr\u00f3bujcie. To oferta mojego sklepu internetowego na czas pandemii.<\/p>\n\n\n\n<figure class=\"wp-block-gallery columns-3 is-cropped wp-block-gallery-1 is-layout-flex wp-block-gallery-is-layout-flex\"><ul class=\"blocks-gallery-grid\"><li class=\"blocks-gallery-item\"><figure><img loading=\"lazy\" decoding=\"async\" width=\"800\" height=\"800\" src=\"https:\/\/htb.com.pl\/wp-content\/uploads\/2019\/06\/odle\u017cyny.png\" alt=\"\" data-id=\"4144\" data-full-url=\"https:\/\/htb.com.pl\/wp-content\/uploads\/2019\/06\/odle\u017cyny.png\" data-link=\"https:\/\/htb.com.pl\/?attachment_id=4144\" class=\"wp-image-4144\" srcset=\"https:\/\/htb.com.pl\/wp-content\/uploads\/2019\/06\/odle\u017cyny.png 800w, https:\/\/htb.com.pl\/wp-content\/uploads\/2019\/06\/odle\u017cyny-150x150.png 150w, https:\/\/htb.com.pl\/wp-content\/uploads\/2019\/06\/odle\u017cyny-300x300.png 300w, https:\/\/htb.com.pl\/wp-content\/uploads\/2019\/06\/odle\u017cyny-768x768.png 768w, https:\/\/htb.com.pl\/wp-content\/uploads\/2019\/06\/odle\u017cyny-600x600.png 600w, https:\/\/htb.com.pl\/wp-content\/uploads\/2019\/06\/odle\u017cyny-100x100.png 100w\" sizes=\"auto, (max-width: 800px) 100vw, 800px\" \/><figcaption class=\"blocks-gallery-item__caption\"><a href=\"https:\/\/htb.com.pl\/?product=balsam-q-500-ml\">BALSAM Q 500 ml<\/a><\/figcaption><\/figure><\/li><li class=\"blocks-gallery-item\"><figure><img loading=\"lazy\" decoding=\"async\" width=\"1024\" height=\"1014\" src=\"https:\/\/htb.com.pl\/wp-content\/uploads\/2021\/02\/odnowa-ma\u0142y-1024x1014.png\" alt=\"\" data-id=\"37928\" data-full-url=\"https:\/\/htb.com.pl\/wp-content\/uploads\/2021\/02\/odnowa-ma\u0142y.png\" data-link=\"https:\/\/htb.com.pl\/?attachment_id=37928\" class=\"wp-image-37928\" srcset=\"https:\/\/htb.com.pl\/wp-content\/uploads\/2021\/02\/odnowa-ma\u0142y-1024x1014.png 1024w, https:\/\/htb.com.pl\/wp-content\/uploads\/2021\/02\/odnowa-ma\u0142y-300x297.png 300w, https:\/\/htb.com.pl\/wp-content\/uploads\/2021\/02\/odnowa-ma\u0142y-150x150.png 150w, https:\/\/htb.com.pl\/wp-content\/uploads\/2021\/02\/odnowa-ma\u0142y-768x760.png 768w, https:\/\/htb.com.pl\/wp-content\/uploads\/2021\/02\/odnowa-ma\u0142y-600x594.png 600w, https:\/\/htb.com.pl\/wp-content\/uploads\/2021\/02\/odnowa-ma\u0142y-100x100.png 100w, https:\/\/htb.com.pl\/wp-content\/uploads\/2021\/02\/odnowa-ma\u0142y.png 1082w\" sizes=\"auto, (max-width: 1024px) 100vw, 1024px\" \/><figcaption class=\"blocks-gallery-item__caption\"><a href=\"https:\/\/htb.com.pl\/?product=herbatka-owocowa-sprzyjajaca-odnowie-po-covid-19-100g\">HERBATKA OWOCOWA SPRZYJAJ\u0104CA ODNOWIE PO COVID-19 100G<\/a><\/figcaption><\/figure><\/li><li class=\"blocks-gallery-item\"><figure><img loading=\"lazy\" decoding=\"async\" width=\"909\" height=\"900\" src=\"https:\/\/htb.com.pl\/wp-content\/uploads\/2020\/12\/zapobieganie_2-ma\u0142y.png\" alt=\"\" data-id=\"34067\" data-full-url=\"https:\/\/htb.com.pl\/wp-content\/uploads\/2020\/12\/zapobieganie_2-ma\u0142y.png\" data-link=\"https:\/\/htb.com.pl\/?attachment_id=34067\" class=\"wp-image-34067\" srcset=\"https:\/\/htb.com.pl\/wp-content\/uploads\/2020\/12\/zapobieganie_2-ma\u0142y.png 909w, https:\/\/htb.com.pl\/wp-content\/uploads\/2020\/12\/zapobieganie_2-ma\u0142y-300x297.png 300w, https:\/\/htb.com.pl\/wp-content\/uploads\/2020\/12\/zapobieganie_2-ma\u0142y-150x150.png 150w, https:\/\/htb.com.pl\/wp-content\/uploads\/2020\/12\/zapobieganie_2-ma\u0142y-768x760.png 768w, https:\/\/htb.com.pl\/wp-content\/uploads\/2020\/12\/zapobieganie_2-ma\u0142y-600x594.png 600w, https:\/\/htb.com.pl\/wp-content\/uploads\/2020\/12\/zapobieganie_2-ma\u0142y-100x100.png 100w\" sizes=\"auto, (max-width: 909px) 100vw, 909px\" \/><figcaption class=\"blocks-gallery-item__caption\"><a href=\"https:\/\/htb.com.pl\/?product=herbatka-owocowa-wspierajaca-zapobieganie-covid-19-100g\">HERBATKA OWOCOWA WSPIERAJ\u0104CA ZAPOBIEGANIE COVID-19 100G<\/a><\/figcaption><\/figure><\/li><\/ul><\/figure>\n","protected":false},"excerpt":{"rendered":"<p>Tydzie\u0144 up\u0142yn\u0105\u0142 na k\u0142\u00f3tniach w obozie w\u0142adzy. Panowie pok\u0142\u00f3cili si\u0119 o wp\u0142ywy &#8211; ogromne pieni\u0105dze. Teraz wida\u0107, \u017ce nie tylko te ze sp\u00f3\u0142ek skarbu pa\u0144stwa ale r\u00f3wnie\u017c te bud\u017cetowe, kt\u00f3re cz\u0119sto s\u0105 po\u017cyczone. To kto\u015b kiedy\u015b b\u0119dzie musia\u0142 sp\u0142aci\u0107. Nie wiem jak to zrobi\u0105. Naszym dzieciom i wnukom zostawiamy kraj sk\u0142\u00f3cony, podzielony, potwornie zad\u0142u\u017cony z [&hellip;]<\/p>\n","protected":false},"author":1,"featured_media":42471,"comment_status":"open","ping_status":"open","sticky":false,"template":"","format":"standard","meta":{"_jetpack_memberships_contains_paid_content":false,"footnotes":""},"categories":[4],"tags":[713,712],"class_list":["post-42470","post","type-post","status-publish","format-standard","has-post-thumbnail","hentry","category-daty-i-fakty-blog","tag-morawiecki","tag-obajtek"],"jetpack_sharing_enabled":true,"jetpack_featured_media_url":"https:\/\/htb.com.pl\/wp-content\/uploads\/2021\/03\/Morawiecki-ma\u0142y.jpg","_links":{"self":[{"href":"https:\/\/htb.com.pl\/index.php?rest_route=\/wp\/v2\/posts\/42470","targetHints":{"allow":["GET"]}}],"collection":[{"href":"https:\/\/htb.com.pl\/index.php?rest_route=\/wp\/v2\/posts"}],"about":[{"href":"https:\/\/htb.com.pl\/index.php?rest_route=\/wp\/v2\/types\/post"}],"author":[{"embeddable":true,"href":"https:\/\/htb.com.pl\/index.php?rest_route=\/wp\/v2\/users\/1"}],"replies":[{"embeddable":true,"href":"https:\/\/htb.com.pl\/index.php?rest_route=%2Fwp%2Fv2%2Fcomments&post=42470"}],"version-history":[{"count":20,"href":"https:\/\/htb.com.pl\/index.php?rest_route=\/wp\/v2\/posts\/42470\/revisions"}],"predecessor-version":[{"id":42549,"href":"https:\/\/htb.com.pl\/index.php?rest_route=\/wp\/v2\/posts\/42470\/revisions\/42549"}],"wp:featuredmedia":[{"embeddable":true,"href":"https:\/\/htb.com.pl\/index.php?rest_route=\/wp\/v2\/media\/42471"}],"wp:attachment":[{"href":"https:\/\/htb.com.pl\/index.php?rest_route=%2Fwp%2Fv2%2Fmedia&parent=42470"}],"wp:term":[{"taxonomy":"category","embeddable":true,"href":"https:\/\/htb.com.pl\/index.php?rest_route=%2Fwp%2Fv2%2Fcategories&post=42470"},{"taxonomy":"post_tag","embeddable":true,"href":"https:\/\/htb.com.pl\/index.php?rest_route=%2Fwp%2Fv2%2Ftags&post=42470"}],"curies":[{"name":"wp","href":"https:\/\/api.w.org\/{rel}","templated":true}]}}