{"id":42833,"date":"2021-03-26T07:18:21","date_gmt":"2021-03-26T07:18:21","guid":{"rendered":"https:\/\/htb.com.pl\/?p=42833"},"modified":"2021-03-27T07:06:22","modified_gmt":"2021-03-27T07:06:22","slug":"sluzby-specjalne","status":"publish","type":"post","link":"https:\/\/htb.com.pl\/?p=42833","title":{"rendered":"S\u0142u\u017cby specjalne"},"content":{"rendered":"\n<p><strong>T\u00f3jmorze &#8211; z\u0142ych polityk\u00f3w marzenie &#8211; ten wpis pomo\u017ce w ocenie.<\/strong><\/p>\n\n\n\n<p><\/p>\n\n\n\n<figure class=\"wp-block-image size-thumbnail\"><a href=\"https:\/\/htb.com.pl\/wp-content\/uploads\/2021\/03\/S\u0142uzby-specjalne-a.mp3\"><img loading=\"lazy\" decoding=\"async\" width=\"150\" height=\"150\" src=\"https:\/\/htb.com.pl\/wp-content\/uploads\/2018\/04\/posluchaj-150x150.jpg\" alt=\"\" class=\"wp-image-2020\" srcset=\"https:\/\/htb.com.pl\/wp-content\/uploads\/2018\/04\/posluchaj-150x150.jpg 150w, https:\/\/htb.com.pl\/wp-content\/uploads\/2018\/04\/posluchaj-300x300.jpg 300w, https:\/\/htb.com.pl\/wp-content\/uploads\/2018\/04\/posluchaj-100x100.jpg 100w\" sizes=\"auto, (max-width: 150px) 100vw, 150px\" \/><\/a><\/figure>\n\n\n\n<p>Kolejny tydzie\u0144 opisywany z perspektywy Marysi, (wcze\u015bniejsze wpisy) pokazuje, jak wa\u017cne s\u0105 s\u0142u\u017cby specjalne &#8211; nie zawsze legalne. Pan prezydent Andrzej Duda niekt\u00f3re ich dzia\u0142ania nazywa &#8220;UBeckimi&#8221; prowokacjami. Ja widzia\u0142em dzia\u0142ania Marysi i takie gadanie nazywam bzdurami.<\/p>\n\n\n\n<p>19 marca 1981 to tragiczna data naszej historii. SB -ecy si\u0119 nie spisali i  dzia\u0142acze zwi\u0105zkowi w szpitalu wyl\u0105dowali. Jan Rulewski, Micha\u0142 Bartoszcze i Mariusz \u0141abentowicz. Pami\u0119ta &#8211;  wtedy pierwszy raz strajk widzia\u0142em. Z Zamo\u015bcia do Zwierzy\u0144ca wraca\u0142em i ani PKS-em, ani Autonapraw\u0105 nie pojecha\u0142em. Strajkowali, a ja ich popiera\u0142em, bo zmasakrowan\u0105 twarz Jana Rulewskiego w telewizji widzia\u0142em. Potem do wojska powo\u0142anie dosta\u0142em, a p\u00f3\u017aniej Marysie spotka\u0142em i wszystko zrozumia\u0142em. Dlatego obchody 40-stej rocznicy tych wydarze\u0144, z przykro\u015bci\u0105 obserwowa\u0142em. Bo dzi\u015b jak wtedy, s\u0142u\u017cby bij\u0105ce ludzi na ulicy &#8211; widzia\u0142em.<\/p>\n\n\n\n<figure class=\"wp-block-image size-large\"><a href=\"http:\/\/radiomaria.com.pl\/wp-content\/uploads\/2021\/03\/Wydarzenia-Btydgoskie.mp3\"><img loading=\"lazy\" decoding=\"async\" width=\"636\" height=\"417\" src=\"https:\/\/htb.com.pl\/wp-content\/uploads\/2021\/03\/Bydgoszcz-d.jpg\" alt=\"\" class=\"wp-image-42834\" srcset=\"https:\/\/htb.com.pl\/wp-content\/uploads\/2021\/03\/Bydgoszcz-d.jpg 636w, https:\/\/htb.com.pl\/wp-content\/uploads\/2021\/03\/Bydgoszcz-d-300x197.jpg 300w, https:\/\/htb.com.pl\/wp-content\/uploads\/2021\/03\/Bydgoszcz-d-600x393.jpg 600w\" sizes=\"auto, (max-width: 636px) 100vw, 636px\" \/><\/a><\/figure>\n\n\n\n<p>Tragiczne dane demograficzne, o kt\u00f3rych na d\u0142ugo przed pandemi\u0105 pisa\u0142em, teraz sta\u0142y si\u0119 jeszcze bardziej niepokoj\u0105ce. By\u0142em wy\u015bmiewany, gdy wy\u017c demograficzny okresy stanu wojennego opisywa\u0142em jako skutek zaprowadzenie \u0142adu spo\u0142ecznego. Ci co mnie wy\u015bmiewali &#8211; przekonywali, \u017ce ludzie godziny milicyjnej przestrzegali i wi\u0119cej w domu przebywali. Teraz w wi\u0119kszo\u015bci prac\u0119 zdalna mamy, a urodze\u0144 tak ma\u0142o &#8211; \u017ce nie pami\u0119tamy. Najgorsze jednak s\u0105 zgony, bo tu sami sobie los wykuwamy. Ludzi bez wyobra\u017ani na swoich przedstawicieli wybieramy.<\/p>\n\n\n\n<figure class=\"wp-block-image size-large\"><a href=\"http:\/\/radiomaria.com.pl\/wp-content\/uploads\/2021\/03\/23.03.-Zgony.mp3\"><img loading=\"lazy\" decoding=\"async\" width=\"800\" height=\"638\" src=\"https:\/\/htb.com.pl\/wp-content\/uploads\/2021\/03\/Zgony-wykres.jpg\" alt=\"\" class=\"wp-image-42838\" srcset=\"https:\/\/htb.com.pl\/wp-content\/uploads\/2021\/03\/Zgony-wykres.jpg 800w, https:\/\/htb.com.pl\/wp-content\/uploads\/2021\/03\/Zgony-wykres-300x239.jpg 300w, https:\/\/htb.com.pl\/wp-content\/uploads\/2021\/03\/Zgony-wykres-768x612.jpg 768w, https:\/\/htb.com.pl\/wp-content\/uploads\/2021\/03\/Zgony-wykres-600x479.jpg 600w\" sizes=\"auto, (max-width: 800px) 100vw, 800px\" \/><\/a><\/figure>\n\n\n\n<p>Mamy niesamowita sytuacj\u0119 z marsza\u0142kiem Senatu Tomaszem Grodzkim. W ostatnich wyborach parlamentarnych Zjednoczona Prawica o ponad dwa miliony mniej g\u0142os\u00f3w dosta\u0142a i w Senacie, gdzie system &nbsp;D&#8217;Hondta nie obowi\u0105zuje przegra\u0142a. \u017beby to zmieni\u0107 m.in. senatora Tomasza Grodzkiego przeci\u0105gn\u0105\u0107 na swoj\u0105 stron\u0119 pr\u00f3bowa\u0142. Gdy przekupi\u0107 go rady nie da\u0142a, w\u0142a\u015bnie zarzut przekupstwa mu przypisa\u0142a. Gdyby SOP jak SB dzia\u0142a\u0142a, Zjednoczona Prawica nic do powiedzenia by nie mia\u0142a. A tak &#8211; dopiero jak wr\u00f3ci demokracja, w &#8220;pierdlu&#8221; b\u0119dzie siedzia\u0142a.<\/p>\n\n\n\n<figure class=\"wp-block-image size-large\"><a href=\"http:\/\/radiomaria.com.pl\/wp-content\/uploads\/2021\/03\/23.0.-Grodzki.mp3\"><img loading=\"lazy\" decoding=\"async\" width=\"640\" height=\"480\" src=\"https:\/\/htb.com.pl\/wp-content\/uploads\/2021\/03\/Tomasz.jpg\" alt=\"\" class=\"wp-image-42841\" srcset=\"https:\/\/htb.com.pl\/wp-content\/uploads\/2021\/03\/Tomasz.jpg 640w, https:\/\/htb.com.pl\/wp-content\/uploads\/2021\/03\/Tomasz-300x225.jpg 300w, https:\/\/htb.com.pl\/wp-content\/uploads\/2021\/03\/Tomasz-600x450.jpg 600w\" sizes=\"auto, (max-width: 640px) 100vw, 640px\" \/><\/a><\/figure>\n\n\n\n<p><strong>Obra\u017cono Prezydenta RP Pana Andrzeja Dud\u0119.<\/strong><\/p>\n\n\n\n<p>Art.&nbsp; 135.&nbsp;&nbsp;[Czynna napa\u015b\u0107 lub zniewa\u017cenie prezydenta RP]\u00a7&nbsp; 1.&nbsp;Kto dopuszcza si\u0119 czynnej napa\u015bci na Prezydenta Rzeczypospolitej Polskiej,<\/p>\n\n\n\n<p>podlega karze pozbawienia wolno\u015bci od 3 miesi\u0119cy do lat 5.<\/p>\n\n\n\n<p>\u00a7&nbsp; 2.&nbsp;Kto publicznie zniewa\u017ca Prezydenta Rzeczypospolitej Polskiej,<\/p>\n\n\n\n<p>podlega karze pozbawienia wolno\u015bci do lat 3.<\/p>\n\n\n\n<p>Ten artyku\u0142 Kodeksu Karnego nie jest zrozumia\u0142y dla \u015bwiata politycznego &#8211; <strong>zdegenerowanego<\/strong>. Politycy, publicy\u015bci, dziennikarze g\u0142ow\u0119 pa\u0144stwa obra\u017caj\u0105, bo uwa\u017caj\u0105, \u017ce wolno\u015b\u0107 wypowiedzi maj\u0105. Gdyby\u015bcie Marysi\u0119 znali, nawet my\u015ble\u0107 o tym by\u015bcie si\u0119 bali. Jeste\u015bcie Polakami, je\u017celi nie szanujecie Prezydenta Naszego, to  si\u0119 nie dziwcie.  \u017ce sami nie jeste\u015bcie szanowani. S\u0142u\u017c\u0119 przyk\u0142adami<\/p>\n\n\n\n<figure class=\"wp-block-gallery columns-2 is-cropped wp-block-gallery-1 is-layout-flex wp-block-gallery-is-layout-flex\"><ul class=\"blocks-gallery-grid\"><li class=\"blocks-gallery-item\"><figure><img loading=\"lazy\" decoding=\"async\" width=\"960\" height=\"640\" src=\"https:\/\/htb.com.pl\/wp-content\/uploads\/2021\/03\/Duda.jpg\" alt=\"\" data-id=\"42843\" data-full-url=\"https:\/\/htb.com.pl\/wp-content\/uploads\/2021\/03\/Duda.jpg\" data-link=\"https:\/\/htb.com.pl\/?attachment_id=42843\" class=\"wp-image-42843\" srcset=\"https:\/\/htb.com.pl\/wp-content\/uploads\/2021\/03\/Duda.jpg 960w, https:\/\/htb.com.pl\/wp-content\/uploads\/2021\/03\/Duda-300x200.jpg 300w, https:\/\/htb.com.pl\/wp-content\/uploads\/2021\/03\/Duda-768x512.jpg 768w, https:\/\/htb.com.pl\/wp-content\/uploads\/2021\/03\/Duda-600x400.jpg 600w\" sizes=\"auto, (max-width: 960px) 100vw, 960px\" \/><figcaption class=\"blocks-gallery-item__caption\"><a href=\"http:\/\/radiomaria.com.pl\/wp-content\/uploads\/2021\/03\/23.03.Prezydent.mp3\">Prezydent Andrzej Duda obra\u017cany<\/a><\/figcaption><\/figure><\/li><li class=\"blocks-gallery-item\"><figure><img loading=\"lazy\" decoding=\"async\" width=\"1024\" height=\"576\" src=\"https:\/\/htb.com.pl\/wp-content\/uploads\/2021\/03\/Tak-jest-1024x576-1.jpg\" alt=\"\" data-id=\"42844\" data-full-url=\"https:\/\/htb.com.pl\/wp-content\/uploads\/2021\/03\/Tak-jest-1024x576-1.jpg\" data-link=\"https:\/\/htb.com.pl\/?attachment_id=42844\" class=\"wp-image-42844\" srcset=\"https:\/\/htb.com.pl\/wp-content\/uploads\/2021\/03\/Tak-jest-1024x576-1.jpg 1024w, https:\/\/htb.com.pl\/wp-content\/uploads\/2021\/03\/Tak-jest-1024x576-1-300x169.jpg 300w, https:\/\/htb.com.pl\/wp-content\/uploads\/2021\/03\/Tak-jest-1024x576-1-768x432.jpg 768w, https:\/\/htb.com.pl\/wp-content\/uploads\/2021\/03\/Tak-jest-1024x576-1-600x338.jpg 600w\" sizes=\"auto, (max-width: 1024px) 100vw, 1024px\" \/><figcaption class=\"blocks-gallery-item__caption\"><a href=\"http:\/\/radiomaria.com.pl\/wp-content\/uploads\/2021\/03\/25.03.TVN-24.mp3\">Obra\u017caj\u0105cy Prezydenta Andrzeja Dud\u0119 pochwalany<\/a><\/figcaption><\/figure><\/li><\/ul><\/figure>\n\n\n\n<p>Tydzie\u0144 ko\u0144czymy wydarzeniami, kt\u00f3re r\u00f3wnie\u017c \u0142\u0105cz\u0105 si\u0119 z naszymi s\u0142u\u017cbami. Re\u017cim \u0141ukaszenki zaatakowa\u0142 Polak\u00f3w na Bia\u0142orusi. Pani And\u017celika Borys, Pan Andrzej Poczobut i inni dzia\u0142acze Zwi\u0105zku Polak\u00f3w na Bia\u0142orusi zostali zatrzymani. S\u0105 Bia\u0142orusinami &#8211; m\u00f3wi\u0105 nasze s\u0142u\u017cby, przedstawiciele rz\u0105du. Do dzia\u0142a\u0144 sprzecznych z prawem bia\u0142oruskim ich nam\u00f3wili, a teraz r\u0119ce umyli. W ich g\u0142osie s\u0142ycha\u0107 \u017cal, \u017ce oni tak jak \u0141ukaszenka na razie nie mog\u0105, bo unijne dotacje straci\u0107 mog\u0105. Marysia marzy\u0142a, \u017ce Rada Europejska, dzisiejsza Unia Europejska  r\u00f3wnie\u017c Kresy b\u0119dzie chroni\u0142a.  I tak b\u0119dzie Ona si\u0119 nie myli\u0142a i nigdy na co\u015b takiego, jak obchody Dnia Pami\u0119ci o \u017bo\u0142nierzach Wykl\u0119tych i to jeszcze na Bia\u0142orusi, by nie pozwoli\u0142a. <\/p>\n\n\n\n<figure class=\"wp-block-image size-large\"><a href=\"http:\/\/radiomaria.com.pl\/wp-content\/uploads\/2021\/03\/24.03.-Kaziuki.mp3\"><img loading=\"lazy\" decoding=\"async\" width=\"640\" height=\"480\" src=\"https:\/\/htb.com.pl\/wp-content\/uploads\/2021\/03\/Borys.jpg\" alt=\"\" class=\"wp-image-42899\" srcset=\"https:\/\/htb.com.pl\/wp-content\/uploads\/2021\/03\/Borys.jpg 640w, https:\/\/htb.com.pl\/wp-content\/uploads\/2021\/03\/Borys-300x225.jpg 300w, https:\/\/htb.com.pl\/wp-content\/uploads\/2021\/03\/Borys-600x450.jpg 600w\" sizes=\"auto, (max-width: 640px) 100vw, 640px\" \/><\/a><\/figure>\n\n\n\n<p>Zako\u0144cz\u0119 jeszcze jednym ostrze\u017ceniem przed zagro\u017ceniem, kt\u00f3re widz\u0119 patrz\u0105c z perspektywy Marysi. Tr\u00f3jmorze &#8211; o kt\u00f3rym wielokrotnie pisa\u0142em i ostrzega\u0142em. Joe Biden to nie Donald Trump, on w rozwalaniu UE nie pomo\u017ce i trzeba si\u0119 z UE przeprosi\u0107, bo tylko UE uratowa\u0107 na mo\u017ce, a nie Tr\u00f3jmorze.<\/p>\n","protected":false},"excerpt":{"rendered":"<p>Tylko UE uratowa\u0107 na mo\u017ce, a nie Tr\u00f3jmorze.<\/p>\n","protected":false},"author":1,"featured_media":42905,"comment_status":"open","ping_status":"open","sticky":false,"template":"","format":"standard","meta":{"_jetpack_memberships_contains_paid_content":false,"footnotes":""},"categories":[4],"tags":[714],"class_list":["post-42833","post","type-post","status-publish","format-standard","has-post-thumbnail","hentry","category-daty-i-fakty-blog","tag-trojmorz"],"jetpack_sharing_enabled":true,"jetpack_featured_media_url":"https:\/\/htb.com.pl\/wp-content\/uploads\/2021\/03\/Tr\u00f3jmorze.jpg","_links":{"self":[{"href":"https:\/\/htb.com.pl\/index.php?rest_route=\/wp\/v2\/posts\/42833","targetHints":{"allow":["GET"]}}],"collection":[{"href":"https:\/\/htb.com.pl\/index.php?rest_route=\/wp\/v2\/posts"}],"about":[{"href":"https:\/\/htb.com.pl\/index.php?rest_route=\/wp\/v2\/types\/post"}],"author":[{"embeddable":true,"href":"https:\/\/htb.com.pl\/index.php?rest_route=\/wp\/v2\/users\/1"}],"replies":[{"embeddable":true,"href":"https:\/\/htb.com.pl\/index.php?rest_route=%2Fwp%2Fv2%2Fcomments&post=42833"}],"version-history":[{"count":23,"href":"https:\/\/htb.com.pl\/index.php?rest_route=\/wp\/v2\/posts\/42833\/revisions"}],"predecessor-version":[{"id":42965,"href":"https:\/\/htb.com.pl\/index.php?rest_route=\/wp\/v2\/posts\/42833\/revisions\/42965"}],"wp:featuredmedia":[{"embeddable":true,"href":"https:\/\/htb.com.pl\/index.php?rest_route=\/wp\/v2\/media\/42905"}],"wp:attachment":[{"href":"https:\/\/htb.com.pl\/index.php?rest_route=%2Fwp%2Fv2%2Fmedia&parent=42833"}],"wp:term":[{"taxonomy":"category","embeddable":true,"href":"https:\/\/htb.com.pl\/index.php?rest_route=%2Fwp%2Fv2%2Fcategories&post=42833"},{"taxonomy":"post_tag","embeddable":true,"href":"https:\/\/htb.com.pl\/index.php?rest_route=%2Fwp%2Fv2%2Ftags&post=42833"}],"curies":[{"name":"wp","href":"https:\/\/api.w.org\/{rel}","templated":true}]}}