{"id":43151,"date":"2021-04-02T10:13:15","date_gmt":"2021-04-02T10:13:15","guid":{"rendered":"https:\/\/htb.com.pl\/?p=43151"},"modified":"2021-04-05T14:04:37","modified_gmt":"2021-04-05T14:04:37","slug":"wielki-tydzien-2021","status":"publish","type":"post","link":"https:\/\/htb.com.pl\/?p=43151","title":{"rendered":"Wielki Tydzie\u0144 2021"},"content":{"rendered":"\n<p><\/p>\n\n\n\n<figure class=\"wp-block-image size-thumbnail\"><a href=\"http:\/\/radiomaria.com.pl\/wp-content\/uploads\/2021\/04\/Wielki-Tydzie%C5%84-2021.mp3\"><img loading=\"lazy\" decoding=\"async\" width=\"150\" height=\"150\" src=\"https:\/\/htb.com.pl\/wp-content\/uploads\/2018\/04\/posluchaj-150x150.jpg\" alt=\"\" class=\"wp-image-2020\" srcset=\"https:\/\/htb.com.pl\/wp-content\/uploads\/2018\/04\/posluchaj-150x150.jpg 150w, https:\/\/htb.com.pl\/wp-content\/uploads\/2018\/04\/posluchaj-300x300.jpg 300w, https:\/\/htb.com.pl\/wp-content\/uploads\/2018\/04\/posluchaj-100x100.jpg 100w\" sizes=\"auto, (max-width: 150px) 100vw, 150px\" \/><\/a><\/figure>\n\n\n\n<p>Mija rok jak dopad\u0142a na pandemia koronawirusa. Pami\u0119tam, \u017ce moje ostrze\u017cenie by\u0142y wy\u015bmiewane, to zdarza si\u0119 r\u00f3wnie\u017c teraz ale w minimalnym stopniu i dotyczy marginesu tak w\u0105skiego, \u017ce mieszcz\u0105 si\u0119 tam jeszcze tylko p\u0142askoziemcy. Pierwsze moje spotkanie z pandemi\u0105 to \u015bmier\u0107 <a href=\"https:\/\/htb.com.pl\/?p=20283\">ks. Henryka Bo\u017cenckiego<\/a> &#8211; znali\u015bmy go z Marysi\u0105 (wcze\u015bniejsze wisy). Ka\u017cda taka strata jest dla mnie szczeg\u00f3lna, odchodzi bowiem co\u015b, co chcia\u0142bym zatrzyma\u0107. Inn\u0105 nieco grup\u0105, kt\u00f3ra r\u00f3wnie\u017c odchodzi  s\u0105 ci, kt\u00f3rzy do Marysi strzelali, a teraz albo kar\u0119 wi\u0119zienia odsiedzieli, albo tylko dodatki emerytalne utracili i te\u017c jak ja za Marysia zat\u0119sknili.  Major Mari racj\u0119 mia\u0142a, \u017ce po pyskach nas la\u0142a &#8211; gadaj\u0105. Dzi\u015b by si\u0119 przyda\u0142a &#8211; dodaj\u0105. Szkoda, \u017ce ci ludzie nic ju\u017c do powiedzenia nie maj\u0105. Pos\u0142uchajcie lub poczytajcie tego, czego oni s\u0142uchaj\u0105 lub czytaj\u0105 i pomy\u015blcie &#8211; czy przypadkiem nie jest tak, \u017ce oni racje maj\u0105.<\/p>\n\n\n\n<p>Na te \u015awi\u0119ta Wielkiej Nocy, \u017cycz\u0119 Pa\u0144stwu tego, <a href=\"https:\/\/htb.com.pl\/?p=21138\">czego w 1987 roku Marysia \u017cyczy\u0142a.<\/a> <strong>Aby\u015bmy r\u0119ce inaczej ni\u017c Pi\u0142at myli i nast\u0119pnych \u015awi\u0105t Wielkanocnych do\u017cyli.<\/strong><\/p>\n\n\n\n<p>Ona wtedy wojn\u0119 domow\u0105 w Polsce zako\u0144czy\u0142a. Ta wojna zacz\u0119\u0142a si\u0119 9 sierpnia 1943 roku tu. <img loading=\"lazy\" decoding=\"async\" width=\"150\" height=\"113\" class=\"wp-image-43451\" style=\"width: 150px;\" src=\"https:\/\/htb.com.pl\/wp-content\/uploads\/2021\/04\/Mord.jpg\" alt=\"\" srcset=\"https:\/\/htb.com.pl\/wp-content\/uploads\/2021\/04\/Mord.jpg 640w, https:\/\/htb.com.pl\/wp-content\/uploads\/2021\/04\/Mord-300x225.jpg 300w, https:\/\/htb.com.pl\/wp-content\/uploads\/2021\/04\/Mord-600x450.jpg 600w\" sizes=\"auto, (max-width: 150px) 100vw, 150px\" \/> <a href=\"https:\/\/htb.com.pl\/?p=188\">Mord pod Borowem<\/a> &#8211; sprawca tej tragedii by\u0142 rotmistrz Leonard Zub- Zdanowicz &#8211; zosta\u0142 odznaczony po\u015bmiertnie w 2009 roku przez rezydenta RP Lecha Kaczy\u0144skiego Krzy\u017cem Komandorskim z Gwiazd\u0105 Orderu Odrodzenia Polski.  A tu si\u0119 ta wojna zako\u0144czy\u0142a. <img loading=\"lazy\" decoding=\"async\" width=\"150\" height=\"118\" class=\"wp-image-43227\" style=\"width: 150px;\" src=\"https:\/\/htb.com.pl\/wp-content\/uploads\/2021\/04\/Album-dla-Papie\u017ca.png\" alt=\"\" srcset=\"https:\/\/htb.com.pl\/wp-content\/uploads\/2021\/04\/Album-dla-Papie\u017ca.png 554w, https:\/\/htb.com.pl\/wp-content\/uploads\/2021\/04\/Album-dla-Papie\u017ca-300x235.png 300w\" sizes=\"auto, (max-width: 150px) 100vw, 150px\" \/> <a href=\"https:\/\/htb.com.pl\/?p=2099\">12 stycznia 1987 rok.<\/a> Historyczna wizyta genera\u0142a Wojciecha Jaruzelskiego w Watykanie. Zdj\u0119cie przedstawia moment, gdzie genera\u0142 obdarowuje Papie\u017ca albumem z jego wizyty na Zamku Kr\u00f3lewskim w Warszawie w 1983 roku.<\/p>\n\n\n\n<p>Powstaje ksi\u0105\u017cka; <strong>Wojna domowa 1943 &#8211; 1987<\/strong>. Opisz\u0119 okres 44 lat ludzkich tragedii, kt\u00f3re nie powinny si\u0119 zdarzy\u0107. B\u0119dzie to opowie\u015b\u0107 cz\u0119\u015bciowo literacka, jednak oparta na materia\u0142ach, kt\u00f3re nap\u0142ywaj\u0105 pod moim adresem, w zwi\u0105zku z histori\u0105 Marysi &#8211; opisywan\u0105 przeze mnie na blogu DATY I FAKTY. Bardzo dzi\u0119kuj\u0119 za te materia\u0142y, to b\u0119dzie nasza ksi\u0105\u017cka, a imi\u0119 naszych bohater\u00f3w przepowiedzia\u0142 Adam Mickiewicz w Dziadach &#8211; czterdzie\u015bci i cztery.<\/p>\n\n\n\n<p><strong>Teraz tradycyjnie opisz\u0119 wybrane wydarzenia z ostatniego tygodnia<\/strong>, ilustrowane zdj\u0119ciami. Te zdj\u0119cia s\u0105 aktywne, klikaj\u0105c mo\u017cna ods\u0142ucha\u0107 to, co m\u00f3wili\u015bmy o tym w <a href=\"http:\/\/stacja.radiohost.pl\/customBoxes\/link\/568\/8d5a0\/type\/aplayer2\/\">Radiu MARIA<\/a><\/p>\n\n\n\n<p>Konstanty Radziwi\u0142, Wojewoda Mazowiecki, by\u0142y minister zdrowia. Pod jego rz\u0105dami resort ten znalaz\u0142 si\u0119 na skraju przepa\u015bci. Wida\u0107 to dopiero teraz, gdy dopad\u0142a nas trzecia fala pandemii koronawirusa. Nieszcz\u0119\u015bciem jest to, \u017ce PSL w ostatnich wyborach parlamentarnych nie poszed\u0142 w koalicji i w Sejmie wi\u0119kszo\u015b\u0107 ma Zjednoczona Prawica, czyli takie radziwi\u0142y, co jeszcze nigdy z niczym sobie nie poradzi\u0142y. <a href=\"http:\/\/radiomaria.com.pl\/wp-content\/uploads\/2021\/03\/27.03.-Nie-dziwi.mp3\"><img loading=\"lazy\" decoding=\"async\" width=\"150\" height=\"63\" class=\"wp-image-43284\" style=\"width: 150px;\" src=\"https:\/\/htb.com.pl\/wp-content\/uploads\/2021\/04\/Mazow-ma\u0141Y.jpg\" alt=\"\" srcset=\"https:\/\/htb.com.pl\/wp-content\/uploads\/2021\/04\/Mazow-ma\u0141Y.jpg 350w, https:\/\/htb.com.pl\/wp-content\/uploads\/2021\/04\/Mazow-ma\u0141Y-300x127.jpg 300w\" sizes=\"auto, (max-width: 150px) 100vw, 150px\" \/><\/a> Pan wojewoda do Szpitala Po\u0142udniowego w Warszawie powo\u0142a\u0142 komisarza, pani\u0105 dr. Ew\u0119 Wi\u0119ckowsk\u0105, czyli t\u0105 kt\u00f3ra z tym szpitalem sobie nie poradzi\u0142a i Pani wiceprezydent Warszawy Renata Kazanowska <a href=\"http:\/\/radiomaria.com.pl\/wp-content\/uploads\/2021\/03\/26.03.-Wiceprezydent-Warszawy.mp3\"><img loading=\"lazy\" decoding=\"async\" width=\"150\" height=\"113\" class=\"wp-image-43286\" style=\"width: 150px;\" src=\"https:\/\/htb.com.pl\/wp-content\/uploads\/2021\/04\/Wice.jpg\" alt=\"\" srcset=\"https:\/\/htb.com.pl\/wp-content\/uploads\/2021\/04\/Wice.jpg 320w, https:\/\/htb.com.pl\/wp-content\/uploads\/2021\/04\/Wice-300x225.jpg 300w\" sizes=\"auto, (max-width: 150px) 100vw, 150px\" \/><\/a> j\u0105 wywali\u0142a.<\/p>\n\n\n\n<p>Jak chodzi o pandemi\u0119 to rz\u0105dz\u0105cy ostatnio ca\u0142kiem si\u0119 pogubili, bo argument jakim by\u0142 problem ze szczepionkami stracili. Unia Europejska wi\u0119cej bowiem szczepionek dostarczy\u0142a, ni\u017c nasza ekipa rz\u0105dz\u0105ca sobie za\u017cyczy\u0142a.<\/p>\n\n\n\n<figure class=\"wp-block-image size-large\"><a href=\"http:\/\/radiomaria.com.pl\/wp-content\/uploads\/2021\/03\/28.03.-Planowanie.mp3\"><img loading=\"lazy\" decoding=\"async\" width=\"840\" height=\"559\" src=\"https:\/\/htb.com.pl\/wp-content\/uploads\/2021\/04\/Ursula.jpg\" alt=\"\" class=\"wp-image-43282\" srcset=\"https:\/\/htb.com.pl\/wp-content\/uploads\/2021\/04\/Ursula.jpg 840w, https:\/\/htb.com.pl\/wp-content\/uploads\/2021\/04\/Ursula-300x200.jpg 300w, https:\/\/htb.com.pl\/wp-content\/uploads\/2021\/04\/Ursula-768x511.jpg 768w, https:\/\/htb.com.pl\/wp-content\/uploads\/2021\/04\/Ursula-600x399.jpg 600w\" sizes=\"auto, (max-width: 840px) 100vw, 840px\" \/><\/a><\/figure>\n\n\n\n<p>Nie wszystko idzie \u017ale, WO\u015aP gra i tu gra. Jerzy Owsiak poda\u0142 oficjaln\u0105 kwot\u0119 jak\u0105 orkiestra zebra\u0142a. <a href=\"http:\/\/radiomaria.com.pl\/wp-content\/uploads\/2021\/03\/29.03.-Orkiertra.mp3\"><img loading=\"lazy\" decoding=\"async\" width=\"150\" height=\"113\" class=\"wp-image-43288\" style=\"width: 150px;\" src=\"https:\/\/htb.com.pl\/wp-content\/uploads\/2021\/04\/Owsiak.jpg\" alt=\"\" srcset=\"https:\/\/htb.com.pl\/wp-content\/uploads\/2021\/04\/Owsiak.jpg 320w, https:\/\/htb.com.pl\/wp-content\/uploads\/2021\/04\/Owsiak-300x225.jpg 300w\" sizes=\"auto, (max-width: 150px) 100vw, 150px\" \/><\/a> To prawie 211 milion\u00f3w z\u0142otych.  Co\u015b mi si\u0119 zdaje, \u017ce informacja ta &#8220;radziwil\u00f3\u0142w&#8221; za\u0142ama\u0142a. Ludzie kt\u00f3rzy nami rz\u0105dz\u0105 kompletnie si\u0119 do tergo nie nadaj\u0105, bo wyobra\u017ani nie maj\u0105. I cho\u0107 w dzia\u0142aniach Owsiaka jak umiej\u0105 przeszkadzaj\u0105, to jak zwykle rady nie daj\u0105. No ale tu, ludzie dobrzy, z wyobra\u017ania wygrywaj\u0105.<\/p>\n\n\n\n<p>Na SOR-ach nie gra. Ogromne kolejki przed szpitalami to te\u017c brak wyobra\u017ani. \u017beby nie tylko krytykowa\u0107 podpowiedzieli\u015bmy drobne rozwi\u0105zanie. <a href=\"http:\/\/radiomaria.com.pl\/wp-content\/uploads\/2021\/03\/Rozwi%C4%85zanie-ca%C5%82o%C5%9B%C4%87.mp3\"><img loading=\"lazy\" decoding=\"async\" width=\"150\" height=\"73\" class=\"wp-image-43290\" style=\"width: 150px;\" src=\"https:\/\/htb.com.pl\/wp-content\/uploads\/2021\/04\/Karetki-kol.jpg\" alt=\"\" srcset=\"https:\/\/htb.com.pl\/wp-content\/uploads\/2021\/04\/Karetki-kol.jpg 960w, https:\/\/htb.com.pl\/wp-content\/uploads\/2021\/04\/Karetki-kol-300x146.jpg 300w, https:\/\/htb.com.pl\/wp-content\/uploads\/2021\/04\/Karetki-kol-768x373.jpg 768w, https:\/\/htb.com.pl\/wp-content\/uploads\/2021\/04\/Karetki-kol-600x291.jpg 600w\" sizes=\"auto, (max-width: 150px) 100vw, 150px\" \/><\/a> To troch\u0119 pomo\u017ce. jednak na d\u0142u\u017csz\u0105 met\u0119 tylko stwierdzenie Marysi pom\u00f3c mo\u017ce.<strong> &#8220;Ludzie bez wyobra\u017ani nie mog\u0105 rz\u0105dzi\u0107, bo doprowadz\u0105 do katastrofy&#8221;<\/strong><\/p>\n\n\n\n<p>Tak ostrzega\u0142a, bo si\u0119 ba\u0142a, \u017ce do w\u0142adzy mog\u0105 doj\u015b\u0107 ludzie bez wyobra\u017ani. Ale nie tylko gada\u0142a &#8211;  r\u00f3wnie\u017c dzia\u0142a\u0142a. Na<a href=\"https:\/\/htb.com.pl\/?p=2793\"> Balu Sylwestrowym w 1986 roku<\/a>, kt\u00f3ry opisa\u0142em cz\u0119stotliwo\u015bci radzieckiej amii przej\u0105\u0107 chcia\u0142a. Rady nie da\u0142a i armia radziecka inaczej je zagospodarowa\u0142a. Tomasz Pi\u0105tek to opisa\u0142 w ksi\u0105\u017cce &#8220;Rydzyk i przyjaciele&#8221;. <a href=\"http:\/\/radiomaria.com.pl\/wp-content\/uploads\/2021\/04\/01.04.-Niekompetencja.mp3\"><img loading=\"lazy\" decoding=\"async\" width=\"150\" height=\"225\" class=\"wp-image-43295\" style=\"width: 150px;\" src=\"https:\/\/htb.com.pl\/wp-content\/uploads\/2021\/04\/Wa\u0144ka-Blog.jpg\" alt=\"\" srcset=\"https:\/\/htb.com.pl\/wp-content\/uploads\/2021\/04\/Wa\u0144ka-Blog.jpg 240w, https:\/\/htb.com.pl\/wp-content\/uploads\/2021\/04\/Wa\u0144ka-Blog-200x300.jpg 200w\" sizes=\"auto, (max-width: 150px) 100vw, 150px\" \/><\/a> Tu Marysia na W\u0142och\u00f3w stawia\u0142a. Podobnie jak  Viktor Orb\u00e1n Mateusz Morawiecki. <a href=\"http:\/\/radiomaria.com.pl\/wp-content\/uploads\/2021\/04\/02.04.-Plan-Putina.mp3\"><img loading=\"lazy\" decoding=\"async\" width=\"150\" height=\"84\" class=\"wp-image-43297\" style=\"width: 150px;\" src=\"https:\/\/htb.com.pl\/wp-content\/uploads\/2021\/04\/Plan-d.jpg\" alt=\"\" srcset=\"https:\/\/htb.com.pl\/wp-content\/uploads\/2021\/04\/Plan-d.jpg 542w, https:\/\/htb.com.pl\/wp-content\/uploads\/2021\/04\/Plan-d-300x167.jpg 300w\" sizes=\"auto, (max-width: 150px) 100vw, 150px\" \/><\/a> Tyle \u017ce Ona W\u0142oskie  Radio Maria <a href=\"https:\/\/onlineradiobox.com\/it\/maria\/?cs=it.maria&amp;lang=pl\"><img loading=\"lazy\" decoding=\"async\" width=\"150\" height=\"80\" class=\"wp-image-43299\" style=\"width: 150px;\" src=\"https:\/\/htb.com.pl\/wp-content\/uploads\/2021\/04\/Radio-Maria.png\" alt=\"\"><\/a> jako wz\u00f3r stawia\u0142a, a oni Matteo Salviniego &#8211; fana Putina i zwi\u0105zku radzieckiego.<\/p>\n\n\n\n<p> I na tym zako\u0144czymy opisywanie tygodnia wielkanocnego, roku 2021.<\/p>\n\n\n\n<p>Wszystkiego najlepszego.<\/p>\n","protected":false},"excerpt":{"rendered":"<p>Mija rok jak dopad\u0142a na pandemia koronawirusa. Pami\u0119tam, \u017ce moje ostrze\u017cenie by\u0142y wy\u015bmiewane, to zdarza si\u0119 r\u00f3wnie\u017c teraz ale w minimalnym stopniu i dotyczy marginesu tak w\u0105skiego, \u017ce mieszcz\u0105 si\u0119 tam jeszcze tylko p\u0142askoziemcy. Pierwsze moje spotkanie z pandemi\u0105 to \u015bmier\u0107 ks. Henryka Bo\u017cenckiego &#8211; znali\u015bmy go z Marysi\u0105 (wcze\u015bniejsze wisy). Ka\u017cda taka strata jest [&hellip;]<\/p>\n","protected":false},"author":1,"featured_media":43282,"comment_status":"open","ping_status":"open","sticky":false,"template":"","format":"standard","meta":{"_jetpack_memberships_contains_paid_content":false,"footnotes":""},"categories":[4],"tags":[715],"class_list":["post-43151","post","type-post","status-publish","format-standard","has-post-thumbnail","hentry","category-daty-i-fakty-blog","tag-wielki-tydzien-2021"],"jetpack_sharing_enabled":true,"jetpack_featured_media_url":"https:\/\/htb.com.pl\/wp-content\/uploads\/2021\/04\/Ursula.jpg","_links":{"self":[{"href":"https:\/\/htb.com.pl\/index.php?rest_route=\/wp\/v2\/posts\/43151","targetHints":{"allow":["GET"]}}],"collection":[{"href":"https:\/\/htb.com.pl\/index.php?rest_route=\/wp\/v2\/posts"}],"about":[{"href":"https:\/\/htb.com.pl\/index.php?rest_route=\/wp\/v2\/types\/post"}],"author":[{"embeddable":true,"href":"https:\/\/htb.com.pl\/index.php?rest_route=\/wp\/v2\/users\/1"}],"replies":[{"embeddable":true,"href":"https:\/\/htb.com.pl\/index.php?rest_route=%2Fwp%2Fv2%2Fcomments&post=43151"}],"version-history":[{"count":22,"href":"https:\/\/htb.com.pl\/index.php?rest_route=\/wp\/v2\/posts\/43151\/revisions"}],"predecessor-version":[{"id":43454,"href":"https:\/\/htb.com.pl\/index.php?rest_route=\/wp\/v2\/posts\/43151\/revisions\/43454"}],"wp:featuredmedia":[{"embeddable":true,"href":"https:\/\/htb.com.pl\/index.php?rest_route=\/wp\/v2\/media\/43282"}],"wp:attachment":[{"href":"https:\/\/htb.com.pl\/index.php?rest_route=%2Fwp%2Fv2%2Fmedia&parent=43151"}],"wp:term":[{"taxonomy":"category","embeddable":true,"href":"https:\/\/htb.com.pl\/index.php?rest_route=%2Fwp%2Fv2%2Fcategories&post=43151"},{"taxonomy":"post_tag","embeddable":true,"href":"https:\/\/htb.com.pl\/index.php?rest_route=%2Fwp%2Fv2%2Ftags&post=43151"}],"curies":[{"name":"wp","href":"https:\/\/api.w.org\/{rel}","templated":true}]}}