{"id":43579,"date":"2021-04-09T07:50:37","date_gmt":"2021-04-09T07:50:37","guid":{"rendered":"https:\/\/htb.com.pl\/?p=43579"},"modified":"2021-04-09T08:52:38","modified_gmt":"2021-04-09T08:52:38","slug":"dziennikarze-publicysci-artysci","status":"publish","type":"post","link":"https:\/\/htb.com.pl\/?p=43579","title":{"rendered":"Dziennikarze, publicy\u015bci -&#8220;arty\u015bci&#8221;."},"content":{"rendered":"\n<p><\/p>\n\n\n\n<figure class=\"wp-block-image size-thumbnail\"><a href=\"https:\/\/htb.com.pl\/wp-content\/uploads\/2021\/04\/Dziennikarze-publicy\u015bci-arty\u015bci.mp3\"><img loading=\"lazy\" decoding=\"async\" width=\"150\" height=\"150\" src=\"https:\/\/htb.com.pl\/wp-content\/uploads\/2018\/04\/posluchaj-150x150.jpg\" alt=\"\" class=\"wp-image-2020\" srcset=\"https:\/\/htb.com.pl\/wp-content\/uploads\/2018\/04\/posluchaj-150x150.jpg 150w, https:\/\/htb.com.pl\/wp-content\/uploads\/2018\/04\/posluchaj-300x300.jpg 300w, https:\/\/htb.com.pl\/wp-content\/uploads\/2018\/04\/posluchaj-100x100.jpg 100w\" sizes=\"auto, (max-width: 150px) 100vw, 150px\" \/><\/a><\/figure>\n\n\n\n<p>Wydarzenia z kolejnego tygodnia przedstawi\u0119 w formie satyrycznego monologu. Nie mam o tym poj\u0119cia ale mo\u017ce to poka\u017ce, \u017ce podobnie dzia\u0142aj\u0105 nasi dziennikarze.<\/p>\n\n\n\n<p>Ch\u0142opaki z razwietupura brak medi\u00f3w publicznych i niekompetencj\u0119 komercyjnych w pe\u0142ni wykorzystuj\u0105 i j\u0119zyk w\u0119gierski, jako ten obowi\u0105zuj\u0105cy w ich  nowej Europie promuj\u0105. <a href=\"http:\/\/radiomaria.com.pl\/wp-content\/uploads\/2021\/04\/02.04.-Plan-Putina.mp3\"><img loading=\"lazy\" decoding=\"async\" width=\"150\" height=\"84\" class=\"wp-image-43582\" style=\"width: 150px;\" src=\"https:\/\/htb.com.pl\/wp-content\/uploads\/2021\/04\/Plan-d-1.jpg\" alt=\"\" srcset=\"https:\/\/htb.com.pl\/wp-content\/uploads\/2021\/04\/Plan-d-1.jpg 542w, https:\/\/htb.com.pl\/wp-content\/uploads\/2021\/04\/Plan-d-1-300x167.jpg 300w\" sizes=\"auto, (max-width: 150px) 100vw, 150px\" \/><\/a> Dw\u00f3ch Mateo &#8211; Morawiecki i Salvini w Budapeszcie po w\u0119giersku rozmawia\u0107 popr\u00f3bowa\u0142o i co\u015b mi si\u0119 zdaje, \u017ce gospodarza  Viktora_Orb\u00e1na rozczarowa\u0142o, Na razie towarzystwo si\u0119 nie dogada\u0142o&#8230; Dla nas by\u0142oby lepiej, \u017ceby tak zosta\u0142o.<\/p>\n\n\n\n<p>W Rzeszowie pokazali, jakby\u015bmy stali, gdyby\u015bmy centrali nie s\u0142uchali. Doktor Stanis\u0142aw Mazur prezes RZESZOWSKIEGO CENTRUM MEDYCZNEGO \u201eMEDYK\u201d ze szczepieniami radzi\u0142 sobie koncertowo &#8211; bo nie centralnie ale powiatowo. Dziennikarze, publicy\u015bci i politycy dzia\u0142ania te skrytykowali, bo uznali, \u017ce dzia\u0142a w imieniu &#8220;ma\u0142ego&#8221; prezesa z centrali. <a href=\"http:\/\/radiomaria.com.pl\/wp-content\/uploads\/2021\/04\/06.04.-Szczepienia-Rzesz%C3%B3w.mp3\"><img loading=\"lazy\" decoding=\"async\" width=\"150\" height=\"113\" class=\"wp-image-43583\" style=\"width: 150px;\" src=\"https:\/\/htb.com.pl\/wp-content\/uploads\/2021\/04\/Prezes.jpg\" alt=\"\" srcset=\"https:\/\/htb.com.pl\/wp-content\/uploads\/2021\/04\/Prezes.jpg 640w, https:\/\/htb.com.pl\/wp-content\/uploads\/2021\/04\/Prezes-300x225.jpg 300w, https:\/\/htb.com.pl\/wp-content\/uploads\/2021\/04\/Prezes-600x450.jpg 600w\" sizes=\"auto, (max-width: 150px) 100vw, 150px\" \/><\/a><\/p>\n\n\n\n<p>Ten za\u015b wreszcie zauwa\u017ca, \u017ce Lenina pochowali i to co mu kiedy\u015b do g\u0142owy wk\u0142adali, dzi\u015b nie wypali. W\u0142a\u015bnie z premierem Morawieckim rozmawiali, <a href=\"http:\/\/radiomaria.com.pl\/wp-content\/uploads\/2021\/04\/07.04.-K%C5%82ami%C4%85.mp3\"><img loading=\"lazy\" decoding=\"async\" width=\"150\" height=\"92\" class=\"wp-image-43587\" style=\"width: 150px;\" src=\"https:\/\/htb.com.pl\/wp-content\/uploads\/2021\/04\/Kaczy\u0144ski-M.png\" alt=\"\" srcset=\"https:\/\/htb.com.pl\/wp-content\/uploads\/2021\/04\/Kaczy\u0144ski-M.png 896w, https:\/\/htb.com.pl\/wp-content\/uploads\/2021\/04\/Kaczy\u0144ski-M-300x185.png 300w, https:\/\/htb.com.pl\/wp-content\/uploads\/2021\/04\/Kaczy\u0144ski-M-768x473.png 768w, https:\/\/htb.com.pl\/wp-content\/uploads\/2021\/04\/Kaczy\u0144ski-M-600x370.png 600w\" sizes=\"auto, (max-width: 150px) 100vw, 150px\" \/><\/a> jak teraz b\u0119d\u0105 k\u0142amali, \u017ceby do wybor\u00f3w &#8211; a b\u0119d\u0105 za trzy lata dotrwali. Mafiozi nawet do Unii Europejskiej pana Jaros\u0142awa Kaczy\u0144skiego przekonali. Kwestie finansowe uwypuklali, ca\u0142\u0105 reszt\u0119, a szczeg\u00f3lnie unijn\u0105 praworz\u0105dno\u015b\u0107 w z\u0142ym \u015bwietle pokazywali.<\/p>\n\n\n\n<p>Dziennikarze za\u015b opozycj\u0119 krytykuj\u0105 i do ataku na rz\u0105dz\u0105cych nawo\u0142uj\u0105. Jest wojna, nie zmienia si\u0119 koni podczas pokonywania brodu. Je\u017celi co\u015b nie dzia\u0142a to si\u0119 dow\u00f3dc\u0119 wpi&#8230;.la, takiego jak doktor Mazur z Rzeszowa mianuje i trudno\u015bci pokonuje. Kiedy\u015b wasze &#8211; dziennikarskie \u015brodowisko afer\u0119 Rywina wywo\u0142a\u0142o, troch\u0119 reklam przy tym si\u0119 sprzeda\u0142o ale ludzi z wyobra\u017ani\u0105 w polityce niewielu zosta\u0142o. A na takich w\u0142a\u015bnie teraz postawi\u0107  by nale\u017ca\u0142o. To w nowej Polsce ju\u017c kilka razy si\u0119 udawa\u0142o. Ostatnio tak dziur\u0119 Bauca po rz\u0105dach AWS si\u0119 zasypa\u0142o. Gdy patrz\u0119 na redaktora Andrzeja Mrozowskiego, kt\u00f3ry w programie TVN 24  &#8220;Tak jest&#8221; udaje m\u0105drego <a href=\"http:\/\/radiomaria.com.pl\/wp-content\/uploads\/2021\/04\/08.04.-Politycy-g%C3%B3r%C4%85.mp3\"><img loading=\"lazy\" decoding=\"async\" width=\"150\" height=\"95\" class=\"wp-image-43591\" style=\"width: 150px;\" src=\"https:\/\/htb.com.pl\/wp-content\/uploads\/2021\/04\/Redaktor.jpg\" alt=\"\" srcset=\"https:\/\/htb.com.pl\/wp-content\/uploads\/2021\/04\/Redaktor.jpg 604w, https:\/\/htb.com.pl\/wp-content\/uploads\/2021\/04\/Redaktor-300x190.jpg 300w, https:\/\/htb.com.pl\/wp-content\/uploads\/2021\/04\/Redaktor-600x379.jpg 600w\" sizes=\"auto, (max-width: 150px) 100vw, 150px\" \/><\/a> <a href=\"http:\/\/radiomaria.com.pl\/wp-content\/uploads\/2021\/04\/09.04.-Zadanie.mp3\"><img loading=\"lazy\" decoding=\"async\" width=\"150\" height=\"89\" class=\"wp-image-43643\" style=\"width: 150px;\" src=\"https:\/\/htb.com.pl\/wp-content\/uploads\/2021\/04\/Pow\u00f3rka.jpg\" alt=\"\" srcset=\"https:\/\/htb.com.pl\/wp-content\/uploads\/2021\/04\/Pow\u00f3rka.jpg 630w, https:\/\/htb.com.pl\/wp-content\/uploads\/2021\/04\/Pow\u00f3rka-300x178.jpg 300w, https:\/\/htb.com.pl\/wp-content\/uploads\/2021\/04\/Pow\u00f3rka-600x355.jpg 600w\" sizes=\"auto, (max-width: 150px) 100vw, 150px\" \/><\/a> i jest o\u015bmieszany przez ludzi z dzisiejszego \u015bwiata politycznego. Bardzo mi brakuje \u015bwiata Marysinego. Tego UB-eckiego wg. prezydenta naszego. W\u0142a\u015bnie On Prezydent, Flaga i God\u0142o by\u0142yby szanowane, a nie wy\u015bmiewane. Ju\u017c nie tylko na Kremlu ale nawet w Mi\u0144sku. Kto\u015b powie ale o co chodzi, przecie\u017c w mediach m\u00f3wi\u0105, \u017ce wy\u015bmiewania prezydenta nam nie szkodzi.<\/p>\n\n\n\n<figure class=\"wp-block-image size-large\"><img loading=\"lazy\" decoding=\"async\" width=\"300\" height=\"476\" src=\"https:\/\/htb.com.pl\/wp-content\/uploads\/2019\/11\/Wojciechj.jpg\" alt=\"\" class=\"wp-image-12172\" srcset=\"https:\/\/htb.com.pl\/wp-content\/uploads\/2019\/11\/Wojciechj.jpg 300w, https:\/\/htb.com.pl\/wp-content\/uploads\/2019\/11\/Wojciechj-189x300.jpg 189w\" sizes=\"auto, (max-width: 300px) 100vw, 300px\" \/><\/figure>\n\n\n\n<p>Obra\u017canie prezydenta szkodzi &#8211; to zdj\u0119cie, przedstawiaj\u0105ce W\u0142adimira Putina, wpatrzonego w genera\u0142a Wojciecha Jaruzelskiego pokazuje wy\u017cszo\u015b\u0107 \u015bwiata Marysinego, od tego obecnego.<\/p>\n\n\n\n<p>Bardzo bym chcia\u0142, aby\u015bmy znowu umieli odr\u00f3\u017cnia\u0107 dobro od z\u0142ego.<\/p>\n\n\n\n<p>Mo\u017ce co\u015b uspokajaj\u0105cego?<\/p>\n\n\n\n<figure class=\"wp-block-image size-large\"><a href=\"https:\/\/htb.com.pl\/?product=herbatka-nocne-upojenie-10-g\"><img loading=\"lazy\" decoding=\"async\" width=\"1000\" height=\"1000\" src=\"https:\/\/htb.com.pl\/wp-content\/uploads\/2020\/05\/herbatka_nocne_upojenie.png\" alt=\"\" class=\"wp-image-24046\" srcset=\"https:\/\/htb.com.pl\/wp-content\/uploads\/2020\/05\/herbatka_nocne_upojenie.png 1000w, https:\/\/htb.com.pl\/wp-content\/uploads\/2020\/05\/herbatka_nocne_upojenie-300x300.png 300w, https:\/\/htb.com.pl\/wp-content\/uploads\/2020\/05\/herbatka_nocne_upojenie-150x150.png 150w, https:\/\/htb.com.pl\/wp-content\/uploads\/2020\/05\/herbatka_nocne_upojenie-768x768.png 768w, https:\/\/htb.com.pl\/wp-content\/uploads\/2020\/05\/herbatka_nocne_upojenie-600x600.png 600w, https:\/\/htb.com.pl\/wp-content\/uploads\/2020\/05\/herbatka_nocne_upojenie-100x100.png 100w\" sizes=\"auto, (max-width: 1000px) 100vw, 1000px\" \/><\/a><\/figure>\n","protected":false},"excerpt":{"rendered":"<p>Wydarzenia z kolejnego tygodnia przedstawi\u0119 w formie satyrycznego monologu. Nie mam o tym poj\u0119cia ale mo\u017ce to poka\u017ce, \u017ce podobnie dzia\u0142aj\u0105 nasi dziennikarze. Ch\u0142opaki z razwietupura brak medi\u00f3w publicznych i niekompetencj\u0119 komercyjnych w pe\u0142ni wykorzystuj\u0105 i j\u0119zyk w\u0119gierski, jako ten obowi\u0105zuj\u0105cy w ich nowej Europie promuj\u0105. Dw\u00f3ch Mateo &#8211; Morawiecki i Salvini w Budapeszcie po [&hellip;]<\/p>\n","protected":false},"author":1,"featured_media":43643,"comment_status":"open","ping_status":"open","sticky":false,"template":"","format":"standard","meta":{"_jetpack_memberships_contains_paid_content":false,"footnotes":""},"categories":[4],"tags":[716,717],"class_list":["post-43579","post","type-post","status-publish","format-standard","has-post-thumbnail","hentry","category-daty-i-fakty-blog","tag-dziennikarze","tag-publicysci-artysci"],"jetpack_sharing_enabled":true,"jetpack_featured_media_url":"https:\/\/htb.com.pl\/wp-content\/uploads\/2021\/04\/Pow\u00f3rka.jpg","_links":{"self":[{"href":"https:\/\/htb.com.pl\/index.php?rest_route=\/wp\/v2\/posts\/43579","targetHints":{"allow":["GET"]}}],"collection":[{"href":"https:\/\/htb.com.pl\/index.php?rest_route=\/wp\/v2\/posts"}],"about":[{"href":"https:\/\/htb.com.pl\/index.php?rest_route=\/wp\/v2\/types\/post"}],"author":[{"embeddable":true,"href":"https:\/\/htb.com.pl\/index.php?rest_route=\/wp\/v2\/users\/1"}],"replies":[{"embeddable":true,"href":"https:\/\/htb.com.pl\/index.php?rest_route=%2Fwp%2Fv2%2Fcomments&post=43579"}],"version-history":[{"count":10,"href":"https:\/\/htb.com.pl\/index.php?rest_route=\/wp\/v2\/posts\/43579\/revisions"}],"predecessor-version":[{"id":43650,"href":"https:\/\/htb.com.pl\/index.php?rest_route=\/wp\/v2\/posts\/43579\/revisions\/43650"}],"wp:featuredmedia":[{"embeddable":true,"href":"https:\/\/htb.com.pl\/index.php?rest_route=\/wp\/v2\/media\/43643"}],"wp:attachment":[{"href":"https:\/\/htb.com.pl\/index.php?rest_route=%2Fwp%2Fv2%2Fmedia&parent=43579"}],"wp:term":[{"taxonomy":"category","embeddable":true,"href":"https:\/\/htb.com.pl\/index.php?rest_route=%2Fwp%2Fv2%2Fcategories&post=43579"},{"taxonomy":"post_tag","embeddable":true,"href":"https:\/\/htb.com.pl\/index.php?rest_route=%2Fwp%2Fv2%2Ftags&post=43579"}],"curies":[{"name":"wp","href":"https:\/\/api.w.org\/{rel}","templated":true}]}}