{"id":43945,"date":"2021-04-16T11:46:59","date_gmt":"2021-04-16T11:46:59","guid":{"rendered":"https:\/\/htb.com.pl\/?p=43945"},"modified":"2021-04-16T14:46:37","modified_gmt":"2021-04-16T14:46:37","slug":"twardy-elektorat","status":"publish","type":"post","link":"https:\/\/htb.com.pl\/?p=43945","title":{"rendered":"Twardy elektorat"},"content":{"rendered":"\n<p><\/p>\n\n\n\n<figure class=\"wp-block-image size-thumbnail\"><a href=\"https:\/\/htb.com.pl\/wp-content\/uploads\/2021\/04\/Twardy-elektorat.mp3\"><img loading=\"lazy\" decoding=\"async\" width=\"150\" height=\"150\" src=\"https:\/\/htb.com.pl\/wp-content\/uploads\/2018\/04\/posluchaj-150x150.jpg\" alt=\"\" class=\"wp-image-2020\" srcset=\"https:\/\/htb.com.pl\/wp-content\/uploads\/2018\/04\/posluchaj-150x150.jpg 150w, https:\/\/htb.com.pl\/wp-content\/uploads\/2018\/04\/posluchaj-300x300.jpg 300w, https:\/\/htb.com.pl\/wp-content\/uploads\/2018\/04\/posluchaj-100x100.jpg 100w\" sizes=\"auto, (max-width: 150px) 100vw, 150px\" \/><\/a><\/figure>\n\n\n\n<p>To kolejny zwrot, kt\u00f3ry ostatnio w naszej polityce robi karier\u0119. Dzia\u0142ania ch\u0142opak\u00f3w z razwietpura sprawi\u0142y, \u017ce co\u015b takiego jak twardy elektorat \u017ali politycy w\u015br\u00f3d nas wytworzyli i nas sk\u0142\u00f3cili. Ostatnio ci co wg. planu Rosjan dzia\u0142aj\u0105, cho\u0107 moim zdanie sprawy z tego sobie nie zdaj\u0105, wszystko poki\u0107kali, bo to co mia\u0142o by\u0107 jedno\u015bci\u0105, na cz\u0119\u015bci porozk\u0142adali, czym moim zdaniem ruskich zdenerwowali. To dobrze &#8211; gdyby\u015bmy teraz dobrych polityk\u00f3w, publicyst\u00f3w, dziennikarzy mieli, pewnie z k\u0142opot\u00f3w wyj\u015b\u0107 by\u015bmy umieli. Tak jednak nie mamy i co\u015b mi si\u0119 zadaje, \u017ce znowu przegramy. Chyba, \u017ce Marysi pos\u0142uchamy.<\/p>\n\n\n\n<p>Pisz\u0119 o niej od lat, a ostatnio z jej perspektywy przedstawiam \u015bwiat i teraz spr\u00f3buj\u0119 opisa\u0107 to co dzi\u015b mamy w tytule.<\/p>\n\n\n\n<p>Ona na pocz\u0105tku swojego w Polsce dzia\u0142ania (po mordzie na ks. Popie\u0142uszko) nie by\u0142a lubiana. By\u0142a wyzywana, wy\u015bmiewana, a czasem obra\u017cana. Mog\u0142a wykorzysta\u0107 sw\u00f3j &#8220;twardy elektorat&#8221;, mia\u0142a swoich ludzi, kt\u00f3rzy poszliby za ni\u0105 w ogie\u0144 ale tego nie robi\u0142a, tylko wsp\u00f3lnego mianownika szuka\u0142a. Cho\u0107 musz\u0119 przyzna\u0107, \u017ce czasem komu\u015b po mordzie da\u0142a. Zwykle jednak z tym co si\u0119 pobi\u0142a, potem si\u0119 spi\u0142a. Wtedy to dzia\u0142a\u0142o, dzi\u015b pewnie te\u017c tak by si\u0119 da\u0142o. Kiedy\u015b na dansingu podczas awantury jej pi\u0119kna sukienka si\u0119 zniszczy\u0142a, zapyta\u0142em wtedy, czemu swoich &#8220;przystojniak\u00f3w&#8221; nie sprowadzi\u0142a. Gdybym swoich ludzi tu u\u017cy\u0142a, wszystkich ze wszystkimi bym sk\u0142\u00f3ci\u0142a. <\/p>\n\n\n\n<p>Zapami\u0119tajcie Kochani to zadnia &#8211; a teraz wydarzenia z ostatniego tygodnia z jej perspektywy opisane.<\/p>\n\n\n\n<p>Nie \u017cyje ksi\u0105\u017c\u0119 Filip, m\u0105\u017c brytyjskiej kr\u00f3lowej El\u017cbiety II i ojciec nast\u0119pcy tronu ksi\u0119cia Karola, dziadek ksi\u0105\u017c\u0105t Williama i Harry\u2019ego. <a href=\"http:\/\/radiomaria.com.pl\/wp-content\/uploads\/2021\/04\/09.04.-Ksi%C4%85ze-Filip-nie-%C5%BCyje.mp3\"><img loading=\"lazy\" decoding=\"async\" width=\"150\" height=\"100\" class=\"wp-image-43946\" style=\"width: 150px;\" src=\"https:\/\/htb.com.pl\/wp-content\/uploads\/2021\/04\/Ksi\u0105\u017c\u0119-Filip.jpg\" alt=\"\" srcset=\"https:\/\/htb.com.pl\/wp-content\/uploads\/2021\/04\/Ksi\u0105\u017c\u0119-Filip.jpg 815w, https:\/\/htb.com.pl\/wp-content\/uploads\/2021\/04\/Ksi\u0105\u017c\u0119-Filip-300x200.jpg 300w, https:\/\/htb.com.pl\/wp-content\/uploads\/2021\/04\/Ksi\u0105\u017c\u0119-Filip-768x512.jpg 768w, https:\/\/htb.com.pl\/wp-content\/uploads\/2021\/04\/Ksi\u0105\u017c\u0119-Filip-600x400.jpg 600w\" sizes=\"auto, (max-width: 150px) 100vw, 150px\" \/><\/a> Trudno mi powi\u0105za\u0107 Marysi\u0119 z rodzin\u0105 kr\u00f3lewsk\u0105 &#8211; chocia\u017c. Ona walczy\u0142a z terroryzmem, odnios\u0142a rany w zamachu bombowym IRA  27 sierpniu 1979 w irlandzkiej miejscowo\u015bci Warrenpoint nad jeziorem Carlingford. Tego dna by\u0142 te\u017c drugo zamach, po drugiej stronie irlandzkiej wyspy i tam zgina\u0142 Lord Louis Frances Victor Albert Nicholas, kt\u00f3ry mia\u0142 powi\u0105zania z rodzina kr\u00f3lewsk\u0105. Marysia wysz\u0142a z tego i zosta\u0142a awansowana na pierwszy stopie\u0144 oficerski armii brytyjskiej. Potem zwalcza\u0142a terroryzm w Hiszpanii.  Musia\u0142a to robi\u0107 dobrze, bo w 1986 by\u0142a ju\u017c majorem, czyli oficerem seniorem armii brytyjskiej. Teraz, gdy o tym my\u015bl\u0119, dochodz\u0119 do wniosku, \u017ce gdy umiera kto\u015b taki jak ksi\u0105\u017c\u0119 Filip, dla wielu jest to odej\u015bcie kogo\u015b, kogo nikt nie mo\u017ce zast\u0105pi\u0107. Tak by\u0142o u mnie po \u015bmierci Marysi. Co\u015b si\u0119 sko\u0144czy\u0142o, a ja tak bym chcia\u0142, \u017ceby wr\u00f3ci\u0142o.<\/p>\n\n\n\n<p><strong>09.04. Raport COVID-19; ZAKA\u017bENIA -28487, ZMAR\u0141O \u2013 768. <\/strong><a href=\"http:\/\/radiomaria.com.pl\/wp-content\/uploads\/2021\/04\/10.04.-Nas-nie-b%C4%99dzie.mp3\"><img loading=\"lazy\" decoding=\"async\" width=\"150\" height=\"113\" class=\"wp-image-43948\" style=\"width: 150px;\" src=\"https:\/\/htb.com.pl\/wp-content\/uploads\/2021\/04\/Intensywna-terapia.jpg\" alt=\"\" srcset=\"https:\/\/htb.com.pl\/wp-content\/uploads\/2021\/04\/Intensywna-terapia.jpg 640w, https:\/\/htb.com.pl\/wp-content\/uploads\/2021\/04\/Intensywna-terapia-300x225.jpg 300w, https:\/\/htb.com.pl\/wp-content\/uploads\/2021\/04\/Intensywna-terapia-600x450.jpg 600w\" sizes=\"auto, (max-width: 150px) 100vw, 150px\" \/><\/a><strong> Te liczby to ludzie!&nbsp;<\/strong><\/p>\n\n\n\n<p>Nie b\u0119d\u0119 kolejny raz pisa\u0142, \u017ce do rz\u0105dzenia nale\u017cy wybiera\u0107 ludzi z wyobra\u017ani\u0105. Marysia ci\u0105gle to zdanie przytacza\u0142a, a jako przyk\u0142ad, \u017ce ludzi bez wyobra\u017ani wybiera\u0107 nie wolno &#8211; sanacj\u0119 i J\u00f3zefa Pi\u0142sudskiego dawa\u0142a. My takich w\u0142a\u015bnie ludzi wybieramy, wiec za tragedi\u0119 Narodu Polskiego odpowiadamy!<\/p>\n\n\n\n<p>10 kwietnia mija 11 lat od katastrofy smole\u0144skiej. <a href=\"http:\/\/radiomaria.com.pl\/wp-content\/uploads\/2021\/04\/To-mog%C5%82oby%C4%87-ostatnie-takie-pobrz%C4%99kiwanie.mp3\"><img loading=\"lazy\" decoding=\"async\" width=\"150\" height=\"84\" class=\"wp-image-43981\" style=\"width: 150px;\" src=\"https:\/\/htb.com.pl\/wp-content\/uploads\/2021\/04\/Smole\u0144ska-k.jpg\" alt=\"\" srcset=\"https:\/\/htb.com.pl\/wp-content\/uploads\/2021\/04\/Smole\u0144ska-k.jpg 840w, https:\/\/htb.com.pl\/wp-content\/uploads\/2021\/04\/Smole\u0144ska-k-300x169.jpg 300w, https:\/\/htb.com.pl\/wp-content\/uploads\/2021\/04\/Smole\u0144ska-k-768x432.jpg 768w, https:\/\/htb.com.pl\/wp-content\/uploads\/2021\/04\/Smole\u0144ska-k-600x337.jpg 600w\" sizes=\"auto, (max-width: 150px) 100vw, 150px\" \/><\/a> Prosz\u0119 klikn\u0105\u0107 zdj\u0119cie i pos\u0142ucha\u0107 jak nieprzestrzeganie procedur doprowadzi\u0142o do tragedii. Tak dzia\u0142aj\u0105 ludzie, kt\u00f3rzy kogo\u015b takiego jak J\u00f3zef Pi\u0142sudski za wz\u00f3r stawiaj\u0105. Oni si\u0119 nie zmieniaj\u0105. Teraz u szczytu pandemii na Jasn\u0105 G\u00f3r\u0119, na zlot motocyklist\u00f3w przyje\u017cd\u017caj\u0105 <a href=\"http:\/\/radiomaria.com.pl\/wp-content\/uploads\/2021\/04\/11.04.-Rajd-Katy%C5%84ski.mp3\"><img loading=\"lazy\" decoding=\"async\" width=\"150\" height=\"93\" class=\"wp-image-43983\" style=\"width: 150px;\" src=\"https:\/\/htb.com.pl\/wp-content\/uploads\/2021\/04\/Zlot.jpg\" alt=\"\" srcset=\"https:\/\/htb.com.pl\/wp-content\/uploads\/2021\/04\/Zlot.jpg 635w, https:\/\/htb.com.pl\/wp-content\/uploads\/2021\/04\/Zlot-300x185.jpg 300w, https:\/\/htb.com.pl\/wp-content\/uploads\/2021\/04\/Zlot-600x370.jpg 600w\" sizes=\"auto, (max-width: 150px) 100vw, 150px\" \/><\/a> i wszelkie przepisy, czy cho\u0107by zdrowy rozs\u0105dek w d..ie maj\u0105.<\/p>\n\n\n\n<p>Nie wszystko jest z\u0142e. Cz\u0119\u015b\u0107 s\u0105downictwa si\u0119 uchowa\u0142a i pana Zbigniewa Ziobr\u0119 kolejny raz zdenerwowa\u0142a. <img loading=\"lazy\" decoding=\"async\" width=\"150\" height=\"75\" class=\"wp-image-43988\" style=\"width: 150px;\" src=\"https:\/\/htb.com.pl\/wp-content\/uploads\/2021\/04\/Ziobro.jpg\" alt=\"\" srcset=\"https:\/\/htb.com.pl\/wp-content\/uploads\/2021\/04\/Ziobro.jpg 636w, https:\/\/htb.com.pl\/wp-content\/uploads\/2021\/04\/Ziobro-300x151.jpg 300w, https:\/\/htb.com.pl\/wp-content\/uploads\/2021\/04\/Ziobro-600x302.jpg 600w\" sizes=\"auto, (max-width: 150px) 100vw, 150px\" \/> Ten m\u0142ody cz\u0142owiek zdecydowa\u0142, \u017ce S\u0142awomir Nowak b\u0119dzie garowa\u0142. Pani S\u0119dzina inaczej zdecydowa\u0142a i tym w\u0142a\u015bnie pana Ziobr\u0119 zdenerwowa\u0142a. <a href=\"http:\/\/radiomaria.com.pl\/wp-content\/uploads\/2021\/04\/12.04.-S%C5%82awomir-N.mp3\"><img loading=\"lazy\" decoding=\"async\" width=\"150\" height=\"113\" class=\"wp-image-43989\" style=\"width: 150px;\" src=\"https:\/\/htb.com.pl\/wp-content\/uploads\/2021\/04\/Bia\u0142o\u0142\u0119ka.jpg\" alt=\"\" srcset=\"https:\/\/htb.com.pl\/wp-content\/uploads\/2021\/04\/Bia\u0142o\u0142\u0119ka.jpg 640w, https:\/\/htb.com.pl\/wp-content\/uploads\/2021\/04\/Bia\u0142o\u0142\u0119ka-300x225.jpg 300w, https:\/\/htb.com.pl\/wp-content\/uploads\/2021\/04\/Bia\u0142o\u0142\u0119ka-600x450.jpg 600w\" sizes=\"auto, (max-width: 150px) 100vw, 150px\" \/><\/a> Po 9-ciu miesi\u0105cach z aresztu \u015bledczego, wychodzi S\u0142awomir Nowak. Pan Ziobro twierdzi, \u017ce to wina Tuska. Bo dzie\u0144 wcze\u015bniej narzeka\u0142, \u017ce nasza sprawiedliwo\u015b\u0107 jest &#8220;ruska&#8221;. No mo\u017ce nie ruska ale<strong> bizantyjska<\/strong>. Ja wola\u0142bym, aby praworz\u0105dno\u015b\u0107 by\u0142a  rzymska. Tam oskar\u017cony to nie osadzony. W <a href=\"http:\/\/stacja.radiohost.pl\/customBoxes\/link\/568\/8d5a0\/type\/aplayer2\/\">Radiu MARIA<\/a> tak\u0105 audycje mamy, gdzie z Frankiem, <a href=\"http:\/\/radiomaria.com.pl\/wp-content\/uploads\/2021\/04\/Wywiad-z-Frankiem-podatki.mp3\"><img loading=\"lazy\" decoding=\"async\" width=\"150\" height=\"113\" class=\"wp-image-22707\" style=\"width: 150px;\" src=\"https:\/\/htb.com.pl\/wp-content\/uploads\/2020\/04\/Franek.jpg\" alt=\"\" srcset=\"https:\/\/htb.com.pl\/wp-content\/uploads\/2020\/04\/Franek.jpg 1024w, https:\/\/htb.com.pl\/wp-content\/uploads\/2020\/04\/Franek-300x225.jpg 300w, https:\/\/htb.com.pl\/wp-content\/uploads\/2020\/04\/Franek-768x577.jpg 768w, https:\/\/htb.com.pl\/wp-content\/uploads\/2020\/04\/Franek-600x451.jpg 600w\" sizes=\"auto, (max-width: 150px) 100vw, 150px\" \/><\/a> to pseudonim osadzonego rozmawiamy. Czasem o Marysi gadamy, mo\u017cna pos\u0142ucha\u0107 w <a href=\"http:\/\/radiomaria.com.pl\/?p=629\">PODKASTACH<\/a> i <a href=\"http:\/\/radiomaria.com.pl\/?p=22\">ARCHIWUM<\/a>. Tam s\u0105 te\u017c inne audycje. <\/p>\n\n\n\n<p><strong>Bizancjum<\/strong> to po\u0142\u0105czenie tronu i o\u0142tarza, a autorytet w\u0142adzy w ogromnych budowlach i przepychu si\u0119 wyra\u017ca. Nasi \u017ali politycy niczego jeszcze nie wybudowali, a jedynie wybudowa\u0107 obiecali. Przy planowaniu wie\u017c Kaczy\u0144skiego Birkfellnera&nbsp; oszukali i Mierzeje Wi\u015blan\u0105 troch\u0119 rozkopali.  Inaczej jest jak chodzi o hierarch\u00f3w ko\u015bcio\u0142a rzymskokatolickiego. Liche\u0144, imperium o. Tadeusza Rydzyka, a i planowany  Nycz Tawer &#8211; biurowiec, jak ten Kaczy\u0144skiego &#8211; tyle, \u017ce ten powstanie, bo tu jest budowanie, a nie gadanie. \u0141\u0105czy to jedynie z naszych podatk\u00f3w finansowanie i o twardy elektorat zabieganie. czyli wiara, ze tak przy w\u0142adzy si\u0119 zostanie i nic si\u0119 nie stanie.  Ostatnio biskupi o szczepionkach do twardego elektoratu gadali <a href=\"http:\/\/radiomaria.com.pl\/wp-content\/uploads\/2021\/04\/15.04.-Z%C5%82y-ko%C5%84.mp3\"><img loading=\"lazy\" decoding=\"async\" width=\"150\" height=\"84\" class=\"wp-image-44004\" style=\"width: 150px;\" src=\"https:\/\/htb.com.pl\/wp-content\/uploads\/2021\/04\/Biskup.png\" alt=\"\" srcset=\"https:\/\/htb.com.pl\/wp-content\/uploads\/2021\/04\/Biskup.png 475w, https:\/\/htb.com.pl\/wp-content\/uploads\/2021\/04\/Biskup-300x167.png 300w\" sizes=\"auto, (max-width: 150px) 100vw, 150px\" \/><\/a> &#8211; my\u015bl\u0119 jednak, \u017ce r\u00f3wnie\u017c interes ch\u0142opak\u00f3w z razwietpura za\u0142atwili. Ci szczepionk\u0119 Sputnik Unii Europejskie zaoferowali ale pe\u0142nej dokumentacji na razie nie pokazali. Biskupi jednak uznali. \u017ce lepiej by by\u0142o,  \u017ceby\u015bmy sprawdzonych i przebadanych szczepionek  AstraZeneci i  Johnson &amp; Johnson nie stosowali.<\/p>\n\n\n\n<p>My to wszystko ju\u017c 2015 roku zamachem stany \u017ce\u015bmy nazwali, wi\u0119c tego co  z Rzecznikiem Praw Obywatelskich, <a href=\"http:\/\/radiomaria.com.pl\/wp-content\/uploads\/2021\/04\/15.04.-Pokonani.mp3\"><img loading=\"lazy\" decoding=\"async\" width=\"150\" height=\"64\" class=\"wp-image-44006\" style=\"width: 150px;\" src=\"https:\/\/htb.com.pl\/wp-content\/uploads\/2021\/04\/15tk.jpg\" alt=\"\" srcset=\"https:\/\/htb.com.pl\/wp-content\/uploads\/2021\/04\/15tk.jpg 700w, https:\/\/htb.com.pl\/wp-content\/uploads\/2021\/04\/15tk-300x129.jpg 300w, https:\/\/htb.com.pl\/wp-content\/uploads\/2021\/04\/15tk-600x257.jpg 600w\" sizes=\"auto, (max-width: 150px) 100vw, 150px\" \/><\/a> zrobiono, orzeczeniem trybuna\u0142u konstytucyjnego nie b\u0119dziemy nazywali. Chc\u0119 tylko, \u017ceby\u015bcie Pa\u0144stwo pami\u0119tali, \u017ce to  my, \u017ce\u015bmy tych polityk\u00f3w wybrali, a oni ostatni\u0105 demokratyczn\u0105 instytucje w Polsce zlikwidowali i na Rzecznika Praw Obywatelskich kolejny raz, &#8220;swojego&#8221;,  Bart\u0142omieja Wr\u00f3blewskiego  zaproponowali.<\/p>\n\n\n\n<h2 class=\"wp-block-heading\">Nowo\u015b\u0107  ofercie <a href=\"https:\/\/htb.com.pl\/?page_id=300\">SKLEPU INTERNETOWEGO<\/a><\/h2>\n\n\n\n<figure class=\"wp-block-image size-large\"><a href=\"https:\/\/htb.com.pl\/?product=olej-konopny-do-ciala-wlosow-i-paznokci-cbd-wystepuje-naturalnie-w-roslinie-50ml\"><img loading=\"lazy\" decoding=\"async\" width=\"500\" height=\"500\" src=\"https:\/\/htb.com.pl\/wp-content\/uploads\/2021\/04\/olej_spray-przod-ma\u0142y.png\" alt=\"\" class=\"wp-image-44013\" srcset=\"https:\/\/htb.com.pl\/wp-content\/uploads\/2021\/04\/olej_spray-przod-ma\u0142y.png 500w, https:\/\/htb.com.pl\/wp-content\/uploads\/2021\/04\/olej_spray-przod-ma\u0142y-300x300.png 300w, https:\/\/htb.com.pl\/wp-content\/uploads\/2021\/04\/olej_spray-przod-ma\u0142y-150x150.png 150w, https:\/\/htb.com.pl\/wp-content\/uploads\/2021\/04\/olej_spray-przod-ma\u0142y-100x100.png 100w\" sizes=\"auto, (max-width: 500px) 100vw, 500px\" \/><\/a><\/figure>\n","protected":false},"excerpt":{"rendered":"<p>To kolejny zwrot, kt\u00f3ry ostatnio w naszej polityce robi karier\u0119. Dzia\u0142ania ch\u0142opak\u00f3w z razwietpura sprawi\u0142y, \u017ce co\u015b takiego jak twardy elektorat \u017ali politycy w\u015br\u00f3d nas wytworzyli i nas sk\u0142\u00f3cili. Ostatnio ci co wg. planu Rosjan dzia\u0142aj\u0105, cho\u0107 moim zdanie sprawy z tego sobie nie zdaj\u0105, wszystko poki\u0107kali, bo to co mia\u0142o by\u0107 jedno\u015bci\u0105, na cz\u0119\u015bci [&hellip;]<\/p>\n","protected":false},"author":1,"featured_media":43981,"comment_status":"open","ping_status":"open","sticky":false,"template":"","format":"standard","meta":{"_jetpack_memberships_contains_paid_content":false,"footnotes":""},"categories":[4],"tags":[720],"class_list":["post-43945","post","type-post","status-publish","format-standard","has-post-thumbnail","hentry","category-daty-i-fakty-blog","tag-twardy-elektorat"],"jetpack_sharing_enabled":true,"jetpack_featured_media_url":"https:\/\/htb.com.pl\/wp-content\/uploads\/2021\/04\/Smole\u0144ska-k.jpg","_links":{"self":[{"href":"https:\/\/htb.com.pl\/index.php?rest_route=\/wp\/v2\/posts\/43945","targetHints":{"allow":["GET"]}}],"collection":[{"href":"https:\/\/htb.com.pl\/index.php?rest_route=\/wp\/v2\/posts"}],"about":[{"href":"https:\/\/htb.com.pl\/index.php?rest_route=\/wp\/v2\/types\/post"}],"author":[{"embeddable":true,"href":"https:\/\/htb.com.pl\/index.php?rest_route=\/wp\/v2\/users\/1"}],"replies":[{"embeddable":true,"href":"https:\/\/htb.com.pl\/index.php?rest_route=%2Fwp%2Fv2%2Fcomments&post=43945"}],"version-history":[{"count":32,"href":"https:\/\/htb.com.pl\/index.php?rest_route=\/wp\/v2\/posts\/43945\/revisions"}],"predecessor-version":[{"id":44035,"href":"https:\/\/htb.com.pl\/index.php?rest_route=\/wp\/v2\/posts\/43945\/revisions\/44035"}],"wp:featuredmedia":[{"embeddable":true,"href":"https:\/\/htb.com.pl\/index.php?rest_route=\/wp\/v2\/media\/43981"}],"wp:attachment":[{"href":"https:\/\/htb.com.pl\/index.php?rest_route=%2Fwp%2Fv2%2Fmedia&parent=43945"}],"wp:term":[{"taxonomy":"category","embeddable":true,"href":"https:\/\/htb.com.pl\/index.php?rest_route=%2Fwp%2Fv2%2Fcategories&post=43945"},{"taxonomy":"post_tag","embeddable":true,"href":"https:\/\/htb.com.pl\/index.php?rest_route=%2Fwp%2Fv2%2Ftags&post=43945"}],"curies":[{"name":"wp","href":"https:\/\/api.w.org\/{rel}","templated":true}]}}