{"id":44300,"date":"2021-04-23T06:13:11","date_gmt":"2021-04-23T06:13:11","guid":{"rendered":"https:\/\/htb.com.pl\/?p=44300"},"modified":"2021-04-23T08:17:27","modified_gmt":"2021-04-23T08:17:27","slug":"nie-omnipotentne","status":"publish","type":"post","link":"https:\/\/htb.com.pl\/?p=44300","title":{"rendered":"Nie omnipotentne"},"content":{"rendered":"\n<p><\/p>\n\n\n\n<p><\/p>\n\n\n\n<figure class=\"wp-block-image size-thumbnail\"><a href=\"https:\/\/htb.com.pl\/wp-content\/uploads\/2021\/04\/Nie-omnipotentne.mp3\"><img loading=\"lazy\" decoding=\"async\" width=\"150\" height=\"150\" src=\"https:\/\/htb.com.pl\/wp-content\/uploads\/2018\/04\/posluchaj-150x150.jpg\" alt=\"\" class=\"wp-image-2020\" srcset=\"https:\/\/htb.com.pl\/wp-content\/uploads\/2018\/04\/posluchaj-150x150.jpg 150w, https:\/\/htb.com.pl\/wp-content\/uploads\/2018\/04\/posluchaj-300x300.jpg 300w, https:\/\/htb.com.pl\/wp-content\/uploads\/2018\/04\/posluchaj-100x100.jpg 100w\" sizes=\"auto, (max-width: 150px) 100vw, 150px\" \/><\/a><\/figure>\n\n\n\n<p>Takie wg. pana Jaros\u0142awa Gowina powinno by\u0107 polskie pa\u0144stwo. W sobot\u0119 17 kwietnia jego  Porozumienie przedstawi\u0142o skr\u00f3towo sw\u00f3j program.<\/p>\n\n\n\n<p>Wed\u0142ug Gowina, pa\u0144stwo powinno by\u0107 silne, ale nie <strong>omnipotentne<\/strong>, czyli wszechw\u0142adne, wszechmog\u0105ce.&nbsp;Lubi\u0119 to okre\u015blenie, bo przypomina mi Marysi\u0119 (wcze\u015bniejsze wpisy). Nasz wsp\u00f3lny pacierz wieczorny, odmawiany po \u0142acinie. Od tego s\u0142owa zaczyna si\u0119 Wierz\u0119 w Boga Ojca &nbsp;<strong>Wszechmog\u0105cego<\/strong>. Ale nie tylko tu Jaros\u0142aw Gowin przywo\u0142a\u0142 Marysi\u0119. Oto kolejny fragment jego wyst\u0105pienia na konwencji.<\/p>\n\n\n\n<p>\u2013 Wiemy, \u017ce dobr\u0105 przysz\u0142o\u015b\u0107 buduje si\u0119 na fundamencie tradycji. T\u0105 tradycj\u0105, za kt\u00f3r\u0105 si\u0119 opowiadamy, jest tradycja wskazana przez \u015bw. Jana Paw\u0142a II, tradycja Polski Jagiello\u0144skiej, Polski wielu kultur i wielu religii, Polski dumnej z siebie, a jednocze\u015bnie otwartej i tolerancyjnej.&nbsp;<\/p>\n\n\n\n<p>To s\u0142owa Marysi, wielokrotnie przeze mnie przytaczane na blogu <a href=\"https:\/\/htb.com.pl\/?cat=4\">DATY I FAKTY<\/a> oraz w <a href=\"http:\/\/stacja.radiohost.pl\/customBoxes\/link\/568\/8d5a0\/type\/aplayer2\/\">Radiu MARIA<\/a>. Wielu s\u0142uchaczy zwr\u00f3ci\u0142o na to uwag\u0119. To cieszy. Ale dzi\u015b sytuacja Polski jest gorsza jak w czasach Marysi 1986-7 rok. Dzisiejsze zad\u0142u\u017cenie to nie 34 mld. USD ale bilion. Wtedy ko\u0144czyli\u015bmy budow\u0119 EJ\u017b, a dzi\u015b mamy tylko bardzo kosztowny zarz\u0105d takiej elektrowni.  Wtedy problem by\u0142 zdiagnozowany &#8211; gospodarka. Planow\u0105 nale\u017ca\u0142o zast\u0105pi\u0107 rynkow\u0105.  Marysia wiedzia\u0142a jak to zrobi\u0107, by\u0142a filozofem &#8211; jak pan Gowin. W filozofii jest taki kierunek, kt\u00f3ry nazywa si\u0119 leseferyzm. Od .francuskiego powiedzenia &nbsp;<em>laissez faire, laissez passer<\/em>). To znaczy daj spok\u00f3j, daj spok\u00f3j. Taka ustawa, gdzie by\u0142o dozwolone wszystko, co nie by\u0142o zabronione wesz\u0142a w \u017cycie ju\u017c po \u015bmierci Marysi 1 stycznia 1989 i obowi\u0105zywa\u0142a do 31 grudnia 2000.<strong> Trzeba do niej powr\u00f3ci\u0107!<\/strong> Chcia\u0142bym te\u017c zwr\u00f3ci\u0107 uwag\u0119, \u017ce polityk w tamtym czasie to by\u0142a s\u0142u\u017cba, a nie rodzinny biznes. Politycy nie pobierali wynagrodzenia, a jedynie diety. Nie wszystko jest z\u0142e, mamy dzi\u015b co\u015b, o czym Marysia mog\u0142a jedynie pomarzy\u0107. Unia Europejska &#8211; wtedy Europejska Wsp\u00f3lnota Gospodarcza EWG. My nale\u017celi\u015bmy o RWPG (Rada Wzajemnej Pomocy Gospodarczej) Dzi\u015b jeste\u015bmy cz\u0142onkiem najpot\u0119\u017cniejszego organizmu gospodarczego na \u015bwiecie. Nie spieprzy tego, bo nie mamy nic innego. Najgorsze jednak jest to, \u017ce pr\u00f3bujemy wr\u00f3ci\u0107 do starego, RWPG-oskiego.<\/p>\n\n\n\n<p>A teraz wydarzenia z ostatniego tygodnia.<\/p>\n\n\n\n<p>Odby\u0142 si\u0119 pogrzeb ksi\u0119cia Filipa. <a href=\"http:\/\/radiomaria.com.pl\/wp-content\/uploads\/2021\/04\/17.04.-Pogrzeb-ksi%C4%85cia-Filipa.mp3\"><img loading=\"lazy\" decoding=\"async\" width=\"150\" height=\"88\" class=\"wp-image-44313\" style=\"width: 150px;\" src=\"https:\/\/htb.com.pl\/wp-content\/uploads\/2021\/04\/Winsor.jpg\" alt=\"\" srcset=\"https:\/\/htb.com.pl\/wp-content\/uploads\/2021\/04\/Winsor.jpg 626w, https:\/\/htb.com.pl\/wp-content\/uploads\/2021\/04\/Winsor-300x177.jpg 300w, https:\/\/htb.com.pl\/wp-content\/uploads\/2021\/04\/Winsor-600x354.jpg 600w\" sizes=\"auto, (max-width: 150px) 100vw, 150px\" \/><\/a> Chcia\u0142bym, aby ci co &#8220;nier\u00f3bstwo&#8221; naszemu prezydentowi zarzucaj\u0105 &#8211; zauwa\u017cyli, \u017ce w\u0142a\u015bnie za to  Anglicy sw\u0105 Kr\u00f3low\u0105 El\u017cbiet\u0119 II kochaj\u0105. <\/p>\n\n\n\n<p>Czesi ch\u0142opak\u00f3w z razwietpura, GRU u siebie wykryli i ich wywalili. <a href=\"http:\/\/radiomaria.com.pl\/wp-content\/uploads\/2021\/04\/1804.-Czesi.mp3\"><img loading=\"lazy\" decoding=\"async\" width=\"150\" height=\"84\" class=\"wp-image-44317\" style=\"width: 150px;\" src=\"https:\/\/htb.com.pl\/wp-content\/uploads\/2021\/04\/Premier-Czech.jpg\" alt=\"\" srcset=\"https:\/\/htb.com.pl\/wp-content\/uploads\/2021\/04\/Premier-Czech.jpg 740w, https:\/\/htb.com.pl\/wp-content\/uploads\/2021\/04\/Premier-Czech-300x169.jpg 300w, https:\/\/htb.com.pl\/wp-content\/uploads\/2021\/04\/Premier-Czech-600x337.jpg 600w\" sizes=\"auto, (max-width: 150px) 100vw, 150px\" \/><\/a> U nas  widzia\u0142em jak nasi \u017ali politycy z nimi ta\u0144czyli, interesy robili. <a href=\"http:\/\/radiomaria.com.pl\/wp-content\/uploads\/2021\/04\/20.04.-Boscy-prezesi.mp3\"><img loading=\"lazy\" decoding=\"async\" width=\"150\" height=\"85\" class=\"wp-image-44337\" style=\"width: 150px;\" src=\"https:\/\/htb.com.pl\/wp-content\/uploads\/2021\/04\/Kaczy\u0144ski-Obajtek.jpg\" alt=\"\" srcset=\"https:\/\/htb.com.pl\/wp-content\/uploads\/2021\/04\/Kaczy\u0144ski-Obajtek.jpg 788w, https:\/\/htb.com.pl\/wp-content\/uploads\/2021\/04\/Kaczy\u0144ski-Obajtek-300x169.jpg 300w, https:\/\/htb.com.pl\/wp-content\/uploads\/2021\/04\/Kaczy\u0144ski-Obajtek-768x433.jpg 768w, https:\/\/htb.com.pl\/wp-content\/uploads\/2021\/04\/Kaczy\u0144ski-Obajtek-600x338.jpg 600w\" sizes=\"auto, (max-width: 150px) 100vw, 150px\" \/><\/a> . Gdyby Marysia \u017cy\u0142a, nigdy na co\u015b takiego by nie pozwoli\u0142a. Ona definicje mafii zna\u0142a i t\u0105 wiedz\u0119 zastosowa\u0107 umia\u0142a, a jak kto\u015b mia\u0142 tu problem, w pysk la\u0142a<\/p>\n\n\n\n<p>W\u0142adimir Putin cierpliwo\u015b\u0107 zachodu testuje i ogromne si\u0142y na granicy z Ukrain\u0105 koncentruje. <a href=\"http:\/\/radiomaria.com.pl\/wp-content\/uploads\/2021\/04\/18.04.-Rosja.mp3\"><img loading=\"lazy\" decoding=\"async\" width=\"150\" height=\"106\" class=\"wp-image-44319\" style=\"width: 150px;\" src=\"https:\/\/htb.com.pl\/wp-content\/uploads\/2021\/04\/Rosjanie.jpg\" alt=\"\" srcset=\"https:\/\/htb.com.pl\/wp-content\/uploads\/2021\/04\/Rosjanie.jpg 550w, https:\/\/htb.com.pl\/wp-content\/uploads\/2021\/04\/Rosjanie-300x213.jpg 300w\" sizes=\"auto, (max-width: 150px) 100vw, 150px\" \/><\/a> On wie to, co Marysia m\u00f3wi\u0142a. Nie ma takiej armii na \u015bwiecie, kt\u00f3ra pokona\u0142aby zjednoczony nar\u00f3d. Je\u017celi zjednoczymy si\u0119 wok\u00f3\u0142 dobra &#8211; z Putinem wygramy. Nie z Rosj\u0105 &#8211; Rosja to nie Putin, to pot\u0119\u017cny i dumny Nar\u00f3d. \u0141\u0105czy nas z nimi to, \u017ce do przyw\u00f3dc\u00f3w szcz\u0119\u015bcia nie mamy. Dlatego Nawalnego wspieramy <a href=\"http:\/\/radiomaria.com.pl\/wp-content\/uploads\/2021\/04\/20.04.-Nawalny-w-szpitalu.mp3\"><img loading=\"lazy\" decoding=\"async\" width=\"150\" height=\"101\" class=\"wp-image-44332\" style=\"width: 150px;\" src=\"https:\/\/htb.com.pl\/wp-content\/uploads\/2021\/04\/Kolonia-karna.png\" alt=\"\" srcset=\"https:\/\/htb.com.pl\/wp-content\/uploads\/2021\/04\/Kolonia-karna.png 620w, https:\/\/htb.com.pl\/wp-content\/uploads\/2021\/04\/Kolonia-karna-300x203.png 300w, https:\/\/htb.com.pl\/wp-content\/uploads\/2021\/04\/Kolonia-karna-600x405.png 600w\" sizes=\"auto, (max-width: 150px) 100vw, 150px\" \/><\/a> i ci\u0105gle na zmiany czekamy. Ja wierz\u0119, \u017ce ju\u017c nied\u0142ugo wsp\u00f3lnie paguliamy.  <\/p>\n\n\n\n<p>Szkoda, \u017ce my kogo\u015b takiego jak Alieksiej Nawalny nie mamy. A najgorsze jest to, \u017ce my cz\u0119sto dobra od z\u0142a nie odr\u00f3\u017cniamy. Histori\u0119 zmieniamy, w warto\u015b\u0107 tez naukowych pow\u0105tpiewamy i romantyzm, jako inspiracj\u0119 dla m\u0142odzie\u017cy w edukacji zalecamy. Tak z Rosj\u0105 Putina nie wygramy. Przykro  by\u0142o patrze\u0107 co w Radzie Muzeum O\u015bwi\u0119cimskiego si\u0119 sta\u0142o, po tym jak ministerstwo kultury pani\u0105 Beat\u0119 szyd\u0142o do tej rady desygnowa\u0142o. <a href=\"http:\/\/radiomaria.com.pl\/wp-content\/uploads\/2021\/04\/18.04.-Beata-Szyd%C5%82o.mp3\"><img loading=\"lazy\" decoding=\"async\" width=\"150\" height=\"97\" class=\"wp-image-44321\" style=\"width: 150px;\" src=\"https:\/\/htb.com.pl\/wp-content\/uploads\/2021\/04\/Stop.jpg\" alt=\"\" srcset=\"https:\/\/htb.com.pl\/wp-content\/uploads\/2021\/04\/Stop.jpg 960w, https:\/\/htb.com.pl\/wp-content\/uploads\/2021\/04\/Stop-300x194.jpg 300w, https:\/\/htb.com.pl\/wp-content\/uploads\/2021\/04\/Stop-768x496.jpg 768w, https:\/\/htb.com.pl\/wp-content\/uploads\/2021\/04\/Stop-600x388.jpg 600w\" sizes=\"auto, (max-width: 150px) 100vw, 150px\" \/><\/a> . Inny problem naszej polityki, to brak wyobra\u017ani i strach naszych polityk\u00f3w. Tu widz\u0119 ogromna win\u0119 historyk\u00f3w Okres dwudziestolecia mi\u0119dzywojennego tak zak\u0142amali, \u017ce J\u00f3zefa Pi\u0142sudskiego za wz\u00f3r \u017ce\u015bmy sobie obrali.  Mia\u0142em nadziej\u0119 \u017ce po katastrofach w <a href=\"https:\/\/pl.wikipedia.org\/wiki\/Katastrofa_lotnicza_w_Miros%C5%82awcu\">Miros\u0142awcu <\/a>, smole\u0144skiej nasi politycy rozumu nabrali i teraz ju\u017c procedur b\u0119d\u0105 przestrzegali. Niestety &#8211; znowu przepisy olali &#8211; jak z prezydentem Andrzejem Dud\u0105 z Zielonej G\u00f3ry wracali <a href=\"http:\/\/radiomaria.com.pl\/wp-content\/uploads\/2021\/04\/Rados%C5%82aw-Fogiel.mp3\"><img loading=\"lazy\" decoding=\"async\" width=\"150\" height=\"87\" class=\"wp-image-44339\" style=\"width: 150px;\" src=\"https:\/\/htb.com.pl\/wp-content\/uploads\/2021\/04\/Lot-prezydenta.png\" alt=\"\" srcset=\"https:\/\/htb.com.pl\/wp-content\/uploads\/2021\/04\/Lot-prezydenta.png 744w, https:\/\/htb.com.pl\/wp-content\/uploads\/2021\/04\/Lot-prezydenta-300x174.png 300w, https:\/\/htb.com.pl\/wp-content\/uploads\/2021\/04\/Lot-prezydenta-600x348.png 600w\" sizes=\"auto, (max-width: 150px) 100vw, 150px\" \/><\/a> . Pose\u0142 PiS Rados\u0142aw Fogiel spraw\u0119 bagatelizuje, zrzuca opozycji, \u017ce si\u0119 czepia, \u017ce rosyjsk\u0105 wersj\u0119 katastrofy smole\u0144skiej \u017cyruje. To, \u017ce teraz panie po\u015ble si\u0119 uda\u0142o, nie znaczy, \u017ce zawsze b\u0119dzie si\u0119 udawa\u0142o.  A jak si\u0119 tak panu romantyczne \u017cycie spodoba\u0142o, to nie polityk\u0105 ale literatur\u0105 i sztuk\u0105 zaj\u0105\u0107 si\u0119 nale\u017ca\u0142o.<\/p>\n\n\n\n<p>Na koniec dla tych co jak pos\u0142a Fogla romantyzm fascynuje. Demonstracje w Warszawie <a href=\"http:\/\/radiomaria.com.pl\/wp-content\/uploads\/2021\/04\/21.04.-Warszawa-i-Moskwa.mp3\"><img loading=\"lazy\" decoding=\"async\" width=\"150\" height=\"84\" class=\"wp-image-44343\" style=\"width: 150px;\" src=\"https:\/\/htb.com.pl\/wp-content\/uploads\/2021\/04\/Warszawa.jpg\" alt=\"\" srcset=\"https:\/\/htb.com.pl\/wp-content\/uploads\/2021\/04\/Warszawa.jpg 840w, https:\/\/htb.com.pl\/wp-content\/uploads\/2021\/04\/Warszawa-300x169.jpg 300w, https:\/\/htb.com.pl\/wp-content\/uploads\/2021\/04\/Warszawa-768x432.jpg 768w, https:\/\/htb.com.pl\/wp-content\/uploads\/2021\/04\/Warszawa-600x337.jpg 600w\" sizes=\"auto, (max-width: 150px) 100vw, 150px\" \/><\/a> i Moskwie <a href=\"http:\/\/radiomaria.com.pl\/wp-content\/uploads\/2021\/04\/21.04.-Warszawa-i-Moskwa.mp3\"><img loading=\"lazy\" decoding=\"async\" width=\"150\" height=\"115\" class=\"wp-image-44344\" style=\"width: 150px;\" src=\"https:\/\/htb.com.pl\/wp-content\/uploads\/2021\/04\/Moskwaok.jpg\" alt=\"\" srcset=\"https:\/\/htb.com.pl\/wp-content\/uploads\/2021\/04\/Moskwaok.jpg 602w, https:\/\/htb.com.pl\/wp-content\/uploads\/2021\/04\/Moskwaok-300x230.jpg 300w, https:\/\/htb.com.pl\/wp-content\/uploads\/2021\/04\/Moskwaok-600x459.jpg 600w\" sizes=\"auto, (max-width: 150px) 100vw, 150px\" \/><\/a>  por\u00f3wnuj\u0119. W Warszawie  ludzie s\u0119dziego Igora Tuley\u0119 przed wi\u0119zieniem broni\u0105, a w Moskwie za Aleksiejem Nawalnym, kt\u00f3ry ju\u017c siedzi stoj\u0105. Zar\u00f3wno Tuleya i Nawalny wi\u0119zienie si\u0119 nie boja i to sprawia, \u017ce \u017ali politycy ich si\u0119 boj\u0105. W oczach Adama Bodnara, Rzecznika Praw Obywatelskich w\u0142adza strach widzia\u0142a i t\u0105 instytucj\u0119 zlikwidowa\u0142a. Marysia te\u017c strach wykorzystywa\u0142a ale mafie si\u0119 jej nie ba\u0142a. Walcz\u0105c z mafi\u0105 od pieni\u0119dzy ich odcina\u0142a ale jak mafia rz\u0105dem si\u0119 okaza\u0142a i swoje banki mia\u0142a, inny spos\u00f3b zastosowa\u0107 musia\u0142a. Rad\u0119 konsultacyjn\u0105 zorganizowa\u0142a i Wojciecha Jaruzelskiego na jej patrona powo\u0142a\u0142a. Nasi politycy poj\u0119cia o tym nie maj\u0105. Boj\u0119 si\u0119, \u017ce teraz mafia przejmie unijne pieni\u0105dze i wtedy &#8220;malutki&#8221; polityk powie &#8211; teraz ja tu omnipot\u0119tnie rz\u0105dz\u0119.<\/p>\n\n\n\n<p>Je\u017celi tego co tu napisa\u0142em \u017ce\u015bcie nie zrozumieli &#8211; znaczy \u017ce tej ksi\u0105\u017cki \u017ce\u015bcie nie przejrzeli. <\/p>\n\n\n\n<figure class=\"wp-block-image size-large\"><a href=\"https:\/\/htb.com.pl\/?product=rydzyk-i-przyjaciele\"><img loading=\"lazy\" decoding=\"async\" width=\"200\" height=\"290\" src=\"https:\/\/htb.com.pl\/wp-content\/uploads\/2021\/04\/Przyjaciele-Rydzyka.jpg\" alt=\"\" class=\"wp-image-44162\"\/><\/a><\/figure>\n\n\n\n<p><\/p>\n\n\n\n<p><\/p>\n","protected":false},"excerpt":{"rendered":"<p>Takie wg. pana Jaros\u0142awa Gowina powinno by\u0107 polskie pa\u0144stwo. W sobot\u0119 17 kwietnia jego Porozumienie przedstawi\u0142o skr\u00f3towo sw\u00f3j program. Wed\u0142ug Gowina, pa\u0144stwo powinno by\u0107 silne, ale nie omnipotentne, czyli wszechw\u0142adne, wszechmog\u0105ce.&nbsp;Lubi\u0119 to okre\u015blenie, bo przypomina mi Marysi\u0119 (wcze\u015bniejsze wpisy). Nasz wsp\u00f3lny pacierz wieczorny, odmawiany po \u0142acinie. Od tego s\u0142owa zaczyna si\u0119 Wierz\u0119 w Boga Ojca [&hellip;]<\/p>\n","protected":false},"author":1,"featured_media":44377,"comment_status":"open","ping_status":"open","sticky":false,"template":"","format":"standard","meta":{"_jetpack_memberships_contains_paid_content":false,"footnotes":""},"categories":[4],"tags":[722],"class_list":["post-44300","post","type-post","status-publish","format-standard","has-post-thumbnail","hentry","category-daty-i-fakty-blog","tag-omnipotentne"],"jetpack_sharing_enabled":true,"jetpack_featured_media_url":"https:\/\/htb.com.pl\/wp-content\/uploads\/2021\/04\/Tuleya-zdj\u0119cie.png","_links":{"self":[{"href":"https:\/\/htb.com.pl\/index.php?rest_route=\/wp\/v2\/posts\/44300","targetHints":{"allow":["GET"]}}],"collection":[{"href":"https:\/\/htb.com.pl\/index.php?rest_route=\/wp\/v2\/posts"}],"about":[{"href":"https:\/\/htb.com.pl\/index.php?rest_route=\/wp\/v2\/types\/post"}],"author":[{"embeddable":true,"href":"https:\/\/htb.com.pl\/index.php?rest_route=\/wp\/v2\/users\/1"}],"replies":[{"embeddable":true,"href":"https:\/\/htb.com.pl\/index.php?rest_route=%2Fwp%2Fv2%2Fcomments&post=44300"}],"version-history":[{"count":20,"href":"https:\/\/htb.com.pl\/index.php?rest_route=\/wp\/v2\/posts\/44300\/revisions"}],"predecessor-version":[{"id":44383,"href":"https:\/\/htb.com.pl\/index.php?rest_route=\/wp\/v2\/posts\/44300\/revisions\/44383"}],"wp:featuredmedia":[{"embeddable":true,"href":"https:\/\/htb.com.pl\/index.php?rest_route=\/wp\/v2\/media\/44377"}],"wp:attachment":[{"href":"https:\/\/htb.com.pl\/index.php?rest_route=%2Fwp%2Fv2%2Fmedia&parent=44300"}],"wp:term":[{"taxonomy":"category","embeddable":true,"href":"https:\/\/htb.com.pl\/index.php?rest_route=%2Fwp%2Fv2%2Fcategories&post=44300"},{"taxonomy":"post_tag","embeddable":true,"href":"https:\/\/htb.com.pl\/index.php?rest_route=%2Fwp%2Fv2%2Ftags&post=44300"}],"curies":[{"name":"wp","href":"https:\/\/api.w.org\/{rel}","templated":true}]}}