{"id":44565,"date":"2021-04-30T05:32:47","date_gmt":"2021-04-30T05:32:47","guid":{"rendered":"https:\/\/htb.com.pl\/?p=44565"},"modified":"2021-04-30T06:38:31","modified_gmt":"2021-04-30T06:38:31","slug":"zgony-nadmiarowe","status":"publish","type":"post","link":"https:\/\/htb.com.pl\/?p=44565","title":{"rendered":"Zgony nadmiarowe"},"content":{"rendered":"\n<p><\/p>\n\n\n\n<figure class=\"wp-block-image size-thumbnail\"><a href=\"https:\/\/htb.com.pl\/wp-content\/uploads\/2021\/04\/Zgony-nadmiarowe.mp3\"><img loading=\"lazy\" decoding=\"async\" width=\"150\" height=\"150\" src=\"https:\/\/htb.com.pl\/wp-content\/uploads\/2018\/04\/posluchaj-150x150.jpg\" alt=\"\" class=\"wp-image-2020\" srcset=\"https:\/\/htb.com.pl\/wp-content\/uploads\/2018\/04\/posluchaj-150x150.jpg 150w, https:\/\/htb.com.pl\/wp-content\/uploads\/2018\/04\/posluchaj-300x300.jpg 300w, https:\/\/htb.com.pl\/wp-content\/uploads\/2018\/04\/posluchaj-100x100.jpg 100w\" sizes=\"auto, (max-width: 150px) 100vw, 150px\" \/><\/a><\/figure>\n\n\n\n<p>Tak zatytu\u0142owa\u0142em kolejny wpis na moim blogu, gdzie tradycyjnie opisz\u0119 wydarzenia z ostatniego tygodnia. M\u00f3wili\u015bmy o nich w<a href=\"http:\/\/stacja.radiohost.pl\/customBoxes\/link\/568\/8d5a0\/type\/aplayer2\/\"> Radiu MARIA<\/a> &#8211; zdj\u0119cia s\u0105 aktywne, klikaj\u0105c je mo\u017cemy pos\u0142ucha\u0107 co tam m\u00f3wili\u015bmy.<\/p>\n\n\n\n<p>23,5 proc. wyni\u00f3s\u0142 w Polsce odsetek nadmiarowych zgon\u00f3w w czasie pandemii w por\u00f3wnaniu z latami 2016-2019 &#8211; wynika z danych Eurostatu. To najwi\u0119cej w krajach Unii Europejskiej. Wszyscy si\u0119 zastanawiaj\u0105, czemu Polacy umieraj\u0105. My si\u0119 nie zastanawiamy, my Marysi\u0119 pami\u0119tamy &#8211; jej walk\u0119 o doko\u0144czenie EJ\u017b i argumenty jakie przytacza\u0142a. Ona przewidzia\u0142a, \u017ce jak program energetyki j\u0105drowej rozwalimy, Polska b\u0119dzie powoli umiera\u0142a. Ten proces zacz\u0105\u0142 si\u0119 d\u0142ugo przed pandemi\u0105, teraz jedynie przyspieszy\u0142.  Mamy najgorsze powietrze w Europie, wi\u0119c zgon\u00f3w nadmiarowych te\u017c jest najwi\u0119cej &#8211; i to ca\u0142a tajemnica. Smog to nie tylko problemy z oddychaniem, to r\u00f3wnie\u017c problemy z produkcj\u0105 \u017cywno\u015bci. Kiedy\u015b Marysi \u017ce\u015bmy nie pos\u0142uchali &#8211; mo\u017ce teraz pos\u0142uchacie. Jest co\u015b takiego w moim <a href=\"https:\/\/htb.com.pl\/?page_id=300\">SKLEPPIE INTERNETOWYM<\/a>, jak Ko\u0142acz konopny. <a href=\"https:\/\/htb.com.pl\/?product=kolacz-konopny-250-g\"><img loading=\"lazy\" decoding=\"async\" width=\"150\" height=\"150\" class=\"wp-image-7171\" style=\"width: 150px;\" src=\"https:\/\/htb.com.pl\/wp-content\/uploads\/2019\/08\/Ko\u0142acz.png\" alt=\"\" srcset=\"https:\/\/htb.com.pl\/wp-content\/uploads\/2019\/08\/Ko\u0142acz.png 800w, https:\/\/htb.com.pl\/wp-content\/uploads\/2019\/08\/Ko\u0142acz-150x150.png 150w, https:\/\/htb.com.pl\/wp-content\/uploads\/2019\/08\/Ko\u0142acz-300x300.png 300w, https:\/\/htb.com.pl\/wp-content\/uploads\/2019\/08\/Ko\u0142acz-768x768.png 768w, https:\/\/htb.com.pl\/wp-content\/uploads\/2019\/08\/Ko\u0142acz-600x600.png 600w, https:\/\/htb.com.pl\/wp-content\/uploads\/2019\/08\/Ko\u0142acz-100x100.png 100w\" sizes=\"auto, (max-width: 150px) 100vw, 150px\" \/><\/a> To  otr\u0119by powsta\u0142e przy produkcji oleju konopnego <a href=\"https:\/\/htb.com.pl\/?product=olej-konopny-250ml\"><img loading=\"lazy\" decoding=\"async\" width=\"150\" height=\"150\" class=\"wp-image-8349\" style=\"width: 150px;\" src=\"https:\/\/htb.com.pl\/wp-content\/uploads\/2019\/08\/sa\u0142atkowy.png\" alt=\"\" srcset=\"https:\/\/htb.com.pl\/wp-content\/uploads\/2019\/08\/sa\u0142atkowy.png 800w, https:\/\/htb.com.pl\/wp-content\/uploads\/2019\/08\/sa\u0142atkowy-150x150.png 150w, https:\/\/htb.com.pl\/wp-content\/uploads\/2019\/08\/sa\u0142atkowy-300x300.png 300w, https:\/\/htb.com.pl\/wp-content\/uploads\/2019\/08\/sa\u0142atkowy-768x768.png 768w, https:\/\/htb.com.pl\/wp-content\/uploads\/2019\/08\/sa\u0142atkowy-600x600.png 600w, https:\/\/htb.com.pl\/wp-content\/uploads\/2019\/08\/sa\u0142atkowy-100x100.png 100w\" sizes=\"auto, (max-width: 150px) 100vw, 150px\" \/><\/a> . Marysia w swej diecie te dwa produkty stosowa\u0142a. Ja j\u0105 na\u015bladuj\u0119 i te\u017c stosuj\u0119. Olej do sa\u0142atek, a otr\u0119by konopne do wszystkiego. Do m\u0105ki, do smufi, jogurt\u00f3w. Wszystko co jem jak sol\u0105 posypuje i na razie nie choruj\u0119 &#8211; tylko kolejny tydzie\u0144 z perspektywy Marysi opisuj\u0119.<\/p>\n\n\n\n<p>Tegoroczny Szczyt Klimatyczny jest historyczny &#8211; i nie tylko dlatego, \u017ce online. Prezydent USA Joe Biden kolejny raz pokazuje, \u017ce z Trumpowego populizmu rezygnuje i do walki z ociepleniem klimatu przyst\u0119puje. Powiedzia\u0142: Wszyscy uznajemy cele klimatyczne wyznaczone w UE. Zamierzamy zbudowa\u0107 zeroemisyjny system energetyczny. <\/p>\n\n\n\n<p>Nasz prezydent te\u017c si\u0119 wypowiedzia\u0142. <a href=\"http:\/\/radiomaria.com.pl\/wp-content\/uploads\/2021\/04\/24.04.-Szczyt-klimatyczny.mp3\"><img loading=\"lazy\" decoding=\"async\" width=\"150\" height=\"84\" class=\"wp-image-44689\" style=\"width: 150px;\" src=\"https:\/\/htb.com.pl\/wp-content\/uploads\/2021\/04\/LANDSCAPE_840.jpg\" alt=\"\" srcset=\"https:\/\/htb.com.pl\/wp-content\/uploads\/2021\/04\/LANDSCAPE_840.jpg 840w, https:\/\/htb.com.pl\/wp-content\/uploads\/2021\/04\/LANDSCAPE_840-300x169.jpg 300w, https:\/\/htb.com.pl\/wp-content\/uploads\/2021\/04\/LANDSCAPE_840-768x432.jpg 768w, https:\/\/htb.com.pl\/wp-content\/uploads\/2021\/04\/LANDSCAPE_840-600x337.jpg 600w\" sizes=\"auto, (max-width: 150px) 100vw, 150px\" \/><\/a> Co\u015b mi si\u0119 jednak zdaje, \u017ce to co m\u00f3wi\u0142 &#8211; o czym i do kogo, nie wiedzia\u0142.<\/p>\n\n\n\n<p>Kultura bizantyjska, czyli symbioza tronu i o\u0142tarza kolejny raz w postawie motocyklist\u00f3w si\u0119 wyra\u017ca. Po Jasnej G\u00f3rze Liche\u0144sk\u0105 \u015awi\u0105tyni\u0119 licznie odwiedzili. <a href=\"http:\/\/radiomaria.com.pl\/wp-content\/uploads\/2021\/04\/25.04.-Liche%C5%84.mp3\"><img loading=\"lazy\" decoding=\"async\" width=\"150\" height=\"113\" class=\"wp-image-44691\" style=\"width: 150px;\" src=\"https:\/\/htb.com.pl\/wp-content\/uploads\/2021\/04\/Zlot-Liche\u0144.jpg\" alt=\"\" srcset=\"https:\/\/htb.com.pl\/wp-content\/uploads\/2021\/04\/Zlot-Liche\u0144.jpg 640w, https:\/\/htb.com.pl\/wp-content\/uploads\/2021\/04\/Zlot-Liche\u0144-300x225.jpg 300w, https:\/\/htb.com.pl\/wp-content\/uploads\/2021\/04\/Zlot-Liche\u0144-600x450.jpg 600w\" sizes=\"auto, (max-width: 150px) 100vw, 150px\" \/><\/a> O katolick\u0105 Polsk\u0119 si\u0119 modlili. Kiedy\u015b Ormianie cos takiego na Zaka\u0142kaziu utworzyli i nie prze\u017cyli, ci co zostali Armeni\u0119 utworzyli. <a href=\"http:\/\/radiomaria.com.pl\/wp-content\/uploads\/2021\/04\/24.04-Ormianie.mp3\"><img loading=\"lazy\" decoding=\"async\" width=\"150\" height=\"96\" class=\"wp-image-44692\" style=\"width: 150px;\" src=\"https:\/\/htb.com.pl\/wp-content\/uploads\/2021\/04\/Ormianie.jpg\" alt=\"\" srcset=\"https:\/\/htb.com.pl\/wp-content\/uploads\/2021\/04\/Ormianie.jpg 1024w, https:\/\/htb.com.pl\/wp-content\/uploads\/2021\/04\/Ormianie-300x192.jpg 300w, https:\/\/htb.com.pl\/wp-content\/uploads\/2021\/04\/Ormianie-768x491.jpg 768w, https:\/\/htb.com.pl\/wp-content\/uploads\/2021\/04\/Ormianie-600x383.jpg 600w\" sizes=\"auto, (max-width: 150px) 100vw, 150px\" \/><\/a> \u017beby\u015bmy ich historii nie powt\u00f3rzyli.<\/p>\n\n\n\n<p>Bizancjum to r\u00f3wnie\u017c brak autorytet\u00f3w. Rz\u0105dz\u0105cy je likwiduj\u0105 i przepychem zast\u0119puj\u0105. To jak wida\u0107 nie dzia\u0142a &#8211; m\u0142odzie\u017c zakaz imprez ola\u0142a i nielegalne imprezy taneczne organizowa\u0142a. <a href=\"http:\/\/radiomaria.com.pl\/wp-content\/uploads\/2021\/04\/26.04.-Imprezy.mp3\"><img loading=\"lazy\" decoding=\"async\" width=\"150\" height=\"113\" class=\"wp-image-44696\" style=\"width: 150px;\" src=\"https:\/\/htb.com.pl\/wp-content\/uploads\/2021\/04\/Imprezy.jpg\" alt=\"\" srcset=\"https:\/\/htb.com.pl\/wp-content\/uploads\/2021\/04\/Imprezy.jpg 640w, https:\/\/htb.com.pl\/wp-content\/uploads\/2021\/04\/Imprezy-300x225.jpg 300w, https:\/\/htb.com.pl\/wp-content\/uploads\/2021\/04\/Imprezy-600x450.jpg 600w\" sizes=\"auto, (max-width: 150px) 100vw, 150px\" \/><\/a><\/p>\n\n\n\n<p>Tydzie\u0144 ko\u0144czy si\u0119 awantur\u0105, kt\u00f3ra dla nas przedstawiaj\u0105cych to z perspektywy Marysi jest kompletn\u0105 bzdur\u0105. Ot\u00f3\u017c opozycyjna lewica sprawy unijnego funduszu pomocowego z wewn\u0119trzn\u0105 polityk\u0105 rozdzieli\u0142a i premiera Mateusza Morawieckiego na rozmowy zaprosi\u0142a. <a href=\"http:\/\/radiomaria.com.pl\/wp-content\/uploads\/2021\/04\/27.04.-Plan-odbudowy.mp3\"><img loading=\"lazy\" decoding=\"async\" width=\"150\" height=\"107\" class=\"wp-image-44698\" style=\"width: 150px;\" src=\"https:\/\/htb.com.pl\/wp-content\/uploads\/2021\/04\/Morawiecki-s.jpg\" alt=\"\" srcset=\"https:\/\/htb.com.pl\/wp-content\/uploads\/2021\/04\/Morawiecki-s.jpg 639w, https:\/\/htb.com.pl\/wp-content\/uploads\/2021\/04\/Morawiecki-s-300x214.jpg 300w, https:\/\/htb.com.pl\/wp-content\/uploads\/2021\/04\/Morawiecki-s-600x427.jpg 600w\" sizes=\"auto, (max-width: 150px) 100vw, 150px\" \/><\/a> Czym ludzi bez wyobra\u017ani; dziennikarzy, publicyst\u00f3w i w ko\u0144cu samych polityk\u00f3w &#8211; z r\u00f3wnowagi wyprowadzi\u0142a. Pani Monika Olejnik na prezydencie Aleksandrze Kwa\u015bniewskim, kt\u00f3ry popar\u0142 lewic\u0119  odegra\u0107 si\u0119 pr\u00f3bowa\u0142a ale nikogo kto ma wyobra\u017ani\u0119 do swoich racji nie przekona\u0142a. <a href=\"http:\/\/radiomaria.com.pl\/wp-content\/uploads\/2021\/04\/29.04.-Zmiana-rz%C4%85du.mp3\"><img loading=\"lazy\" decoding=\"async\" width=\"150\" height=\"87\" class=\"wp-image-44699\" style=\"width: 150px;\" src=\"https:\/\/htb.com.pl\/wp-content\/uploads\/2021\/04\/Kwa\u015bniewski.png\" alt=\"\" srcset=\"https:\/\/htb.com.pl\/wp-content\/uploads\/2021\/04\/Kwa\u015bniewski.png 816w, https:\/\/htb.com.pl\/wp-content\/uploads\/2021\/04\/Kwa\u015bniewski-300x174.png 300w, https:\/\/htb.com.pl\/wp-content\/uploads\/2021\/04\/Kwa\u015bniewski-768x444.png 768w, https:\/\/htb.com.pl\/wp-content\/uploads\/2021\/04\/Kwa\u015bniewski-600x347.png 600w\" sizes=\"auto, (max-width: 150px) 100vw, 150px\" \/><\/a> W ko\u0144cu zdesperowana dziewczyny ze strajku kobiet na lewic\u0119 napu\u015bci\u0107 pr\u00f3bowa\u0142a. Pami\u0119tam jak w sierpniu  2002 roku, te\u017c w swoim programie &#8220;Kropka nad i&#8221;,  \u00f3wczesnego ministra sprawiedliwo\u015bci Grzegorza Kurczuka na Lwa Rywina napuszcza\u0142a. O popijawie Rywina i Michnika wypapla\u0142a. Nikogo  nie zainteresowa\u0142a, dopiero jak Gazeta Wyborcza o tym napisa\u0142a, afera powsta\u0142a i Polska z kraju demokratycznego mafijnym si\u0119 sta\u0142a.<\/p>\n\n\n\n<p><\/p>\n","protected":false},"excerpt":{"rendered":"<p>Tak zatytu\u0142owa\u0142em kolejny wpis na moim blogu, gdzie tradycyjnie opisz\u0119 wydarzenia z ostatniego tygodnia. M\u00f3wili\u015bmy o nich w Radiu MARIA &#8211; zdj\u0119cia s\u0105 aktywne, klikaj\u0105c je mo\u017cemy pos\u0142ucha\u0107 co tam m\u00f3wili\u015bmy. 23,5 proc. wyni\u00f3s\u0142 w Polsce odsetek nadmiarowych zgon\u00f3w w czasie pandemii w por\u00f3wnaniu z latami 2016-2019 &#8211; wynika z danych Eurostatu. To najwi\u0119cej w [&hellip;]<\/p>\n","protected":false},"author":1,"featured_media":44733,"comment_status":"open","ping_status":"open","sticky":false,"template":"","format":"standard","meta":{"_jetpack_memberships_contains_paid_content":false,"footnotes":""},"categories":[4],"tags":[723],"class_list":["post-44565","post","type-post","status-publish","format-standard","has-post-thumbnail","hentry","category-daty-i-fakty-blog","tag-zgony-nadmiarowe"],"jetpack_sharing_enabled":true,"jetpack_featured_media_url":"https:\/\/htb.com.pl\/wp-content\/uploads\/2021\/04\/Zgony.png","_links":{"self":[{"href":"https:\/\/htb.com.pl\/index.php?rest_route=\/wp\/v2\/posts\/44565","targetHints":{"allow":["GET"]}}],"collection":[{"href":"https:\/\/htb.com.pl\/index.php?rest_route=\/wp\/v2\/posts"}],"about":[{"href":"https:\/\/htb.com.pl\/index.php?rest_route=\/wp\/v2\/types\/post"}],"author":[{"embeddable":true,"href":"https:\/\/htb.com.pl\/index.php?rest_route=\/wp\/v2\/users\/1"}],"replies":[{"embeddable":true,"href":"https:\/\/htb.com.pl\/index.php?rest_route=%2Fwp%2Fv2%2Fcomments&post=44565"}],"version-history":[{"count":16,"href":"https:\/\/htb.com.pl\/index.php?rest_route=\/wp\/v2\/posts\/44565\/revisions"}],"predecessor-version":[{"id":44740,"href":"https:\/\/htb.com.pl\/index.php?rest_route=\/wp\/v2\/posts\/44565\/revisions\/44740"}],"wp:featuredmedia":[{"embeddable":true,"href":"https:\/\/htb.com.pl\/index.php?rest_route=\/wp\/v2\/media\/44733"}],"wp:attachment":[{"href":"https:\/\/htb.com.pl\/index.php?rest_route=%2Fwp%2Fv2%2Fmedia&parent=44565"}],"wp:term":[{"taxonomy":"category","embeddable":true,"href":"https:\/\/htb.com.pl\/index.php?rest_route=%2Fwp%2Fv2%2Fcategories&post=44565"},{"taxonomy":"post_tag","embeddable":true,"href":"https:\/\/htb.com.pl\/index.php?rest_route=%2Fwp%2Fv2%2Ftags&post=44565"}],"curies":[{"name":"wp","href":"https:\/\/api.w.org\/{rel}","templated":true}]}}