{"id":45042,"date":"2021-05-07T07:54:42","date_gmt":"2021-05-07T07:54:42","guid":{"rendered":"https:\/\/htb.com.pl\/?p=45042"},"modified":"2021-05-07T08:56:33","modified_gmt":"2021-05-07T08:56:33","slug":"pis-u-nie-bedzie-i-jakos-to-bedzie","status":"publish","type":"post","link":"https:\/\/htb.com.pl\/?p=45042","title":{"rendered":"PiS-u nie b\u0119dzie i jako\u015b to b\u0119dzie."},"content":{"rendered":"\n<p> <\/p>\n\n\n\n<figure class=\"wp-block-image size-thumbnail\"><a href=\"https:\/\/htb.com.pl\/wp-content\/uploads\/2021\/05\/PiS-u-nie-b\u0119dzie-i-jako\u015b-to-bedzie.mp3\"><img loading=\"lazy\" decoding=\"async\" width=\"150\" height=\"150\" src=\"https:\/\/htb.com.pl\/wp-content\/uploads\/2018\/04\/posluchaj-150x150.jpg\" alt=\"\" class=\"wp-image-2020\" srcset=\"https:\/\/htb.com.pl\/wp-content\/uploads\/2018\/04\/posluchaj-150x150.jpg 150w, https:\/\/htb.com.pl\/wp-content\/uploads\/2018\/04\/posluchaj-300x300.jpg 300w, https:\/\/htb.com.pl\/wp-content\/uploads\/2018\/04\/posluchaj-100x100.jpg 100w\" sizes=\"auto, (max-width: 150px) 100vw, 150px\" \/><\/a><\/figure>\n\n\n\n<p>Tytu\u0142 to parafraza cytatu z Pana Tadeusza; <a href=\"https:\/\/htb.com.pl\/?product=pan-tadeusz\"><img loading=\"lazy\" decoding=\"async\" width=\"150\" height=\"216\" class=\"wp-image-20801\" style=\"width: 150px;\" src=\"https:\/\/htb.com.pl\/wp-content\/uploads\/2020\/04\/Pant.jpg\" alt=\"\"><\/a> &#8220;Szabel nam nie zabraknie, szlachta na ko\u0144 wsi\u0119dzie, Ja z synowcem na czele, i? \u2013 jako\u015b to b\u0119dzie!&#8221; Tak wo\u0142a\u0142 S\u0119dzia &#8211; romantyzm. Dzisiejsza klasa polityczna nawi\u0105zuje do tej epoki. Aleksander Fredro to te\u017c pisarz epoki romantyzmu ale pisa\u0142 komedie. Do Mickiewiczowskiego  jako\u015b to b\u0119dzie, doda\u0142 &#8211; fatalizm g\u0142upoty. Kiedy\u015b mnie to \u015bmieszy\u0142o, a dzi\u015b zmartwi\u0142o &#8211; bo si\u0119 zi\u015bci\u0142o. Po tym jak politykom lewicy z Mickiewiczowskim jako\u015b to bedzie nie po drodze by\u0142o, nagle wszystkich ol\u015bni\u0142o, \u017ce PiS od w\u0142adzy odsun\u0105\u0107 mo\u017cna by by\u0142o. W\u0142odzimierza Cimoszewicza pos\u0142ucha\u0107 trzeba by\u0142o, jak przed ostatnimi wyborami parlamentarnymi t\u0142umaczy\u0142, \u017ce w jedno\u015bci si\u0142a. Koalicja Polska m\u0105drzejsza by\u0142a i&#8230; <\/p>\n\n\n\n<p>Za\u0142\u00f3\u017cmy hipotetycznie, \u017ce PiS-u nie b\u0119dzie &#8211; i co b\u0119dzie? Prosz\u0119 pomy\u015ble\u0107 &#8211; kto z dzisiejszej sceny politycznej mo\u017ce co\u015b zrobi\u0107? Po tym jak pan Antoni Macierewicz w 2006 roku zlikwidowa\u0142 nasze s\u0142u\u017cby specjalne, ch\u0142opaki z razwietpura wszystko przej\u0119li i teraz ju\u017c ich b\u0119dziemy mieli. Jedyna szansa, \u017ceby naszych pieni\u0119dzy z UE nie przej\u0119li, to S\u0105downictwo. Chyba \u017ce pan Zbigniew Ziobro nasze od unijnego oddzieli &#8211; wtedy nawet sznura z &#8220;Wesela&#8221; Wyspia\u0144skiego nie b\u0119dziemy mieli. No &#8211; do M\u0142odej Polski \u017ce\u015bmy zabrn\u0119li. Wr\u00f3\u0107my do romantyzmu i najs\u0142ynniejszego cytatu z Dziad\u00f3w Mickiewicza; &#8220;a imi\u0119 jego b\u0119dzie 44&#8221;. Ja zna\u0142em 44 &#8211; i kocha\u0142em. Ona w 1987 roku po 44 katach wojn\u0119 domow\u0105 w Polsce zako\u0144czy\u0142a &#8211; dzi\u015b te\u017c by sobie poradzi\u0142a, gdyby \u017cy\u0142a.<\/p>\n\n\n\n<p>Prosz\u0119 pos\u0142ucha\u0107 (przeczyta\u0107)  o wydarzenia z ostatniego tygodnia z jej perspektywy, My\u015bl\u0119, \u017ce Marysia tak by to widzia\u0142a.<\/p>\n\n\n\n<p><strong>1 maja<\/strong> &#8211; min\u0119\u0142a 17-sta rocznica naszego wst\u0105pienia do UE. Marysia o tym marzy\u0142a. Ona jednak jeszcze Polesiem <a href=\"http:\/\/radiomaria.com.pl\/wp-content\/uploads\/2021\/05\/Hymn-UE.mp3\"><img loading=\"lazy\" decoding=\"async\" width=\"150\" height=\"79\" class=\"wp-image-45047\" style=\"width: 150px;\" src=\"https:\/\/htb.com.pl\/wp-content\/uploads\/2021\/05\/mapa-polesia-marzenie-Marysi.jpg\" alt=\"\" srcset=\"https:\/\/htb.com.pl\/wp-content\/uploads\/2021\/05\/mapa-polesia-marzenie-Marysi.jpg 501w, https:\/\/htb.com.pl\/wp-content\/uploads\/2021\/05\/mapa-polesia-marzenie-Marysi-300x158.jpg 300w\" sizes=\"auto, (max-width: 150px) 100vw, 150px\" \/><\/a> we Wsp\u00f3lnej Europie widzia\u0142a. I tak b\u0119dzie &#8211; Ona wszystko wiedzia\u0142a.<\/p>\n\n\n\n<p>W Majowy weekend uruchomiono mobilne punkty szczepie\u0144 szczepionk\u0105 Johnson&amp;Johnson. Jednorazowa szczepionka wzbudzi\u0142a ogromne zainteresowanie. <a href=\"http:\/\/radiomaria.com.pl\/wp-content\/uploads\/2021\/05\/02.05.-Brawo-Polacy.mp3\"><img loading=\"lazy\" decoding=\"async\" width=\"150\" height=\"79\" class=\"wp-image-45051\" style=\"width: 150px;\" src=\"https:\/\/htb.com.pl\/wp-content\/uploads\/2021\/05\/Warszawa-sz.jpg\" alt=\"\" srcset=\"https:\/\/htb.com.pl\/wp-content\/uploads\/2021\/05\/Warszawa-sz.jpg 636w, https:\/\/htb.com.pl\/wp-content\/uploads\/2021\/05\/Warszawa-sz-300x159.jpg 300w, https:\/\/htb.com.pl\/wp-content\/uploads\/2021\/05\/Warszawa-sz-600x318.jpg 600w\" sizes=\"auto, (max-width: 150px) 100vw, 150px\" \/><\/a> Co\u015b mi si\u0119 jednak zdaje, \u017ce aby osi\u0105gn\u0105\u0107 odporno\u015b\u0107 populacyjn\u0105 szczepienia musz\u0105 by\u0107 obowi\u0105zkowe.<\/p>\n\n\n\n<p><strong>2 maja<\/strong> &#8211; to Dzie\u0144 Flagi. <a href=\"http:\/\/radiomaria.com.pl\/wp-content\/uploads\/2021\/05\/Dzie%C5%84-flagi.mp3\"><img loading=\"lazy\" decoding=\"async\" width=\"150\" height=\"100\" class=\"wp-image-45075\" style=\"width: 150px;\" src=\"https:\/\/htb.com.pl\/wp-content\/uploads\/2021\/05\/Flaga.jpg\" alt=\"\" srcset=\"https:\/\/htb.com.pl\/wp-content\/uploads\/2021\/05\/Flaga.jpg 1023w, https:\/\/htb.com.pl\/wp-content\/uploads\/2021\/05\/Flaga-300x200.jpg 300w, https:\/\/htb.com.pl\/wp-content\/uploads\/2021\/05\/Flaga-768x512.jpg 768w, https:\/\/htb.com.pl\/wp-content\/uploads\/2021\/05\/Flaga-600x400.jpg 600w\" sizes=\"auto, (max-width: 150px) 100vw, 150px\" \/><\/a> Tak si\u0119 jako\u015b z\u0142ym polityk\u0105 przy zak\u0142amywaniu historii poki\u0107ka\u0142o, \u017ce \u015bwi\u0119to flagi we w\u0142a\u015bciwym dniu ustanowione zosta\u0142o. 76 lat temu wymazywani z naszej historii Ko\u015bciuszkowcy Berlin zdobywali i w\u0142a\u015bnie 2&#8211;go maja na Kolumnie Zwyci\u0119stwa <a href=\"https:\/\/htb.com.pl\/?p=349\"><img loading=\"lazy\" decoding=\"async\" width=\"150\" height=\"100\" class=\"wp-image-350\" style=\"width: 150px;\" src=\"https:\/\/htb.com.pl\/wp-content\/uploads\/2018\/05\/kolumna.jpg\" alt=\"\"><\/a> w Berlinie Polsk\u0105 Flag\u0119 wieszali.<\/p>\n\n\n\n<p><strong>3 maja<\/strong> &#8211; to 230 rocznica uchwalenie Konstytucji 3 Maja <a href=\"http:\/\/radiomaria.com.pl\/wp-content\/uploads\/2021\/05\/Ostrze%C5%BCenieks.-prof-Tadeusza-Guza-d.mp3\"><img loading=\"lazy\" decoding=\"async\" width=\"150\" height=\"63\" class=\"wp-image-45078\" style=\"width: 150px;\" src=\"https:\/\/htb.com.pl\/wp-content\/uploads\/2021\/05\/Konstytucja-3-maja-ma\u0142y.jpg\" alt=\"\" srcset=\"https:\/\/htb.com.pl\/wp-content\/uploads\/2021\/05\/Konstytucja-3-maja-ma\u0142y.jpg 960w, https:\/\/htb.com.pl\/wp-content\/uploads\/2021\/05\/Konstytucja-3-maja-ma\u0142y-300x127.jpg 300w, https:\/\/htb.com.pl\/wp-content\/uploads\/2021\/05\/Konstytucja-3-maja-ma\u0142y-768x324.jpg 768w, https:\/\/htb.com.pl\/wp-content\/uploads\/2021\/05\/Konstytucja-3-maja-ma\u0142y-600x253.jpg 600w\" sizes=\"auto, (max-width: 150px) 100vw, 150px\" \/><\/a> . Prosz\u0119 klikn\u0105\u0107 obraz Jana Matejki i pos\u0142ucha\u0107 co caryca Katarzyna przed uchwaleniem tej konstytucji zaplanowa\u0142a. I zdj\u0119cie przedstawiaj\u0105ce dzisiejsze obchody rocznicy Konstytucji  w tym samym miejscu co scena na obrazie. Na Zamku Kr\u00f3lewskim w Warszawie. <a href=\"http:\/\/radiomaria.com.pl\/wp-content\/uploads\/2021\/05\/03.05.-Marzenie-Marysi.mp3\"><img loading=\"lazy\" decoding=\"async\" width=\"150\" height=\"87\" class=\"wp-image-45079\" style=\"width: 150px;\" src=\"https:\/\/htb.com.pl\/wp-content\/uploads\/2021\/05\/Zamek-3-maa.png\" alt=\"\" srcset=\"https:\/\/htb.com.pl\/wp-content\/uploads\/2021\/05\/Zamek-3-maa.png 553w, https:\/\/htb.com.pl\/wp-content\/uploads\/2021\/05\/Zamek-3-maa-300x174.png 300w\" sizes=\"auto, (max-width: 150px) 100vw, 150px\" \/><\/a> S\u0142owo Konstytucja, wypowiadane przez prezydenta RP Andrzeja Dud\u0119 &#8211; brzmi nieciekawie  ale jak po\u0142\u0105czymy je z wypowiedzi\u0105 carycy Katarzyny &#8211; brzmi\u0105 bardzo nieciekawie. Tu kolejny raz musz\u0119 przywo\u0142a\u0107 Marysi\u0119 &#8211; wszak to z jej perspektywy wszystko opisuj\u0119. My\u015bl\u0119, \u017ce pi\u0119\u015bci\u0105 w st\u00f3\u0142 by pie&#8230;..n\u0119\u0142a i rykn\u0119\u0142a. Panowie oficerowie!!!<\/p>\n\n\n\n<p>Na zako\u0144czenie mam promy nadziei. Ju\u017c we wst\u0119pie o tym pisa\u0142em, jak decyzj\u0119 lewicy o poparciu funduszu odbudowy &#8211; od romantycznej postawy cz\u0119\u015bci opozycji odr\u00f3\u017cnia\u0142em. <a href=\"http:\/\/radiomaria.com.pl\/wp-content\/uploads\/2021\/05\/05.05.-Ratyfikacja.mp3\"><img loading=\"lazy\" decoding=\"async\" width=\"150\" height=\"84\" class=\"wp-image-45087\" style=\"width: 150px;\" src=\"https:\/\/htb.com.pl\/wp-content\/uploads\/2021\/05\/G\u0142osowanie.png\" alt=\"\" srcset=\"https:\/\/htb.com.pl\/wp-content\/uploads\/2021\/05\/G\u0142osowanie.png 588w, https:\/\/htb.com.pl\/wp-content\/uploads\/2021\/05\/G\u0142osowanie-300x168.png 300w\" sizes=\"auto, (max-width: 150px) 100vw, 150px\" \/><\/a> Wa\u017cne, \u017ceby\u015bmy si\u0119 obudzili i wreszcie wroga w granicach zobaczyli. Marysia W 1987 rozejm z nimi wywalczy\u0142a. Trzeba \u017ceby Polska do tego punktu wr\u00f3ci\u0142a.<\/p>\n\n\n\n<figure class=\"wp-block-image size-large\"><img loading=\"lazy\" decoding=\"async\" width=\"554\" height=\"434\" src=\"https:\/\/htb.com.pl\/wp-content\/uploads\/2021\/04\/Album-dla-Papie\u017ca.png\" alt=\"\" class=\"wp-image-43227\" srcset=\"https:\/\/htb.com.pl\/wp-content\/uploads\/2021\/04\/Album-dla-Papie\u017ca.png 554w, https:\/\/htb.com.pl\/wp-content\/uploads\/2021\/04\/Album-dla-Papie\u017ca-300x235.png 300w\" sizes=\"auto, (max-width: 554px) 100vw, 554px\" \/><\/figure>\n\n\n\n<p><\/p>\n\n\n\n<p><\/p>\n","protected":false},"excerpt":{"rendered":"<p>Tytu\u0142 to parafraza cytatu z Pana Tadeusza; &#8220;Szabel nam nie zabraknie, szlachta na ko\u0144 wsi\u0119dzie, Ja z synowcem na czele, i? \u2013 jako\u015b to b\u0119dzie!&#8221; Tak wo\u0142a\u0142 S\u0119dzia &#8211; romantyzm. Dzisiejsza klasa polityczna nawi\u0105zuje do tej epoki. Aleksander Fredro to te\u017c pisarz epoki romantyzmu ale pisa\u0142 komedie. Do Mickiewiczowskiego jako\u015b to b\u0119dzie, doda\u0142 &#8211; fatalizm [&hellip;]<\/p>\n","protected":false},"author":1,"featured_media":45086,"comment_status":"open","ping_status":"open","sticky":false,"template":"","format":"standard","meta":{"_jetpack_memberships_contains_paid_content":false,"footnotes":""},"categories":[4],"tags":[724],"class_list":["post-45042","post","type-post","status-publish","format-standard","has-post-thumbnail","hentry","category-daty-i-fakty-blog","tag-pis-u-nie-bedzie-i-jakos-to-bedzie"],"jetpack_sharing_enabled":true,"jetpack_featured_media_url":"https:\/\/htb.com.pl\/wp-content\/uploads\/2021\/05\/Fundusz.png","_links":{"self":[{"href":"https:\/\/htb.com.pl\/index.php?rest_route=\/wp\/v2\/posts\/45042","targetHints":{"allow":["GET"]}}],"collection":[{"href":"https:\/\/htb.com.pl\/index.php?rest_route=\/wp\/v2\/posts"}],"about":[{"href":"https:\/\/htb.com.pl\/index.php?rest_route=\/wp\/v2\/types\/post"}],"author":[{"embeddable":true,"href":"https:\/\/htb.com.pl\/index.php?rest_route=\/wp\/v2\/users\/1"}],"replies":[{"embeddable":true,"href":"https:\/\/htb.com.pl\/index.php?rest_route=%2Fwp%2Fv2%2Fcomments&post=45042"}],"version-history":[{"count":14,"href":"https:\/\/htb.com.pl\/index.php?rest_route=\/wp\/v2\/posts\/45042\/revisions"}],"predecessor-version":[{"id":45096,"href":"https:\/\/htb.com.pl\/index.php?rest_route=\/wp\/v2\/posts\/45042\/revisions\/45096"}],"wp:featuredmedia":[{"embeddable":true,"href":"https:\/\/htb.com.pl\/index.php?rest_route=\/wp\/v2\/media\/45086"}],"wp:attachment":[{"href":"https:\/\/htb.com.pl\/index.php?rest_route=%2Fwp%2Fv2%2Fmedia&parent=45042"}],"wp:term":[{"taxonomy":"category","embeddable":true,"href":"https:\/\/htb.com.pl\/index.php?rest_route=%2Fwp%2Fv2%2Fcategories&post=45042"},{"taxonomy":"post_tag","embeddable":true,"href":"https:\/\/htb.com.pl\/index.php?rest_route=%2Fwp%2Fv2%2Ftags&post=45042"}],"curies":[{"name":"wp","href":"https:\/\/api.w.org\/{rel}","templated":true}]}}