{"id":45380,"date":"2021-05-13T11:15:04","date_gmt":"2021-05-13T11:15:04","guid":{"rendered":"https:\/\/htb.com.pl\/?p=45380"},"modified":"2021-05-14T15:44:14","modified_gmt":"2021-05-14T15:44:14","slug":"inflacja","status":"publish","type":"post","link":"https:\/\/htb.com.pl\/?p=45380","title":{"rendered":"Inflacja"},"content":{"rendered":"\n<p><\/p>\n\n\n\n<figure class=\"wp-block-image size-thumbnail\"><a href=\"https:\/\/htb.com.pl\/wp-content\/uploads\/2021\/05\/Inflacja-wpis.mp3\"><img loading=\"lazy\" decoding=\"async\" width=\"150\" height=\"150\" src=\"https:\/\/htb.com.pl\/wp-content\/uploads\/2018\/04\/posluchaj-150x150.jpg\" alt=\"\" class=\"wp-image-2020\" srcset=\"https:\/\/htb.com.pl\/wp-content\/uploads\/2018\/04\/posluchaj-150x150.jpg 150w, https:\/\/htb.com.pl\/wp-content\/uploads\/2018\/04\/posluchaj-300x300.jpg 300w, https:\/\/htb.com.pl\/wp-content\/uploads\/2018\/04\/posluchaj-100x100.jpg 100w\" sizes=\"auto, (max-width: 150px) 100vw, 150px\" \/><\/a><\/figure>\n\n\n\n<p>Tak zatytu\u0142uj\u0119 cotygodniowy wpis na blogu Daty i Fakty, gdzie od lat opisuj\u0119 wydarzenia z perspektywy Marysi. Nie podoba\u0142a nam si\u0119 deflacja, teraz poznamy co to inflacja. Starsi z nas pami\u0119taj\u0105 prze\u0142om lat 90. Mam nadziej\u0119, \u017ce teraz Balcerowicz ratowa\u0142 nas nie b\u0119dzie i jako\u015b to b\u0119dzie. Gdyby\u015bmy rz\u0105dz\u0105cych nie straszyli i EUR wprowadzi\u0107 pozwolili, inflacj\u0105 by\u015bmy si\u0119 nie martwili. A  tak &#8211; nie do\u015b\u0107, \u017ce wymieramy, to jeszcze pieni\u0119dzy coraz mnie mamy. Tak &#8211; jeszcze tego nie zauwa\u017camy, bo w portfelu, to nawet wi\u0119cej mamy. A jak premiera pos\u0142uchamy, <a href=\"http:\/\/radiomaria.com.pl\/wp-content\/uploads\/2021\/05\/11.05.-Rolowanie.mp3\"><img loading=\"lazy\" decoding=\"async\" width=\"150\" height=\"84\" class=\"wp-image-45454\" style=\"width: 150px;\" src=\"https:\/\/htb.com.pl\/wp-content\/uploads\/2021\/05\/Billlbordy-2.png\" alt=\"\" srcset=\"https:\/\/htb.com.pl\/wp-content\/uploads\/2021\/05\/Billlbordy-2.png 809w, https:\/\/htb.com.pl\/wp-content\/uploads\/2021\/05\/Billlbordy-2-300x167.png 300w, https:\/\/htb.com.pl\/wp-content\/uploads\/2021\/05\/Billlbordy-2-768x428.png 768w, https:\/\/htb.com.pl\/wp-content\/uploads\/2021\/05\/Billlbordy-2-600x334.png 600w\" sizes=\"auto, (max-width: 150px) 100vw, 150px\" \/><\/a> to to co tu pisz\u0119, bzdurami nazywamy. Ja te\u017c si\u0119 ok\u0142amuj\u0119, \u017ce wszystko si\u0119 unormuje. Ale ja nadziei w Unii Europejskiej upatruj\u0119. Bardzo \u017ca\u0142uj\u0119, \u017ce Marysia &#8211; m\u00f3j Anio\u0142ek nie decyduj\u0119. Ona z mafi\u0105 by sobie poradzi\u0142a &#8211; gdyby \u017cy\u0142a. A tak, tylko wydarzenia z ostatniego tygodnia z jej perspektywy przedstawi\u0119. Mo\u017ce z jakimi\u015b przemy\u015bleniami Pa\u0144stwa zostawi\u0119.<\/p>\n\n\n\n<p>Na pocz\u0105tek do tytu\u0142u nawi\u0105\u017ce. Bo jak chodzi o inflacj\u0119, to nadal jeste\u015bmy na czele, jak si\u0119 odwr\u00f3ci tabel\u0119. <a href=\"http:\/\/radiomaria.com.pl\/wp-content\/uploads\/2021\/05\/inflacja.mp3\"><img loading=\"lazy\" decoding=\"async\" width=\"150\" height=\"100\" class=\"wp-image-45425\" style=\"width: 150px;\" src=\"https:\/\/htb.com.pl\/wp-content\/uploads\/2021\/05\/Recesja.jpg\" alt=\"\" srcset=\"https:\/\/htb.com.pl\/wp-content\/uploads\/2021\/05\/Recesja.jpg 626w, https:\/\/htb.com.pl\/wp-content\/uploads\/2021\/05\/Recesja-300x200.jpg 300w, https:\/\/htb.com.pl\/wp-content\/uploads\/2021\/05\/Recesja-600x400.jpg 600w\" sizes=\"auto, (max-width: 150px) 100vw, 150px\" \/><\/a> Nawet jak dane kreatywn\u0105 ksi\u0119gowo\u015bci\u0105 poprawimy,  to i tak 4 procent inflacji przekroczymy. Wydajno\u015bci pracy nie zwi\u0119kszamy, a dzi\u0119ki politykom wi\u0119cej zarabiamy. Dlatego inflacj\u0119 mamy. Patrz\u0119 na kosa za oknem. W \u015bwiecie zwierz\u0105t nie ma polityk\u00f3w &#8211; kos jest szcz\u0119\u015bliwy. Gniazdo dla swojej samiczki rozbudowuje i pod\u015bpiewuje.<\/p>\n\n\n\n<p>Szczepienia przeciwko COVID-19 <a href=\"http:\/\/radiomaria.com.pl\/wp-content\/uploads\/2021\/05\/09.05.-Szczepienia.mp3\"><img loading=\"lazy\" decoding=\"async\" width=\"150\" height=\"83\" class=\"wp-image-45427\" style=\"width: 150px;\" src=\"https:\/\/htb.com.pl\/wp-content\/uploads\/2021\/05\/Szczepienia-d.png\" alt=\"\" srcset=\"https:\/\/htb.com.pl\/wp-content\/uploads\/2021\/05\/Szczepienia-d.png 945w, https:\/\/htb.com.pl\/wp-content\/uploads\/2021\/05\/Szczepienia-d-300x165.png 300w, https:\/\/htb.com.pl\/wp-content\/uploads\/2021\/05\/Szczepienia-d-768x423.png 768w, https:\/\/htb.com.pl\/wp-content\/uploads\/2021\/05\/Szczepienia-d-600x330.png 600w\" sizes=\"auto, (max-width: 150px) 100vw, 150px\" \/><\/a> &#8211; tu te\u017c nie jest dobrze. &#8220;Lag\u0119&#8221; <a href=\"https:\/\/pl.wikipedia.org\/wiki\/Andrzej_Stelmachowski\"><img loading=\"lazy\" decoding=\"async\" width=\"150\" height=\"201\" class=\"wp-image-45434\" style=\"width: 150px;\" src=\"https:\/\/htb.com.pl\/wp-content\/uploads\/2021\/05\/stelmachowski_andrzej.jpg\" alt=\"\" srcset=\"https:\/\/htb.com.pl\/wp-content\/uploads\/2021\/05\/stelmachowski_andrzej.jpg 750w, https:\/\/htb.com.pl\/wp-content\/uploads\/2021\/05\/stelmachowski_andrzej-224x300.jpg 224w, https:\/\/htb.com.pl\/wp-content\/uploads\/2021\/05\/stelmachowski_andrzej-600x804.jpg 600w\" sizes=\"auto, (max-width: 150px) 100vw, 150px\" \/><\/a> na edukacj\u0119 si\u0119 po\u0142o\u017cy\u0142o, na romantyzm postawi\u0142o i wszystko do \u015bredniowiecza wr\u00f3ci\u0142o. A to od V do XV wieku by\u0142o i staro\u017cytno\u015b\u0107 od nowo\u017cytno\u015bci oddzieli\u0142o. Dobrze by by\u0142o, gdyby w szkolnictwie wszystko do czas\u00f3w Pani Joasi minister edukacji w rz\u0105dzie Zbigniewa Messnera <a href=\"https:\/\/pl.wikipedia.org\/wiki\/Joanna_Micha%C5%82owska-Gumowska\"><img loading=\"lazy\" decoding=\"async\" width=\"150\" height=\"211\" class=\"wp-image-45435\" style=\"width: 150px;\" src=\"https:\/\/htb.com.pl\/wp-content\/uploads\/2021\/05\/Joanna_Micha\u0142owska-Gumowska.jpg\" alt=\"\"><\/a> &#8211; kole\u017canki Marysi wr\u00f3ci\u0142o. Wtedy Nauczyciela jak autorytet si\u0119 traktowa\u0142o, a dzi\u015b o autorytetach zapomnia\u0142o. <\/p>\n\n\n\n<figure class=\"wp-block-image size-large\"><a href=\"http:\/\/radiomaria.com.pl\/wp-content\/uploads\/2021\/05\/Upami%C4%99tnienie.mp3\"><img loading=\"lazy\" decoding=\"async\" width=\"850\" height=\"504\" src=\"https:\/\/htb.com.pl\/wp-content\/uploads\/2021\/05\/bbbbIMG_1274-850x504-1-1.jpg\" alt=\"\" class=\"wp-image-45440\" srcset=\"https:\/\/htb.com.pl\/wp-content\/uploads\/2021\/05\/bbbbIMG_1274-850x504-1-1.jpg 850w, https:\/\/htb.com.pl\/wp-content\/uploads\/2021\/05\/bbbbIMG_1274-850x504-1-1-300x178.jpg 300w, https:\/\/htb.com.pl\/wp-content\/uploads\/2021\/05\/bbbbIMG_1274-850x504-1-1-768x455.jpg 768w, https:\/\/htb.com.pl\/wp-content\/uploads\/2021\/05\/bbbbIMG_1274-850x504-1-1-600x356.jpg 600w\" sizes=\"auto, (max-width: 850px) 100vw, 850px\" \/><\/a><\/figure>\n\n\n\n<p><strong>Dzie\u0144 Zwyci\u0119stwa<\/strong> &#8211; 76 lat temu zako\u0144czy\u0142a si\u0119 II wojna \u015bwiatowa. Chcia\u0142bym si\u0119 pochwali\u0107 moim miastem. Prezydent Mielca Pan Jacek Wi\u015bniewski, wraz z samorz\u0105dowcami ho\u0142d bohaterom II wojny \u015bwiatowej oddali. Wyj\u0105tkowe jest to, \u017ce kwiaty pod \u015bcian\u0105, gdzie s\u0105 upami\u0119tnieni Ko\u015bciuszkowcy sk\u0142adali.  \u015aciana przy Szkole nr. 3 upami\u0119tnia bohater\u00f3w spod Lenino i Berlina. Symboliczna g\u0142owa \u017co\u0142nierza w rogatywce i he\u0142m wz. 40. W takich he\u0142mach Ko\u015bciuszkowcy sw\u00f3j szlak bojowy, od Lenino do Berlina zaczynali. Wa\u017cne, \u017ceby\u015bmy o nich pami\u0119tali<\/p>\n\n\n\n<figure class=\"wp-block-image size-large\"><a href=\"http:\/\/radiomaria.com.pl\/wp-content\/uploads\/2021\/05\/Upami%C4%99tnienie.mp3\"><img loading=\"lazy\" decoding=\"async\" width=\"640\" height=\"480\" src=\"https:\/\/htb.com.pl\/wp-content\/uploads\/2021\/05\/Mielec-tablice.jpg\" alt=\"\" class=\"wp-image-45441\" srcset=\"https:\/\/htb.com.pl\/wp-content\/uploads\/2021\/05\/Mielec-tablice.jpg 640w, https:\/\/htb.com.pl\/wp-content\/uploads\/2021\/05\/Mielec-tablice-300x225.jpg 300w, https:\/\/htb.com.pl\/wp-content\/uploads\/2021\/05\/Mielec-tablice-600x450.jpg 600w\" sizes=\"auto, (max-width: 640px) 100vw, 640px\" \/><\/a><\/figure>\n\n\n\n<p>Wirtualne spotkanie 9 pa\u0144stw europejskich w Rumunii, <a href=\"http:\/\/radiomaria.com.pl\/wp-content\/uploads\/2021\/05\/12.05.-Standardy-mafijne.mp3\"><img loading=\"lazy\" decoding=\"async\" width=\"150\" height=\"52\" class=\"wp-image-45445\" style=\"width: 150px;\" src=\"https:\/\/htb.com.pl\/wp-content\/uploads\/2021\/05\/Spotkanie-B-9.png\" alt=\"\" srcset=\"https:\/\/htb.com.pl\/wp-content\/uploads\/2021\/05\/Spotkanie-B-9.png 929w, https:\/\/htb.com.pl\/wp-content\/uploads\/2021\/05\/Spotkanie-B-9-300x105.png 300w, https:\/\/htb.com.pl\/wp-content\/uploads\/2021\/05\/Spotkanie-B-9-768x269.png 768w, https:\/\/htb.com.pl\/wp-content\/uploads\/2021\/05\/Spotkanie-B-9-600x210.png 600w\" sizes=\"auto, (max-width: 150px) 100vw, 150px\" \/><\/a> gdzie wsp\u00f3\u0142gospodarzem by\u0142 Pan prezydent Andrzej Duda pokaza\u0142o, \u017ce nie jest tak, \u017ce z nasz\u0105 demokracj\u0105 nic si\u0119 nie sta\u0142o. Ze s\u0142\u00f3w prezydenta USA Joe Bidena, kt\u00f3ry przemawia\u0142 do uczestnik\u00f3w wynika\u0142o, \u017ce jak chodzi o demokracj\u0119, tylko S\u0105downictwo nam zosta\u0142o.<\/p>\n\n\n\n<p>Na koniec musze pochwali\u0107 polityk\u00f3w &#8211; i to ze wszystkich opcji. Bzdur, kt\u00f3rych twarz\u0105 by\u0142 redaktor Andrzej Mrozowski TVN nie pos\u0142uchali <a href=\"http:\/\/radiomaria.com.pl\/wp-content\/uploads\/2021\/05\/13.05.-Sonda%C5%BC.mp3\"><img loading=\"lazy\" decoding=\"async\" width=\"150\" height=\"89\" class=\"wp-image-43643\" style=\"width: 150px;\" src=\"https:\/\/htb.com.pl\/wp-content\/uploads\/2021\/04\/Pow\u00f3rka.jpg\" alt=\"\" srcset=\"https:\/\/htb.com.pl\/wp-content\/uploads\/2021\/04\/Pow\u00f3rka.jpg 630w, https:\/\/htb.com.pl\/wp-content\/uploads\/2021\/04\/Pow\u00f3rka-300x178.jpg 300w, https:\/\/htb.com.pl\/wp-content\/uploads\/2021\/04\/Pow\u00f3rka-600x355.jpg 600w\" sizes=\"auto, (max-width: 150px) 100vw, 150px\" \/><\/a> i ch\u0142opakom z razwietpura szyki pomieszali. Za Funduszem Odbudowy zag\u0142osowali i na razie w UE \u017ce\u015bmy zostali. Brawo &#8211; <em>oby tak dali<\/em> \ud83d\ude42<\/p>\n\n\n\n<p>Mo\u017ce o \u015aredniowieczu by\u015bcie Pa\u0144stwo poczytali.<\/p>\n\n\n\n<figure class=\"wp-block-image size-large\"><a href=\"https:\/\/htb.com.pl\/?product=sredniowiecze\"><img loading=\"lazy\" decoding=\"async\" width=\"448\" height=\"627\" src=\"https:\/\/htb.com.pl\/wp-content\/uploads\/2021\/05\/Sredniowiecze-d.png\" alt=\"\" class=\"wp-image-45449\" srcset=\"https:\/\/htb.com.pl\/wp-content\/uploads\/2021\/05\/Sredniowiecze-d.png 448w, https:\/\/htb.com.pl\/wp-content\/uploads\/2021\/05\/Sredniowiecze-d-214x300.png 214w\" sizes=\"auto, (max-width: 448px) 100vw, 448px\" \/><\/a><\/figure>\n","protected":false},"excerpt":{"rendered":"<p>Tak zatytu\u0142uj\u0119 cotygodniowy wpis na blogu Daty i Fakty, gdzie od lat opisuj\u0119 wydarzenia z perspektywy Marysi. Nie podoba\u0142a nam si\u0119 deflacja, teraz poznamy co to inflacja. Starsi z nas pami\u0119taj\u0105 prze\u0142om lat 90. Mam nadziej\u0119, \u017ce teraz Balcerowicz ratowa\u0142 nas nie b\u0119dzie i jako\u015b to b\u0119dzie. Gdyby\u015bmy rz\u0105dz\u0105cych nie straszyli i EUR wprowadzi\u0107 pozwolili, [&hellip;]<\/p>\n","protected":false},"author":1,"featured_media":45441,"comment_status":"open","ping_status":"open","sticky":false,"template":"","format":"standard","meta":{"_jetpack_memberships_contains_paid_content":false,"footnotes":""},"categories":[4],"tags":[727],"class_list":["post-45380","post","type-post","status-publish","format-standard","has-post-thumbnail","hentry","category-daty-i-fakty-blog","tag-inflacja"],"jetpack_sharing_enabled":true,"jetpack_featured_media_url":"https:\/\/htb.com.pl\/wp-content\/uploads\/2021\/05\/Mielec-tablice.jpg","_links":{"self":[{"href":"https:\/\/htb.com.pl\/index.php?rest_route=\/wp\/v2\/posts\/45380","targetHints":{"allow":["GET"]}}],"collection":[{"href":"https:\/\/htb.com.pl\/index.php?rest_route=\/wp\/v2\/posts"}],"about":[{"href":"https:\/\/htb.com.pl\/index.php?rest_route=\/wp\/v2\/types\/post"}],"author":[{"embeddable":true,"href":"https:\/\/htb.com.pl\/index.php?rest_route=\/wp\/v2\/users\/1"}],"replies":[{"embeddable":true,"href":"https:\/\/htb.com.pl\/index.php?rest_route=%2Fwp%2Fv2%2Fcomments&post=45380"}],"version-history":[{"count":21,"href":"https:\/\/htb.com.pl\/index.php?rest_route=\/wp\/v2\/posts\/45380\/revisions"}],"predecessor-version":[{"id":45472,"href":"https:\/\/htb.com.pl\/index.php?rest_route=\/wp\/v2\/posts\/45380\/revisions\/45472"}],"wp:featuredmedia":[{"embeddable":true,"href":"https:\/\/htb.com.pl\/index.php?rest_route=\/wp\/v2\/media\/45441"}],"wp:attachment":[{"href":"https:\/\/htb.com.pl\/index.php?rest_route=%2Fwp%2Fv2%2Fmedia&parent=45380"}],"wp:term":[{"taxonomy":"category","embeddable":true,"href":"https:\/\/htb.com.pl\/index.php?rest_route=%2Fwp%2Fv2%2Fcategories&post=45380"},{"taxonomy":"post_tag","embeddable":true,"href":"https:\/\/htb.com.pl\/index.php?rest_route=%2Fwp%2Fv2%2Ftags&post=45380"}],"curies":[{"name":"wp","href":"https:\/\/api.w.org\/{rel}","templated":true}]}}