{"id":45739,"date":"2021-05-21T08:57:01","date_gmt":"2021-05-21T08:57:01","guid":{"rendered":"https:\/\/htb.com.pl\/?p=45739"},"modified":"2021-05-26T05:16:05","modified_gmt":"2021-05-26T05:16:05","slug":"polski-lad","status":"publish","type":"post","link":"https:\/\/htb.com.pl\/?p=45739","title":{"rendered":"Polski \u0142ad"},"content":{"rendered":"\n<p><\/p>\n\n\n\n<figure class=\"wp-block-image size-thumbnail\"><a href=\"https:\/\/htb.com.pl\/wp-content\/uploads\/2021\/05\/Polski-\u0142ad.mp3\"><img loading=\"lazy\" decoding=\"async\" width=\"150\" height=\"150\" src=\"https:\/\/htb.com.pl\/wp-content\/uploads\/2018\/04\/posluchaj-150x150.jpg\" alt=\"\" class=\"wp-image-2020\" srcset=\"https:\/\/htb.com.pl\/wp-content\/uploads\/2018\/04\/posluchaj-150x150.jpg 150w, https:\/\/htb.com.pl\/wp-content\/uploads\/2018\/04\/posluchaj-300x300.jpg 300w, https:\/\/htb.com.pl\/wp-content\/uploads\/2018\/04\/posluchaj-100x100.jpg 100w\" sizes=\"auto, (max-width: 150px) 100vw, 150px\" \/><\/a><\/figure>\n\n\n\n<p>W sobot\u0119 15.05.2021. zniesiono niekt\u00f3re obostrzenia zwi\u0105zane z COVID-19. O p\u00f3\u0142nocy wszystko mi si\u0119 podoba\u0142o, <a href=\"http:\/\/radiomaria.com.pl\/wp-content\/uploads\/2021\/05\/15.05.-Pandemia.mp3\"><img loading=\"lazy\" decoding=\"async\" width=\"150\" height=\"83\" class=\"wp-image-45751\" style=\"width: 150px;\" src=\"https:\/\/htb.com.pl\/wp-content\/uploads\/2021\/05\/Ogr\u00f3\u0142dki.png\" alt=\"\" srcset=\"https:\/\/htb.com.pl\/wp-content\/uploads\/2021\/05\/Ogr\u00f3\u0142dki.png 841w, https:\/\/htb.com.pl\/wp-content\/uploads\/2021\/05\/Ogr\u00f3\u0142dki-300x166.png 300w, https:\/\/htb.com.pl\/wp-content\/uploads\/2021\/05\/Ogr\u00f3\u0142dki-768x426.png 768w, https:\/\/htb.com.pl\/wp-content\/uploads\/2021\/05\/Ogr\u00f3\u0142dki-600x332.png 600w\" sizes=\"auto, (max-width: 150px) 100vw, 150px\" \/><\/a> no ale jak s\u0142oneczko wsta\u0142o i w g\u0142owie szumie\u0107 przesta\u0142o, \u017cycie inny \u0142ad pokaza\u0142o. <a href=\"http:\/\/radiomaria.com.pl\/wp-content\/uploads\/2021\/05\/15.05.-Doszlusujemy.mp3\"><img loading=\"lazy\" decoding=\"async\" width=\"150\" height=\"113\" class=\"wp-image-45753\" style=\"width: 150px;\" src=\"https:\/\/htb.com.pl\/wp-content\/uploads\/2021\/05\/Lad.jpg\" alt=\"\" srcset=\"https:\/\/htb.com.pl\/wp-content\/uploads\/2021\/05\/Lad.jpg 640w, https:\/\/htb.com.pl\/wp-content\/uploads\/2021\/05\/Lad-300x225.jpg 300w, https:\/\/htb.com.pl\/wp-content\/uploads\/2021\/05\/Lad-600x450.jpg 600w\" sizes=\"auto, (max-width: 150px) 100vw, 150px\" \/><\/a> Na pocz\u0105tku dzieci\u0144stwo &#8211; lata 60-te mi si\u0119 przypomnia\u0142o. Tylko czemu tamto z\u0142o w kolorze, a nie w czarno bia\u0142ym telewizorze si\u0119 pokaza\u0142o? <a href=\"http:\/\/radiomaria.com.pl\/wp-content\/uploads\/2021\/05\/Plan.mp3\"><img loading=\"lazy\" decoding=\"async\" width=\"150\" height=\"84\" class=\"wp-image-45755\" style=\"width: 150px;\" src=\"https:\/\/htb.com.pl\/wp-content\/uploads\/2021\/05\/J.-Kacz\u0144ski.jpg\" alt=\"\" srcset=\"https:\/\/htb.com.pl\/wp-content\/uploads\/2021\/05\/J.-Kacz\u0144ski.jpg 740w, https:\/\/htb.com.pl\/wp-content\/uploads\/2021\/05\/J.-Kacz\u0144ski-300x169.jpg 300w, https:\/\/htb.com.pl\/wp-content\/uploads\/2021\/05\/J.-Kacz\u0144ski-600x337.jpg 600w\" sizes=\"auto, (max-width: 150px) 100vw, 150px\" \/><\/a>  I jeszcze cos o polskim \u0142adzie gada\u0142o. Dopiero jak alkohol C<sub>2<\/sub>H<sub>5<\/sub>OH kwasem z og\u00f3rk\u00f3w C<sub>3<\/sub>H<sub>6<\/sub>O<sub>3<\/sub> si\u0119 potraktowa\u0142o to si\u0119 okaza\u0142o, o jaki \u0142adzie towarzystwo z\u0142ych polityk\u00f3w gada\u0142o. Jako\u015b mnie nie przekona\u0142o. Stawk\u0119 zdrowotn\u0105 jak podatek p\u0142aci\u0107 kaza\u0142o, a jak to zarobi\u0107 &#8211; nie powiedzia\u0142o. O ustawie Marysi<em> &#8211; Lesfer<\/em> zapomnia\u0142o. Dobrze by by\u0142o, gdyby towarzystwo dobrych polityk\u00f3w powsta\u0142o i ustaw\u0119, kt\u00f3ra w latach 1989 -2000 dzia\u0142a\u0142a i nas uratowa\u0142a, przypomnia\u0142o.<\/p>\n\n\n\n<p>A teraz opisz\u0119 co jeszcze w minionym tygodniu si\u0119 dzia\u0142o. B\u0119dzie to tak opowiedziane, jakby z perspektywy Marysi widziane. Trzeba tylko doda\u0107 jej zdanie na takie pisanie. <em>Daj spok\u00f3j, daj spok\u00f3j<\/em> .<\/p>\n\n\n\n<p>Wojna domowa &#8211; te dwa s\u0142owa dla Marysi by\u0142y jak s\u00f3l dla kucharza. To by\u0142a jej praca. Walczy\u0142a ze z\u0142em. &#8220;Firma&#8221; w kt\u00f3rej pracowa\u0142a, r\u00f3wnie\u017c palesty\u0144sko-izraelskim z\u0142em si\u0119 zajmowa\u0142a. Marysia g\u0142\u00f3wnie w Libanie dzia\u0142a\u0142a. Niestety 13 pa\u017adziernika 1987 roku Anio\u0142kiem zosta\u0142a, a w Izraelu palesty\u0144ska <a href=\"https:\/\/pl.wikipedia.org\/wiki\/Pierwsza_intifada\">Itifada<\/a> powsta\u0142a. Dzi\u015b nie jest lepiej. <a href=\"http:\/\/radiomaria.com.pl\/wp-content\/uploads\/2021\/05\/Izrael.mp3\"><img loading=\"lazy\" decoding=\"async\" width=\"150\" height=\"84\" class=\"wp-image-45804\" style=\"width: 150px;\" src=\"https:\/\/htb.com.pl\/wp-content\/uploads\/2021\/05\/Wojna-Palestyna.jpg\" alt=\"\" srcset=\"https:\/\/htb.com.pl\/wp-content\/uploads\/2021\/05\/Wojna-Palestyna.jpg 700w, https:\/\/htb.com.pl\/wp-content\/uploads\/2021\/05\/Wojna-Palestyna-300x169.jpg 300w, https:\/\/htb.com.pl\/wp-content\/uploads\/2021\/05\/Wojna-Palestyna-600x338.jpg 600w\" sizes=\"auto, (max-width: 150px) 100vw, 150px\" \/><\/a> Marysia zawsze m\u00f3wi\u0142a &#8211; schowa\u0107 bro\u0144 i poda\u0107 d\u0142o\u0144. Rokowania przy stole &#8211; to jest si\u0142a, kt\u00f3ra z\u0142o pokona, a wrogowie z czasem padn\u0105 sobie w ramiona. W Polsce tak zrobi\u0142a. Rad\u0119 konsultacyjn\u0105 ustanowi\u0142a, (6 grudnia 1986), a ta okr\u0105g\u0142y st\u00f3\u0142 zorganizowa\u0142a (od 6 lutego do 5 kwietnia 1989)  i 12 stycznia 1987 roku Polska po 44 latach wojny domowej, demokracj\u0119 wybra\u0142a.  Jednak jej nie pilnowa\u0142a i dzi\u015b znowu Marysia by si\u0119 przyda\u0142a.<\/p>\n\n\n\n<p>Ona medi\u00f3w publicznych nigdy by nie odda\u0142a ale nawet teraz, jak TVN cz\u0119\u015bci\u0105 najwi\u0119kszego imperium medialnego AT&amp;T si\u0119 sta\u0142a <a href=\"http:\/\/radiomaria.com.pl\/wp-content\/uploads\/2021\/05\/18.05.-TVN-koncern.mp3\"><img loading=\"lazy\" decoding=\"async\" width=\"150\" height=\"75\" class=\"wp-image-45807\" style=\"width: 150px;\" src=\"https:\/\/htb.com.pl\/wp-content\/uploads\/2021\/05\/TVN-koncern.jpg\" alt=\"\" srcset=\"https:\/\/htb.com.pl\/wp-content\/uploads\/2021\/05\/TVN-koncern.jpg 610w, https:\/\/htb.com.pl\/wp-content\/uploads\/2021\/05\/TVN-koncern-300x149.jpg 300w, https:\/\/htb.com.pl\/wp-content\/uploads\/2021\/05\/TVN-koncern-600x298.jpg 600w\" sizes=\"auto, (max-width: 150px) 100vw, 150px\" \/><\/a> &#8211; rad\u0119 sobie by da\u0142a. Ona pot\u0119g\u0119 medi\u00f3w zna\u0142a i w walce ze z\u0142em wykorzystywa\u0142a.<\/p>\n\n\n\n<p>W tym tygodniu przypad\u0142a 77 rocznica Bitwy pod Monte Cassino. <a href=\"http:\/\/radiomaria.com.pl\/wp-content\/uploads\/2021\/05\/Monte-Cassino.mp3\"><img loading=\"lazy\" decoding=\"async\" width=\"150\" height=\"70\" class=\"wp-image-45809\" style=\"width: 150px;\" src=\"https:\/\/htb.com.pl\/wp-content\/uploads\/2021\/05\/Monte-ma\u0142y.jpg\" alt=\"\" srcset=\"https:\/\/htb.com.pl\/wp-content\/uploads\/2021\/05\/Monte-ma\u0142y.jpg 557w, https:\/\/htb.com.pl\/wp-content\/uploads\/2021\/05\/Monte-ma\u0142y-300x141.jpg 300w\" sizes=\"auto, (max-width: 150px) 100vw, 150px\" \/><\/a> Wspominam grudzie\u0144 2015 rok i spotkanie  w Krakowie z Igorem. To Rosjanin &#8211; przyjaciel Marysi. Wiele wtedy zrozumia\u0142am i o Marysi pisa\u0107 i m\u00f3wi\u0107 zacz\u0105\u0142em. Uzna\u0142em, \u017ce z\u0142em jest to, \u017ce milcza\u0142em. <\/p>\n\n\n\n<p>A gdy ju\u017c milcze\u0107 przesta\u0142e, to o polskiej energetyce, wspominaj\u0105c Marysi\u0119 bardzo cz\u0119sto pisa\u0142em. Ona EJ\u017b  doko\u0144czy\u0107 za wszelka cen\u0119 chcia\u0142a, a przed czy\u015b takim jak polski \u0142ad, ostrzega\u0142a. <a href=\"http:\/\/radiomaria.com.pl\/wp-content\/uploads\/2021\/05\/19.05.-Awaria.mp3\"><img loading=\"lazy\" decoding=\"async\" width=\"150\" height=\"131\" class=\"wp-image-45811\" style=\"width: 150px;\" src=\"https:\/\/htb.com.pl\/wp-content\/uploads\/2021\/05\/Lad-polski-c-2.png\" alt=\"\"><\/a> Zwykle 123 lata niewoli tu wspomina\u0142a &#8211; tak nas usprawiedliwia\u0142a i na edukacj\u0119 stawia\u0142a. Dzi\u015b Polska o edukacji zapomnia\u0142a i awaria, kt\u00f3ra normalnie jest nie do pomy\u015blenia &#8211; faktem si\u0119 sta\u0142a. Stacja rozdzielcza w Rogowcu <a href=\"http:\/\/radiomaria.com.pl\/wp-content\/uploads\/2021\/05\/Energetyka-nic-sie-nie-sta\u0142o.mp3\"><img loading=\"lazy\" decoding=\"async\" width=\"150\" height=\"100\" class=\"wp-image-45814\" style=\"width: 150px;\" src=\"https:\/\/htb.com.pl\/wp-content\/uploads\/2021\/05\/BB1gUoIc.jpg\" alt=\"\" srcset=\"https:\/\/htb.com.pl\/wp-content\/uploads\/2021\/05\/BB1gUoIc.jpg 770w, https:\/\/htb.com.pl\/wp-content\/uploads\/2021\/05\/BB1gUoIc-300x200.jpg 300w, https:\/\/htb.com.pl\/wp-content\/uploads\/2021\/05\/BB1gUoIc-768x512.jpg 768w, https:\/\/htb.com.pl\/wp-content\/uploads\/2021\/05\/BB1gUoIc-600x400.jpg 600w\" sizes=\"auto, (max-width: 150px) 100vw, 150px\" \/><\/a> nawali\u0142a i najwi\u0119ksza w Europie elektrownia w\u0119glowa w Be\u0142chatowie 10 z 11 blok\u00f3w wy\u0142\u0105czy\u0142a. Ca\u0142a Europa i cz\u0119\u015b\u0107 P\u00f3\u0142nocnej Afryki si\u0119 zdziwi\u0142a.<\/p>\n\n\n\n<p>Na koniec jeszcze jedno wspomnienie, kt\u00f3re ma do wydarzenia z tego tygodnia odniesienie. 35 lat temu w Reykjaviku Gorbaczow z Regagnam si\u0119 spotkali i przy stole ogromny konflikt za\u017cegnali. Wiem jak bardzo Marysia do tego si przyczyni\u0142a. Gdy by\u0142o ju\u017c po wszystkim powiedzia\u0142a <a href=\"https:\/\/htb.com.pl\/?p=258\">&#8211; to ich wojna my mamy swoj\u0105 i po chwili demonstrantom pod Sejmem polewa\u0142a<\/a>. Dzi\u015b  sekretarz stanu USA Antony&#8217;e Blinken i ministra spraw zagranicznych Rosji Siergiej \u0141awrow w Reykjaviku si\u0119 spotkali. <a href=\"http:\/\/radiomaria.com.pl\/wp-content\/uploads\/2021\/05\/20.05.-M\u00f3j-Anio\u0142ek.mp3\"><img loading=\"lazy\" decoding=\"async\" width=\"150\" height=\"66\" class=\"wp-image-45816\" style=\"width: 150px;\" src=\"https:\/\/htb.com.pl\/wp-content\/uploads\/2021\/05\/Spotkanie.jpg\" alt=\"\" srcset=\"https:\/\/htb.com.pl\/wp-content\/uploads\/2021\/05\/Spotkanie.jpg 636w, https:\/\/htb.com.pl\/wp-content\/uploads\/2021\/05\/Spotkanie-300x133.jpg 300w, https:\/\/htb.com.pl\/wp-content\/uploads\/2021\/05\/Spotkanie-600x265.jpg 600w\" sizes=\"auto, (max-width: 150px) 100vw, 150px\" \/><\/a> Dobro miast z\u0142a wybrali. Tu Marysia by si\u0119 cieszy\u0142a.  <\/p>\n\n\n\n<p>Na koniec jeszcze jedna rada Marysi &#8211; dla zakochanych, mamy maj. Wielu si\u0119 dziwi dlaczego taka dziewczyna mnie sobie wybra\u0142a. Kiedy\u015b to powiedzia\u0142a. Ot\u00f3\u017c ona feromony w doborze partner\u00f3w uznawa\u0142a. Nawet jak po imprezie moja koszula nie pachnia\u0142a, to Majka mnie przytula\u0142a. Mo\u017cna to sprawdzi\u0107 &#8211; te kosmetyki da Niej i dla Niego z mojego sklepu internetowego, nie zmieni\u0105 zapachu naturalnego  i pomog\u0105 w dokonaniu wyboru &#8211; cz\u0119sto \u017cyciowego.<\/p>\n\n\n\n<figure class=\"wp-block-gallery columns-2 is-cropped wp-block-gallery-1 is-layout-flex wp-block-gallery-is-layout-flex\"><ul class=\"blocks-gallery-grid\"><li class=\"blocks-gallery-item\"><figure><img loading=\"lazy\" decoding=\"async\" width=\"800\" height=\"800\" src=\"https:\/\/htb.com.pl\/wp-content\/uploads\/2019\/06\/woda-t.png\" alt=\"\" data-id=\"3769\" data-full-url=\"https:\/\/htb.com.pl\/wp-content\/uploads\/2019\/06\/woda-t.png\" data-link=\"https:\/\/htb.com.pl\/?attachment_id=3769\" class=\"wp-image-3769\" srcset=\"https:\/\/htb.com.pl\/wp-content\/uploads\/2019\/06\/woda-t.png 800w, https:\/\/htb.com.pl\/wp-content\/uploads\/2019\/06\/woda-t-150x150.png 150w, https:\/\/htb.com.pl\/wp-content\/uploads\/2019\/06\/woda-t-300x300.png 300w, https:\/\/htb.com.pl\/wp-content\/uploads\/2019\/06\/woda-t-768x768.png 768w, https:\/\/htb.com.pl\/wp-content\/uploads\/2019\/06\/woda-t-600x600.png 600w, https:\/\/htb.com.pl\/wp-content\/uploads\/2019\/06\/woda-t-100x100.png 100w\" sizes=\"auto, (max-width: 800px) 100vw, 800px\" \/><figcaption class=\"blocks-gallery-item__caption\"><a href=\"https:\/\/htb.com.pl\/?product=meska-woda-toaletowa-india\">M\u0119ska woda toaletowa India<\/a><\/figcaption><\/figure><\/li><li class=\"blocks-gallery-item\"><figure><img loading=\"lazy\" decoding=\"async\" width=\"800\" height=\"800\" src=\"https:\/\/htb.com.pl\/wp-content\/uploads\/2019\/06\/perfum.png\" alt=\"\" data-id=\"3767\" data-full-url=\"https:\/\/htb.com.pl\/wp-content\/uploads\/2019\/06\/perfum.png\" data-link=\"https:\/\/htb.com.pl\/?attachment_id=3767\" class=\"wp-image-3767\" srcset=\"https:\/\/htb.com.pl\/wp-content\/uploads\/2019\/06\/perfum.png 800w, https:\/\/htb.com.pl\/wp-content\/uploads\/2019\/06\/perfum-150x150.png 150w, https:\/\/htb.com.pl\/wp-content\/uploads\/2019\/06\/perfum-300x300.png 300w, https:\/\/htb.com.pl\/wp-content\/uploads\/2019\/06\/perfum-768x768.png 768w, https:\/\/htb.com.pl\/wp-content\/uploads\/2019\/06\/perfum-600x600.png 600w, https:\/\/htb.com.pl\/wp-content\/uploads\/2019\/06\/perfum-100x100.png 100w\" sizes=\"auto, (max-width: 800px) 100vw, 800px\" \/><figcaption class=\"blocks-gallery-item__caption\"><a href=\"https:\/\/htb.com.pl\/?product=damskie-perfumy-z-linii-india\">Damskie perfumy z linii India<\/a><\/figcaption><\/figure><\/li><\/ul><\/figure>\n\n\n\n<p> <br><\/p>\n","protected":false},"excerpt":{"rendered":"<p>W sobot\u0119 15.05.2021. zniesiono niekt\u00f3re obostrzenia zwi\u0105zane z COVID-19. O p\u00f3\u0142nocy wszystko mi si\u0119 podoba\u0142o, no ale jak s\u0142oneczko wsta\u0142o i w g\u0142owie szumie\u0107 przesta\u0142o, \u017cycie inny \u0142ad pokaza\u0142o. Na pocz\u0105tku dzieci\u0144stwo &#8211; lata 60-te mi si\u0119 przypomnia\u0142o. Tylko czemu tamto z\u0142o w kolorze, a nie w czarno bia\u0142ym telewizorze si\u0119 pokaza\u0142o? I jeszcze cos [&hellip;]<\/p>\n","protected":false},"author":1,"featured_media":45751,"comment_status":"open","ping_status":"open","sticky":false,"template":"","format":"standard","meta":{"_jetpack_memberships_contains_paid_content":false,"footnotes":""},"categories":[4],"tags":[729],"class_list":["post-45739","post","type-post","status-publish","format-standard","has-post-thumbnail","hentry","category-daty-i-fakty-blog","tag-polski-lad"],"jetpack_sharing_enabled":true,"jetpack_featured_media_url":"https:\/\/htb.com.pl\/wp-content\/uploads\/2021\/05\/Ogr\u00f3\u0142dki.png","_links":{"self":[{"href":"https:\/\/htb.com.pl\/index.php?rest_route=\/wp\/v2\/posts\/45739","targetHints":{"allow":["GET"]}}],"collection":[{"href":"https:\/\/htb.com.pl\/index.php?rest_route=\/wp\/v2\/posts"}],"about":[{"href":"https:\/\/htb.com.pl\/index.php?rest_route=\/wp\/v2\/types\/post"}],"author":[{"embeddable":true,"href":"https:\/\/htb.com.pl\/index.php?rest_route=\/wp\/v2\/users\/1"}],"replies":[{"embeddable":true,"href":"https:\/\/htb.com.pl\/index.php?rest_route=%2Fwp%2Fv2%2Fcomments&post=45739"}],"version-history":[{"count":18,"href":"https:\/\/htb.com.pl\/index.php?rest_route=\/wp\/v2\/posts\/45739\/revisions"}],"predecessor-version":[{"id":46064,"href":"https:\/\/htb.com.pl\/index.php?rest_route=\/wp\/v2\/posts\/45739\/revisions\/46064"}],"wp:featuredmedia":[{"embeddable":true,"href":"https:\/\/htb.com.pl\/index.php?rest_route=\/wp\/v2\/media\/45751"}],"wp:attachment":[{"href":"https:\/\/htb.com.pl\/index.php?rest_route=%2Fwp%2Fv2%2Fmedia&parent=45739"}],"wp:term":[{"taxonomy":"category","embeddable":true,"href":"https:\/\/htb.com.pl\/index.php?rest_route=%2Fwp%2Fv2%2Fcategories&post=45739"},{"taxonomy":"post_tag","embeddable":true,"href":"https:\/\/htb.com.pl\/index.php?rest_route=%2Fwp%2Fv2%2Ftags&post=45739"}],"curies":[{"name":"wp","href":"https:\/\/api.w.org\/{rel}","templated":true}]}}