{"id":46113,"date":"2021-05-28T11:00:21","date_gmt":"2021-05-28T11:00:21","guid":{"rendered":"https:\/\/htb.com.pl\/?p=46113"},"modified":"2021-05-29T06:21:25","modified_gmt":"2021-05-29T06:21:25","slug":"dzien-matki","status":"publish","type":"post","link":"https:\/\/htb.com.pl\/?p=46113","title":{"rendered":"Dzie\u0144 Matki"},"content":{"rendered":"\n<p><\/p>\n\n\n\n<figure class=\"wp-block-image size-thumbnail\"><a href=\"https:\/\/htb.com.pl\/wp-content\/uploads\/2021\/05\/Dzie\u0144-Matki.mp3\"><img loading=\"lazy\" decoding=\"async\" width=\"150\" height=\"150\" src=\"https:\/\/htb.com.pl\/wp-content\/uploads\/2018\/04\/posluchaj-150x150.jpg\" alt=\"\" class=\"wp-image-2020\" srcset=\"https:\/\/htb.com.pl\/wp-content\/uploads\/2018\/04\/posluchaj-150x150.jpg 150w, https:\/\/htb.com.pl\/wp-content\/uploads\/2018\/04\/posluchaj-300x300.jpg 300w, https:\/\/htb.com.pl\/wp-content\/uploads\/2018\/04\/posluchaj-100x100.jpg 100w\" sizes=\"auto, (max-width: 150px) 100vw, 150px\" \/><\/a><\/figure>\n\n\n\n<p><strong>W tym tygodniu przypada ten niezwyk\u0142y dzie\u0144. Mamom kwiaty dajemy, \u017cyczenia sk\u0142adamy albo ju\u017c tylko je wspominamy.<\/strong><\/p>\n\n\n\n<figure class=\"wp-block-image size-large\"><a href=\"http:\/\/radiomaria.com.pl\/wp-content\/uploads\/2021\/05\/Dzie\u0144-Matki.mp3\"><img loading=\"lazy\" decoding=\"async\" width=\"907\" height=\"532\" src=\"https:\/\/htb.com.pl\/wp-content\/uploads\/2021\/05\/Polne-kwiaty.png\" alt=\"\" class=\"wp-image-46206\" srcset=\"https:\/\/htb.com.pl\/wp-content\/uploads\/2021\/05\/Polne-kwiaty.png 907w, https:\/\/htb.com.pl\/wp-content\/uploads\/2021\/05\/Polne-kwiaty-300x176.png 300w, https:\/\/htb.com.pl\/wp-content\/uploads\/2021\/05\/Polne-kwiaty-768x450.png 768w, https:\/\/htb.com.pl\/wp-content\/uploads\/2021\/05\/Polne-kwiaty-600x352.png 600w\" sizes=\"auto, (max-width: 907px) 100vw, 907px\" \/><\/a><\/figure>\n\n\n\n<p>26 maja 1987 rok &#8211; to by\u0142 wtorek, byli\u015bmy z Marysia u moich Rodzic\u00f3w w Zaklikowie. Majka Dzie\u0144 Matki obchodzi\u0142a w drug\u0105 niedziel\u0119 maja &#8211; tak jest w wi\u0119kszo\u015bci kraj\u00f3w &#8211; tylko w Polsce ten dzie\u0144 obchodzimy 26 maja.  Dlatego zdziwi\u0142o j\u0105, \u017ce w niedziel\u0119 24  maja, zabra\u0142em si\u0119 za gary. Z okazji \u015bwi\u0119ta postanowi\u0142em zast\u0105pi\u0107 Mam\u0119 i ugotowa\u0107 tradycyjny ros\u00f3\u0142 ze schabowymi. Majka po konsultacji z Babci\u0105 kur\u0119 na ten ros\u00f3\u0142 wybra\u0142a, \u0142eb uci\u0119\u0142a i oskuba\u0142a. A gdy kura si\u0119 gotowa\u0142a za\u015bpiewa\u0142a. <\/p>\n\n\n\n<figure class=\"wp-block-audio\"><audio controls src=\"https:\/\/htb.com.pl\/wp-content\/uploads\/2018\/08\/Ukraina-Pie\u015b\u0144.mp3\"><\/audio><\/figure>\n\n\n\n<p>&#8220;Matko moja ja wiem&#8221; &#8211; po ukrai\u0144sku. Po \u015bmierci Marysi Mama zapomnie\u0107 mi pomaga\u0142a ale t\u0105 niedziel\u0119 i t\u0105 pie\u015b\u0144 wspomina\u0142a. Jak ja w 2015 roku sobie to przypomnia\u0142em<a href=\"https:\/\/htb.com.pl\/?p=1334\"> &#8211; opisa\u0142em<\/a>. Wtedy o Marysi pisa\u0107 zacz\u0105\u0142em. Nagle we wspomnieniach j\u0105 us\u0142ysza\u0142em &#8211; a m\u00f3wi\u0107 to co do mnie b\u0119dzie m\u00f3wi\u0142a, nad jej trumna obieca\u0142em. <\/p>\n\n\n\n<p>W pi\u0105tek Trybuna\u0142 Sprawiedliwo\u015bci Unii Europejskiej przychyli\u0142 si\u0119 do wniosku Czech i nakaza\u0142 Polsce natychmiastowe wstrzymanie wydobycia w\u0119gla w kopalni Tur\u00f3w. <a href=\"http:\/\/radiomaria.com.pl\/wp-content\/uploads\/2021\/05\/22.05.-Tur\u00f3w.mp3\"><img loading=\"lazy\" decoding=\"async\" width=\"150\" height=\"113\" class=\"wp-image-46162\" style=\"width: 150px;\" src=\"https:\/\/htb.com.pl\/wp-content\/uploads\/2021\/05\/800px-Turow.jpg\" alt=\"\" srcset=\"https:\/\/htb.com.pl\/wp-content\/uploads\/2021\/05\/800px-Turow.jpg 800w, https:\/\/htb.com.pl\/wp-content\/uploads\/2021\/05\/800px-Turow-300x225.jpg 300w, https:\/\/htb.com.pl\/wp-content\/uploads\/2021\/05\/800px-Turow-768x576.jpg 768w, https:\/\/htb.com.pl\/wp-content\/uploads\/2021\/05\/800px-Turow-600x450.jpg 600w\" sizes=\"auto, (max-width: 150px) 100vw, 150px\" \/><\/a> Czesi si\u0119 poskar\u017cyli, bo od ponad pi\u0119ciu lat  nie mog\u0105 si\u0119 w tej sprawie  z nami Polakami dogada\u0107. Z nami to nikt nie mo\u017ce si\u0119 dogada\u0107 ale tu mo\u017ce by\u0107 jeszcze bariera j\u0119zykowa. Pami\u0119tam jak Pani komisarz UE Wera Jourova  z panem prezydentem Andrzejem Dud\u0105 o praworz\u0105dno\u015bci rozmawia\u0142a &#8211; te\u017c nic nie rozumia\u0142 &#8211; dziwne tylko, \u017ce Ona wszystko rozumia\u0142a. To wa\u017cne w kontek\u015bcie tego konfliktu, Ot\u00f3\u017c orzeczenie TSUE polska klasa odebra\u0142a, tak jakby UE  cz\u0119\u015b\u0107 suwerenno\u015bci nam zabra\u0142a. Dobrze, \u017ce Solidarno\u015b\u0107 Kopalni Tur\u00f3w tak tego nie odepra\u0142a. Prosz\u0119  klikn\u0105\u0107 logo i pos\u0142ucha\u0107 wywiadu. <a href=\"http:\/\/radiomaria.com.pl\/wp-content\/uploads\/2021\/05\/Przedstawiciel-Solidarno\u015bci.mp3\"><img loading=\"lazy\" decoding=\"async\" width=\"150\" height=\"53\" class=\"wp-image-46166\" style=\"width: 150px;\" src=\"https:\/\/htb.com.pl\/wp-content\/uploads\/2021\/05\/logo-Tur\u00f3w.png\" alt=\"\" srcset=\"https:\/\/htb.com.pl\/wp-content\/uploads\/2021\/05\/logo-Tur\u00f3w.png 450w, https:\/\/htb.com.pl\/wp-content\/uploads\/2021\/05\/logo-Tur\u00f3w-300x105.png 300w\" sizes=\"auto, (max-width: 150px) 100vw, 150px\" \/><\/a><\/p>\n\n\n\n<p>Jak chodzi o praworz\u0105dno\u015b\u0107  to nie tylko na niwie europejskiej mamy problemy. Po zamachu stanu w 2015 roku s\u0105downictwo, w\u0142adza wykonawcza i ustawodawcza jednym si\u0119 sta\u0142a. Ch\u0142opaki z razwietpura to wykorzystali i nasz rz\u0105d jak mafie zorganizowali. <a href=\"http:\/\/radiomaria.com.pl\/wp-content\/uploads\/2021\/05\/25.05.-Restrykcje-Morawiecki.mp3\"><img loading=\"lazy\" decoding=\"async\" width=\"150\" height=\"107\" class=\"wp-image-46175\" style=\"width: 150px;\" src=\"https:\/\/htb.com.pl\/wp-content\/uploads\/2021\/05\/Morawiecki-s.jpg\" alt=\"\" srcset=\"https:\/\/htb.com.pl\/wp-content\/uploads\/2021\/05\/Morawiecki-s.jpg 639w, https:\/\/htb.com.pl\/wp-content\/uploads\/2021\/05\/Morawiecki-s-300x214.jpg 300w, https:\/\/htb.com.pl\/wp-content\/uploads\/2021\/05\/Morawiecki-s-600x427.jpg 600w\" sizes=\"auto, (max-width: 150px) 100vw, 150px\" \/><\/a> Tak  jak caryca Katarzyna m\u00f3wi\u0142a. Jej list do swojego ministra z okazji rocznicy Konstytucji 3 Maja \u017ce\u015bmy przytaczali. (Zdj\u0119cie jest aktywne, mo\u017cna pos\u0142ucha\u0107). <a href=\"http:\/\/radiomaria.com.pl\/wp-content\/uploads\/2021\/05\/Ostrze\u017cenieks.-prof-Tadeusza-Guza-d.mp3\"><img loading=\"lazy\" decoding=\"async\" width=\"150\" height=\"179\" class=\"wp-image-46171\" style=\"width: 150px;\" src=\"https:\/\/htb.com.pl\/wp-content\/uploads\/2021\/05\/caryca-ma\u0142y.jpg\" alt=\"\"><\/a> \u017beby jedni drugich si\u0119 bali, nar\u00f3d og\u0142upiali i rozpijali.  Ten plan nasi \u017ali politycy w znacznej cz\u0119\u015bci ju\u017c zrealizowali. Ostatnio kontrolerzy NIK si\u0119 za to zabrali i spraw\u0119 do prokuratury skierowali. <a href=\"http:\/\/radiomaria.com.pl\/wp-content\/uploads\/2021\/05\/25.05.-Baba\u015b.mp3\"><img loading=\"lazy\" decoding=\"async\" width=\"150\" height=\"84\" class=\"wp-image-46176\" style=\"width: 150px;\" src=\"https:\/\/htb.com.pl\/wp-content\/uploads\/2021\/05\/Bana\u015b.jpg\" alt=\"\" srcset=\"https:\/\/htb.com.pl\/wp-content\/uploads\/2021\/05\/Bana\u015b.jpg 740w, https:\/\/htb.com.pl\/wp-content\/uploads\/2021\/05\/Bana\u015b-300x169.jpg 300w, https:\/\/htb.com.pl\/wp-content\/uploads\/2021\/05\/Bana\u015b-600x337.jpg 600w\" sizes=\"auto, (max-width: 150px) 100vw, 150px\" \/><\/a> Jednak prokuratorzy zanim  za to si\u0119 zabrali, swego szefa, prokuratora generalnego &#8211; polityka Zbigniewa Ziobro wys\u0142uchali. Ten powiedzia\u0142, \u017ce winna jest opozycja. Zobaczymy, czy prokuratorz go pos\u0142uchali.<\/p>\n\n\n\n<p>W Europejskim Centrum Ochrony Zdrowia Otwock 29 lipca 2020 roku otwarto dwie sale onkologiczne do chemii dziennej. Przy otwarciu tak to wygl\u0105da\u0142o, <a href=\"http:\/\/radiomaria.com.pl\/wp-content\/uploads\/2021\/05\/22.05.-Onkologia.mp3\"><img loading=\"lazy\" decoding=\"async\" width=\"150\" height=\"171\" class=\"wp-image-46185\" style=\"width: 150px;\" src=\"https:\/\/htb.com.pl\/wp-content\/uploads\/2021\/05\/Chemiotrerapia.jpg\" alt=\"\" srcset=\"https:\/\/htb.com.pl\/wp-content\/uploads\/2021\/05\/Chemiotrerapia.jpg 788w, https:\/\/htb.com.pl\/wp-content\/uploads\/2021\/05\/Chemiotrerapia-263x300.jpg 263w, https:\/\/htb.com.pl\/wp-content\/uploads\/2021\/05\/Chemiotrerapia-768x877.jpg 768w, https:\/\/htb.com.pl\/wp-content\/uploads\/2021\/05\/Chemiotrerapia-600x685.jpg 600w\" sizes=\"auto, (max-width: 150px) 100vw, 150px\" \/><\/a> a to co dzi\u015b tam si\u0119 sta\u0142o&#8230; <a href=\"https:\/\/htb.com.pl\/?product=cbd-20-ekstrakt-10ml\"><img loading=\"lazy\" decoding=\"async\" width=\"150\" height=\"150\" class=\"wp-image-24521\" style=\"width: 150px;\" src=\"https:\/\/htb.com.pl\/wp-content\/uploads\/2020\/06\/CBD_20_ekstraktma\u0142y.png\" alt=\"\" srcset=\"https:\/\/htb.com.pl\/wp-content\/uploads\/2020\/06\/CBD_20_ekstraktma\u0142y.png 1050w, https:\/\/htb.com.pl\/wp-content\/uploads\/2020\/06\/CBD_20_ekstraktma\u0142y-300x300.png 300w, https:\/\/htb.com.pl\/wp-content\/uploads\/2020\/06\/CBD_20_ekstraktma\u0142y-1024x1024.png 1024w, https:\/\/htb.com.pl\/wp-content\/uploads\/2020\/06\/CBD_20_ekstraktma\u0142y-150x150.png 150w, https:\/\/htb.com.pl\/wp-content\/uploads\/2020\/06\/CBD_20_ekstraktma\u0142y-768x768.png 768w, https:\/\/htb.com.pl\/wp-content\/uploads\/2020\/06\/CBD_20_ekstraktma\u0142y-600x600.png 600w, https:\/\/htb.com.pl\/wp-content\/uploads\/2020\/06\/CBD_20_ekstraktma\u0142y-100x100.png 100w\" sizes=\"auto, (max-width: 150px) 100vw, 150px\" \/><\/a> Jeden onkolog przyjmuje 70 pacjent\u00f3w! Kiedy\u015b ludzie bez wyobra\u017ani nas nabrali i EJ\u017b \u017ce\u015bmy zlikwidowali, teraz o COOVID-19 g\u0142upoty gadali i profilaktyk\u0119 &#8211; g\u0142\u00f3wnie t\u0105 onkologiczn\u0105 \u017ce\u015bmy zaniedbali. Dobrze by by\u0142o, \u017ceby\u015bmy takich ludzi nie s\u0142uchali i na nich w wyborach nie stawiali.<\/p>\n\n\n\n<p>Ostatni tak \u017ce\u015bmy zrobili, a oni pana Jaros\u0142awa Kaczy\u0144skiego wicepremierem od bezpiecze\u0144stwa zrobili. Cz\u0142owieka, kt\u00f3ry boi si\u0119 wszystkiego, a najbardziej obcego. Wprowadzono biurokracje do prawa uchod\u017aczego, a to doprowadzi\u0142o do czego\u015b nieprawdopodobnego. Bia\u0142oruski bloger Raman Protasiewicz nie dosta\u0142 ochrony i samolot kt\u00f3rym lecia\u0142 zosta\u0142 uziemiony. <a href=\"http:\/\/radiomaria.com.pl\/wp-content\/uploads\/2021\/05\/24.05.-Samolot-zmuszony-do-l\u0105dowania.mp3\"><img loading=\"lazy\" decoding=\"async\" width=\"150\" height=\"100\" class=\"wp-image-46191\" style=\"width: 150px;\" src=\"https:\/\/htb.com.pl\/wp-content\/uploads\/2021\/05\/Bia\u0142ory\u015b-samolot.jpg\" alt=\"\" srcset=\"https:\/\/htb.com.pl\/wp-content\/uploads\/2021\/05\/Bia\u0142ory\u015b-samolot.jpg 784w, https:\/\/htb.com.pl\/wp-content\/uploads\/2021\/05\/Bia\u0142ory\u015b-samolot-300x200.jpg 300w, https:\/\/htb.com.pl\/wp-content\/uploads\/2021\/05\/Bia\u0142ory\u015b-samolot-768x512.jpg 768w, https:\/\/htb.com.pl\/wp-content\/uploads\/2021\/05\/Bia\u0142ory\u015b-samolot-600x400.jpg 600w\" sizes=\"auto, (max-width: 150px) 100vw, 150px\" \/><\/a> Jak pomy\u015bl\u0119, \u017ce Bia\u0142orusini to zrobili &#8211; ci kt\u00f3rzy dla Marysi jak Ojczyzna byli. Zadaje sobie pytanie &#8211; czemu jak Ona z Rad\u0105 Konsultacyjna w 1986 roku, ze swoj\u0105 Rad\u0105 Koordynacyjn\u0105 tak nie zrobili. Pawe\u0142 \u0141atuszka, by\u0142y bia\u0142oruski dyplomata, minister kultury, by\u0142 w prezydium ich Rady Koordynacyjnej. Teraz jest w Polsce. Tak im nie pomo\u017cemy, a jak tego nie zrobimy, w kr\u00f3tce jak Raman z omonowcami ta\u0144czy\u0107 b\u0119dziemy. <a href=\"http:\/\/radiomaria.com.pl\/wp-content\/uploads\/2021\/05\/Przes\u0142anie-dla-Ramana-Pratasiewicza.mp3\"><img loading=\"lazy\" decoding=\"async\" width=\"150\" height=\"109\" class=\"wp-image-46192\" style=\"width: 150px;\" src=\"https:\/\/htb.com.pl\/wp-content\/uploads\/2021\/05\/Raman.jpg\" alt=\"\" srcset=\"https:\/\/htb.com.pl\/wp-content\/uploads\/2021\/05\/Raman.jpg 644w, https:\/\/htb.com.pl\/wp-content\/uploads\/2021\/05\/Raman-300x218.jpg 300w, https:\/\/htb.com.pl\/wp-content\/uploads\/2021\/05\/Raman-600x436.jpg 600w\" sizes=\"auto, (max-width: 150px) 100vw, 150px\" \/><\/a> Marysia by z nimi zata\u0144czy\u0142a &#8211; gdyby \u017cy\u0142a. My \u017cyjemy ale nie chcemy albo nie umiemy.<\/p>\n\n\n\n<p>Wygl\u0105da, \u017ce na razie Raman \u017cyje. <a href=\"http:\/\/radiomaria.com.pl\/wp-content\/uploads\/2021\/05\/25.05.-Bia\u0142oruska-telewizja-pokaza\u0142a.mp3\"><img loading=\"lazy\" decoding=\"async\" width=\"150\" height=\"113\" class=\"wp-image-46195\" style=\"width: 150px;\" src=\"https:\/\/htb.com.pl\/wp-content\/uploads\/2021\/05\/Raman-1.jpg\" alt=\"\" srcset=\"https:\/\/htb.com.pl\/wp-content\/uploads\/2021\/05\/Raman-1.jpg 640w, https:\/\/htb.com.pl\/wp-content\/uploads\/2021\/05\/Raman-1-300x225.jpg 300w, https:\/\/htb.com.pl\/wp-content\/uploads\/2021\/05\/Raman-1-600x450.jpg 600w\" sizes=\"auto, (max-width: 150px) 100vw, 150px\" \/><\/a> Niestety tylko modlitwa pozosta\u0142a, cho\u0107 UE o restrykcjach co\u015b dyskutowa\u0142a. <a href=\"http:\/\/radiomaria.com.pl\/wp-content\/uploads\/2021\/05\/25.05.-Restrykcje-UE.mp3\"><img loading=\"lazy\" decoding=\"async\" width=\"150\" height=\"113\" class=\"wp-image-46196\" style=\"width: 150px;\" src=\"https:\/\/htb.com.pl\/wp-content\/uploads\/2021\/05\/Restrykcje-UE-2.jpg\" alt=\"\" srcset=\"https:\/\/htb.com.pl\/wp-content\/uploads\/2021\/05\/Restrykcje-UE-2.jpg 640w, https:\/\/htb.com.pl\/wp-content\/uploads\/2021\/05\/Restrykcje-UE-2-300x225.jpg 300w, https:\/\/htb.com.pl\/wp-content\/uploads\/2021\/05\/Restrykcje-UE-2-600x450.jpg 600w\" sizes=\"auto, (max-width: 150px) 100vw, 150px\" \/><\/a> No &#8211; \u017ceby czego\u015b gorszego dla Bia\u0142orusin\u00f3w tym nie spowodowa\u0142a.<\/p>\n\n\n\n<p>Marysia z broni\u0105 w r\u0119ku z terroryzmem walczy\u0142a ale w si\u0142owe rozwi\u0105zania nie wierzy\u0142a. Podobnie jak prezydent USA  Joe Biden. <a href=\"http:\/\/radiomaria.com.pl\/wp-content\/uploads\/2021\/05\/28.05.-Joe-Biden.mp3\"><img loading=\"lazy\" decoding=\"async\" width=\"150\" height=\"100\" class=\"wp-image-46199\" style=\"width: 150px;\" src=\"https:\/\/htb.com.pl\/wp-content\/uploads\/2021\/05\/Joe-Biden.jpg\" alt=\"\" srcset=\"https:\/\/htb.com.pl\/wp-content\/uploads\/2021\/05\/Joe-Biden.jpg 644w, https:\/\/htb.com.pl\/wp-content\/uploads\/2021\/05\/Joe-Biden-300x200.jpg 300w, https:\/\/htb.com.pl\/wp-content\/uploads\/2021\/05\/Joe-Biden-600x400.jpg 600w\" sizes=\"auto, (max-width: 150px) 100vw, 150px\" \/><\/a> Postanowi\u0142 gazoci\u0105gu Nord Stream 2 nie blokowa\u0107 i pok\u00f3j w Europie zachowa\u0107. \u017beby Matki swych poleg\u0142ych syn\u00f3w nie op\u0142akiwa\u0142y, a Rodzice Ramana Patasiewicza <a href=\"http:\/\/radiomaria.com.pl\/wp-content\/uploads\/2021\/05\/27.05.-Razgowor.mp3\"><img loading=\"lazy\" decoding=\"async\" width=\"150\" height=\"79\" class=\"wp-image-46200\" style=\"width: 150px;\" src=\"https:\/\/htb.com.pl\/wp-content\/uploads\/2021\/05\/Rodzice-Ramana.jpg\" alt=\"\" srcset=\"https:\/\/htb.com.pl\/wp-content\/uploads\/2021\/05\/Rodzice-Ramana.jpg 780w, https:\/\/htb.com.pl\/wp-content\/uploads\/2021\/05\/Rodzice-Ramana-300x158.jpg 300w, https:\/\/htb.com.pl\/wp-content\/uploads\/2021\/05\/Rodzice-Ramana-768x405.jpg 768w, https:\/\/htb.com.pl\/wp-content\/uploads\/2021\/05\/Rodzice-Ramana-600x316.jpg 600w\" sizes=\"auto, (max-width: 150px) 100vw, 150px\" \/><\/a> syna \u017cywego od re\u017cimu bia\u0142oruskiego odebra\u0142y i \u017ceby nasze dzieci i wnuki o czym\u015b takim jak wojna &#8211; zapomnia\u0142y.<\/p>\n\n\n\n<p><\/p>\n","protected":false},"excerpt":{"rendered":"<p>W tym tygodniu przypada ten niezwyk\u0142y dzie\u0144. Mamom kwiaty dajemy, \u017cyczenia sk\u0142adamy albo ju\u017c tylko je wspominamy. 26 maja 1987 rok &#8211; to by\u0142 wtorek, byli\u015bmy z Marysia u moich Rodzic\u00f3w w Zaklikowie. Majka Dzie\u0144 Matki obchodzi\u0142a w drug\u0105 niedziel\u0119 maja &#8211; tak jest w wi\u0119kszo\u015bci kraj\u00f3w &#8211; tylko w Polsce ten dzie\u0144 obchodzimy 26 [&hellip;]<\/p>\n","protected":false},"author":1,"featured_media":46191,"comment_status":"open","ping_status":"open","sticky":false,"template":"","format":"standard","meta":{"_jetpack_memberships_contains_paid_content":false,"footnotes":""},"categories":[4],"tags":[730],"class_list":["post-46113","post","type-post","status-publish","format-standard","has-post-thumbnail","hentry","category-daty-i-fakty-blog","tag-dzien-matki"],"jetpack_sharing_enabled":true,"jetpack_featured_media_url":"https:\/\/htb.com.pl\/wp-content\/uploads\/2021\/05\/Bia\u0142ory\u015b-samolot.jpg","_links":{"self":[{"href":"https:\/\/htb.com.pl\/index.php?rest_route=\/wp\/v2\/posts\/46113","targetHints":{"allow":["GET"]}}],"collection":[{"href":"https:\/\/htb.com.pl\/index.php?rest_route=\/wp\/v2\/posts"}],"about":[{"href":"https:\/\/htb.com.pl\/index.php?rest_route=\/wp\/v2\/types\/post"}],"author":[{"embeddable":true,"href":"https:\/\/htb.com.pl\/index.php?rest_route=\/wp\/v2\/users\/1"}],"replies":[{"embeddable":true,"href":"https:\/\/htb.com.pl\/index.php?rest_route=%2Fwp%2Fv2%2Fcomments&post=46113"}],"version-history":[{"count":38,"href":"https:\/\/htb.com.pl\/index.php?rest_route=\/wp\/v2\/posts\/46113\/revisions"}],"predecessor-version":[{"id":46261,"href":"https:\/\/htb.com.pl\/index.php?rest_route=\/wp\/v2\/posts\/46113\/revisions\/46261"}],"wp:featuredmedia":[{"embeddable":true,"href":"https:\/\/htb.com.pl\/index.php?rest_route=\/wp\/v2\/media\/46191"}],"wp:attachment":[{"href":"https:\/\/htb.com.pl\/index.php?rest_route=%2Fwp%2Fv2%2Fmedia&parent=46113"}],"wp:term":[{"taxonomy":"category","embeddable":true,"href":"https:\/\/htb.com.pl\/index.php?rest_route=%2Fwp%2Fv2%2Fcategories&post=46113"},{"taxonomy":"post_tag","embeddable":true,"href":"https:\/\/htb.com.pl\/index.php?rest_route=%2Fwp%2Fv2%2Ftags&post=46113"}],"curies":[{"name":"wp","href":"https:\/\/api.w.org\/{rel}","templated":true}]}}