{"id":46505,"date":"2021-06-04T07:11:01","date_gmt":"2021-06-04T07:11:01","guid":{"rendered":"https:\/\/htb.com.pl\/?p=46505"},"modified":"2021-06-04T08:19:53","modified_gmt":"2021-06-04T08:19:53","slug":"atlantyda","status":"publish","type":"post","link":"https:\/\/htb.com.pl\/?p=46505","title":{"rendered":"Atlantyda"},"content":{"rendered":"\n<p><\/p>\n\n\n\n<figure class=\"wp-block-image size-thumbnail\"><a href=\"https:\/\/htb.com.pl\/wp-content\/uploads\/2021\/06\/Atlantyda.mp3\"><img loading=\"lazy\" decoding=\"async\" width=\"150\" height=\"150\" src=\"https:\/\/htb.com.pl\/wp-content\/uploads\/2018\/04\/posluchaj-150x150.jpg\" alt=\"\" class=\"wp-image-2020\" srcset=\"https:\/\/htb.com.pl\/wp-content\/uploads\/2018\/04\/posluchaj-150x150.jpg 150w, https:\/\/htb.com.pl\/wp-content\/uploads\/2018\/04\/posluchaj-300x300.jpg 300w, https:\/\/htb.com.pl\/wp-content\/uploads\/2018\/04\/posluchaj-100x100.jpg 100w\" sizes=\"auto, (max-width: 150px) 100vw, 150px\" \/><\/a><\/figure>\n\n\n\n<p>W ostatnim wpisie wspomina\u0142em Dzie\u0144 Matki z 1987 roku, kiedy Marysia za\u015bpiewa\u0142a &#8220;Matko moja ja wiem&#8221; po ukrai\u0144sku. Mama by\u0142a zachwycona i cz\u0119sto potem to wspomina\u0142a. My\u015bl\u0119, \u017ce wtedy zrozumia\u0142a, i\u017c Majka jest genialna. Chocia\u017c w\u0142a\u015bciwie nic o niej nie wiedzia\u0142a &#8211; to w tym jak to za\u015bpiewa\u0142a, s\u0142ycha\u0107 by\u0142o ten jej geniusz. Zrobi\u0142o si\u0119 bardzo sympatycznie, Rodzice opowiadali jej o mnie &#8211; tu nie by\u0142o si\u0119 czym chwali\u0107 i raczej kolejne opowie\u015bci salwy \u015bmiechu wzbudza\u0142y. Jednak w jednym miejscu Majka si\u0119 nie \u015bmia\u0142a. Mama o moim zainteresowaniu Atlantd\u0105 opowiedzia\u0142a. Wtedy naprawd\u0119 wierzy\u0142em w t\u0105 mityczn\u0105 krain\u0119 ale Majka to rozwia\u0142a. O Platonie &nbsp;&nbsp;(424\/423 p.n.e.) opowiedzia\u0142a. Ten filozof opisa\u0142 jak morze poch\u0142on\u0119\u0142o dawn\u0105 cywilizacj\u0119, bo chcia\u0142 ostrzec. On ju\u017c wtedy wiedzia\u0142 to, czego nasi politycy do dzi\u015b nie poj\u0119li &#8211; i boskich s\u0142\u00f3w; czy\u0144cie sobie ziemi\u0119 poddan\u0105 &#8211; nie zrozumieli. Je\u017celi o czym tu napisa\u0142em nie rozumiecie, przeczytajcie o wydarzeniach z ostatniego tygodnia, przedstawionych z perspektywy Marysi &#8211; zrozumiecie.<\/p>\n\n\n\n<p>Obchodzili\u015bmy 40 rocznic\u0119 \u015bmierci kardyna\u0142a Stefana Wyszy\u0144skiego.<a href=\"http:\/\/radiomaria.com.pl\/wp-content\/uploads\/2021\/05\/28.05..-Wyszy\u0144ski.mp3\"><img loading=\"lazy\" decoding=\"async\" width=\"150\" height=\"84\" class=\"wp-image-46514\" style=\"width: 150px;\" src=\"https:\/\/htb.com.pl\/wp-content\/uploads\/2021\/06\/Wyszy\u0144ski.png\" alt=\"\" srcset=\"https:\/\/htb.com.pl\/wp-content\/uploads\/2021\/06\/Wyszy\u0144ski.png 633w, https:\/\/htb.com.pl\/wp-content\/uploads\/2021\/06\/Wyszy\u0144ski-300x168.png 300w, https:\/\/htb.com.pl\/wp-content\/uploads\/2021\/06\/Wyszy\u0144ski-600x336.png 600w\" sizes=\"auto, (max-width: 150px) 100vw, 150px\" \/><\/a> Zmar\u0142 28 maj 1981 roku i w\u0142a\u015bnie w w pi\u0105tek 28 maja otrzyma\u0142em od jednego ze s\u0142uchaczy list, w kt\u00f3rym wspomina\u0142 Prymasa Tysi\u0105clecia. Odpowiedzia\u0142 na m\u00f3j apel &#8211; konkurs, gdzie prosi\u0142em o wyja\u015bnienie, czemu Marysia w 1987 roku odda\u0142a ho\u0142d rotmistrzowi Witoldowi Pileckiemu. Konkurs dawno zosta\u0142 rozstrzygni\u0119ty ale tu b\u0119dzie nagroda specjalna. Ot\u00f3\u017c Pan wyja\u015bni\u0142 poj\u0119cie; \u017bo\u0142nierze Wykleci Niez\u0142omni.  14 kwietnia 1950 roku prymas Wyszy\u0144ski podpisa\u0142 porozumienie z w\u0142adzami polskimi, w kt\u00f3rym ko\u015bci\u00f3\u0142 m.in. zobowi\u0105za\u0142 si\u0119 do pot\u0119pienia &nbsp;zbrodniczej dzia\u0142alno\u015bci band podziemia. Takie pot\u0119pianie w ko\u015bciele katolickim, to w\u0142a\u015bnie wyklinanie. Dlatego \u017co\u0142nierze kontynuuj\u0105cy walk\u0119 po tej dacie, nosz\u0105 miano wykl\u0119tych. Pileckiego zg\u0142adzono 25 maja 1948 roku, a wiec by\u0142 niez\u0142omny, a nie wykl\u0119ty. Dla major Mari, to by\u0142a ogromna r\u00f3\u017cnica &#8211; zako\u0144czy\u0142 s\u0142uchacz&#8230;<\/p>\n\n\n\n<p>Ostatnio jeszcze inne wydarzenie, do tamtego okresu mia\u0142o odniesienie. Naszym rz\u0105dz\u0105cym  w oczy zajrza\u0142o wi\u0119zienie i zauwa\u017cyli, \u017ce Polska jako kraj katolicki mo\u017ce mie\u0107 tu w znaczenie. Ju\u017c raz tak si\u0119 zdarzy\u0142o &#8211; w Hiszpanii. W 1948 roku to by\u0142o. Genera\u0142 Francisco_Franco z Papie\u017cem Pijusem XII co\u015b takiego proklamowali i tym wielu niemieckich, chorwackich i innych zbrodniarzy wojennych uratowali. Tu trzeba te\u017c doda\u0107, \u017ce r\u00f3wnie\u017c  maj\u0105tki zwyk\u0142ych wojennych szabrownik\u00f3w zalegalizowali.  I w\u0142a\u015bnie tacy &#8211; ale teraz nasi premiera Mateusza Morawieckiego do Hiszpanii wys\u0142ali. <a href=\"http:\/\/radiomaria.com.pl\/wp-content\/uploads\/2021\/06\/01.06.-Hiszpania.mp3\"><img loading=\"lazy\" decoding=\"async\" width=\"150\" height=\"104\" class=\"wp-image-46552\" style=\"width: 150px;\" src=\"https:\/\/htb.com.pl\/wp-content\/uploads\/2021\/06\/Morawiecki-w-Hiszpanii.jpeg\" alt=\"\" srcset=\"https:\/\/htb.com.pl\/wp-content\/uploads\/2021\/06\/Morawiecki-w-Hiszpanii.jpeg 639w, https:\/\/htb.com.pl\/wp-content\/uploads\/2021\/06\/Morawiecki-w-Hiszpanii-300x207.jpeg 300w, https:\/\/htb.com.pl\/wp-content\/uploads\/2021\/06\/Morawiecki-w-Hiszpanii-600x414.jpeg 600w\" sizes=\"auto, (max-width: 150px) 100vw, 150px\" \/><\/a> Banasiowi, prezesowi NIK rady nie dali i plan B zastosowali. Trzeba dzia\u0142a\u0107, w UE Prokuratura Europejska ju\u017c dzia\u0142a. <a href=\"http:\/\/radiomaria.com.pl\/wp-content\/uploads\/2021\/06\/02.06.-Pokuratura-UE.mp3\"><img loading=\"lazy\" decoding=\"async\" width=\"150\" height=\"85\" class=\"wp-image-46553\" style=\"width: 150px;\" src=\"https:\/\/htb.com.pl\/wp-content\/uploads\/2021\/06\/Prokuratura-UE.jpg\" alt=\"\" srcset=\"https:\/\/htb.com.pl\/wp-content\/uploads\/2021\/06\/Prokuratura-UE.jpg 821w, https:\/\/htb.com.pl\/wp-content\/uploads\/2021\/06\/Prokuratura-UE-300x170.jpg 300w, https:\/\/htb.com.pl\/wp-content\/uploads\/2021\/06\/Prokuratura-UE-768x434.jpg 768w, https:\/\/htb.com.pl\/wp-content\/uploads\/2021\/06\/Prokuratura-UE-600x339.jpg 600w\" sizes=\"auto, (max-width: 150px) 100vw, 150px\" \/><\/a> I  co dla naszych z\u0142ych polityk\u00f3w najgorsze  &#8211; kobiet\u0119 Laur\u0119 K\u00f6vesi na sw\u0105 szefow\u0105 wybra\u0142a.<\/p>\n\n\n\n<p>Ci\u0105gle nie mamy Rzecznika Praw Obywatelskich. Ostatnio opozycja si\u0119 porozumia\u0142a i prof. Marcina Wi\u0105cka na kandydata wybra\u0142a.  <a href=\"http:\/\/radiomaria.com.pl\/wp-content\/uploads\/2021\/05\/Rzecznik-Praw-Obywatelskich.mp3\"><img loading=\"lazy\" decoding=\"async\" width=\"150\" height=\"90\" class=\"wp-image-46518\" style=\"width: 150px;\" src=\"https:\/\/htb.com.pl\/wp-content\/uploads\/2021\/06\/Wi\u0105cek.jpg\" alt=\"\" srcset=\"https:\/\/htb.com.pl\/wp-content\/uploads\/2021\/06\/Wi\u0105cek.jpg 660w, https:\/\/htb.com.pl\/wp-content\/uploads\/2021\/06\/Wi\u0105cek-300x179.jpg 300w, https:\/\/htb.com.pl\/wp-content\/uploads\/2021\/06\/Wi\u0105cek-600x358.jpg 600w\" sizes=\"auto, (max-width: 150px) 100vw, 150px\" \/><\/a> Ja my\u015bl\u0119, \u017ce rz\u0105dz\u0105ca &#8220;Zjednoczona Prawica&#8221; zlikwidowa\u0107 ten urz\u0105d b\u0119dzie chcia\u0142a. Wszak ta instytucja jeszcze za Jaruzelskiego powsta\u0142a. Trzeba te\u017c uwa\u017ca\u0107 na Dzie\u0144 dziecka &#8211; bo od 1950 roku jest obchodzony, a jak us\u0142ysz\u0105 co Gaw\u0119da o czarnym \u015bpiewa\u0142a <a href=\"http:\/\/radiomaria.com.pl\/wp-content\/uploads\/2021\/06\/Dzie\u0144Dziecka.mp3\"><img loading=\"lazy\" decoding=\"async\" width=\"150\" height=\"109\" class=\"wp-image-46519\" style=\"width: 150px;\" src=\"https:\/\/htb.com.pl\/wp-content\/uploads\/2021\/06\/Gaw\u0119da.jpg\" alt=\"\"><\/a> &#8211; Czarnek zareaguje i czarne zatryumfuje.<\/p>\n\n\n\n<p>Na zako\u0144czenie jeszcze jedno tragiczne wydarzenie. Ludzie bez wyobra\u017ani zdecydowali, \u017ce wszystkie przej\u015bcia dla pieszych jednakowo b\u0119dziemy traktowali. Z osadzonym, kt\u00f3ry prawie 20 lat z przej\u015b\u0107 dla pieszych nie korzysta\u0142, \u017ce\u015bmy o tym rozmawiali Kliknij zdj\u0119cie przej\u015bcia, <a href=\"http:\/\/radiomaria.com.pl\/wp-content\/uploads\/2021\/06\/Pytania-do-Frania-piesi.mp3\"><img loading=\"lazy\" decoding=\"async\" width=\"150\" height=\"113\" class=\"wp-image-46556\" style=\"width: 150px;\" src=\"https:\/\/htb.com.pl\/wp-content\/uploads\/2021\/06\/Przej\u015bcie.jpg\" alt=\"\" srcset=\"https:\/\/htb.com.pl\/wp-content\/uploads\/2021\/06\/Przej\u015bcie.jpg 640w, https:\/\/htb.com.pl\/wp-content\/uploads\/2021\/06\/Przej\u015bcie-300x225.jpg 300w, https:\/\/htb.com.pl\/wp-content\/uploads\/2021\/06\/Przej\u015bcie-600x450.jpg 600w\" sizes=\"auto, (max-width: 150px) 100vw, 150px\" \/><\/a> kt\u00f3re jest ko\u0142o mojego domu i pos\u0142uchaj tej rozmowy. Tam co\u015b takiego brodem \u017ce\u015bmy nazwali, za\u015b to co opisa\u0142em do tragedii Atlantydy por\u00f3wnali.<\/p>\n","protected":false},"excerpt":{"rendered":"<p>W ostatnim wpisie wspomina\u0142em Dzie\u0144 Matki z 1987 roku, kiedy Marysia za\u015bpiewa\u0142a &#8220;Matko moja ja wiem&#8221; po ukrai\u0144sku. Mama by\u0142a zachwycona i cz\u0119sto potem to wspomina\u0142a. My\u015bl\u0119, \u017ce wtedy zrozumia\u0142a, i\u017c Majka jest genialna. Chocia\u017c w\u0142a\u015bciwie nic o niej nie wiedzia\u0142a &#8211; to w tym jak to za\u015bpiewa\u0142a, s\u0142ycha\u0107 by\u0142o ten jej geniusz. Zrobi\u0142o si\u0119 [&hellip;]<\/p>\n","protected":false},"author":1,"featured_media":46560,"comment_status":"open","ping_status":"open","sticky":false,"template":"","format":"standard","meta":{"_jetpack_memberships_contains_paid_content":false,"footnotes":""},"categories":[4],"tags":[731],"class_list":["post-46505","post","type-post","status-publish","format-standard","has-post-thumbnail","hentry","category-daty-i-fakty-blog","tag-polski-rzad"],"jetpack_sharing_enabled":true,"jetpack_featured_media_url":"https:\/\/htb.com.pl\/wp-content\/uploads\/2021\/06\/Atlantyda.png","_links":{"self":[{"href":"https:\/\/htb.com.pl\/index.php?rest_route=\/wp\/v2\/posts\/46505","targetHints":{"allow":["GET"]}}],"collection":[{"href":"https:\/\/htb.com.pl\/index.php?rest_route=\/wp\/v2\/posts"}],"about":[{"href":"https:\/\/htb.com.pl\/index.php?rest_route=\/wp\/v2\/types\/post"}],"author":[{"embeddable":true,"href":"https:\/\/htb.com.pl\/index.php?rest_route=\/wp\/v2\/users\/1"}],"replies":[{"embeddable":true,"href":"https:\/\/htb.com.pl\/index.php?rest_route=%2Fwp%2Fv2%2Fcomments&post=46505"}],"version-history":[{"count":11,"href":"https:\/\/htb.com.pl\/index.php?rest_route=\/wp\/v2\/posts\/46505\/revisions"}],"predecessor-version":[{"id":46567,"href":"https:\/\/htb.com.pl\/index.php?rest_route=\/wp\/v2\/posts\/46505\/revisions\/46567"}],"wp:featuredmedia":[{"embeddable":true,"href":"https:\/\/htb.com.pl\/index.php?rest_route=\/wp\/v2\/media\/46560"}],"wp:attachment":[{"href":"https:\/\/htb.com.pl\/index.php?rest_route=%2Fwp%2Fv2%2Fmedia&parent=46505"}],"wp:term":[{"taxonomy":"category","embeddable":true,"href":"https:\/\/htb.com.pl\/index.php?rest_route=%2Fwp%2Fv2%2Fcategories&post=46505"},{"taxonomy":"post_tag","embeddable":true,"href":"https:\/\/htb.com.pl\/index.php?rest_route=%2Fwp%2Fv2%2Ftags&post=46505"}],"curies":[{"name":"wp","href":"https:\/\/api.w.org\/{rel}","templated":true}]}}