{"id":46845,"date":"2021-06-11T04:29:10","date_gmt":"2021-06-11T04:29:10","guid":{"rendered":"https:\/\/htb.com.pl\/?p=46845"},"modified":"2021-06-11T14:10:11","modified_gmt":"2021-06-11T14:10:11","slug":"wojna-hybrydowa","status":"publish","type":"post","link":"https:\/\/htb.com.pl\/?p=46845","title":{"rendered":"Wojna hybrydowa"},"content":{"rendered":"\n<p><\/p>\n\n\n\n<figure class=\"wp-block-image size-thumbnail\"><a href=\"https:\/\/htb.com.pl\/wp-content\/uploads\/2021\/06\/Wojna-hybrydowa-a.mp3\"><img loading=\"lazy\" decoding=\"async\" width=\"150\" height=\"150\" src=\"https:\/\/htb.com.pl\/wp-content\/uploads\/2018\/04\/posluchaj-150x150.jpg\" alt=\"\" class=\"wp-image-2020\" srcset=\"https:\/\/htb.com.pl\/wp-content\/uploads\/2018\/04\/posluchaj-150x150.jpg 150w, https:\/\/htb.com.pl\/wp-content\/uploads\/2018\/04\/posluchaj-300x300.jpg 300w, https:\/\/htb.com.pl\/wp-content\/uploads\/2018\/04\/posluchaj-100x100.jpg 100w\" sizes=\"auto, (max-width: 150px) 100vw, 150px\" \/><\/a><\/figure>\n\n\n\n<p>Od lat opisuj\u0119 \u015bwiat z perspektywy Marysi. Ale dopiero teraz zda\u0142em sobie spraw\u0119, \u017ce opisuj\u0119 co\u015b, czego prawie nikt nie zauwa\u017ca. \u015awiatowy konflikt, gdzie dzia\u0142ania konwencjonalne zesz\u0142y w cie\u0144. Natomiast cyberataki, przest\u0119pczo\u015b\u0107 s\u0105 tym, co pozycjonuje \u015bwiatowe mocarstwa w tej wojnie. Polscy politycy stawiaj\u0105 na konwencjonalne w obronno\u015bci dzia\u0142anie &#8211; mamy szcz\u0119\u015bcie, \u017ce nale\u017cymy do Unii Europejskiej i jak si\u0119 tu nic nie stanie, Polska na mapie zostanie. To jest nasze zadanie. Rz\u0105d, gdzie pan Jaros\u0142aw Kaczy\u0144ski jest wicepremierem od bezpiecze\u0144stwa &#8211; niczego tu zrobi\u0107 nie jest w stanie. I w\u0142a\u015bnie pana Kaczy\u0144skiego dzia\u0142anie, jako pierwsze opisane zostanie. <\/p>\n\n\n\n<p>W najbli\u017csz\u0105 niedziel\u0119 w Rzeszowie odb\u0119d\u0105 si\u0119 wybory prezydenta miasta. Mo\u017ce to pokaza\u0107, \u017ce jedno\u015b\u0107 jest w cenie i pan Konrad Fijo\u0142ek popierany przez zjednoczon\u0105 opozycj\u0119 zostanie wybrany, a system, gdzie wyborca jest korumpowany &#8211; skompromitowany. I wa\u015bnie pana Jaros\u0142awa Kaczy\u0144skiego dzia\u0142anie, uprawdopodabnia, \u017ce tak si\u0119 stanie. Ludzie, kt\u00f3rzy na kult jednostki postawili, w\u0142a\u015bnie obecno\u015bci\u0105 Pana Kaczy\u0144skiego w Rzeszowie, pani\u0105 wojewod\u0119 podkarpack\u0105 <a href=\"http:\/\/radiomaria.com.pl\/wp-content\/uploads\/2021\/06\/05.06.-Rzesz\u00f3w-d.mp3\"><img loading=\"lazy\" decoding=\"async\" width=\"150\" height=\"84\" class=\"wp-image-46849\" style=\"width: 150px;\" src=\"https:\/\/htb.com.pl\/wp-content\/uploads\/2021\/06\/J.-Kaczy\u0144ski-1024x576-1.jpg\" alt=\"\" srcset=\"https:\/\/htb.com.pl\/wp-content\/uploads\/2021\/06\/J.-Kaczy\u0144ski-1024x576-1.jpg 1024w, https:\/\/htb.com.pl\/wp-content\/uploads\/2021\/06\/J.-Kaczy\u0144ski-1024x576-1-300x169.jpg 300w, https:\/\/htb.com.pl\/wp-content\/uploads\/2021\/06\/J.-Kaczy\u0144ski-1024x576-1-768x432.jpg 768w, https:\/\/htb.com.pl\/wp-content\/uploads\/2021\/06\/J.-Kaczy\u0144ski-1024x576-1-600x338.jpg 600w\" sizes=\"auto, (max-width: 150px) 100vw, 150px\" \/><\/a> &#8211; kt\u00f3ra te\u017c kandyduje, o\u015bmieszyli.<\/p>\n\n\n\n<p>4 czerwca 1989 roku by\u0142y inne wybory. <a href=\"http:\/\/radiomaria.com.pl\/wp-content\/uploads\/2021\/06\/04.06.-Wybory.mp3\"><img loading=\"lazy\" decoding=\"async\" width=\"150\" height=\"82\" class=\"wp-image-696\" style=\"width: 150px;\" src=\"https:\/\/htb.com.pl\/wp-content\/uploads\/2018\/06\/solidarnosc.jpg\" alt=\"\" srcset=\"https:\/\/htb.com.pl\/wp-content\/uploads\/2018\/06\/solidarnosc.jpg 303w, https:\/\/htb.com.pl\/wp-content\/uploads\/2018\/06\/solidarnosc-300x166.jpg 300w\" sizes=\"auto, (max-width: 150px) 100vw, 150px\" \/><\/a> To wtedy wybrali\u015bmy kult jednostki  &#8211; cho\u0107 nie zdali\u015bmy sobie z tego sprawy do tej pory. Zlikwidowali\u015bmy na przyk\u0142ad nasz program energetyki j\u0105drowej, a dzi\u015b ci sami ludzie protestuj\u0105 w obronie suwerenno\u015bci energetycznej bez jakiejkolwiek refleksji. <a href=\"http:\/\/radiomaria.com.pl\/wp-content\/uploads\/2021\/06\/09.06.-Demonstracja.mp3\"><img loading=\"lazy\" decoding=\"async\" width=\"150\" height=\"113\" class=\"wp-image-46854\" style=\"width: 150px;\" src=\"https:\/\/htb.com.pl\/wp-content\/uploads\/2021\/06\/Demonstracja.jpg\" alt=\"\" srcset=\"https:\/\/htb.com.pl\/wp-content\/uploads\/2021\/06\/Demonstracja.jpg 640w, https:\/\/htb.com.pl\/wp-content\/uploads\/2021\/06\/Demonstracja-300x225.jpg 300w, https:\/\/htb.com.pl\/wp-content\/uploads\/2021\/06\/Demonstracja-600x450.jpg 600w\" sizes=\"auto, (max-width: 150px) 100vw, 150px\" \/><\/a> To w\u0142a\u015bnie takie protesty postawi\u0142y nas w tej sytuacji &#8211; tragicznej.<\/p>\n\n\n\n<p>6 czerwca 2006 roku CBA powsta\u0142o i wtedy w\u0142a\u015bnie Pa\u0144stwo Polskie w wojnie hybrydowej na straconej pozycji postawione zosta\u0142o. Dzi\u015b CBA sztandar od pana prezydenta Andrzeja Dudu dosta\u0142o <img loading=\"lazy\" decoding=\"async\" width=\"150\" height=\"87\" class=\"wp-image-46858\" style=\"width: 150px;\" src=\"https:\/\/htb.com.pl\/wp-content\/uploads\/2021\/06\/CBA.jpg\" alt=\"\" srcset=\"https:\/\/htb.com.pl\/wp-content\/uploads\/2021\/06\/CBA.jpg 636w, https:\/\/htb.com.pl\/wp-content\/uploads\/2021\/06\/CBA-300x175.jpg 300w, https:\/\/htb.com.pl\/wp-content\/uploads\/2021\/06\/CBA-600x349.jpg 600w\" sizes=\"auto, (max-width: 150px) 100vw, 150px\" \/> ale ju\u017c to co przy tym powiedziane zosta\u0142o &#8211; za kl\u0119sk\u0119 w tej wojnie uzna\u0107 by nale\u017ca\u0142o. Nasi wrogowie tak zadzia\u0142ali, \u017ce pierwszego szefa CBA Micha\u0142a Kami\u0144skiego od wi\u0119zienia uratowali &#8211; a nawet ponownie szefem CBA zrobi\u0107 zdo\u0142ali. Ostatnio innego Micha\u0142a, ministra Dworczyka na warsztat wzi\u0119li i jego emaile oraz media spo\u0142eczno\u015bciowe przej\u0119li. Nawet wicemarsza\u0142ek Sejmu Roman Terlecki to zauwa\u017cy\u0142  i jak polityk opozycji s\u0142abo\u015b\u0107 naszych s\u0142u\u017cb obna\u017cy\u0142. Widocznie ich hakerzy okazali si\u0119 sprawniejsi &#8211; powiedzia\u0142. On te\u017c czym by\u0142y wybory 4 czerwca 1989 roku nigdy si\u0119 nie dowiedzia\u0142. \u015awiadczy o tym to, co do Swiet\u0142any Cichanouskiej powiedzia\u0142. Ta prezydent elekt Bia\u0142orusi nagrod\u0119 im. Zbigniewa Brzezi\u0144skiego dosta\u0142a <a href=\"http:\/\/radiomaria.com.pl\/wp-content\/uploads\/2021\/06\/05.06.-Nagroda.mp3\"><img loading=\"lazy\" decoding=\"async\" width=\"150\" height=\"99\" class=\"wp-image-46859\" style=\"width: 150px;\" src=\"https:\/\/htb.com.pl\/wp-content\/uploads\/2021\/06\/Nagroda.jpg\" alt=\"\" srcset=\"https:\/\/htb.com.pl\/wp-content\/uploads\/2021\/06\/Nagroda.jpg 631w, https:\/\/htb.com.pl\/wp-content\/uploads\/2021\/06\/Nagroda-300x197.jpg 300w, https:\/\/htb.com.pl\/wp-content\/uploads\/2021\/06\/Nagroda-600x395.jpg 600w\" sizes=\"auto, (max-width: 150px) 100vw, 150px\" \/><\/a> i z prezydentem Warszawy Rafa\u0142em Trzaskowskim si\u0119 spotka\u0142a  <a href=\"http:\/\/radiomaria.com.pl\/wp-content\/uploads\/2021\/06\/08.06.-Cichanouska-Trzaskowski-d.mp3\"><img loading=\"lazy\" decoding=\"async\" width=\"150\" height=\"100\" class=\"wp-image-46861\" style=\"width: 150px;\" src=\"https:\/\/htb.com.pl\/wp-content\/uploads\/2021\/06\/Spotkanie-Swiatlany-Cichanouskiej-z-prezydentem-Wa.jpg\" alt=\"\" srcset=\"https:\/\/htb.com.pl\/wp-content\/uploads\/2021\/06\/Spotkanie-Swiatlany-Cichanouskiej-z-prezydentem-Wa.jpg 960w, https:\/\/htb.com.pl\/wp-content\/uploads\/2021\/06\/Spotkanie-Swiatlany-Cichanouskiej-z-prezydentem-Wa-300x200.jpg 300w, https:\/\/htb.com.pl\/wp-content\/uploads\/2021\/06\/Spotkanie-Swiatlany-Cichanouskiej-z-prezydentem-Wa-768x512.jpg 768w, https:\/\/htb.com.pl\/wp-content\/uploads\/2021\/06\/Spotkanie-Swiatlany-Cichanouskiej-z-prezydentem-Wa-600x400.jpg 600w\" sizes=\"auto, (max-width: 150px) 100vw, 150px\" \/><\/a> &#8211; za co od pana Terleckiego &#8220;joby&#8221; dosta\u0142a. Ja mam jednak nadziej\u0119, \u017ce pomimo stwierdzenia by\u0142ego prezydenta USA Baracka Obamy, <a href=\"http:\/\/radiomaria.com.pl\/wp-content\/uploads\/2021\/06\/08.06.-Obama.mp3\"><img loading=\"lazy\" decoding=\"async\" width=\"150\" height=\"113\" class=\"wp-image-46863\" style=\"width: 150px;\" src=\"https:\/\/htb.com.pl\/wp-content\/uploads\/2021\/06\/Obama-1.jpg\" alt=\"\" srcset=\"https:\/\/htb.com.pl\/wp-content\/uploads\/2021\/06\/Obama-1.jpg 640w, https:\/\/htb.com.pl\/wp-content\/uploads\/2021\/06\/Obama-1-300x225.jpg 300w, https:\/\/htb.com.pl\/wp-content\/uploads\/2021\/06\/Obama-1-600x450.jpg 600w\" sizes=\"auto, (max-width: 150px) 100vw, 150px\" \/><\/a> \u017ce w Polsce miast demokracji totalitaryz mamy, to tej wojny nie przegramy.<\/p>\n\n\n\n<p>Niedobrze? Wcze\u015bniej nie by\u0142o lepiej, prosz\u0119 poczyta\u0107 o roku 1939.<\/p>\n\n\n\n<figure class=\"wp-block-image size-large\"><a href=\"https:\/\/htb.com.pl\/?product=1939-rok-wojna-jaka-wojna\"><img decoding=\"async\" src=\"https:\/\/htb.com.pl\/wp-content\/uploads\/2019\/09\/trzydziesty.jpg\" alt=\"\" class=\"wp-image-9695\"\/><\/a><\/figure>\n","protected":false},"excerpt":{"rendered":"<p>Od lat opisuj\u0119 \u015bwiat z perspektywy Marysi. Ale dopiero teraz zda\u0142em sobie spraw\u0119, \u017ce opisuj\u0119 co\u015b, czego prawie nikt nie zauwa\u017ca. \u015awiatowy konflikt, gdzie dzia\u0142ania konwencjonalne zesz\u0142y w cie\u0144. Natomiast cyberataki, przest\u0119pczo\u015b\u0107 s\u0105 tym, co pozycjonuje \u015bwiatowe mocarstwa w tej wojnie. Polscy politycy stawiaj\u0105 na konwencjonalne w obronno\u015bci dzia\u0142anie &#8211; mamy szcz\u0119\u015bcie, \u017ce nale\u017cymy do [&hellip;]<\/p>\n","protected":false},"author":1,"featured_media":46908,"comment_status":"open","ping_status":"open","sticky":false,"template":"","format":"standard","meta":{"_jetpack_memberships_contains_paid_content":false,"footnotes":""},"categories":[4],"tags":[],"class_list":["post-46845","post","type-post","status-publish","format-standard","has-post-thumbnail","hentry","category-daty-i-fakty-blog"],"jetpack_sharing_enabled":true,"jetpack_featured_media_url":"https:\/\/htb.com.pl\/wp-content\/uploads\/2021\/06\/Hakerzy.png","_links":{"self":[{"href":"https:\/\/htb.com.pl\/index.php?rest_route=\/wp\/v2\/posts\/46845","targetHints":{"allow":["GET"]}}],"collection":[{"href":"https:\/\/htb.com.pl\/index.php?rest_route=\/wp\/v2\/posts"}],"about":[{"href":"https:\/\/htb.com.pl\/index.php?rest_route=\/wp\/v2\/types\/post"}],"author":[{"embeddable":true,"href":"https:\/\/htb.com.pl\/index.php?rest_route=\/wp\/v2\/users\/1"}],"replies":[{"embeddable":true,"href":"https:\/\/htb.com.pl\/index.php?rest_route=%2Fwp%2Fv2%2Fcomments&post=46845"}],"version-history":[{"count":14,"href":"https:\/\/htb.com.pl\/index.php?rest_route=\/wp\/v2\/posts\/46845\/revisions"}],"predecessor-version":[{"id":46934,"href":"https:\/\/htb.com.pl\/index.php?rest_route=\/wp\/v2\/posts\/46845\/revisions\/46934"}],"wp:featuredmedia":[{"embeddable":true,"href":"https:\/\/htb.com.pl\/index.php?rest_route=\/wp\/v2\/media\/46908"}],"wp:attachment":[{"href":"https:\/\/htb.com.pl\/index.php?rest_route=%2Fwp%2Fv2%2Fmedia&parent=46845"}],"wp:term":[{"taxonomy":"category","embeddable":true,"href":"https:\/\/htb.com.pl\/index.php?rest_route=%2Fwp%2Fv2%2Fcategories&post=46845"},{"taxonomy":"post_tag","embeddable":true,"href":"https:\/\/htb.com.pl\/index.php?rest_route=%2Fwp%2Fv2%2Ftags&post=46845"}],"curies":[{"name":"wp","href":"https:\/\/api.w.org\/{rel}","templated":true}]}}