{"id":47196,"date":"2021-06-25T05:31:06","date_gmt":"2021-06-25T05:31:06","guid":{"rendered":"https:\/\/htb.com.pl\/?p=47196"},"modified":"2021-06-25T07:11:41","modified_gmt":"2021-06-25T07:11:41","slug":"mentalnosc","status":"publish","type":"post","link":"https:\/\/htb.com.pl\/?p=47196","title":{"rendered":"Mentalno\u015b\u0107"},"content":{"rendered":"\n<p><\/p>\n\n\n\n<figure class=\"wp-block-image size-thumbnail\"><a href=\"https:\/\/htb.com.pl\/wp-content\/uploads\/2021\/06\/Mentalno\u015b\u0107.mp3\"><img loading=\"lazy\" decoding=\"async\" width=\"150\" height=\"150\" src=\"https:\/\/htb.com.pl\/wp-content\/uploads\/2018\/04\/posluchaj-150x150.jpg\" alt=\"\" class=\"wp-image-2020\" srcset=\"https:\/\/htb.com.pl\/wp-content\/uploads\/2018\/04\/posluchaj-150x150.jpg 150w, https:\/\/htb.com.pl\/wp-content\/uploads\/2018\/04\/posluchaj-300x300.jpg 300w, https:\/\/htb.com.pl\/wp-content\/uploads\/2018\/04\/posluchaj-100x100.jpg 100w\" sizes=\"auto, (max-width: 150px) 100vw, 150px\" \/><\/a><\/figure>\n\n\n\n<p>Mentalno\u015b\u0107 to budowanie norm spo\u0142ecznych. Od tego jak\u0105 mentalno\u015b\u0107 wybudujemy, zale\u017cy jacy b\u0119dziemy. Marysia w 1987 roku, t\u0142umacz\u0105c Rosjanom dlaczego w Awganistanie przegrali powiedzia\u0142a; Bo Awga\u0144czycy sw\u0105 ojczyzn\u0119 bardziej ni\u017c swoje \u017cycie kochali. I w\u0142a\u015bnie co\u015b takiego w Polsce wytworzy\u0107 chcia\u0142a &#8211; Polska jej nie pos\u0142ucha\u0142a. Czytaj\u0105c o wydarzeniach z ostatniego tygodnia, kt\u00f3re staram si\u0119 przedstawia\u0107 z jej perspektywy, pomy\u015blcie co by by\u0142o &#8211; gdyby pos\u0142ucha\u0142a.<\/p>\n\n\n\n<p>Mo\u017ce empatia, kt\u00f3r\u0105 taka mentalno\u015b\u0107 by w nas wywo\u0142a\u0142a, sprawi\u0142a by, \u017ce ca\u0142a Polska w warszawskim marszu r\u00f3wno\u015bci by maszerowa\u0142a. <a href=\"http:\/\/radiomaria.com.pl\/wp-content\/uploads\/2021\/06\/19.06.-Parada-Rownosci.mp3\"><img loading=\"lazy\" decoding=\"async\" width=\"150\" height=\"113\" class=\"wp-image-48419\" style=\"width: 150px;\" src=\"https:\/\/htb.com.pl\/wp-content\/uploads\/2021\/06\/Parada.jpg\" alt=\"\" srcset=\"https:\/\/htb.com.pl\/wp-content\/uploads\/2021\/06\/Parada.jpg 640w, https:\/\/htb.com.pl\/wp-content\/uploads\/2021\/06\/Parada-300x225.jpg 300w, https:\/\/htb.com.pl\/wp-content\/uploads\/2021\/06\/Parada-600x450.jpg 600w\" sizes=\"auto, (max-width: 150px) 100vw, 150px\" \/><\/a> Byliby\u015bmy jak nasza reprezentacj\u0119 w pi\u0142ce no\u017cnej, kt\u00f3ra cho\u0107 na straconej pozycji sta\u0142a, to w meczu na EURO 2020 w Sewilii z Hiszpani\u0105 nie przegra\u0142a. <a href=\"http:\/\/radiomaria.com.pl\/wp-content\/uploads\/2021\/06\/20.06.-Polska-Hiszpania-1-do-1.mp3\"><img loading=\"lazy\" decoding=\"async\" width=\"150\" height=\"113\" class=\"wp-image-48425\" style=\"width: 150px;\" src=\"https:\/\/htb.com.pl\/wp-content\/uploads\/2021\/06\/Polska-Hiszpania.jpg\" alt=\"\" srcset=\"https:\/\/htb.com.pl\/wp-content\/uploads\/2021\/06\/Polska-Hiszpania.jpg 640w, https:\/\/htb.com.pl\/wp-content\/uploads\/2021\/06\/Polska-Hiszpania-300x225.jpg 300w, https:\/\/htb.com.pl\/wp-content\/uploads\/2021\/06\/Polska-Hiszpania-600x450.jpg 600w\" sizes=\"auto, (max-width: 150px) 100vw, 150px\" \/><\/a><\/p>\n\n\n\n<p>Niestety Polska inaczej wybra\u0142a i natura, kt\u00f3r\u0105 konsekwentnie niszczymy, &#8220;z\u0119by&#8221; pokaza\u0142a. Spiska wie\u015b Nowa Bia\u0142a, z charakterystyczn\u0105 zwart\u0105 zabudow\u0105 sp\u0142on\u0119\u0142a prawie ca\u0142a. <a href=\"http:\/\/radiomaria.com.pl\/wp-content\/uploads\/2021\/06\/20.06.-Pozar.mp3\"><img loading=\"lazy\" decoding=\"async\" width=\"150\" height=\"113\" class=\"wp-image-48430\" style=\"width: 150px;\" src=\"https:\/\/htb.com.pl\/wp-content\/uploads\/2021\/06\/pozar-2.jpg\" alt=\"\" srcset=\"https:\/\/htb.com.pl\/wp-content\/uploads\/2021\/06\/pozar-2.jpg 640w, https:\/\/htb.com.pl\/wp-content\/uploads\/2021\/06\/pozar-2-300x225.jpg 300w, https:\/\/htb.com.pl\/wp-content\/uploads\/2021\/06\/pozar-2-600x450.jpg 600w\" sizes=\"auto, (max-width: 150px) 100vw, 150px\" \/><\/a> Marysia przed czym\u015b takim ostrzega\u0142a, <a href=\"http:\/\/radiomaria.com.pl\/wp-content\/uploads\/2021\/06\/20.06.-Jak-bylo.mp3\"><img loading=\"lazy\" decoding=\"async\" width=\"150\" height=\"113\" class=\"wp-image-48436\" style=\"width: 150px;\" src=\"https:\/\/htb.com.pl\/wp-content\/uploads\/2021\/06\/pozar-3.jpg\" alt=\"\" srcset=\"https:\/\/htb.com.pl\/wp-content\/uploads\/2021\/06\/pozar-3.jpg 640w, https:\/\/htb.com.pl\/wp-content\/uploads\/2021\/06\/pozar-3-300x225.jpg 300w, https:\/\/htb.com.pl\/wp-content\/uploads\/2021\/06\/pozar-3-600x450.jpg 600w\" sizes=\"auto, (max-width: 150px) 100vw, 150px\" \/><\/a> gdy EJZ broni\u0142a m\u00f3wi\u0142a, \u017ce rezygnacja z energetyki j\u0105drowej, to tak jakby Polska pod strzechy wr\u00f3ci\u0142a. <a href=\"http:\/\/radiomaria.com.pl\/wp-content\/uploads\/2021\/06\/22.-06.-Rzeczni-PSP-Nowy-Targ.mp3\"><img loading=\"lazy\" decoding=\"async\" width=\"150\" height=\"113\" class=\"wp-image-48442\" style=\"width: 150px;\" src=\"https:\/\/htb.com.pl\/wp-content\/uploads\/2021\/06\/Pozar-wsi.jpg\" alt=\"\" srcset=\"https:\/\/htb.com.pl\/wp-content\/uploads\/2021\/06\/Pozar-wsi.jpg 640w, https:\/\/htb.com.pl\/wp-content\/uploads\/2021\/06\/Pozar-wsi-300x225.jpg 300w, https:\/\/htb.com.pl\/wp-content\/uploads\/2021\/06\/Pozar-wsi-600x450.jpg 600w\" sizes=\"auto, (max-width: 150px) 100vw, 150px\" \/><\/a> Ta wie\u015b p\u0142on\u0119\u0142a, jakby strzech\u0105 kryta by\u0142a. <a href=\"http:\/\/radiomaria.com.pl\/wp-content\/uploads\/2021\/06\/23.06.-Sanozaolon.mp3\"><img loading=\"lazy\" decoding=\"async\" width=\"150\" height=\"101\" class=\"wp-image-48451\" style=\"width: 150px;\" src=\"https:\/\/htb.com.pl\/wp-content\/uploads\/2021\/06\/pozar-1-M.jpg\" alt=\"\" srcset=\"https:\/\/htb.com.pl\/wp-content\/uploads\/2021\/06\/pozar-1-M.jpg 636w, https:\/\/htb.com.pl\/wp-content\/uploads\/2021\/06\/pozar-1-M-300x201.jpg 300w, https:\/\/htb.com.pl\/wp-content\/uploads\/2021\/06\/pozar-1-M-600x403.jpg 600w\" sizes=\"auto, (max-width: 150px) 100vw, 150px\" \/><\/a> Wszyscy udaj\u0105, \u017ce przyczyny tego po\u017caru szukaj\u0105. O tym, \u017ce klimat si\u0119 ociepla nie wspominaj\u0105, czym w\u0142adze ludzi bez wyobra\u017ani umacniaj\u0105. Przez takie dzia\u0142anie, Polska wkr\u00f3tce w tr\u0105b\u0119 si\u0119 dostanie i jak w Ma\u0142opolsce kamie\u0144 na kamieniu nie zostanie. <a href=\"http:\/\/radiomaria.com.pl\/wp-content\/uploads\/2021\/06\/25.06.-Traba-powietrzna.mp3\"><img loading=\"lazy\" decoding=\"async\" width=\"150\" height=\"105\" class=\"wp-image-48785\" style=\"width: 150px;\" src=\"https:\/\/htb.com.pl\/wp-content\/uploads\/2021\/06\/Tromba-a.jpg\" alt=\"\" srcset=\"https:\/\/htb.com.pl\/wp-content\/uploads\/2021\/06\/Tromba-a.jpg 637w, https:\/\/htb.com.pl\/wp-content\/uploads\/2021\/06\/Tromba-a-300x211.jpg 300w, https:\/\/htb.com.pl\/wp-content\/uploads\/2021\/06\/Tromba-a-600x422.jpg 600w\" sizes=\"auto, (max-width: 150px) 100vw, 150px\" \/><\/a><\/p>\n\n\n\n<p>Rz\u0105dz\u0105cy inne problemy maj\u0105. Jedni drugim w\u0142adz\u0119 zabieraj\u0105 i to w\u0142a\u015bnie rz\u0105dzeniem nazywaj\u0105. Parti\u0119 republika\u0144sk\u0105 utworzyli i Adama Bielana szefem zrobili. <a href=\"http:\/\/radiomaria.com.pl\/wp-content\/uploads\/2021\/06\/21.06.-Republikanie.mp3\"><img loading=\"lazy\" decoding=\"async\" width=\"150\" height=\"100\" class=\"wp-image-48457\" style=\"width: 150px;\" src=\"https:\/\/htb.com.pl\/wp-content\/uploads\/2021\/06\/Bielan.jpg\" alt=\"\" srcset=\"https:\/\/htb.com.pl\/wp-content\/uploads\/2021\/06\/Bielan.jpg 780w, https:\/\/htb.com.pl\/wp-content\/uploads\/2021\/06\/Bielan-300x200.jpg 300w, https:\/\/htb.com.pl\/wp-content\/uploads\/2021\/06\/Bielan-768x512.jpg 768w, https:\/\/htb.com.pl\/wp-content\/uploads\/2021\/06\/Bielan-600x400.jpg 600w\" sizes=\"auto, (max-width: 150px) 100vw, 150px\" \/><\/a> Republikanie monarchi\u0119 i tyranie zast\u0105pili ale s\u0105downictwo jak tamci ni\u017cej ni\u017c swoj\u0105 w\u0142adza ustawili. Ostatnio w USA wybory prezydenckie przegrali &#8211; odnosz\u0119 wra\u017cenie, \u017ce nasi rz\u0105dz\u0105cy tego nie uznali i dalej \u015bwiatowy populizm b\u0119d\u0105 wspierali.<\/p>\n\n\n\n<p>W \u015brod\u0119 Polscy walczy\u0107 pr\u00f3bowali; pi\u0142karze na EURO 2020 ze Szwecj\u0105 2:3 przegrali, <a href=\"http:\/\/radiomaria.com.pl\/wp-content\/uploads\/2021\/06\/23.06.-Polska-Szwecja.mp3\"><img loading=\"lazy\" decoding=\"async\" width=\"150\" height=\"85\" class=\"wp-image-48473\" style=\"width: 150px;\" src=\"https:\/\/htb.com.pl\/wp-content\/uploads\/2021\/06\/Szwecja.jpg\" alt=\"\" srcset=\"https:\/\/htb.com.pl\/wp-content\/uploads\/2021\/06\/Szwecja.jpg 635w, https:\/\/htb.com.pl\/wp-content\/uploads\/2021\/06\/Szwecja-300x169.jpg 300w, https:\/\/htb.com.pl\/wp-content\/uploads\/2021\/06\/Szwecja-600x338.jpg 600w\" sizes=\"auto, (max-width: 150px) 100vw, 150px\" \/><\/a> a w parlamencie politycy opozycji polityk\u00f3w koalicji odwo\u0142a\u0107 pr\u00f3bowali. <a href=\"http:\/\/radiomaria.com.pl\/wp-content\/uploads\/2021\/06\/24.06.-Pokonac-mafie.mp3\"><img loading=\"lazy\" decoding=\"async\" width=\"150\" height=\"113\" class=\"wp-image-48478\" style=\"width: 150px;\" src=\"https:\/\/htb.com.pl\/wp-content\/uploads\/2021\/06\/Sejm-1.jpg\" alt=\"\" srcset=\"https:\/\/htb.com.pl\/wp-content\/uploads\/2021\/06\/Sejm-1.jpg 640w, https:\/\/htb.com.pl\/wp-content\/uploads\/2021\/06\/Sejm-1-300x225.jpg 300w, https:\/\/htb.com.pl\/wp-content\/uploads\/2021\/06\/Sejm-1-600x450.jpg 600w\" sizes=\"auto, (max-width: 150px) 100vw, 150px\" \/><\/a> Nie odwo\u0142ali &#8211; cho\u0107 politycy tacy co o czym tu pisz\u0119 skumali przewa\u017cali, to dalsze trwanie i jako pos\u0142owie zarabianie wybrali. Dobrze \u017ce 2004 roku Uni\u0119 Europejsk\u0105 \u017ce\u015bmy wybrali, bo takich rz\u0105d\u00f3w jak teraz by\u015bmy nie przetrwali.<\/p>\n\n\n\n<p>Gdyby\u015bcie Pa\u0144stwo wakacje planowali, to mo\u017ce z t\u0105 ofert\u0105 by\u015bcie si\u0119 zapoznali.<\/p>\n\n\n\n<figure class=\"wp-block-image size-large\"><a href=\"https:\/\/htb.com.pl\/?product=zestaw-lato\"><img loading=\"lazy\" decoding=\"async\" width=\"600\" height=\"600\" src=\"https:\/\/htb.com.pl\/wp-content\/uploads\/2021\/06\/zestaw-lato-ma\u0142y.png\" alt=\"\" class=\"wp-image-48823\" srcset=\"https:\/\/htb.com.pl\/wp-content\/uploads\/2021\/06\/zestaw-lato-ma\u0142y.png 600w, https:\/\/htb.com.pl\/wp-content\/uploads\/2021\/06\/zestaw-lato-ma\u0142y-300x300.png 300w, https:\/\/htb.com.pl\/wp-content\/uploads\/2021\/06\/zestaw-lato-ma\u0142y-150x150.png 150w, https:\/\/htb.com.pl\/wp-content\/uploads\/2021\/06\/zestaw-lato-ma\u0142y-100x100.png 100w\" sizes=\"auto, (max-width: 600px) 100vw, 600px\" \/><\/a><\/figure>\n","protected":false},"excerpt":{"rendered":"<p>Mentalno\u015b\u0107 to budowanie norm spo\u0142ecznych. Od tego jak\u0105 mentalno\u015b\u0107 wybudujemy, zale\u017cy jacy b\u0119dziemy. Marysia w 1987 roku, t\u0142umacz\u0105c Rosjanom dlaczego w Awganistanie przegrali powiedzia\u0142a; Bo Awga\u0144czycy sw\u0105 ojczyzn\u0119 bardziej ni\u017c swoje \u017cycie kochali. I w\u0142a\u015bnie co\u015b takiego w Polsce wytworzy\u0107 chcia\u0142a &#8211; Polska jej nie pos\u0142ucha\u0142a. Czytaj\u0105c o wydarzeniach z ostatniego tygodnia, kt\u00f3re staram si\u0119 [&hellip;]<\/p>\n","protected":false},"author":1,"featured_media":48907,"comment_status":"open","ping_status":"open","sticky":false,"template":"","format":"standard","meta":{"_jetpack_memberships_contains_paid_content":false,"footnotes":""},"categories":[4],"tags":[733],"class_list":["post-47196","post","type-post","status-publish","format-standard","has-post-thumbnail","hentry","category-daty-i-fakty-blog","tag-mentalnosc"],"jetpack_sharing_enabled":true,"jetpack_featured_media_url":"https:\/\/htb.com.pl\/wp-content\/uploads\/2021\/06\/Bitwa-pod-Kircholmem-napis.jpg","_links":{"self":[{"href":"https:\/\/htb.com.pl\/index.php?rest_route=\/wp\/v2\/posts\/47196","targetHints":{"allow":["GET"]}}],"collection":[{"href":"https:\/\/htb.com.pl\/index.php?rest_route=\/wp\/v2\/posts"}],"about":[{"href":"https:\/\/htb.com.pl\/index.php?rest_route=\/wp\/v2\/types\/post"}],"author":[{"embeddable":true,"href":"https:\/\/htb.com.pl\/index.php?rest_route=\/wp\/v2\/users\/1"}],"replies":[{"embeddable":true,"href":"https:\/\/htb.com.pl\/index.php?rest_route=%2Fwp%2Fv2%2Fcomments&post=47196"}],"version-history":[{"count":17,"href":"https:\/\/htb.com.pl\/index.php?rest_route=\/wp\/v2\/posts\/47196\/revisions"}],"predecessor-version":[{"id":48884,"href":"https:\/\/htb.com.pl\/index.php?rest_route=\/wp\/v2\/posts\/47196\/revisions\/48884"}],"wp:featuredmedia":[{"embeddable":true,"href":"https:\/\/htb.com.pl\/index.php?rest_route=\/wp\/v2\/media\/48907"}],"wp:attachment":[{"href":"https:\/\/htb.com.pl\/index.php?rest_route=%2Fwp%2Fv2%2Fmedia&parent=47196"}],"wp:term":[{"taxonomy":"category","embeddable":true,"href":"https:\/\/htb.com.pl\/index.php?rest_route=%2Fwp%2Fv2%2Fcategories&post=47196"},{"taxonomy":"post_tag","embeddable":true,"href":"https:\/\/htb.com.pl\/index.php?rest_route=%2Fwp%2Fv2%2Ftags&post=47196"}],"curies":[{"name":"wp","href":"https:\/\/api.w.org\/{rel}","templated":true}]}}