{"id":47200,"date":"2021-06-18T06:20:59","date_gmt":"2021-06-18T06:20:59","guid":{"rendered":"https:\/\/htb.com.pl\/?p=47200"},"modified":"2021-06-18T08:10:19","modified_gmt":"2021-06-18T08:10:19","slug":"dlaczego-przegrywamy","status":"publish","type":"post","link":"https:\/\/htb.com.pl\/?p=47200","title":{"rendered":"Dlaczego przegrywamy?"},"content":{"rendered":"\n<p><\/p>\n\n\n\n<figure class=\"wp-block-image size-large\"><img loading=\"lazy\" decoding=\"async\" width=\"595\" height=\"366\" src=\"https:\/\/htb.com.pl\/wp-content\/uploads\/2021\/06\/zolte-wody.png\" alt=\"\" class=\"wp-image-47274\" srcset=\"https:\/\/htb.com.pl\/wp-content\/uploads\/2021\/06\/zolte-wody.png 595w, https:\/\/htb.com.pl\/wp-content\/uploads\/2021\/06\/zolte-wody-300x185.png 300w\" sizes=\"auto, (max-width: 595px) 100vw, 595px\" \/><\/figure>\n\n\n\n<p><\/p>\n\n\n\n<figure class=\"wp-block-image size-thumbnail\"><a href=\"https:\/\/htb.com.pl\/wp-content\/uploads\/2021\/06\/Dlaczego-przegrywamy.mp3\"><img loading=\"lazy\" decoding=\"async\" width=\"150\" height=\"150\" src=\"https:\/\/htb.com.pl\/wp-content\/uploads\/2018\/04\/posluchaj-150x150.jpg\" alt=\"\" class=\"wp-image-2020\" srcset=\"https:\/\/htb.com.pl\/wp-content\/uploads\/2018\/04\/posluchaj-150x150.jpg 150w, https:\/\/htb.com.pl\/wp-content\/uploads\/2018\/04\/posluchaj-300x300.jpg 300w, https:\/\/htb.com.pl\/wp-content\/uploads\/2018\/04\/posluchaj-100x100.jpg 100w\" sizes=\"auto, (max-width: 150px) 100vw, 150px\" \/><\/a><\/figure>\n\n\n\n<p>Je\u017celi z tytu\u0142em si\u0119 nie uto\u017csamiamy &#8211; szcz\u0119\u015bcie mamy. Jednak nawet jak za przegranych si\u0119 uwa\u017camy &#8211; to spokojnie, o Polsce, a nie o sobie tu poczytamy. <\/p>\n\n\n\n<p>Ju\u017c tylko z historii pami\u0119tamy, jak\u0105 pot\u0119go byli\u015bmy w czasach Jagiellon\u00f3w.  I wtedy konfederatom barskim si\u0119 nie spodoba\u0142o. \u017ce prawdziwych Polak\u00f3w w Polsce jest za ma\u0142o. Kr\u00f3la Stanis\u0142awa Augusta porwali, bo w\u0142a\u015bnie jego o tolerancj\u0119 dla innowierc\u00f3w obwiniali. Prawo mi\u0119dzynarodowe tym z\u0142amali i na 123 lata w niewol\u0119 \u017ce\u015bmy si\u0119 dostali. Gdy w 1918 roku wolno\u015b\u0107 \u017ce\u015bmy odzyskali, dalej na narodowo\u015b\u0107 \u017ce\u015bmy stawiali. I cho\u0107 wojn\u0119 z Rosj\u0105 (1919 &#8211; 1920) wygrali, to przez narodowe zacietrzewienie Pi\u0142sudskiego Traktat Ryski (18 marca 1921) podpisali &#8211; jakby\u015bmy przegrali. Potem jeszcze \u017co\u0142nierze niez\u0142omni czego\u015b takiego jak konfederaci barscy i Pi\u0142sudski pr\u00f3bowali ale 14 kwietnia 1950 roku rz\u0105dz\u0105cy Polsk\u0105 z kardyna\u0142em Stefanem Wyszy\u0144ski si\u0119 dogadali i niez\u0142omni, kt\u00f3rzy ich nie pos\u0142uchali, wykl\u0119tymi si\u0119 stali. Dobrze by by\u0142o, \u017ceby\u015bmy o tym pami\u0119tali i do nietolerancji nie wracali. Bo ci\u0105gle b\u0119dziemy przegrywali. <strong>Je\u017celi wszyscy tak samo my\u015blimy, to wiemy czego na pewno nie zrobimy. Obcy tego nie wiedz\u0105, a jak nam powiedz\u0105 nie uwierzymy. No ale jak to zrobi\u0105 &#8211; zwyci\u0119\u017cym<\/strong>y.<\/p>\n\n\n\n<p>To s\u0142owa Marysi, powiedzia\u0142a je w 1987 roku do dzisiejszego prezydenta Ugandy  Yoweri Museveni. Wtedy tam by\u0142a wojna domowa. Walcz\u0105ce plemiona s\u0142owa te zrozumia\u0142y i si\u0119 dogada\u0142y. My wtedy te\u017c \u017ce\u015bmy zrozumieli i to jeszcze zanim za \u0142by \u017ce\u015bmy si\u0119 wzi\u0119li. Okr\u0105g\u0142y st\u00f3\u0142 zorganizowali i si\u0119 dogadali. Dzi\u015b gdyby\u015bmy tak post\u0119powali, ze S\u0142owacj\u0105 na Euro 2020 by\u015bmy wygrali <a href=\"http:\/\/radiomaria.com.pl\/wp-content\/uploads\/2021\/06\/15.06.-Polska-Slowacja.mp3\"><img loading=\"lazy\" decoding=\"async\" width=\"150\" height=\"84\" class=\"wp-image-47204\" style=\"width: 150px;\" src=\"https:\/\/htb.com.pl\/wp-content\/uploads\/2021\/06\/Polska-Slowacja.jpg\" alt=\"\" srcset=\"https:\/\/htb.com.pl\/wp-content\/uploads\/2021\/06\/Polska-Slowacja.jpg 740w, https:\/\/htb.com.pl\/wp-content\/uploads\/2021\/06\/Polska-Slowacja-300x169.jpg 300w, https:\/\/htb.com.pl\/wp-content\/uploads\/2021\/06\/Polska-Slowacja-600x337.jpg 600w\" sizes=\"auto, (max-width: 150px) 100vw, 150px\" \/><\/a> &#8211; bo co ludzie powiedz\u0105, zawodnicy by si\u0119 nie bali i ryzykowali. To ten strach nas parali\u017cuje &#8211; no i to, \u017ce boimy si\u0119, \u017ce kto\u015b nas podkabluje. Marysia oceni\u0142a by to na dawn\u0105 dw\u00f3j\u0119. A teraz pozosta\u0142e wydarzenia z ostatniego tygodnia z jej perspektywy.  Mam nadziej\u0119, \u017ce to Pa\u0144stwa skonfuduje i ju\u017c Polska nie b\u0119dzie na dw\u00f3j\u0119. <\/p>\n\n\n\n<p>W \u015bwiatowej polityce dominowa\u0142y spotkania na szycie. <a href=\"http:\/\/radiomaria.com.pl\/wp-content\/uploads\/2021\/06\/11.06.-G-7.mp3\"><img loading=\"lazy\" decoding=\"async\" width=\"150\" height=\"55\" class=\"wp-image-47210\" style=\"width: 150px;\" src=\"https:\/\/htb.com.pl\/wp-content\/uploads\/2021\/06\/Kornwalia.png\" alt=\"\" srcset=\"https:\/\/htb.com.pl\/wp-content\/uploads\/2021\/06\/Kornwalia.png 664w, https:\/\/htb.com.pl\/wp-content\/uploads\/2021\/06\/Kornwalia-300x110.png 300w, https:\/\/htb.com.pl\/wp-content\/uploads\/2021\/06\/Kornwalia-600x220.png 600w\" sizes=\"auto, (max-width: 150px) 100vw, 150px\" \/><\/a> Na G7 w angielskiej Kornwalii Ursula von der Leyen nas reprezentowa\u0142a i tu Polska plamy nie da\u0142a. Na szczycie NATO  <a href=\"http:\/\/radiomaria.com.pl\/wp-content\/uploads\/2021\/06\/14.06.-Szczyt-NATO.mp3\"><img loading=\"lazy\" decoding=\"async\" width=\"150\" height=\"72\" class=\"wp-image-47276\" style=\"width: 150px;\" src=\"https:\/\/htb.com.pl\/wp-content\/uploads\/2021\/06\/Nato.png\" alt=\"\" srcset=\"https:\/\/htb.com.pl\/wp-content\/uploads\/2021\/06\/Nato.png 928w, https:\/\/htb.com.pl\/wp-content\/uploads\/2021\/06\/Nato-300x143.png 300w, https:\/\/htb.com.pl\/wp-content\/uploads\/2021\/06\/Nato-768x367.png 768w, https:\/\/htb.com.pl\/wp-content\/uploads\/2021\/06\/Nato-600x286.png 600w\" sizes=\"auto, (max-width: 150px) 100vw, 150px\" \/><\/a> nasza dyplomacja bardzo si\u0119 stara\u0142a ale tam Polska nie zaistnia\u0142a. Ze strony polskiej pani europos\u0142anka Anna Fotyga agend\u0119 przygotowywa\u0142a, a tam m.in. o ociepleniu klimatu by\u0142o &#8211;  no to co ona napisa\u0107 mia\u0142a? Natomiast wizyta prezydenta Andrzeja Dudy si\u0119 tam uda\u0142a. W prawdzie idea tr\u00f3jmorza nie zaistnia\u0142a ale zdj\u0119cie z prezydentem Joe Bidenem  Polska za sukces uzna\u0142a. <a href=\"http:\/\/radiomaria.com.pl\/wp-content\/uploads\/2021\/06\/15.06.-Spotkania-a.mp3\"><img loading=\"lazy\" decoding=\"async\" width=\"150\" height=\"200\" class=\"wp-image-47208\" style=\"width: 150px;\" src=\"https:\/\/htb.com.pl\/wp-content\/uploads\/2021\/06\/Duda-Biden.jpg\" alt=\"\" srcset=\"https:\/\/htb.com.pl\/wp-content\/uploads\/2021\/06\/Duda-Biden.jpg 675w, https:\/\/htb.com.pl\/wp-content\/uploads\/2021\/06\/Duda-Biden-225x300.jpg 225w, https:\/\/htb.com.pl\/wp-content\/uploads\/2021\/06\/Duda-Biden-600x800.jpg 600w\" sizes=\"auto, (max-width: 150px) 100vw, 150px\" \/><\/a><\/p>\n\n\n\n<p>Amerykanie na marginesie to zorganizowali i do spotkania Bidena z Putinem si\u0119 przygotowywali. <a href=\"http:\/\/radiomaria.com.pl\/wp-content\/uploads\/2021\/06\/16.06.-Biden-Putin.mp3\"><img loading=\"lazy\" decoding=\"async\" width=\"150\" height=\"113\" class=\"wp-image-47212\" style=\"width: 150px;\" src=\"https:\/\/htb.com.pl\/wp-content\/uploads\/2021\/06\/Putin-Biden.jpg\" alt=\"\" srcset=\"https:\/\/htb.com.pl\/wp-content\/uploads\/2021\/06\/Putin-Biden.jpg 640w, https:\/\/htb.com.pl\/wp-content\/uploads\/2021\/06\/Putin-Biden-300x225.jpg 300w, https:\/\/htb.com.pl\/wp-content\/uploads\/2021\/06\/Putin-Biden-600x450.jpg 600w\" sizes=\"auto, (max-width: 150px) 100vw, 150px\" \/><\/a> Trzeba przyzna\u0107, \u017ce rad\u0119 sobie z tym dali. Prezydenci w Genewie si\u0119 spotkali i w miar\u0119 normalnie rozmawiali. <a href=\"http:\/\/radiomaria.com.pl\/wp-content\/uploads\/2021\/06\/17.06.-Tukidydes-Puszkin.mp3\"><img loading=\"lazy\" decoding=\"async\" width=\"150\" height=\"113\" class=\"wp-image-47214\" style=\"width: 150px;\" src=\"https:\/\/htb.com.pl\/wp-content\/uploads\/2021\/06\/Biden.jpg\" alt=\"\" srcset=\"https:\/\/htb.com.pl\/wp-content\/uploads\/2021\/06\/Biden.jpg 640w, https:\/\/htb.com.pl\/wp-content\/uploads\/2021\/06\/Biden-300x225.jpg 300w, https:\/\/htb.com.pl\/wp-content\/uploads\/2021\/06\/Biden-600x450.jpg 600w\" sizes=\"auto, (max-width: 150px) 100vw, 150px\" \/><\/a><\/p>\n\n\n\n<p>W krajowej polityce te\u017c by\u0142o na szycie. Prezydent Niemiec  Frank-Walter Steinmeier i Polski pan Andrzej Duda si\u0119 spotkali &#8211; dobros\u0105siedzkie stosunki potwierdzone traktatem z przed 30 lat (17.06.1991.) wspominali. <a href=\"http:\/\/radiomaria.com.pl\/wp-content\/uploads\/2021\/06\/17.06.-Wizyta-prezydenta-Niemiec.mp3\"><img loading=\"lazy\" decoding=\"async\" width=\"150\" height=\"100\" class=\"wp-image-47268\" style=\"width: 150px;\" src=\"https:\/\/htb.com.pl\/wp-content\/uploads\/2021\/06\/Sztajmajer-Duda.jpg\" alt=\"\" srcset=\"https:\/\/htb.com.pl\/wp-content\/uploads\/2021\/06\/Sztajmajer-Duda.jpg 960w, https:\/\/htb.com.pl\/wp-content\/uploads\/2021\/06\/Sztajmajer-Duda-300x200.jpg 300w, https:\/\/htb.com.pl\/wp-content\/uploads\/2021\/06\/Sztajmajer-Duda-768x512.jpg 768w, https:\/\/htb.com.pl\/wp-content\/uploads\/2021\/06\/Sztajmajer-Duda-600x400.jpg 600w\" sizes=\"auto, (max-width: 150px) 100vw, 150px\" \/><\/a> \u0179li politycy wybory na prezydenta Rzeszowa ju\u017c w pierwszej turze przegrali. <a href=\"http:\/\/radiomaria.com.pl\/wp-content\/uploads\/2021\/06\/13.06.-Wybory.mp3\"><img loading=\"lazy\" decoding=\"async\" width=\"150\" height=\"64\" class=\"wp-image-47218\" style=\"width: 150px;\" src=\"https:\/\/htb.com.pl\/wp-content\/uploads\/2021\/06\/140555cl-1024x435-1.jpeg\" alt=\"\" srcset=\"https:\/\/htb.com.pl\/wp-content\/uploads\/2021\/06\/140555cl-1024x435-1.jpeg 1024w, https:\/\/htb.com.pl\/wp-content\/uploads\/2021\/06\/140555cl-1024x435-1-300x127.jpeg 300w, https:\/\/htb.com.pl\/wp-content\/uploads\/2021\/06\/140555cl-1024x435-1-768x326.jpeg 768w, https:\/\/htb.com.pl\/wp-content\/uploads\/2021\/06\/140555cl-1024x435-1-600x255.jpeg 600w\" sizes=\"auto, (max-width: 150px) 100vw, 150px\" \/><\/a> Rzeszowianie pana Konrada Fijo\u0142ka wybrali. Napisa\u0142em politycy &#8211; cho\u0107 to wybory samorz\u0105dowe&#8230; Bo politycy si\u0119 w nie zaanga\u017cowali. Dobrzy wygrali, bo si\u0119 zjednoczyli, a \u017ali wizyt\u0105 pana Jaros\u0142awa Kaczy\u0144skiego pani\u0105 wojewod\u0119 podkarpack\u0105 Ew\u0119 Leniart pogr\u0105\u017cyli.<\/p>\n\n\n\n<p>\u0179li politycy zareagowali i dla TVPiS klip wyborczy nagrali. Pokazali jak pan Kaczy\u0144ski i Kukuz si\u0119 dogadali. <a href=\"http:\/\/radiomaria.com.pl\/wp-content\/uploads\/2021\/06\/14.06.-Kaczynski-Kukiz.mp3\"><img loading=\"lazy\" decoding=\"async\" width=\"150\" height=\"100\" class=\"wp-image-47220\" style=\"width: 150px;\" src=\"https:\/\/htb.com.pl\/wp-content\/uploads\/2021\/06\/Kukiz-Kaczynski.jpg\" alt=\"\" srcset=\"https:\/\/htb.com.pl\/wp-content\/uploads\/2021\/06\/Kukiz-Kaczynski.jpg 664w, https:\/\/htb.com.pl\/wp-content\/uploads\/2021\/06\/Kukiz-Kaczynski-300x200.jpg 300w, https:\/\/htb.com.pl\/wp-content\/uploads\/2021\/06\/Kukiz-Kaczynski-600x399.jpg 600w\" sizes=\"auto, (max-width: 150px) 100vw, 150px\" \/><\/a> Ja mam nadziej\u0119, \u017ce teraz ju\u017c jak w Rzeszowie b\u0119dziemy wybierali.<\/p>\n\n\n\n<p>Bo jak nie &#8211; b\u0119dziemy p\u0142akali. <a href=\"http:\/\/radiomaria.com.pl\/wp-content\/uploads\/2021\/06\/1606-Ani-eta-paniali.mp3\"><img loading=\"lazy\" decoding=\"async\" width=\"150\" height=\"113\" class=\"wp-image-47222\" style=\"width: 150px;\" src=\"https:\/\/htb.com.pl\/wp-content\/uploads\/2021\/06\/Sejm.jpg\" alt=\"\" srcset=\"https:\/\/htb.com.pl\/wp-content\/uploads\/2021\/06\/Sejm.jpg 640w, https:\/\/htb.com.pl\/wp-content\/uploads\/2021\/06\/Sejm-300x225.jpg 300w, https:\/\/htb.com.pl\/wp-content\/uploads\/2021\/06\/Sejm-600x450.jpg 600w\" sizes=\"auto, (max-width: 150px) 100vw, 150px\" \/><\/a> Z tego co teraz opisz\u0119 Pa\u0144stwo si\u0119 \u015bmiali. a politycy p\u0142akali, \u017ce im jakie\u015b ruskie, skrzynki mailowe zhakowali. Ruscy niczego wam nie zhakowali, oni podgl\u0105dali, jak \u017ce\u015bcie te has\u0142a wpisywali. Wy sami mi\u0119dzy sob\u0105 si\u0119 \u017crecie i nawzajem hakujecie. Za\u015b przyk\u0142ad pana Marka Kuchci\u0144skiego pos\u0142a, <a href=\"http:\/\/radiomaria.com.pl\/wp-content\/uploads\/2021\/06\/16.06.-Kuchcinski.mp3\"><img loading=\"lazy\" decoding=\"async\" width=\"150\" height=\"74\" class=\"wp-image-47224\" style=\"width: 150px;\" src=\"https:\/\/htb.com.pl\/wp-content\/uploads\/2021\/06\/Kuchci\u0144ski.png\" alt=\"\" srcset=\"https:\/\/htb.com.pl\/wp-content\/uploads\/2021\/06\/Kuchci\u0144ski.png 731w, https:\/\/htb.com.pl\/wp-content\/uploads\/2021\/06\/Kuchci\u0144ski-300x148.png 300w, https:\/\/htb.com.pl\/wp-content\/uploads\/2021\/06\/Kuchci\u0144ski-600x295.png 600w\" sizes=\"auto, (max-width: 150px) 100vw, 150px\" \/><\/a> kt\u00f3ry nie rozumie z tego niczego, ka\u017ce nam zada sobie pytanie &#8211; dlaczego? Bo tak g\u0142osowa\u0142e\u015b (a\u015b) kole\u017canko i kolego. <\/p>\n","protected":false},"excerpt":{"rendered":"<p>Je\u017celi z tytu\u0142em si\u0119 nie uto\u017csamiamy &#8211; szcz\u0119\u015bcie mamy. Jednak nawet jak za przegranych si\u0119 uwa\u017camy &#8211; to spokojnie, o Polsce, a nie o sobie tu poczytamy. Ju\u017c tylko z historii pami\u0119tamy, jak\u0105 pot\u0119go byli\u015bmy w czasach Jagiellon\u00f3w. I wtedy konfederatom barskim si\u0119 nie spodoba\u0142o. \u017ce prawdziwych Polak\u00f3w w Polsce jest za ma\u0142o. Kr\u00f3la Stanis\u0142awa [&hellip;]<\/p>\n","protected":false},"author":1,"featured_media":47274,"comment_status":"open","ping_status":"open","sticky":false,"template":"","format":"standard","meta":{"_jetpack_memberships_contains_paid_content":false,"footnotes":""},"categories":[4],"tags":[732],"class_list":["post-47200","post","type-post","status-publish","format-standard","has-post-thumbnail","hentry","category-daty-i-fakty-blog","tag-dlaczego-przegrywamy"],"jetpack_sharing_enabled":true,"jetpack_featured_media_url":"https:\/\/htb.com.pl\/wp-content\/uploads\/2021\/06\/zolte-wody.png","_links":{"self":[{"href":"https:\/\/htb.com.pl\/index.php?rest_route=\/wp\/v2\/posts\/47200","targetHints":{"allow":["GET"]}}],"collection":[{"href":"https:\/\/htb.com.pl\/index.php?rest_route=\/wp\/v2\/posts"}],"about":[{"href":"https:\/\/htb.com.pl\/index.php?rest_route=\/wp\/v2\/types\/post"}],"author":[{"embeddable":true,"href":"https:\/\/htb.com.pl\/index.php?rest_route=\/wp\/v2\/users\/1"}],"replies":[{"embeddable":true,"href":"https:\/\/htb.com.pl\/index.php?rest_route=%2Fwp%2Fv2%2Fcomments&post=47200"}],"version-history":[{"count":17,"href":"https:\/\/htb.com.pl\/index.php?rest_route=\/wp\/v2\/posts\/47200\/revisions"}],"predecessor-version":[{"id":47285,"href":"https:\/\/htb.com.pl\/index.php?rest_route=\/wp\/v2\/posts\/47200\/revisions\/47285"}],"wp:featuredmedia":[{"embeddable":true,"href":"https:\/\/htb.com.pl\/index.php?rest_route=\/wp\/v2\/media\/47274"}],"wp:attachment":[{"href":"https:\/\/htb.com.pl\/index.php?rest_route=%2Fwp%2Fv2%2Fmedia&parent=47200"}],"wp:term":[{"taxonomy":"category","embeddable":true,"href":"https:\/\/htb.com.pl\/index.php?rest_route=%2Fwp%2Fv2%2Fcategories&post=47200"},{"taxonomy":"post_tag","embeddable":true,"href":"https:\/\/htb.com.pl\/index.php?rest_route=%2Fwp%2Fv2%2Ftags&post=47200"}],"curies":[{"name":"wp","href":"https:\/\/api.w.org\/{rel}","templated":true}]}}