{"id":5120,"date":"2019-07-05T17:23:09","date_gmt":"2019-07-05T17:23:09","guid":{"rendered":"https:\/\/htb.com.pl\/?p=5120"},"modified":"2019-08-10T14:37:49","modified_gmt":"2019-08-10T14:37:49","slug":"kij-w-szprychy","status":"publish","type":"post","link":"https:\/\/htb.com.pl\/?p=5120","title":{"rendered":"Kij w szprychy"},"content":{"rendered":"\n<p><\/p>\n\n\n\n<figure class=\"wp-block-image\"><a href=\"https:\/\/htb.com.pl\/wp-content\/uploads\/2019\/08\/gruba-kreska.mp3\"><img loading=\"lazy\" decoding=\"async\" width=\"150\" height=\"150\" src=\"https:\/\/htb.com.pl\/wp-content\/uploads\/2018\/04\/posluchaj-150x150.jpg\" alt=\"\" class=\"wp-image-2020\" srcset=\"https:\/\/htb.com.pl\/wp-content\/uploads\/2018\/04\/posluchaj-150x150.jpg 150w, https:\/\/htb.com.pl\/wp-content\/uploads\/2018\/04\/posluchaj-300x300.jpg 300w, https:\/\/htb.com.pl\/wp-content\/uploads\/2018\/04\/posluchaj-100x100.jpg 100w\" sizes=\"auto, (max-width: 150px) 100vw, 150px\" \/><\/a><\/figure>\n\n\n\n<p>Pisz\u0105c mojego bloga, jego kolejne wpisy odnosz\u0119 do wydarze\u0144 z ostatniego tygodnia, w Polsce i na \u015awiecie. Ten tydzie\u0144 dla mnie, to wybory najwa\u017cniejszych os\u00f3b w Parlamencie Unii Europejskiej. W jednym z moich poprzednich wpis\u00f3w napisa\u0142em o naszych z\u0142ych politykach tak:<\/p>\n\n\n\n<blockquote class=\"wp-block-quote is-layout-flow wp-block-quote-is-layout-flow\"><p><a href=\"https:\/\/htb.com.pl\/?p=4388\">&#8220;Kij w szprychy i do ty\u0142u, bo to patriotyzm jest&#8221;.<\/a> <\/p><p><\/p><\/blockquote>\n\n\n\n<p>Chodzi\u0142o o postrzeganie \u015awiata, przez tych, co nie maj\u0105 wyobra\u017ani. Pan Mateusz Morawiecki &#8211; premier, po kompromitacji z zapisem o neutralno\u015bci energetycznej, znowu &#8220;zab\u0142ysn\u0105\u0142&#8221;. Mamy szefa Rady Europejskiej, m\u00f3wi\u0142 pan Morawiecki o Donaldzie Tusku i pyta, czy co\u015b dobrego dla Polski z tego wynik\u0142o? Pan Morawiecki kompletnie nie rozumie czym jest Unia Europejska, jemu si\u0119 wydaje, \u017ce Tusk powinien robi\u0107 &#8220;wa\u0142y&#8221; i kas\u0119 dla Polski zdobywa\u0107. Unia to my panie Morawiecki, okradaj\u0105c Uni\u0119 okradaliby\u015bmy siebie. Wyznaczy\u0142 pan sobie cel, aby nie wybrano na szefa Rady Europejskiej &nbsp;<strong>Fransa Timmermansa<\/strong>. Ostatecznie kandydatk\u0105 zosta\u0142a   <strong>Ursula von der Leyen<\/strong>. Nie wiem jaka to r\u00f3\u017cnica? Cieszy mnie jednak to, \u017ce \u017ali politycy w nowym Parlamencie UE s\u0105 niczym i mam nadziej\u0119, \u017ce tak zostanie. Przekona\u0142 siew o tym pan Pose\u0142 Zdzis\u0142aw Krasnod\u0119bski, gdy przepad\u0142 w wyporach na wiceszefa PE. Unia Europejska nie jest doskona\u0142a ale kult jednostki jako forma sprawowania w\u0142adzy, jest tam obcy. To sprzeciw przeciwko tej formie rz\u0105dzenia sprawi\u0142, \u017ce  Zjednoczona Europa powsta\u0142a. Jakiekolwiek pr\u00f3by wprowadzania takiego modelu w\u0142adzy, b\u0119d\u0105 spotyka\u0142y z kategorycznym sprzeciwem. To nie jest mieszanie si\u0119 w wewn\u0119trzne sprawy Polski, to ci\u0105g\u0142a walka o  pok\u00f3j.<\/p>\n\n\n\n<div class=\"wp-block-media-text alignwide\"><figure class=\"wp-block-media-text__media\"><img loading=\"lazy\" decoding=\"async\" width=\"1024\" height=\"1024\" src=\"https:\/\/htb.com.pl\/wp-content\/uploads\/2019\/06\/krople-szare-t\u0142o-1024x1024.jpg\" alt=\"\" class=\"wp-image-4002\" srcset=\"https:\/\/htb.com.pl\/wp-content\/uploads\/2019\/06\/krople-szare-t\u0142o-1024x1024.jpg 1024w, https:\/\/htb.com.pl\/wp-content\/uploads\/2019\/06\/krople-szare-t\u0142o-150x150.jpg 150w, https:\/\/htb.com.pl\/wp-content\/uploads\/2019\/06\/krople-szare-t\u0142o-300x300.jpg 300w, https:\/\/htb.com.pl\/wp-content\/uploads\/2019\/06\/krople-szare-t\u0142o-768x768.jpg 768w, https:\/\/htb.com.pl\/wp-content\/uploads\/2019\/06\/krople-szare-t\u0142o-600x600.jpg 600w, https:\/\/htb.com.pl\/wp-content\/uploads\/2019\/06\/krople-szare-t\u0142o-100x100.jpg 100w, https:\/\/htb.com.pl\/wp-content\/uploads\/2019\/06\/krople-szare-t\u0142o.jpg 2000w\" sizes=\"auto, (max-width: 1024px) 100vw, 1024px\" \/><\/figure><div class=\"wp-block-media-text__content\">\n<p style=\"text-align:center\" class=\"has-medium-font-size\"><a href=\"https:\/\/htb.com.pl\/?product=krople-lagodzace-tradzik\">To dzia\u0142a na tr\u0105dzik<\/a><\/p>\n<\/div><\/div>\n\n\n\n<p>Pisa\u0142em, \u017ce jednym z element\u00f3w tej walki jest wyr\u00f3wnywanie poziom\u00f3w \u017cycia, to uniemo\u017cliwia z\u0142ym politykom podburzanie ludzi i wywo\u0142ywanie wojen w\u0142a\u015bnie. Szczeg\u00f3lnie polscy \u017ali politycy widz\u0105 w tym problem &#8211; i to od lat. Narzekaj\u0105, \u017ce w stanie wojennym by\u0142o ma\u0142o ofiar i nie mo\u017cna odpowiedni celebrowa\u0107 ich upami\u0119tnianie. Pan Prezydent Andrzej Duda marudzi, \u017ce to \u017ale, \u017ce ten nasz przewr\u00f3t lat 80-tych by\u0142 bezkrwawy. Jednocze\u015bnie wzoruj\u0105 si\u0119 na Sanacji, kt\u00f3rej to oficerowie wraz z Naczelnym Wodzem Edwardem Rydzem \u015amig\u0142ym zwiali z kraju, gdy wybuch\u0142a II wojna \u015bwiatowa. Dlatego dzi\u015b w 80-t\u0105 rocznic\u0119 tamtych wydarze\u0144, trzeba zmienia\u0107  histori\u0119, budowa\u0107 &#8220;odpowiednie&#8221; muzea, cho\u0107by na Westerplatte.  Histori\u0119 zak\u0142amuje si\u0119 od zawsze ale nie da si\u0119 ukry\u0107 w\u0142asnej g\u0142upoty.<\/p>\n\n\n\n<p>\u017beby to wyja\u015bni\u0107 nie wystarczy przywo\u0142a\u0107 definicj\u0119 z\u0142ego polityka, kt\u00f3rej nauczy\u0142a mnie Marysia, kiedy\u015b moja dziewczyna. Z\u0142y polityk to ten, co nie ma wyobra\u017ani &#8211; m\u00f3wi\u0142a, a wyobra\u017ani nie ma ten, co w J\u00f3zefie Pi\u0142sudskim widzi bohatera. Dzi\u015b na naszej scenie politycznej pozostali tylko tacy politycy, nawet PSL, kt\u00f3remu w 1926 po zamachu majowym J\u00f3zef Pi\u0142sudski chcia\u0142 ukatrupi\u0107 Wincentego Witosa, \u017ceby sobie przypisa\u0107 zwyci\u0119stwo w Bitwie Warszawskiej 13-25 sierpnia 1920 roku, chocia\u017c z\u0142o\u017cy\u0142 wtedy dymisje na r\u0119ce premiera Witosa i zwia\u0142&#8230; To Witos z genera\u0142em Rozwadowskim obronili Europ\u0119 przed bolszewicka nawa\u0142\u0105. Du\u017cy udzia\u0142 w zwyci\u0119stwie mieli Ch\u0142opi, kt\u00f3rzy stan\u0119li za swoim przyw\u00f3dc\u0105, za Wincentym Witosem. Dzi\u015b wie\u015b staje po stronie z\u0142ych polityk\u00f3w, bo ci obiecuj\u0105, \u017ce dadz\u0105 im wi\u0119cej pieni\u0119dzy, ni\u017c dostaj\u0105 teraz z UE. Ale ja wierz\u0119, \u017ce nie da si\u0119 zniweczy\u0107 Cudu nad Wis\u0142\u0105, ani bohaterstwa Ko\u015bciuszkowc\u00f3w I Armii Wojska Polskiego. To dzi\u0119ki tamtym bohaterom jest Polska. Chocia\u017c dzi\u015b idziemy w z\u0142\u0105 stron\u0119 i trudno znale\u017a\u0107 dziedzin\u0119, w kt\u00f3rej kierunek by\u0142by dobry. Ro\u015bnie zad\u0142u\u017cenie Polski, ro\u015bnie procent Polak\u00f3w w skrajnym ub\u00f3stwie i w 2018 roku osi\u0105gn\u0105\u0142  5,4%, to wzrost o 1,1% w stosunku do roku poprzedniego. Na nic zda\u0142o si\u0119 rozdawnictwo naszych pieni\u0119dzy z podatk\u00f3w. Wprawdzie pozawala utrzyma\u0107 w\u0142adz\u0119 ale powoduje inflacj\u0119 i prowadzi do katastrofy. Na tym przyk\u0142adzie poprzedni \u017ali politycy, kt\u00f3rzy Polsk\u0105 rz\u0105dzili wypadaj\u0105 lepiej. Zanim w 2015 roku dokonano zamachu stanu, stosowali\u015bmy si\u0119 do dyrektyw Unii Europejskiej. Powstawa\u0142a infrastruktura, drogi tak bardzo dzi\u015b poprawiaj\u0105ce nasz\u0105 sytuacj\u0119 gospodarcz\u0105. Pan Mateusz Morawiecki skwitowa\u0142 to stwierdzeniem, \u017ce unijne dotacje wystarczaj\u0105 na chodniki&#8230;<\/p>\n\n\n\n<p>Powinni\u015bmy kontynuowa\u0107 dziedzictwo, kt\u00f3re pozwoli\u0142o Naszej Polsce przetrwa\u0107 zawieruch\u0119 po II wojnie \u015bwiatowej. Oddzielanie &#8220;grub\u0105 kresk\u0105&#8221; tego co by\u0142o,  przez premiera Tadeusza Mazowieckiego to b\u0142\u0105d. 18 sierpnia 1989 roku w swoim expos&#8217;e  Mazowiecki  powiedzia\u0142; <br><em>&#8220;Rz\u0105d, kt\u00f3ry utworz\u0119, nie ponosi odpowiedzialno\u015bci za hipotek\u0119, kt\u00f3r\u0105 dziedziczy. Ma ona jednak wp\u0142yw na okoliczno\u015bci, w kt\u00f3rych przychodzi nam dzia\u0142a\u0107. Przesz\u0142o\u015b\u0107 odkre\u015blamy grub\u0105 lini\u0105. Odpowiada\u0107 b\u0119dziemy jedynie za to, co uczynili\u015bmy, by wydoby\u0107 Polsk\u0119 z obecnego stanu za\u0142amania.&#8221;<\/em>.  Zrozumia\u0142em wtedy s\u0142owa Marysi, gdy na pro\u015bb\u0119 weterana II Armii Wojska Polskiego, aby\u015bmy sprawili, \u017ceby nie zapomniano o Ko\u015bciuszkowcach, Marysia powiedzia\u0142a;<em> <a href=\"https:\/\/htb.com.pl\/?p=349\">&#8221; Tego Panu nie mo\u017cemy zagwarantowa\u0107 i Pan o tym wie&#8221;.<\/a><\/em> Zrozumia\u0142em te\u017c dlaczego  nawet w najwi\u0119ksze mrozy, w zim\u0119 stulecia 1987 roku, zanosi\u0142a kwiaty pod Pomnik Wincentego Witosa na Placu Trzech Krzy\u017cy w Warszawie.<img loading=\"lazy\" decoding=\"async\" width=\"150\" height=\"250\" class=\"wp-image-2127\" style=\"width: 150px;\" src=\"https:\/\/htb.com.pl\/wp-content\/uploads\/2018\/10\/wincenty-witos.jpg\" alt=\"\" srcset=\"https:\/\/htb.com.pl\/wp-content\/uploads\/2018\/10\/wincenty-witos.jpg 360w, https:\/\/htb.com.pl\/wp-content\/uploads\/2018\/10\/wincenty-witos-180x300.jpg 180w\" sizes=\"auto, (max-width: 150px) 100vw, 150px\" \/> Ona ju\u017c wtedy my\u015bla\u0142a o kontynuacji tego co dobre w naszej historii. tego co pozwoli\u0142o po I wojnie \u015bwiatowej stworzy\u0107 na nowo Polsk\u0119 i tego co po II wojnie \u015bwiatowej pozwoli\u0142o t\u0105 Polsk\u0119 zachowa\u0107 &#8211; tu wsp\u00f3lnym mianownikiem by\u0142 Polski Ch\u0142op. <\/p>\n\n\n\n<div class=\"wp-block-media-text alignwide\"><figure class=\"wp-block-media-text__media\"><img loading=\"lazy\" decoding=\"async\" width=\"200\" height=\"282\" src=\"https:\/\/htb.com.pl\/wp-content\/uploads\/2019\/07\/operetka.jpg\" alt=\"\" class=\"wp-image-5171\"\/><\/figure><div class=\"wp-block-media-text__content\">\n<p style=\"text-align:center\" class=\"has-medium-font-size\"><a href=\"https:\/\/htb.com.pl\/?product=przewodnik-operetkowy-wodewil-operetka-musical\">Odrobinka kultury<\/a><\/p>\n<\/div><\/div>\n\n\n\n<p>W roku 1986 wracali\u015bmy z Majka z Lublina, byli\u015bmy na <a href=\"https:\/\/www.youtube.com\/watch?v=4e0hA5AIycc\">Operetce Jana Straussa (syna) Baron Cyga\u0144ski.<\/a> Przedstawienie odbywa\u0142o si\u0119 w Garnizonowym Klubie Oficera, by\u0142o to jedno z ostatnich przedstawie\u0144 przed remontem, potem operetk\u0119 przeniesiono do Domu Kultury Kolejarza, dzi\u015b pod nazw\u0105 Teatr Muzyczny funkcjonuje obok Filharmonii Lubelskiej. Nam\u00f3wi\u0142em Marysi\u0119 na to przedstawienie, bo w czasie mojej nauki w Technikum Drzewnym w Zwierzy\u0144cu, w\u0142a\u015bnie arty\u015bci tej sceny raz w miesi\u0105cu przyje\u017cd\u017cali do naszej szko\u0142y z wyst\u0119pem. Mnie najbardziej podoba\u0142 si\u0119 konferansjer, jak sam o sobie m\u00f3wi\u0142, ma\u0142y czarny i gada na pocz\u0105tku.  Wracaj\u0105c do Zaklikowa w Olbi\u0119cinie zobaczyli\u015bmy wiejska zabaw\u0119 w remizie na skrzy\u017cowanie. Hura &#8211; wykrzykn\u0119\u0142a Majka, ty Jasiu nie pijesz &#8211; jedziesz. Zaparkowa\u0142em naszego &#8220;Poldka&#8221; ko\u0142o jakich\u015b fundament\u00f3w, na takim placu przed ko\u015bcio\u0142em i na zabaw\u0119. Operetka by\u0142a super, podoba\u0142a si\u0119 Majce ale to te\u017c by\u0142y jej klimaty. Gdy pokaza\u0142a jak ta\u0144czy, zwr\u00f3ci\u0142a na siebie uwag\u0119 na tyle, \u017ce stra\u017cak da\u0142 nam wino marki &#8220;Wino&#8221; (patykiem pisane) od organizator\u00f3w. To zobowi\u0105zywa\u0142o, Majka wykupi\u0142a dla mnie wszystkie czekolady co zosta\u0142y po &#8220;czekoladowym walczyku&#8221; i skrzynk\u0119 w\u00f3dki. Zaznaczy\u0142a przy tym, \u017ce gdyby zabrak\u0142o dop\u0142aci. Na stole jako zagrycha najpierw pojawi\u0142y si\u0119 og\u00f3rki ma\u0142osolne ale po chwili st\u00f3\u0142 ugina\u0142 si\u0119 pod wiejskimi wyrobami. Kobiety podmieni\u0142y moje &#8220;wyroby czekoladopodobne&#8221; na wspania\u0142e ciasto, klika chcia\u0142o podmieni\u0107 na chwil\u0119 swoich ch\u0142op\u00f3w na mnie ale Majka si\u0119 nie zgodzi\u0142a. Wszyscy mnie \u017ca\u0142owali, \u017ce nie pij\u0119. By\u0142em naprawd\u0119 dumny, gdy chwalono postaw\u0119 mojego Kuzyna z s\u0105siedniej wioski, kt\u00f3ry straci\u0142 zdrowie w Masakrze Kopalni Wujek 16 grudnia 1981 roku. Nie oby\u0142o si\u0119 bez polityki. Filozofi\u0119 Marysi, \u017ce pa\u0144stwowe zak\u0142ady trzeba da\u0107 ludziom a pa\u0144stwo ma si\u0119 utrzymywa\u0107 z podatku VAT, ch\u0142opi poj\u0119li natychmiast i wypili za to. Widzisz &#8211; powiedzia\u0142a Marysia, polityk, inteligent, robotnik nie pojmie tego, on dostaje pensj\u0119 i chce aby tak zosta\u0142o. Ch\u0142op na swoje musi ci\u0119\u017cko pracowa\u0107, dostaje jak si\u0119 urodzi, wie czym jest ryzyko i nie boi si\u0119 go. Tacy ludzie szybko zrozumiej\u0105 czym jest wolno\u015b\u0107, z ca\u0142\u0105 reszt\u0105 b\u0119dzie k\u0142opot. Teraz chyba jest k\u0142opot r\u00f3wnie\u017c z Ch\u0142opami? \u0179li politycy sprawili, \u017ce wielu my\u015bli, \u017ce mo\u017cna \u017cy\u0107 i nie pracowa\u0107. Co\u015b mi si\u0119 zdaje, \u017ce wkr\u00f3tce b\u0119dzie potrzebna nowa &#8220;gruba kreska&#8221;.<\/p>\n\n\n\n<pre class=\"wp-block-preformatted\"><\/pre>\n","protected":false},"excerpt":{"rendered":"<p>Pisz\u0105c mojego bloga, jego kolejne wpisy odnosz\u0119 do wydarze\u0144 z ostatniego tygodnia, w Polsce i na \u015awiecie. Ten tydzie\u0144 dla mnie, to wybory najwa\u017cniejszych os\u00f3b w Parlamencie Unii Europejskiej. W jednym z moich poprzednich wpis\u00f3w napisa\u0142em o naszych z\u0142ych politykach tak: &#8220;Kij w szprychy i do ty\u0142u, bo to patriotyzm jest&#8221;. Chodzi\u0142o o postrzeganie \u015awiata, [&hellip;]<\/p>\n","protected":false},"author":1,"featured_media":5201,"comment_status":"open","ping_status":"open","sticky":false,"template":"","format":"standard","meta":{"_jetpack_memberships_contains_paid_content":false,"footnotes":""},"categories":[4],"tags":[302,453],"class_list":["post-5120","post","type-post","status-publish","format-standard","has-post-thumbnail","hentry","category-daty-i-fakty-blog","tag-psl","tag-wincenty-witos"],"jetpack_sharing_enabled":true,"jetpack_featured_media_url":"https:\/\/htb.com.pl\/wp-content\/uploads\/2019\/07\/Remiza.jpg","_links":{"self":[{"href":"https:\/\/htb.com.pl\/index.php?rest_route=\/wp\/v2\/posts\/5120","targetHints":{"allow":["GET"]}}],"collection":[{"href":"https:\/\/htb.com.pl\/index.php?rest_route=\/wp\/v2\/posts"}],"about":[{"href":"https:\/\/htb.com.pl\/index.php?rest_route=\/wp\/v2\/types\/post"}],"author":[{"embeddable":true,"href":"https:\/\/htb.com.pl\/index.php?rest_route=\/wp\/v2\/users\/1"}],"replies":[{"embeddable":true,"href":"https:\/\/htb.com.pl\/index.php?rest_route=%2Fwp%2Fv2%2Fcomments&post=5120"}],"version-history":[{"count":34,"href":"https:\/\/htb.com.pl\/index.php?rest_route=\/wp\/v2\/posts\/5120\/revisions"}],"predecessor-version":[{"id":7367,"href":"https:\/\/htb.com.pl\/index.php?rest_route=\/wp\/v2\/posts\/5120\/revisions\/7367"}],"wp:featuredmedia":[{"embeddable":true,"href":"https:\/\/htb.com.pl\/index.php?rest_route=\/wp\/v2\/media\/5201"}],"wp:attachment":[{"href":"https:\/\/htb.com.pl\/index.php?rest_route=%2Fwp%2Fv2%2Fmedia&parent=5120"}],"wp:term":[{"taxonomy":"category","embeddable":true,"href":"https:\/\/htb.com.pl\/index.php?rest_route=%2Fwp%2Fv2%2Fcategories&post=5120"},{"taxonomy":"post_tag","embeddable":true,"href":"https:\/\/htb.com.pl\/index.php?rest_route=%2Fwp%2Fv2%2Ftags&post=5120"}],"curies":[{"name":"wp","href":"https:\/\/api.w.org\/{rel}","templated":true}]}}