{"id":51514,"date":"2021-07-02T07:13:22","date_gmt":"2021-07-02T07:13:22","guid":{"rendered":"https:\/\/htb.com.pl\/?p=51514"},"modified":"2021-07-02T09:56:42","modified_gmt":"2021-07-02T09:56:42","slug":"konczmy-zabawe-bo-tu-komornik-bedzie-mial-sprawe","status":"publish","type":"post","link":"https:\/\/htb.com.pl\/?p=51514","title":{"rendered":"Ko\u0144czmy &#8220;zabaw\u0119&#8221; &#8211; bo tu komornik b\u0119dzie mia\u0142 spraw\u0119."},"content":{"rendered":"\n<p><\/p>\n\n\n\n<p><\/p>\n\n\n\n<figure class=\"wp-block-image size-thumbnail\"><a href=\"https:\/\/htb.com.pl\/wp-content\/uploads\/2021\/07\/Ko\u0144czmy-zabaw\u0119.mp3\"><img loading=\"lazy\" decoding=\"async\" width=\"150\" height=\"150\" src=\"https:\/\/htb.com.pl\/wp-content\/uploads\/2018\/04\/posluchaj-150x150.jpg\" alt=\"\" class=\"wp-image-2020\" srcset=\"https:\/\/htb.com.pl\/wp-content\/uploads\/2018\/04\/posluchaj-150x150.jpg 150w, https:\/\/htb.com.pl\/wp-content\/uploads\/2018\/04\/posluchaj-300x300.jpg 300w, https:\/\/htb.com.pl\/wp-content\/uploads\/2018\/04\/posluchaj-100x100.jpg 100w\" sizes=\"auto, (max-width: 150px) 100vw, 150px\" \/><\/a><\/figure>\n\n\n\n<p>Zabawa w cudzys\u0142owie, to moje okre\u015blenie tego, co inni okre\u015blaj\u0105 jako rz\u0105dzenie. TSUE i ETPC wydaj\u0105 na Polsk\u0119 niekorzystne wyroki, a polski rz\u0105d zachowuje si\u0119 &#8211; jakby odczynia\u0142 uroki.  <\/p>\n\n\n\n<p>Pami\u0119tam, \u017ce ju\u017c raz tak by\u0142o. W latach 80 po stanie wojennym co\u015b podobnego nam grozi\u0142o. Embargo ze strony Stan\u00f3w Zjednoczonych, do tego gospodarka planowa &#8211; i tragedia gotowa. Wtedy \u015brodowiska watyka\u0144skie zadzia\u0142a\u0142o i nuncjusza apostolskiego <strong>Francesco Colasuonno<\/strong>&nbsp;do Polski przys\u0142a\u0142y, (1986-1989). W sprawach kluczowych wykonywa\u0142 polecenia papie\u017ca Jana Paw\u0142a II, jednak bie\u017c\u0105ca polityka nale\u017ca\u0142a do niego. Za\u015b jego polecenia Marysia wykonywa\u0142a i Polska od ameryka\u0144skiego embarga uwolniona zosta\u0142a, (19 luty 1987 rok). Potem ustaw\u0119 lesefer wprowadzono i z gospodarki planowej rynkow\u0105 zrobiono. To zako\u0144czy\u0142o misj\u0119 Colasuonno. <\/p>\n\n\n\n<p>Ustawa o wolno\u015bci gospodarczej od 1 stycznia 1989 do 31 grudnia 2000 roku obowi\u0105zywa\u0142a ale w kocu z machin\u0105 urz\u0119dnicz\u0105 przegra\u0142a. Mafia coraz wi\u0119kszy wp\u0142yw na gospodark\u0119 mia\u0142a &#8211; my\u015bl\u0119 jednak, \u017ce w\u0142a\u015bnie teraz miarka si\u0119 przebra\u0142a. Pos\u0142uchajcie, poczytajcie, jak wydarzenia z ostatniego tygodnia Marysia by widzia\u0142a. Ta kt\u00f3ra polecenia papie\u017ca wykonywa\u0142a &#8211; dzi\u015b \u015bwi\u0119tego Jana Paw\u0142a II&nbsp;&#8211; tego kt\u00f3rego nauki Polska zapomnia\u0142a, a &#8220;brudy&#8221; kleru &#8211; tuszowanie pedofilii na nie\u017cyj\u0105cego Papie\u017ca zwala\u0107 pr\u00f3bowa\u0142a. Tu znowu watyka\u0144ska dyplomacja zadzia\u0142a\u0142a i abp.  Charlesa Sciclun\u0119 do Polski przys\u0142a\u0142a. <a href=\"http:\/\/radiomaria.com.pl\/wp-content\/uploads\/2021\/07\/01.07.-Charles.mp3\"><img loading=\"lazy\" decoding=\"async\" width=\"150\" height=\"93\" class=\"wp-image-51522\" style=\"width: 150px;\" src=\"https:\/\/htb.com.pl\/wp-content\/uploads\/2021\/07\/Szarl.png\" alt=\"\" srcset=\"https:\/\/htb.com.pl\/wp-content\/uploads\/2021\/07\/Szarl.png 742w, https:\/\/htb.com.pl\/wp-content\/uploads\/2021\/07\/Szarl-300x187.png 300w, https:\/\/htb.com.pl\/wp-content\/uploads\/2021\/07\/Szarl-600x374.png 600w\" sizes=\"auto, (max-width: 150px) 100vw, 150px\" \/><\/a> My\u015bl\u0119, \u017ce w jego delegacji podobna Marysi persona by\u0142a, bo nasza kasta duchownych pedofili i tych co ich chronili, bardzo si\u0119 wystraszy\u0142a.<\/p>\n\n\n\n<p>Politycy, kt\u00f3rzy z\u0142o w dzia\u0142aniu swych ugrupowa\u0144 zauwa\u017cyli, te\u017c si\u0119 wystraszyli. Pos\u0142owie; Girzy\u0144ski, Janowska i Czartoryski PiS opu\u015bcili. <a href=\"http:\/\/radiomaria.com.pl\/wp-content\/uploads\/2021\/06\/25.06-Polske-wybrali.mp3\"><img loading=\"lazy\" decoding=\"async\" width=\"150\" height=\"88\" class=\"wp-image-51524\" style=\"width: 150px;\" src=\"https:\/\/htb.com.pl\/wp-content\/uploads\/2021\/07\/Polske-wybrali.jpg\" alt=\"\" srcset=\"https:\/\/htb.com.pl\/wp-content\/uploads\/2021\/07\/Polske-wybrali.jpg 639w, https:\/\/htb.com.pl\/wp-content\/uploads\/2021\/07\/Polske-wybrali-300x177.jpg 300w, https:\/\/htb.com.pl\/wp-content\/uploads\/2021\/07\/Polske-wybrali-600x353.jpg 600w\" sizes=\"auto, (max-width: 150px) 100vw, 150px\" \/><\/a><\/p>\n\n\n\n<p>Ci kt\u00f3rzy wszystko policzyli i wyliczyli, \u017ce kredyt\u00f3w nie sp\u0142acili, przy premierze Morawieckim zostali. Podziwiali jak w Librantowej si\u0119 chwali\u0142, <a href=\"http:\/\/radiomaria.com.pl\/wp-content\/uploads\/2021\/06\/26.06.-Morawy.mp3\"><img loading=\"lazy\" decoding=\"async\" width=\"150\" height=\"113\" class=\"wp-image-51526\" style=\"width: 150px;\" src=\"https:\/\/htb.com.pl\/wp-content\/uploads\/2021\/07\/Premier-Librantowa.jpeg\" alt=\"\" srcset=\"https:\/\/htb.com.pl\/wp-content\/uploads\/2021\/07\/Premier-Librantowa.jpeg 664w, https:\/\/htb.com.pl\/wp-content\/uploads\/2021\/07\/Premier-Librantowa-300x225.jpeg 300w, https:\/\/htb.com.pl\/wp-content\/uploads\/2021\/07\/Premier-Librantowa-600x450.jpeg 600w\" sizes=\"auto, (max-width: 150px) 100vw, 150px\" \/><\/a> \u017ce polskie Morawy od ofiar \u015bmiertelnych ocali\u0142. Nad Morawami tr\u0105ba powietrzna szala\u0142a i w Czechach pi\u0119\u0107 ofiar \u015bmiertelnych spowodowa\u0142a. <a href=\"http:\/\/radiomaria.com.pl\/wp-content\/uploads\/2021\/06\/26.06.-Nowa-Wies.mp3\"><img loading=\"lazy\" decoding=\"async\" width=\"150\" height=\"113\" class=\"wp-image-51527\" style=\"width: 150px;\" src=\"https:\/\/htb.com.pl\/wp-content\/uploads\/2021\/07\/Morawy.jpg\" alt=\"\" srcset=\"https:\/\/htb.com.pl\/wp-content\/uploads\/2021\/07\/Morawy.jpg 780w, https:\/\/htb.com.pl\/wp-content\/uploads\/2021\/07\/Morawy-300x225.jpg 300w, https:\/\/htb.com.pl\/wp-content\/uploads\/2021\/07\/Morawy-768x576.jpg 768w, https:\/\/htb.com.pl\/wp-content\/uploads\/2021\/07\/Morawy-600x450.jpg 600w\" sizes=\"auto, (max-width: 150px) 100vw, 150px\" \/><\/a><\/p>\n\n\n\n<p>Raman Pratasiewicz, bia\u0142oruski opozycjonista <a href=\"http:\/\/radiomaria.com.pl\/wp-content\/uploads\/2021\/06\/27.06.-Pratasiewicz-wolny.mp3\"><img loading=\"lazy\" decoding=\"async\" width=\"150\" height=\"112\" class=\"wp-image-51532\" style=\"width: 150px;\" src=\"https:\/\/htb.com.pl\/wp-content\/uploads\/2021\/07\/areszt-domowy.jpg\" alt=\"\" srcset=\"https:\/\/htb.com.pl\/wp-content\/uploads\/2021\/07\/areszt-domowy.jpg 885w, https:\/\/htb.com.pl\/wp-content\/uploads\/2021\/07\/areszt-domowy-300x223.jpg 300w, https:\/\/htb.com.pl\/wp-content\/uploads\/2021\/07\/areszt-domowy-768x572.jpg 768w, https:\/\/htb.com.pl\/wp-content\/uploads\/2021\/07\/areszt-domowy-600x447.jpg 600w\" sizes=\"auto, (max-width: 150px) 100vw, 150px\" \/><\/a> i jego partnerka przebywaj\u0105 w areszcie domowym. Banda \u0141ukaszenki restrykcji unijnych si\u0119 wystraszy\u0142a i areszt dla tych dwojga z\u0142agodzi\u0142a. Wobec And\u017celiki Borys I Andrzeja Poczobuta, kt\u00f3rych z winy naszych z\u0142ych polityk\u00f3w te\u017c banda \u0141ukaszenki zamkn\u0119\u0142a, ani drgn\u0119\u0142a.<\/p>\n\n\n\n<p>To sprawy s\u0142u\u017cb, kt\u00f3rych nie mamy i Ministra Spraw Zagranicznych, kt\u00f3rego mamy. Zbigniew Rau <a href=\"http:\/\/radiomaria.com.pl\/wp-content\/uploads\/2021\/06\/30.06.-Dypolomacja.mp3\"><img loading=\"lazy\" decoding=\"async\" width=\"150\" height=\"63\" class=\"wp-image-51534\" style=\"width: 150px;\" src=\"https:\/\/htb.com.pl\/wp-content\/uploads\/2021\/07\/Rau.jpg\" alt=\"\" srcset=\"https:\/\/htb.com.pl\/wp-content\/uploads\/2021\/07\/Rau.jpg 729w, https:\/\/htb.com.pl\/wp-content\/uploads\/2021\/07\/Rau-300x127.jpg 300w, https:\/\/htb.com.pl\/wp-content\/uploads\/2021\/07\/Rau-600x253.jpg 600w\" sizes=\"auto, (max-width: 150px) 100vw, 150px\" \/><\/a> jednak \u017ale dzia\u0142a i Polska na arenie mi\u0119dzynarodowej o\u015bmieszona zosta\u0142a. Ustaw\u0119 o bezspadkowym mm mieniu \u017byd\u00f3w tak \u017ce\u015bmy procedowali, \u017ce z Amerykanie i Izrael z faszystami nas zr\u00f3wnali. <a href=\"http:\/\/radiomaria.com.pl\/wp-content\/uploads\/2021\/06\/27.06.-Akt-sprawiedliwosci.mp3\"><img loading=\"lazy\" decoding=\"async\" width=\"150\" height=\"107\" class=\"wp-image-51536\" style=\"width: 150px;\" src=\"https:\/\/htb.com.pl\/wp-content\/uploads\/2021\/07\/Getto.jpg\" alt=\"\" srcset=\"https:\/\/htb.com.pl\/wp-content\/uploads\/2021\/07\/Getto.jpg 800w, https:\/\/htb.com.pl\/wp-content\/uploads\/2021\/07\/Getto-300x213.jpg 300w, https:\/\/htb.com.pl\/wp-content\/uploads\/2021\/07\/Getto-768x545.jpg 768w, https:\/\/htb.com.pl\/wp-content\/uploads\/2021\/07\/Getto-600x426.jpg 600w\" sizes=\"auto, (max-width: 150px) 100vw, 150px\" \/><\/a><\/p>\n\n\n\n<p>Ratownicy medyczni s\u0142abo\u015b\u0107 rz\u0105du zauwa\u017cyli i si\u0119 zburzyli. <a href=\"http:\/\/radiomaria.com.pl\/wp-content\/uploads\/2021\/06\/30.06.-Niech-jada.mp3\"><img loading=\"lazy\" decoding=\"async\" width=\"150\" height=\"113\" class=\"wp-image-51538\" style=\"width: 150px;\" src=\"https:\/\/htb.com.pl\/wp-content\/uploads\/2021\/07\/Ratownicy-1.jpg\" alt=\"\" srcset=\"https:\/\/htb.com.pl\/wp-content\/uploads\/2021\/07\/Ratownicy-1.jpg 640w, https:\/\/htb.com.pl\/wp-content\/uploads\/2021\/07\/Ratownicy-1-300x225.jpg 300w, https:\/\/htb.com.pl\/wp-content\/uploads\/2021\/07\/Ratownicy-1-600x450.jpg 600w\" sizes=\"auto, (max-width: 150px) 100vw, 150px\" \/><\/a> Bali si\u0119, \u017ce b\u0119d\u0105 mniej zarabiali. Rz\u0105dz\u0105cy im obiecali, \u017ce nie b\u0119d\u0105 mnie zarabiali. To nie s\u0105 puste obietnice &#8211; rz\u0105dz\u0105cy dane o rosn\u0105cej inflacji wykorzystali i ratownik\u00f3w medycznych wych&#8230;li.<\/p>\n\n\n\n<p>Na koniec wspomnienie. W Radiu MARIA obchodzili\u015bmy 80-t\u0105 rocznic\u0119 \u015bmierci Ignacego Jana Paderewskiego. <a href=\"http:\/\/radiomaria.com.pl\/wp-content\/uploads\/2021\/06\/Paderewski.mp3\"><img loading=\"lazy\" decoding=\"async\" width=\"150\" height=\"104\" class=\"wp-image-32951\" style=\"width: 150px;\" src=\"https:\/\/htb.com.pl\/wp-content\/uploads\/2020\/11\/Paderewski-i-fortepian.jpg\" alt=\"\" srcset=\"https:\/\/htb.com.pl\/wp-content\/uploads\/2020\/11\/Paderewski-i-fortepian.jpg 625w, https:\/\/htb.com.pl\/wp-content\/uploads\/2020\/11\/Paderewski-i-fortepian-300x207.jpg 300w, https:\/\/htb.com.pl\/wp-content\/uploads\/2020\/11\/Paderewski-i-fortepian-600x415.jpg 600w\" sizes=\"auto, (max-width: 150px) 100vw, 150px\" \/><\/a> Tego, kt\u00f3ry w tej scenie powiedzia\u0142; <strong><em>&#8221; My\u015bl\u0119, \u017ce mog\u0119 to zrobi\u0107&#8221; <\/em><\/strong>. I teraz musz\u0119 co\u015b napisa\u0107. Zdj\u0119cie podobnie jak pozosta\u0142e jest aktywne, klikaj\u0105c w to, mo\u017cemy pos\u0142ucha\u0107 Menuet G-dur op. 14 nr. 1 Paderewskiego. To ten utw\u00f3r go rozs\u0142awi\u0142, a i historia jego powstanie jest niezwykle ciekawa. Ale o tym innym razem. Ta scenka pochodzi ze skeczu &#8211; jakby\u015bmy dzi\u015b powiedzieli. Marysia mi go opowiada\u0142a, w hiszpa\u0144skiej telewizji widzia\u0142a. Ona tam z terrorystami  ETA walczy\u0142a. Konferansjer zapowiedzia\u0142 wyst\u0119p pianistki, no ale pani\u0105 zjad\u0142a trema. Zapyta\u0142, czy na sali jest kto\u015b, kto potrafi gra\u0107 na fortepianie. Paderewski wsta\u0142 i w\u0142a\u015bnie powiedzia\u0142 to zdanie &#8211; a potem zagra\u0142 swojego menueta. Marysia, gdy to opowiada\u0142a, \u0142zy w oczach mia\u0142a. Ona bardzo chcia\u0142a, \u017ceby Polska jak Paderewski my\u015bla\u0142a. <\/p>\n\n\n\n<p>W moim sklepie internetowym jest p\u0142yta z taka muzyk\u0105.<\/p>\n\n\n\n<figure class=\"wp-block-image size-large\"><a href=\"https:\/\/htb.com.pl\/?product=paderewski-chopin\"><img loading=\"lazy\" decoding=\"async\" width=\"200\" height=\"171\" src=\"https:\/\/htb.com.pl\/wp-content\/uploads\/2018\/07\/fortepian.jpg\" alt=\"\" class=\"wp-image-1104\"\/><\/a><\/figure>\n","protected":false},"excerpt":{"rendered":"<p>Zabawa w cudzys\u0142owie, to moje okre\u015blenie tego, co inni okre\u015blaj\u0105 jako rz\u0105dzenie. TSUE i ETPC wydaj\u0105 na Polsk\u0119 niekorzystne wyroki, a polski rz\u0105d zachowuje si\u0119 &#8211; jakby odczynia\u0142 uroki. Pami\u0119tam, \u017ce ju\u017c raz tak by\u0142o. W latach 80 po stanie wojennym co\u015b podobnego nam grozi\u0142o. Embargo ze strony Stan\u00f3w Zjednoczonych, do tego gospodarka planowa &#8211; [&hellip;]<\/p>\n","protected":false},"author":1,"featured_media":51593,"comment_status":"open","ping_status":"open","sticky":false,"template":"","format":"standard","meta":{"_jetpack_memberships_contains_paid_content":false,"footnotes":""},"categories":[4],"tags":[735],"class_list":["post-51514","post","type-post","status-publish","format-standard","has-post-thumbnail","hentry","category-daty-i-fakty-blog","tag-konczmy-zabawe-bo-tu-komornik-bedzie-mial-sprawe"],"jetpack_sharing_enabled":true,"jetpack_featured_media_url":"https:\/\/htb.com.pl\/wp-content\/uploads\/2021\/07\/K\u0105\u015bna_Dolna-napis-ma\u0142y.jpg","_links":{"self":[{"href":"https:\/\/htb.com.pl\/index.php?rest_route=\/wp\/v2\/posts\/51514","targetHints":{"allow":["GET"]}}],"collection":[{"href":"https:\/\/htb.com.pl\/index.php?rest_route=\/wp\/v2\/posts"}],"about":[{"href":"https:\/\/htb.com.pl\/index.php?rest_route=\/wp\/v2\/types\/post"}],"author":[{"embeddable":true,"href":"https:\/\/htb.com.pl\/index.php?rest_route=\/wp\/v2\/users\/1"}],"replies":[{"embeddable":true,"href":"https:\/\/htb.com.pl\/index.php?rest_route=%2Fwp%2Fv2%2Fcomments&post=51514"}],"version-history":[{"count":17,"href":"https:\/\/htb.com.pl\/index.php?rest_route=\/wp\/v2\/posts\/51514\/revisions"}],"predecessor-version":[{"id":51599,"href":"https:\/\/htb.com.pl\/index.php?rest_route=\/wp\/v2\/posts\/51514\/revisions\/51599"}],"wp:featuredmedia":[{"embeddable":true,"href":"https:\/\/htb.com.pl\/index.php?rest_route=\/wp\/v2\/media\/51593"}],"wp:attachment":[{"href":"https:\/\/htb.com.pl\/index.php?rest_route=%2Fwp%2Fv2%2Fmedia&parent=51514"}],"wp:term":[{"taxonomy":"category","embeddable":true,"href":"https:\/\/htb.com.pl\/index.php?rest_route=%2Fwp%2Fv2%2Fcategories&post=51514"},{"taxonomy":"post_tag","embeddable":true,"href":"https:\/\/htb.com.pl\/index.php?rest_route=%2Fwp%2Fv2%2Ftags&post=51514"}],"curies":[{"name":"wp","href":"https:\/\/api.w.org\/{rel}","templated":true}]}}