{"id":51875,"date":"2021-07-09T05:51:24","date_gmt":"2021-07-09T05:51:24","guid":{"rendered":"https:\/\/htb.com.pl\/?p=51875"},"modified":"2021-07-09T06:33:28","modified_gmt":"2021-07-09T06:33:28","slug":"nepotyzm","status":"publish","type":"post","link":"https:\/\/htb.com.pl\/?p=51875","title":{"rendered":"Nepotyzm"},"content":{"rendered":"\n<p><\/p>\n\n\n\n<figure class=\"wp-block-image size-thumbnail\"><a href=\"https:\/\/htb.com.pl\/wp-content\/uploads\/2021\/07\/Nepotyzm.mp3\"><img loading=\"lazy\" decoding=\"async\" width=\"150\" height=\"150\" src=\"https:\/\/htb.com.pl\/wp-content\/uploads\/2018\/04\/posluchaj-150x150.jpg\" alt=\"\" class=\"wp-image-2020\" srcset=\"https:\/\/htb.com.pl\/wp-content\/uploads\/2018\/04\/posluchaj-150x150.jpg 150w, https:\/\/htb.com.pl\/wp-content\/uploads\/2018\/04\/posluchaj-300x300.jpg 300w, https:\/\/htb.com.pl\/wp-content\/uploads\/2018\/04\/posluchaj-100x100.jpg 100w\" sizes=\"auto, (max-width: 150px) 100vw, 150px\" \/><\/a><\/figure>\n\n\n\n<p>W Polsce z\u0142odziejstwo nazwano nepotyzmem, a komunizm populizmem i to co by\u0142o przez prawo zakazane, sta\u0142o si\u0119 zamazane. Dla z\u0142ych polityk\u00f3w to sytuacja przej\u015bciowa, d\u0105\u017c\u0105 do utworzenia kraju katolickiego i prawa bizantyjskiego &#8211; a wtedy poznamy dlaczego, mamy tylu uchod\u017ac\u00f3w z kr\u0119gu muzu\u0142ma\u0144skiego. Zasmakujemy pa\u0144stwa religijnego. Jeszcze mo\u017cna nie dopu\u015bci\u0107 do tego. Trzeba jednak ze zrozumieniem s\u0142ucha\u0107 Radia Marysinago i czyta\u0107 bloga mojego. Gdzie wydarzenia z ostatniego tygodnia przedstawiam z perspektywy Marysi, Anio\u0142ka mojego &#8211; pomy\u015bl, bo mo\u017ce i Twojego.<\/p>\n\n\n\n<p>Hiszpanie kraju katolickiego popr\u00f3bowali i jeszcze d\u0142ugo b\u0119d\u0105 si\u0119 mordowali. Ostatnio 24 letniego ch\u0142opaka zabili, bo mi\u0142o\u015b\u0107 do bli\u017aniego z nienawi\u015bci\u0105 pomylili.  <a href=\"http:\/\/radiomaria.com.pl\/wp-content\/uploads\/2021\/07\/08.07.-Polska-Hiszpania.mp3\"><img loading=\"lazy\" decoding=\"async\" width=\"150\" height=\"95\" class=\"wp-image-51878\" style=\"width: 150px;\" src=\"https:\/\/htb.com.pl\/wp-content\/uploads\/2021\/07\/Hiszpania.jpeg\" alt=\"\" srcset=\"https:\/\/htb.com.pl\/wp-content\/uploads\/2021\/07\/Hiszpania.jpeg 960w, https:\/\/htb.com.pl\/wp-content\/uploads\/2021\/07\/Hiszpania-300x190.jpeg 300w, https:\/\/htb.com.pl\/wp-content\/uploads\/2021\/07\/Hiszpania-768x486.jpeg 768w, https:\/\/htb.com.pl\/wp-content\/uploads\/2021\/07\/Hiszpania-600x380.jpeg 600w\" sizes=\"auto, (max-width: 150px) 100vw, 150px\" \/><\/a> Lepiej \u017ceby\u015bmy z tej drogi zawr\u00f3cili.<\/p>\n\n\n\n<p>Po sobotnich konwencjach PiS <a href=\"http:\/\/radiomaria.com.pl\/wp-content\/uploads\/2021\/07\/5.7.-Hymn.mp3\"><img loading=\"lazy\" decoding=\"async\" width=\"150\" height=\"113\" class=\"wp-image-51880\" style=\"width: 150px;\" src=\"https:\/\/htb.com.pl\/wp-content\/uploads\/2021\/07\/PiS-Kongres.jpg\" alt=\"\" srcset=\"https:\/\/htb.com.pl\/wp-content\/uploads\/2021\/07\/PiS-Kongres.jpg 640w, https:\/\/htb.com.pl\/wp-content\/uploads\/2021\/07\/PiS-Kongres-300x225.jpg 300w, https:\/\/htb.com.pl\/wp-content\/uploads\/2021\/07\/PiS-Kongres-600x450.jpg 600w\" sizes=\"auto, (max-width: 150px) 100vw, 150px\" \/><\/a> i PO <a href=\"http:\/\/radiomaria.com.pl\/wp-content\/uploads\/2021\/07\/Wybiewramy.mp3\"><img loading=\"lazy\" decoding=\"async\" width=\"150\" height=\"113\" class=\"wp-image-51882\" style=\"width: 150px;\" src=\"https:\/\/htb.com.pl\/wp-content\/uploads\/2021\/07\/PO-konwencja.jpg\" alt=\"\" srcset=\"https:\/\/htb.com.pl\/wp-content\/uploads\/2021\/07\/PO-konwencja.jpg 640w, https:\/\/htb.com.pl\/wp-content\/uploads\/2021\/07\/PO-konwencja-300x225.jpg 300w, https:\/\/htb.com.pl\/wp-content\/uploads\/2021\/07\/PO-konwencja-600x450.jpg 600w\" sizes=\"auto, (max-width: 150px) 100vw, 150px\" \/><\/a>  szanse na to zmala\u0142y. Ci z pierwsi Nasz Hymn tak za\u015bpiewali, jakby\u015bmy ju\u017c Chrystusa za Kr\u00f3la Polski uznali. Ci drudzy Hymnu nie \u015bpiewali ale kolejny raz drog\u0119, kt\u00f3r\u0105 Pi\u0142sudski nam wskaza\u0142 wybrali. Zak\u0142adam, \u017ce teraz nie przez Zaleszczyki ale do Brukseli b\u0119d\u0105 uciekali.<\/p>\n\n\n\n<p>W Radiu MARIA  obchodzili\u015bmy 78 rocznic\u0119 Katastrofy Gibraltarskiej. <a href=\"http:\/\/radiomaria.com.pl\/wp-content\/uploads\/2021\/07\/Niedziela-4-lipca.mp3\"><img loading=\"lazy\" decoding=\"async\" width=\"150\" height=\"200\" class=\"wp-image-51884\" style=\"width: 150px;\" src=\"https:\/\/htb.com.pl\/wp-content\/uploads\/2021\/07\/Sikorski.jpg\" alt=\"\" srcset=\"https:\/\/htb.com.pl\/wp-content\/uploads\/2021\/07\/Sikorski.jpg 480w, https:\/\/htb.com.pl\/wp-content\/uploads\/2021\/07\/Sikorski-225x300.jpg 225w\" sizes=\"auto, (max-width: 150px) 100vw, 150px\" \/><\/a> My t\u0105 katastrof\u0119 inaczej widzimy, bo jej skutki w tragediach powojennego Pa\u0144stwa Polskiego dostrzegamy i przed powrotem do tamtego ostrzegamy. Do odwiedzenia Muzeum genera\u0142a W\u0142adys\u0142awa Sikorskiego w Tuszowie Narodowym zach\u0119camy. <a href=\"http:\/\/radiomaria.com.pl\/wp-content\/uploads\/2021\/07\/Sluchajcie-Radia.mp3\"><img loading=\"lazy\" decoding=\"async\" width=\"150\" height=\"113\" class=\"wp-image-51886\" style=\"width: 150px;\" src=\"https:\/\/htb.com.pl\/wp-content\/uploads\/2021\/07\/Ekspozycja.jpg\" alt=\"\" srcset=\"https:\/\/htb.com.pl\/wp-content\/uploads\/2021\/07\/Ekspozycja.jpg 640w, https:\/\/htb.com.pl\/wp-content\/uploads\/2021\/07\/Ekspozycja-300x225.jpg 300w, https:\/\/htb.com.pl\/wp-content\/uploads\/2021\/07\/Ekspozycja-600x450.jpg 600w\" sizes=\"auto, (max-width: 150px) 100vw, 150px\" \/><\/a><\/p>\n\n\n\n<p>Tanto z\u0142o <strong>sanacja<\/strong> Pi\u0142sudskiego stworzy\u0142a, a teraz w wydaniu Kaczy\u0144skiego wr\u00f3ci\u0142a. Teraz<strong> uzdrawianie<\/strong>, to nepotyzmu zwalczanie. Mam pytanie &#8211; dlaczego nie mo\u017ce to by\u0107 praworz\u0105dno\u015bci przywracanie? Dawna prywatyzacja to dzi\u015b repolonizacja &#8211; to cofanie, a nie uzdrawianie. Z firm prywatnych t\u0142uste koty b\u0119d\u0105 wywalane i z\u0142odziejstwo zwane nepotyzmem likwidowane. <\/p>\n\n\n\n<p>To nasze zadanie &#8211; Panowie i Panie. Ch\u0142opaki z razwietpura maj\u0105 swoje zadanie &#8211; Polak\u00f3w sk\u0142\u00f3canie.  Ostatnio wr\u0119cz cudu dokonali i nasi rz\u0105dz\u0105cy Amerykan\u00f3w za wrog\u00f3w uznali&#8230; <a href=\"http:\/\/radiomaria.com.pl\/wp-content\/uploads\/2021\/07\/08.07.-TVN-i-Russia-today.mp3\"><img loading=\"lazy\" decoding=\"async\" width=\"150\" height=\"113\" class=\"wp-image-51938\" style=\"width: 150px;\" src=\"https:\/\/htb.com.pl\/wp-content\/uploads\/2021\/07\/TVN-dwa.jpg\" alt=\"\" srcset=\"https:\/\/htb.com.pl\/wp-content\/uploads\/2021\/07\/TVN-dwa.jpg 640w, https:\/\/htb.com.pl\/wp-content\/uploads\/2021\/07\/TVN-dwa-300x225.jpg 300w, https:\/\/htb.com.pl\/wp-content\/uploads\/2021\/07\/TVN-dwa-600x450.jpg 600w\" sizes=\"auto, (max-width: 150px) 100vw, 150px\" \/><\/a> O koncesji dla TVN co\u015b przy tym gadali. Dziwne, \u017ce nasi politycy si\u0119 na to nabrali, ruscy  na W\u0119grzech ten schemat zastosowali. Wiem, \u017ce w polskich mediach tej sprawy tak nie stawiali, dlatego mo\u017ce by\u015bcie Pa\u0144stwo co\u015b przeczytali; MAFIA P\u0143STWOWA  Wojciecha Sumi\u0144skiego &#8211; no i s\u0142uchajcie Radia Marysinego.<\/p>\n\n\n\n<figure class=\"wp-block-image size-large\"><a href=\"https:\/\/htb.com.pl\/?product=pakiet-mafia-panstwowa\"><img loading=\"lazy\" decoding=\"async\" width=\"367\" height=\"436\" src=\"https:\/\/htb.com.pl\/wp-content\/uploads\/2021\/07\/Mafia-d.jpg\" alt=\"\" class=\"wp-image-51891\" srcset=\"https:\/\/htb.com.pl\/wp-content\/uploads\/2021\/07\/Mafia-d.jpg 367w, https:\/\/htb.com.pl\/wp-content\/uploads\/2021\/07\/Mafia-d-253x300.jpg 253w\" sizes=\"auto, (max-width: 367px) 100vw, 367px\" \/><\/a><\/figure>\n","protected":false},"excerpt":{"rendered":"<p>W Polsce z\u0142odziejstwo nazwano nepotyzmem, a komunizm populizmem i to co by\u0142o przez prawo zakazane, sta\u0142o si\u0119 zamazane. Dla z\u0142ych polityk\u00f3w to sytuacja przej\u015bciowa, d\u0105\u017c\u0105 do utworzenia kraju katolickiego i prawa bizantyjskiego &#8211; a wtedy poznamy dlaczego, mamy tylu uchod\u017ac\u00f3w z kr\u0119gu muzu\u0142ma\u0144skiego. Zasmakujemy pa\u0144stwa religijnego. Jeszcze mo\u017cna nie dopu\u015bci\u0107 do tego. Trzeba jednak ze [&hellip;]<\/p>\n","protected":false},"author":1,"featured_media":51940,"comment_status":"open","ping_status":"open","sticky":false,"template":"","format":"standard","meta":{"_jetpack_memberships_contains_paid_content":false,"footnotes":""},"categories":[4],"tags":[739],"class_list":["post-51875","post","type-post","status-publish","format-standard","has-post-thumbnail","hentry","category-daty-i-fakty-blog","tag-nepotyzm"],"jetpack_sharing_enabled":true,"jetpack_featured_media_url":"https:\/\/htb.com.pl\/wp-content\/uploads\/2021\/07\/Budynek-TVN-i-Discovery-ma\u0142y.jpg","_links":{"self":[{"href":"https:\/\/htb.com.pl\/index.php?rest_route=\/wp\/v2\/posts\/51875","targetHints":{"allow":["GET"]}}],"collection":[{"href":"https:\/\/htb.com.pl\/index.php?rest_route=\/wp\/v2\/posts"}],"about":[{"href":"https:\/\/htb.com.pl\/index.php?rest_route=\/wp\/v2\/types\/post"}],"author":[{"embeddable":true,"href":"https:\/\/htb.com.pl\/index.php?rest_route=\/wp\/v2\/users\/1"}],"replies":[{"embeddable":true,"href":"https:\/\/htb.com.pl\/index.php?rest_route=%2Fwp%2Fv2%2Fcomments&post=51875"}],"version-history":[{"count":12,"href":"https:\/\/htb.com.pl\/index.php?rest_route=\/wp\/v2\/posts\/51875\/revisions"}],"predecessor-version":[{"id":51948,"href":"https:\/\/htb.com.pl\/index.php?rest_route=\/wp\/v2\/posts\/51875\/revisions\/51948"}],"wp:featuredmedia":[{"embeddable":true,"href":"https:\/\/htb.com.pl\/index.php?rest_route=\/wp\/v2\/media\/51940"}],"wp:attachment":[{"href":"https:\/\/htb.com.pl\/index.php?rest_route=%2Fwp%2Fv2%2Fmedia&parent=51875"}],"wp:term":[{"taxonomy":"category","embeddable":true,"href":"https:\/\/htb.com.pl\/index.php?rest_route=%2Fwp%2Fv2%2Fcategories&post=51875"},{"taxonomy":"post_tag","embeddable":true,"href":"https:\/\/htb.com.pl\/index.php?rest_route=%2Fwp%2Fv2%2Ftags&post=51875"}],"curies":[{"name":"wp","href":"https:\/\/api.w.org\/{rel}","templated":true}]}}