{"id":52234,"date":"2021-07-16T06:44:33","date_gmt":"2021-07-16T06:44:33","guid":{"rendered":"https:\/\/htb.com.pl\/?p=52234"},"modified":"2021-07-16T10:42:08","modified_gmt":"2021-07-16T10:42:08","slug":"guernica","status":"publish","type":"post","link":"https:\/\/htb.com.pl\/?p=52234","title":{"rendered":"Guernica"},"content":{"rendered":"\n<p><\/p>\n\n\n\n<figure class=\"wp-block-image size-thumbnail\"><a href=\"https:\/\/htb.com.pl\/wp-content\/uploads\/2021\/07\/Guernica.mp3\"><img loading=\"lazy\" decoding=\"async\" width=\"150\" height=\"150\" src=\"https:\/\/htb.com.pl\/wp-content\/uploads\/2018\/04\/posluchaj-150x150.jpg\" alt=\"\" class=\"wp-image-2020\" srcset=\"https:\/\/htb.com.pl\/wp-content\/uploads\/2018\/04\/posluchaj-150x150.jpg 150w, https:\/\/htb.com.pl\/wp-content\/uploads\/2018\/04\/posluchaj-300x300.jpg 300w, https:\/\/htb.com.pl\/wp-content\/uploads\/2018\/04\/posluchaj-100x100.jpg 100w\" sizes=\"auto, (max-width: 150px) 100vw, 150px\" \/><\/a><\/figure>\n\n\n\n<p>\u015arodek wakacji upa\u0142y, a ja pisz\u0119 o niezwyk\u0142ym obrazie Pabla Picassa. Przyszed\u0142 czas na kolejne ostrze\u017cenie Marysi. Hiszpa\u0144ski malarz namalowa\u0142 to dzie\u0142o w ho\u0142dzie dla mieszka\u0144c\u00f3w Guernici, miasta w Hiszpanii, w kraju Bask\u00f3w. Dzie\u0142o ma\u0142o pokaza\u0107 tragedi\u0119 wojny domowej. To  miasto zosta\u0142o zbombardowane 26 kwietnia 1937 roku \u00a0przez\u00a0niemiecki\u00a0korpus\u00a0Legion Condor, W tym samym roku w Pary\u017cu odbywa\u0142a si\u0119 \u015bwiatowa wystawa. Tam w pawilonie hiszpa\u0144skim zaprezentowano dzie\u0142o Picassa. To nic nie da\u0142o, z\u0142o w Hiszpanii przetrwa\u0142o. P\u00f3\u0142 wieku p\u00f3\u017aniej Marysia z tym z\u0142em tam walczy\u0142a.  Te\u017c niewiele zrobi\u0142a. Gdy do Polski ze swoimi lud\u017ami przyby\u0142a, inn\u0105 strategi\u0119 w walce ze z\u0142em zastosowa\u0142a. Bro\u0144 schowa\u0142a i rozmawia\u0142a. Rada konsultacyjna z tego powsta\u0142a, a po jej \u015bmierci okr\u0105g\u0142y st\u00f3\u0142 i Polska si\u0119 dogada\u0142a. Dobro ze z\u0142em wygra\u0142o ale Polska tego nie rozumia\u0142a. Cz\u0119\u015b\u0107 klasy politycznej my\u015bla\u0142a, \u017ce to ona z re\u017cimem wygra\u0142a i teraz sw\u00f3j legalnie b\u0119dzie wprowadza\u0142a, bo tak Polska zdecydowa\u0142a. <\/p>\n\n\n\n<p>Pami\u0119tam &#8211; i dzi\u015b wiem, \u017ce Polska z niewielkimi wyj\u0105tkami  o niczym poj\u0119cia nie mia\u0142a. Bardzo bym chcia\u0142, \u017ceby  Polska kt\u00f3ra w mojej ocenie \u017ale wybra\u0142a wreszcie zrozumia\u0142a. \u017ce wolno\u015bci na zawsze nie dosta\u0142a.<\/p>\n\n\n\n<p>Prosz\u0119 popatrze\u0107 na Guernic\u0119 Pabla Picassa i zada\u0107 sobie pytanie. Czy je\u017celi rz\u0105d w Polsce, oparty na kulcie jednostki zostanie &#8211; to co\u015b takiego i u nas si\u0119 stanie?<\/p>\n\n\n\n<figure class=\"wp-block-image size-large\"><img loading=\"lazy\" decoding=\"async\" width=\"774\" height=\"346\" src=\"https:\/\/htb.com.pl\/wp-content\/uploads\/2021\/07\/Guernika.jpg\" alt=\"\" class=\"wp-image-52238\" srcset=\"https:\/\/htb.com.pl\/wp-content\/uploads\/2021\/07\/Guernika.jpg 774w, https:\/\/htb.com.pl\/wp-content\/uploads\/2021\/07\/Guernika-300x134.jpg 300w, https:\/\/htb.com.pl\/wp-content\/uploads\/2021\/07\/Guernika-768x343.jpg 768w, https:\/\/htb.com.pl\/wp-content\/uploads\/2021\/07\/Guernika-600x268.jpg 600w\" sizes=\"auto, (max-width: 774px) 100vw, 774px\" \/><\/figure>\n\n\n\n<p>Niech to b\u0119dzie domowe zadania, a teraz wydarzenia z ostatniego tygodnia z prespektywy Marysi widziane. Niezbyt dobrze przekazane ale dobrze by by\u0142o, \u017ceby by\u0142y dobrze zrozumiane.<\/p>\n\n\n\n<p>Najwi\u0119kszym naszym problemem s\u0105 szczepienia. Abp. Stanis\u0142aw G\u0105decki przewodnicz\u0105cy Konferencji Episkopatu Polski zaanga\u017cowa\u0142 si\u0119 w promowanie szczepie\u0144. <a href=\"http:\/\/radiomaria.com.pl\/wp-content\/uploads\/2021\/07\/09.07.-Apel-Episkopatu.mp3\"><img loading=\"lazy\" decoding=\"async\" width=\"150\" height=\"80\" class=\"wp-image-52241\" style=\"width: 150px;\" src=\"https:\/\/htb.com.pl\/wp-content\/uploads\/2021\/07\/ks-abp-s-gadecki-600x321-1.jpg\" alt=\"\" srcset=\"https:\/\/htb.com.pl\/wp-content\/uploads\/2021\/07\/ks-abp-s-gadecki-600x321-1.jpg 600w, https:\/\/htb.com.pl\/wp-content\/uploads\/2021\/07\/ks-abp-s-gadecki-600x321-1-300x161.jpg 300w\" sizes=\"auto, (max-width: 150px) 100vw, 150px\" \/><\/a> Reszta duchowie\u0144stwa nasz\u0105 niech\u0119\u0107 do szczepie\u0144 zbagatelizowa\u0142a. <a href=\"http:\/\/radiomaria.com.pl\/wp-content\/uploads\/2021\/07\/11.07.-Jedwabne-Wolyn.mp3\"><img loading=\"lazy\" decoding=\"async\" width=\"150\" height=\"102\" class=\"wp-image-52245\" style=\"width: 150px;\" src=\"https:\/\/htb.com.pl\/wp-content\/uploads\/2021\/07\/Ko\u015bci\u00f3\u0142-\u015aw.-Ducha-w-Mielcu.jpg\" alt=\"\" srcset=\"https:\/\/htb.com.pl\/wp-content\/uploads\/2021\/07\/Ko\u015bci\u00f3\u0142-\u015aw.-Ducha-w-Mielcu.jpg 512w, https:\/\/htb.com.pl\/wp-content\/uploads\/2021\/07\/Ko\u015bci\u00f3\u0142-\u015aw.-Ducha-w-Mielcu-300x203.jpg 300w\" sizes=\"auto, (max-width: 150px) 100vw, 150px\" \/><\/a> Jakby si\u0119 ba\u0142a, \u017ce &#8220;antyszczepionkowcy&#8221; na tac\u0119 nie b\u0119d\u0105 dawali. Chc\u0119 tylko przypomnie\u0107, \u017ce hierarchia katolicka dopiero w  1828 roku roku zaakceptowa\u0142a dzie\u0142o Miko\u0142aja Kopernika   <strong>De revolutionibus orbium coelestium<\/strong>;&nbsp; o obrotach cia\u0142 niebieskich, kt\u00f3re w 1543 roku &#8211; 285 lat wcze\u015bniej drukarnia w Norymberdze wydrukowa\u0142a, a dziesi\u0119\u0107 lat wcze\u015bniej papie\u017c Klemens VII dosta\u0142 r\u0119kopis.<\/p>\n\n\n\n<p>80 lat temu, w Jedwabnem, <a href=\"http:\/\/radiomaria.com.pl\/wp-content\/uploads\/2021\/07\/10.07.-Jedwabne.mp3\"><img loading=\"lazy\" decoding=\"async\" width=\"150\" height=\"99\" class=\"wp-image-52247\" style=\"width: 150px;\" src=\"https:\/\/htb.com.pl\/wp-content\/uploads\/2021\/07\/Jedwabne.jpg\" alt=\"\" srcset=\"https:\/\/htb.com.pl\/wp-content\/uploads\/2021\/07\/Jedwabne.jpg 800w, https:\/\/htb.com.pl\/wp-content\/uploads\/2021\/07\/Jedwabne-300x198.jpg 300w, https:\/\/htb.com.pl\/wp-content\/uploads\/2021\/07\/Jedwabne-768x508.jpg 768w, https:\/\/htb.com.pl\/wp-content\/uploads\/2021\/07\/Jedwabne-600x397.jpg 600w\" sizes=\"auto, (max-width: 150px) 100vw, 150px\" \/><\/a> Polacy &#8211; tacy co byli zafascynowani ideologia faszystowsk\u0105, zamordowali 340 swoich s\u0105siad\u00f3w. Uznali \u017ce s\u0105 inni, bo byli pochodzenia \u017cydowskiego. Dwa lata p\u00f3\u017aniej, na Wo\u0142yniu, Ukrai\u0144cy  Polak\u00f3w za innych uznali. Lepiej \u017ceby\u015bmy o tym pami\u0119tali i z\u0142a z\u0142\u0105 ideologi\u0105 nie usprawiedliwiali. <\/p>\n\n\n\n<p>Pierwszy lot turystyczny w kosmos. Miliarder Richard Branson dotar\u0142 do granicy kosmosu. <a href=\"http:\/\/radiomaria.com.pl\/wp-content\/uploads\/2021\/07\/12.07.-Katastrofa-klimatyczna.mp3\"><img loading=\"lazy\" decoding=\"async\" width=\"150\" height=\"81\" class=\"wp-image-52249\" style=\"width: 150px;\" src=\"https:\/\/htb.com.pl\/wp-content\/uploads\/2021\/07\/Katamaran.png\" alt=\"\" srcset=\"https:\/\/htb.com.pl\/wp-content\/uploads\/2021\/07\/Katamaran.png 912w, https:\/\/htb.com.pl\/wp-content\/uploads\/2021\/07\/Katamaran-300x163.png 300w, https:\/\/htb.com.pl\/wp-content\/uploads\/2021\/07\/Katamaran-768x416.png 768w, https:\/\/htb.com.pl\/wp-content\/uploads\/2021\/07\/Katamaran-600x325.png 600w\" sizes=\"auto, (max-width: 150px) 100vw, 150px\" \/><\/a> Gdyby Marysia to komentowa\u0142a, pewnie by powiedzia\u0142a. Wiecie czemu Wy nie latacie &#8211; bo wyobra\u017anie nie macie i \u017ale wybieracie. O to, \u017ce Polska Reprezentacja w Pi\u0142ce No\u017cnej Mistrzostw EURO 2020 nie wygra\u0142a, Marysia pretensji by nie mia\u0142a. Ona jako indywidualist\u00f3w nas widzia\u0142a i tu naszych sukces\u00f3w upatrywa\u0142a. Z W\u0142ochami, <a href=\"http:\/\/radiomaria.com.pl\/wp-content\/uploads\/2021\/07\/12.07.-Wlocy-Anglia-a.mp3\"><img loading=\"lazy\" decoding=\"async\" width=\"150\" height=\"84\" class=\"wp-image-52251\" style=\"width: 150px;\" src=\"https:\/\/htb.com.pl\/wp-content\/uploads\/2021\/07\/Mostrzowie.jpg\" alt=\"\" srcset=\"https:\/\/htb.com.pl\/wp-content\/uploads\/2021\/07\/Mostrzowie.jpg 570w, https:\/\/htb.com.pl\/wp-content\/uploads\/2021\/07\/Mostrzowie-300x168.jpg 300w\" sizes=\"auto, (max-width: 150px) 100vw, 150px\" \/><\/a> kt\u00f3rzy ten turniej wygrali, drewnem handlowa\u0107 chcia\u0142a. Po jej \u015bmierci sam tego popr\u00f3bowa\u0142em ale zbankrutowa\u0142em.<\/p>\n\n\n\n<p>Katastrofa pomy\u015bla\u0142em. I wtedy obraz Picassa sobie przypomnia\u0142em. Marysia zawsze go pokazywa\u0142a, gdy przed katastrof\u0105 ostrzega\u0142a. Bo wed\u0142ug niej, katastrofa tak w\u0142a\u015bnie b\u0119dzie wygl\u0105da\u0142a. Moja tak nie wygl\u0105da\u0142a, wi\u0119c si\u0119 nie podda\u0142em. W\u0142a\u015bnie min\u0119\u0142o 14 dni od mojego zaszczepienia drug\u0105 dawka Astra Zeneci, m\u00f3j kod QR zacz\u0105\u0142 dzia\u0142a\u0107 i mog\u0119 normalnie pracowa\u0107. Odwiedzi\u0142em moich partner\u00f3w biznesowych w Niemczech, a tu katastrofa. Powodzie, kilkadziesi\u0105t ofiar \u015bmiertelnych. <a href=\"http:\/\/radiomaria.com.pl\/wp-content\/uploads\/2021\/02\/16.07.-Nature-niszczymy.mp3\"><img loading=\"lazy\" decoding=\"async\" width=\"150\" height=\"96\" class=\"wp-image-52307\" style=\"width: 150px;\" src=\"https:\/\/htb.com.pl\/wp-content\/uploads\/2021\/07\/Powidzie-N.png\" alt=\"\" srcset=\"https:\/\/htb.com.pl\/wp-content\/uploads\/2021\/07\/Powidzie-N.png 782w, https:\/\/htb.com.pl\/wp-content\/uploads\/2021\/07\/Powidzie-N-300x193.png 300w, https:\/\/htb.com.pl\/wp-content\/uploads\/2021\/07\/Powidzie-N-768x493.png 768w, https:\/\/htb.com.pl\/wp-content\/uploads\/2021\/07\/Powidzie-N-600x385.png 600w\" sizes=\"auto, (max-width: 150px) 100vw, 150px\" \/><\/a> Odm\u00f3wili\u015bmy modlitw\u0119 Marysi; &#8221; <em>Panie Bo\u017ce ja wiem, \u017ale walczymy ze z\u0142em. Przyjmij dusze zmar\u0142ych &#8211; to, pokonamy z\u0142o&#8221;.<\/em> Chyba nigdy tej modlitwy nie rozumia\u0142em &#8211; czasem wr\u0119cz z szanta\u017cem j\u0105 r\u00f3wna\u0142em. Ostatnio du\u017co z\u0142a, kt\u00f3re przez ocieplenie klimatu powsta\u0142o widzia\u0142em &#8211; i chyba modlitw\u0119 Marysi zrozumia\u0142em. Klikaj\u0105c zdj\u0119cie mo\u017cna pos\u0142ucha\u0107 co Niemcom powiedzia\u0142em<\/p>\n\n\n\n<p>Demonstranci na Alei Szucha 12 a w Warszawie, <a href=\"http:\/\/radiomaria.com.pl\/wp-content\/uploads\/2021\/07\/Wolnosc.mp3\"><img loading=\"lazy\" decoding=\"async\" width=\"150\" height=\"113\" class=\"wp-image-52257\" style=\"width: 150px;\" src=\"https:\/\/htb.com.pl\/wp-content\/uploads\/2021\/07\/Trybunal-1.jpg\" alt=\"\" srcset=\"https:\/\/htb.com.pl\/wp-content\/uploads\/2021\/07\/Trybunal-1.jpg 640w, https:\/\/htb.com.pl\/wp-content\/uploads\/2021\/07\/Trybunal-1-300x225.jpg 300w, https:\/\/htb.com.pl\/wp-content\/uploads\/2021\/07\/Trybunal-1-600x450.jpg 600w\" sizes=\"auto, (max-width: 150px) 100vw, 150px\" \/><\/a> kt\u00f3rzy w Europie zosta\u0107 by chcieli, a tu, przed dawnym Trybuna\u0142em Konstytucyjnym si\u0119 dowiedzieli, \u017ce rz\u0105dz\u0105cy Europejczykami by\u0107 nie umieli, pana Jaros\u0142awa Kaczy\u0144skiego wystraszyli i \u017ali politycy decyzj\u0119, kt\u00f3ra do wyj\u015bcia z UE nas przybli\u017cy odroczyli. Trzeba zachowa\u0107 Polsk\u0119 kolorow\u0105, a nie w czerni  bieli &#8211; nie wiem, czy b\u0119dziemy to umieli. Ci, kt\u00f3rzy teraz tego nie umieli, kiedy\u015b te\u017c my\u015bleli, \u017ce rz\u0105dzi\u0107  b\u0119d\u0105 umieli. <a href=\"http:\/\/radiomaria.com.pl\/wp-content\/uploads\/2021\/07\/13.07-Tz-Trybunal-Konstytucyjny.mp3\"><img loading=\"lazy\" decoding=\"async\" width=\"150\" height=\"100\" class=\"wp-image-52262\" style=\"width: 150px;\" src=\"https:\/\/htb.com.pl\/wp-content\/uploads\/2021\/07\/Trybunal-a.jpg\" alt=\"\" srcset=\"https:\/\/htb.com.pl\/wp-content\/uploads\/2021\/07\/Trybunal-a.jpg 505w, https:\/\/htb.com.pl\/wp-content\/uploads\/2021\/07\/Trybunal-a-300x200.jpg 300w\" sizes=\"auto, (max-width: 150px) 100vw, 150px\" \/><\/a> Dzi\u015b kraj na skraj przepa\u015bci doprowadzili, w swe w\u0142asne k\u0142amstwa uwierzyli i tym cz\u0119\u015b\u0107 ale na razie mniejsz\u0105 Polak\u00f3w wkurzyli. To czy w wi\u0119kszo\u015bci si\u0119 wkurzymy od tego zale\u017cy, czy kolacja premiera Morawieckiego z szefow\u0105 UE Ursul\u0105 von der Leyen wypad\u0142a jak nale\u017cy, <a href=\"http:\/\/radiomaria.com.pl\/wp-content\/uploads\/2021\/07\/14.07.-Kolacja.mp3\"><img loading=\"lazy\" decoding=\"async\" width=\"150\" height=\"84\" class=\"wp-image-52264\" style=\"width: 150px;\" src=\"https:\/\/htb.com.pl\/wp-content\/uploads\/2021\/07\/Kolaqcja.png\" alt=\"\" srcset=\"https:\/\/htb.com.pl\/wp-content\/uploads\/2021\/07\/Kolaqcja.png 766w, https:\/\/htb.com.pl\/wp-content\/uploads\/2021\/07\/Kolaqcja-300x169.png 300w, https:\/\/htb.com.pl\/wp-content\/uploads\/2021\/07\/Kolaqcja-600x338.png 600w\" sizes=\"auto, (max-width: 150px) 100vw, 150px\" \/><\/a> bo wtedy rz\u0105dz\u0105ca mafia unijne pieni\u0105dze dostanie, w swego premiera uwierzy i dalsze rz\u0105dy mu powierzy. Wiem, \u017ce prawie nikt w to co pisz\u0119 nie wierzy. Ja te\u017c nie wierzy\u0142em w Marysi spotkanie &#8211; a jednak j\u0105 spotka\u0142em. Gdybym j\u0105<em> &#8220;gdzie\u015b tam&#8221; <\/em>kiedy\u015b znowu spotka\u0142 &#8211; powiem jej, \u017ce ostrzega\u0142em jak umia\u0142em.<\/p>\n\n\n\n<p>Lektura w tym temacie.<\/p>\n\n\n\n<figure class=\"wp-block-image size-large\"><a href=\"https:\/\/htb.com.pl\/?product=europejska-wojna-domowa\"><img loading=\"lazy\" decoding=\"async\" width=\"200\" height=\"318\" src=\"https:\/\/htb.com.pl\/wp-content\/uploads\/2019\/06\/wojnad.jpg\" alt=\"\" class=\"wp-image-3933\" srcset=\"https:\/\/htb.com.pl\/wp-content\/uploads\/2019\/06\/wojnad.jpg 200w, https:\/\/htb.com.pl\/wp-content\/uploads\/2019\/06\/wojnad-189x300.jpg 189w\" sizes=\"auto, (max-width: 200px) 100vw, 200px\" \/><\/a><\/figure>\n","protected":false},"excerpt":{"rendered":"<p>\u015arodek wakacji upa\u0142y, a ja pisz\u0119 o niezwyk\u0142ym obrazie Pabla Picassa. Przyszed\u0142 czas na kolejne ostrze\u017cenie Marysi. Hiszpa\u0144ski malarz namalowa\u0142 to dzie\u0142o w ho\u0142dzie dla mieszka\u0144c\u00f3w Guernici, miasta w Hiszpanii, w kraju Bask\u00f3w. Dzie\u0142o ma\u0142o pokaza\u0107 tragedi\u0119 wojny domowej. To miasto zosta\u0142o zbombardowane 26 kwietnia 1937 roku \u00a0przez\u00a0niemiecki\u00a0korpus\u00a0Legion Condor, W tym samym roku w Pary\u017cu [&hellip;]<\/p>\n","protected":false},"author":1,"featured_media":52238,"comment_status":"open","ping_status":"open","sticky":false,"template":"","format":"standard","meta":{"_jetpack_memberships_contains_paid_content":false,"footnotes":""},"categories":[4],"tags":[],"class_list":["post-52234","post","type-post","status-publish","format-standard","has-post-thumbnail","hentry","category-daty-i-fakty-blog"],"jetpack_sharing_enabled":true,"jetpack_featured_media_url":"https:\/\/htb.com.pl\/wp-content\/uploads\/2021\/07\/Guernika.jpg","_links":{"self":[{"href":"https:\/\/htb.com.pl\/index.php?rest_route=\/wp\/v2\/posts\/52234","targetHints":{"allow":["GET"]}}],"collection":[{"href":"https:\/\/htb.com.pl\/index.php?rest_route=\/wp\/v2\/posts"}],"about":[{"href":"https:\/\/htb.com.pl\/index.php?rest_route=\/wp\/v2\/types\/post"}],"author":[{"embeddable":true,"href":"https:\/\/htb.com.pl\/index.php?rest_route=\/wp\/v2\/users\/1"}],"replies":[{"embeddable":true,"href":"https:\/\/htb.com.pl\/index.php?rest_route=%2Fwp%2Fv2%2Fcomments&post=52234"}],"version-history":[{"count":24,"href":"https:\/\/htb.com.pl\/index.php?rest_route=\/wp\/v2\/posts\/52234\/revisions"}],"predecessor-version":[{"id":52326,"href":"https:\/\/htb.com.pl\/index.php?rest_route=\/wp\/v2\/posts\/52234\/revisions\/52326"}],"wp:featuredmedia":[{"embeddable":true,"href":"https:\/\/htb.com.pl\/index.php?rest_route=\/wp\/v2\/media\/52238"}],"wp:attachment":[{"href":"https:\/\/htb.com.pl\/index.php?rest_route=%2Fwp%2Fv2%2Fmedia&parent=52234"}],"wp:term":[{"taxonomy":"category","embeddable":true,"href":"https:\/\/htb.com.pl\/index.php?rest_route=%2Fwp%2Fv2%2Fcategories&post=52234"},{"taxonomy":"post_tag","embeddable":true,"href":"https:\/\/htb.com.pl\/index.php?rest_route=%2Fwp%2Fv2%2Ftags&post=52234"}],"curies":[{"name":"wp","href":"https:\/\/api.w.org\/{rel}","templated":true}]}}