{"id":52736,"date":"2021-07-25T08:33:55","date_gmt":"2021-07-25T08:33:55","guid":{"rendered":"https:\/\/htb.com.pl\/?p=52736"},"modified":"2021-07-25T10:55:19","modified_gmt":"2021-07-25T10:55:19","slug":"olimpiada-tokio-2020-2021","status":"publish","type":"post","link":"https:\/\/htb.com.pl\/?p=52736","title":{"rendered":"Olimpiada Tokio 2020\/2021"},"content":{"rendered":"\n<p><\/p>\n\n\n\n<figure class=\"wp-block-image size-thumbnail\"><a href=\"https:\/\/htb.com.pl\/wp-content\/uploads\/2021\/07\/Olimpiada-Tokio-2020.mp3\"><img loading=\"lazy\" decoding=\"async\" width=\"150\" height=\"150\" src=\"https:\/\/htb.com.pl\/wp-content\/uploads\/2018\/04\/posluchaj-150x150.jpg\" alt=\"\" class=\"wp-image-2020\" srcset=\"https:\/\/htb.com.pl\/wp-content\/uploads\/2018\/04\/posluchaj-150x150.jpg 150w, https:\/\/htb.com.pl\/wp-content\/uploads\/2018\/04\/posluchaj-300x300.jpg 300w, https:\/\/htb.com.pl\/wp-content\/uploads\/2018\/04\/posluchaj-100x100.jpg 100w\" sizes=\"auto, (max-width: 150px) 100vw, 150px\" \/><\/a><\/figure>\n\n\n\n<p>Z rocznym op\u00f3\u017anieniem spowodowanym pandemi\u0105 koronawirusa rozpoczynaj\u0105 si\u0119 Igrzyska Olimpijskie w Japonii. W re\u017cimie sanitarnym, a wi\u0119c praktycznie bez publiczno\u015bci. Nasza ekipa ju\u017c na pocz\u0105tku pozna\u0142a, co znaczy romantyczna mentalno\u015b\u0107 &#8211; kt\u00f3r\u0105 obecna w\u0142adza naszej m\u0142odzie\u017cy  b\u0119dzie wpaja\u0142a. Og\u00f3lna zasada <em>&#8220;jako\u015b to b\u0119dzie&#8221;<\/em> nie zadzia\u0142a\u0142a i sz\u00f3stka p\u0142ywa, <a href=\"http:\/\/radiomaria.com.pl\/wp-content\/uploads\/2021\/07\/17.07.-Plywacy.mp3\"><img loading=\"lazy\" decoding=\"async\" width=\"150\" height=\"113\" class=\"wp-image-52740\" style=\"width: 150px;\" src=\"https:\/\/htb.com.pl\/wp-content\/uploads\/2021\/07\/Plywacy.jpg\" alt=\"\" srcset=\"https:\/\/htb.com.pl\/wp-content\/uploads\/2021\/07\/Plywacy.jpg 640w, https:\/\/htb.com.pl\/wp-content\/uploads\/2021\/07\/Plywacy-300x225.jpg 300w, https:\/\/htb.com.pl\/wp-content\/uploads\/2021\/07\/Plywacy-600x450.jpg 600w\" sizes=\"auto, (max-width: 150px) 100vw, 150px\" \/><\/a> kt\u00f3rzy przez PZP zostali \u017ale zg\u0142oszeni, do Polski wr\u00f3ci\u0107 musia\u0142a. Jako\u015b to b\u0119dzie za granic\u0105 nie dzia\u0142a&#8230;<\/p>\n\n\n\n<p>W kraju to dzia\u0142a. Pani marsza\u0142ek El\u017cbieta Witek  na wiecu w Otyniu k\u0142ama\u0142a, <a href=\"http:\/\/radiomaria.com.pl\/wp-content\/uploads\/2021\/02\/19.07.-W-przedwojennych-ksiazkach.mp3\"><img loading=\"lazy\" decoding=\"async\" width=\"150\" height=\"113\" class=\"wp-image-52742\" style=\"width: 150px;\" src=\"https:\/\/htb.com.pl\/wp-content\/uploads\/2021\/07\/Witek.jpg\" alt=\"\" srcset=\"https:\/\/htb.com.pl\/wp-content\/uploads\/2021\/07\/Witek.jpg 640w, https:\/\/htb.com.pl\/wp-content\/uploads\/2021\/07\/Witek-300x225.jpg 300w, https:\/\/htb.com.pl\/wp-content\/uploads\/2021\/07\/Witek-600x450.jpg 600w\" sizes=\"auto, (max-width: 150px) 100vw, 150px\" \/><\/a> \u017ce pieni\u0105dze, kt\u00f3ra jej w\u0142adza do tej pory rozdawa\u0142a i dalej by chcia\u0142a, to ona i pan Jaros\u0142aw Kaczy\u0144ski da\u0142a.  Ani prze chwile nie pomy\u015bla\u0142a, sk\u0105d te pieni\u0105dze b\u0119dzie bra\u0142a. Do tej pory po\u017cycza\u0142a i Polska straszliwie si\u0119 zad\u0142u\u017ca\u0142a. Nawet przez moment nie za\u015bwita\u0142o, \u017ce mo\u017ce lepiej by by\u0142o, \u017ceby Polska si\u0119 nie zad\u0142u\u017ca\u0142a i inn\u0105 w\u0142adz\u0119 wybra\u0142a. Taka jak ta wielokrotnie w Polsce rz\u0105dzi\u0142a &#8211; w 1795 roku ca\u0142kiem Polsk\u0119 straci\u0142a. \u017beby teraz historia si\u0119 nie powt\u00f3rzy\u0142a.<\/p>\n\n\n\n<p>Z\u0142a energia, jaka tu powsta\u0142a r\u00f3wnie\u017c do Japonii z nasz\u0105 ekip\u0105 zawita\u0142a. <\/p>\n\n\n\n<p>Stroje w jakie Polska naszych reprezentant\u00f3w ubra\u0142a, moj\u0105 pokaza\u0107 kierunek w edukacji &#8211; tu cnoty niewie\u015bcie u pa\u0144 i dominacj\u0119 pan\u00f3w. W latach siedemdziesi\u0105tych, gdy m\u0119\u017cczyzn\u0105 si\u0119 stawia\u0142em, te\u017c bia\u0142e spodnie ubiera\u0142am. <a href=\"http:\/\/radiomaria.com.pl\/wp-content\/uploads\/2021\/02\/24.07.-Nie-wypali.mp3\"><img loading=\"lazy\" decoding=\"async\" width=\"150\" height=\"100\" class=\"wp-image-52744\" style=\"width: 150px;\" src=\"https:\/\/htb.com.pl\/wp-content\/uploads\/2021\/07\/Olimpiasda.jpg\" alt=\"\" srcset=\"https:\/\/htb.com.pl\/wp-content\/uploads\/2021\/07\/Olimpiasda.jpg 784w, https:\/\/htb.com.pl\/wp-content\/uploads\/2021\/07\/Olimpiasda-300x200.jpg 300w, https:\/\/htb.com.pl\/wp-content\/uploads\/2021\/07\/Olimpiasda-768x512.jpg 768w, https:\/\/htb.com.pl\/wp-content\/uploads\/2021\/07\/Olimpiasda-600x400.jpg 600w\" sizes=\"auto, (max-width: 150px) 100vw, 150px\" \/><\/a> Mam nadziej\u0119, \u017ce przy projektowaniu tych stroj\u00f3w tylko o to chodzi\u0142a, a nie o to, co w wypowiedzi radiowej (klikn\u0105\u0107 zdj\u0119cie) moje obawy wzbudzi\u0142o.<\/p>\n\n\n\n<p>Igrzyska Olimpijskie w Tokio otwarto oficjalnie 23 lipca 2021 roku. <a href=\"http:\/\/radiomaria.com.pl\/wp-content\/uploads\/2021\/02\/24.07.-Olimpiada.mp3\"><img loading=\"lazy\" decoding=\"async\" width=\"150\" height=\"84\" class=\"wp-image-52749\" style=\"width: 150px;\" src=\"https:\/\/htb.com.pl\/wp-content\/uploads\/2021\/07\/Otwarcie.png\" alt=\"\" srcset=\"https:\/\/htb.com.pl\/wp-content\/uploads\/2021\/07\/Otwarcie.png 664w, https:\/\/htb.com.pl\/wp-content\/uploads\/2021\/07\/Otwarcie-300x169.png 300w, https:\/\/htb.com.pl\/wp-content\/uploads\/2021\/07\/Otwarcie-600x337.png 600w\" sizes=\"auto, (max-width: 150px) 100vw, 150px\" \/><\/a> Ceremonia by\u0142a przepi\u0119kna &#8211; cho\u0107 inna. Naszym sportowcom \u017cyczmy powodzenie. Wiem jak to brzmi &#8211; ale oficjele wyjad\u0105. Jeste\u015bcie Polakami Kochani, najlepszymi na \u015bwiecie indywidualistami. Marysia tak m\u00f3wi\u0142a, a Ona si\u0119 nie myli\u0142a. Polecam ksi\u0105\u017ck\u0119, kt\u00f3r\u0105 lubi\u0142a; &#8220;Dynamiczne karate&#8221; samego Masatoshi Nakayamy tw\u00f3rcy karate, niezwyk\u0142ej sztuki walki &#8211; nie tylko wr\u0119cz. <\/p>\n\n\n\n<figure class=\"wp-block-image size-large\"><a href=\"https:\/\/htb.com.pl\/?product=dynamiczne-karate-masatoshi-nakayama\"><img loading=\"lazy\" decoding=\"async\" width=\"215\" height=\"305\" src=\"https:\/\/htb.com.pl\/wp-content\/uploads\/2021\/07\/Dynamiczne-karate.png\" alt=\"\" class=\"wp-image-52760\" srcset=\"https:\/\/htb.com.pl\/wp-content\/uploads\/2021\/07\/Dynamiczne-karate.png 215w, https:\/\/htb.com.pl\/wp-content\/uploads\/2021\/07\/Dynamiczne-karate-211x300.png 211w\" sizes=\"auto, (max-width: 215px) 100vw, 215px\" \/><\/a><\/figure>\n\n\n\n<p><\/p>\n","protected":false},"excerpt":{"rendered":"<p>Z rocznym op\u00f3\u017anieniem spowodowanym pandemi\u0105 koronawirusa rozpoczynaj\u0105 si\u0119 Igrzyska Olimpijskie w Japonii. W re\u017cimie sanitarnym, a wi\u0119c praktycznie bez publiczno\u015bci. Nasza ekipa ju\u017c na pocz\u0105tku pozna\u0142a, co znaczy romantyczna mentalno\u015b\u0107 &#8211; kt\u00f3r\u0105 obecna w\u0142adza naszej m\u0142odzie\u017cy b\u0119dzie wpaja\u0142a. Og\u00f3lna zasada &#8220;jako\u015b to b\u0119dzie&#8221; nie zadzia\u0142a\u0142a i sz\u00f3stka p\u0142ywa, kt\u00f3rzy przez PZP zostali \u017ale zg\u0142oszeni, do [&hellip;]<\/p>\n","protected":false},"author":1,"featured_media":52749,"comment_status":"open","ping_status":"open","sticky":false,"template":"","format":"standard","meta":{"_jetpack_memberships_contains_paid_content":false,"footnotes":""},"categories":[4],"tags":[740],"class_list":["post-52736","post","type-post","status-publish","format-standard","has-post-thumbnail","hentry","category-daty-i-fakty-blog","tag-olimpiada-tokio-2020-2021"],"jetpack_sharing_enabled":true,"jetpack_featured_media_url":"https:\/\/htb.com.pl\/wp-content\/uploads\/2021\/07\/Otwarcie.png","_links":{"self":[{"href":"https:\/\/htb.com.pl\/index.php?rest_route=\/wp\/v2\/posts\/52736","targetHints":{"allow":["GET"]}}],"collection":[{"href":"https:\/\/htb.com.pl\/index.php?rest_route=\/wp\/v2\/posts"}],"about":[{"href":"https:\/\/htb.com.pl\/index.php?rest_route=\/wp\/v2\/types\/post"}],"author":[{"embeddable":true,"href":"https:\/\/htb.com.pl\/index.php?rest_route=\/wp\/v2\/users\/1"}],"replies":[{"embeddable":true,"href":"https:\/\/htb.com.pl\/index.php?rest_route=%2Fwp%2Fv2%2Fcomments&post=52736"}],"version-history":[{"count":12,"href":"https:\/\/htb.com.pl\/index.php?rest_route=\/wp\/v2\/posts\/52736\/revisions"}],"predecessor-version":[{"id":52767,"href":"https:\/\/htb.com.pl\/index.php?rest_route=\/wp\/v2\/posts\/52736\/revisions\/52767"}],"wp:featuredmedia":[{"embeddable":true,"href":"https:\/\/htb.com.pl\/index.php?rest_route=\/wp\/v2\/media\/52749"}],"wp:attachment":[{"href":"https:\/\/htb.com.pl\/index.php?rest_route=%2Fwp%2Fv2%2Fmedia&parent=52736"}],"wp:term":[{"taxonomy":"category","embeddable":true,"href":"https:\/\/htb.com.pl\/index.php?rest_route=%2Fwp%2Fv2%2Fcategories&post=52736"},{"taxonomy":"post_tag","embeddable":true,"href":"https:\/\/htb.com.pl\/index.php?rest_route=%2Fwp%2Fv2%2Ftags&post=52736"}],"curies":[{"name":"wp","href":"https:\/\/api.w.org\/{rel}","templated":true}]}}